{"id":12244,"date":"2025-03-14T22:10:00","date_gmt":"2025-03-15T01:10:00","guid":{"rendered":"https:\/\/www.correiobraziliense.com.br\/cbradar\/?p=12244"},"modified":"2025-03-13T23:22:53","modified_gmt":"2025-03-14T02:22:53","slug":"saturno-ganha-novas-luas-na-sua-orbita-veja-detalhes","status":"publish","type":"post","link":"https:\/\/www.correiobraziliense.com.br\/cbradar\/saturno-ganha-novas-luas-na-sua-orbita-veja-detalhes\/","title":{"rendered":"Saturno &#8216;ganha&#8217; novas luas na sua \u00f3rbita, veja detalhes"},"content":{"rendered":"\n<p>Recentemente, astr\u00f4nomos anunciaram a descoberta de 128 novas luas orbitando <strong>Saturno<\/strong>, elevando o total de sat\u00e9lites do planeta para 274. Essa descoberta foi poss\u00edvel gra\u00e7as a observa\u00e7\u00f5es realizadas com um telesc\u00f3pio localizado em <strong>Mauna Kea,<\/strong> no <strong>Hava\u00ed<\/strong>. As novas luas, embora pequenas, s\u00e3o consideradas significativas para o estudo do Sistema Solar, pois oferecem pistas sobre eventos c\u00f3smicos passados.<\/p>\n\n\n\n<p>Os gigantes gasosos do nosso <strong>Sistema Solar<\/strong>, como <strong>J\u00fapiter<\/strong>, <strong>Urano <\/strong>e <strong>Netuno<\/strong>, s\u00e3o conhecidos por abrigar v\u00e1rias luas. No entanto, Saturno agora lidera com o maior n\u00famero de sat\u00e9lites conhecidos. Muitas dessas luas rec\u00e9m-descobertas s\u00e3o pequenos fragmentos rochosos, mas sua import\u00e2ncia reside no fato de que suas \u00f3rbitas podem ser rastreadas, o que as qualifica como luas oficiais segundo os crit\u00e9rios da Uni\u00e3o Astron\u00f4mica Internacional.<\/p>\n\n\n\n<h2 class=\"wp-block-heading\"><strong>Como as novas luas foram descobertas?<\/strong><\/h2>\n\n\n\n<p>A descoberta das novas luas de Saturno foi liderada por <strong>Edward Ashton<\/strong>, do Instituto de Astronomia e Astrof\u00edsica da Academia Sinica em Taiwan. A equipe utilizou t\u00e9cnicas avan\u00e7adas de observa\u00e7\u00e3o para rastrear objetos que orbitam Saturno, confirmando suas trajet\u00f3rias ao longo do tempo. Este processo \u00e9 crucial para garantir que os objetos observados n\u00e3o sejam apenas detritos espaciais, mas sim sat\u00e9lites leg\u00edtimos do planeta.<\/p>\n\n\n\n<p>As luas foram identificadas como irregulares, o que significa que possuem \u00f3rbitas inclinadas e muitas vezes retr\u00f3gradas em rela\u00e7\u00e3o \u00e0s luas principais de Saturno. Isso sugere que essas luas podem ter sido capturadas pelo campo gravitacional do planeta ap\u00f3s colis\u00f5es c\u00f3smicas, possivelmente envolvendo outros corpos celestes no Sistema Solar.<\/p>\n\n\n\n<figure class=\"wp-block-image size-large\"><img decoding=\"async\" width=\"1024\" height=\"576\" src=\"https:\/\/www.correiobraziliense.com.br\/cbradar\/wp-content\/uploads\/2025\/03\/Saturno_1741894340357-1024x576.jpg\" alt=\"Saturno 'ganha' novas luas na sua \u00f3rbita, veja detalhes\" class=\"wp-image-12246\" srcset=\"https:\/\/www.correiobraziliense.com.br\/cbradar\/wp-content\/uploads\/2025\/03\/Saturno_1741894340357-1024x576.jpg 1024w, https:\/\/www.correiobraziliense.com.br\/cbradar\/wp-content\/uploads\/2025\/03\/Saturno_1741894340357-300x169.jpg 300w, https:\/\/www.correiobraziliense.com.br\/cbradar\/wp-content\/uploads\/2025\/03\/Saturno_1741894340357-768x432.jpg 768w, https:\/\/www.correiobraziliense.com.br\/cbradar\/wp-content\/uploads\/2025\/03\/Saturno_1741894340357-750x422.jpg 750w, https:\/\/www.correiobraziliense.com.br\/cbradar\/wp-content\/uploads\/2025\/03\/Saturno_1741894340357-1140x641.jpg 1140w, https:\/\/www.correiobraziliense.com.br\/cbradar\/wp-content\/uploads\/2025\/03\/Saturno_1741894340357.jpg 1280w\" sizes=\"(max-width: 1024px) 100vw, 1024px\" \/><figcaption class=\"wp-element-caption\">Saturno. Cr\u00e9ditos: depositphotos.com \/ 3000ad<\/figcaption><\/figure>\n\n\n\n<h2 class=\"wp-block-heading\"><strong>Quais s\u00e3o as implica\u00e7\u00f5es da descoberta?<\/strong><\/h2>\n\n\n\n<p>A descoberta de tantas luas em Saturno levanta quest\u00f5es sobre a hist\u00f3ria din\u00e2mica do Sistema Solar. Os cientistas acreditam que essas luas irregulares podem ser remanescentes de colis\u00f5es que ocorreram h\u00e1 milh\u00f5es de anos. Algumas podem ser fragmentos de grandes objetos que se chocaram em outras partes do Sistema Solar, enquanto outras podem ter se originado de colis\u00f5es entre as pr\u00f3prias luas de Saturno.<\/p>\n\n\n\n<p>Um subgrupo de luas, denominado Mundilfari, \u00e9 particularmente interessante. Composto por 47 das novas luas, este grupo pode ter se formado a partir de uma colis\u00e3o relativamente recente, h\u00e1 cerca de 100 milh\u00f5es de anos. Estudar essas luas pode oferecer insights sobre a atividade ca\u00f3tica no Sistema Solar externo, que se pensava ser mais est\u00e1vel nos \u00faltimos milh\u00f5es de anos.<\/p>\n\n\n\n<h2 class=\"wp-block-heading\"><strong>O futuro da pesquisa sobre luas de Saturno<\/strong><\/h2>\n\n\n\n<p>Embora as novas luas sejam pequenas e dif\u00edceis de estudar em detalhes, h\u00e1 esperan\u00e7a de que telesc\u00f3pios mais avan\u00e7ados, como o James Webb, possam fornecer mais informa\u00e7\u00f5es sobre elas. Heidi Hammel, astr\u00f4noma da Associa\u00e7\u00e3o de Universidades para Pesquisa em Astronomia, sugere que futuras observa\u00e7\u00f5es podem revelar mais sobre a composi\u00e7\u00e3o e a origem dessas luas.<\/p>\n\n\n\n<p>Al\u00e9m disso, a possibilidade de existirem ainda mais luas ao redor de Saturno \u00e9 uma perspectiva empolgante para os astr\u00f4nomos. Edward Ashton, embora exausto com o estudo de luas, reconhece que h\u00e1 potencial para novas descobertas, possivelmente na casa dos milhares. Isso abre caminho para uma nova era de explora\u00e7\u00e3o e compreens\u00e3o dos sat\u00e9lites de Saturno e sua hist\u00f3ria c\u00f3smica.<\/p>\n","protected":false},"excerpt":{"rendered":"<p>Descubra as 128 novas luas de Saturno, resultado de colis\u00f5es c\u00f3smicas! Este \u00e9 o maior grupo j\u00e1 encontrado, elevando o total para 274.<\/p>\n","protected":false},"author":3,"featured_media":12245,"comment_status":"open","ping_status":"open","sticky":false,"template":"","format":"standard","meta":{"_yoast_wpseo_focuskw":"luas saturno","_yoast_wpseo_title":"%%title%%","_yoast_wpseo_metadesc":"Descubra as 128 novas luas de Saturno, resultado de colis\u00f5es c\u00f3smicas! Este \u00e9 o maior grupo j\u00e1 encontrado, elevando o total para 274.","jnews-multi-image_gallery":[],"jnews_single_post":{"format":"standard"},"jnews_primary_category":[],"jnews_social_meta":[],"jnews_override_counter":[],"footnotes":""},"categories":[112],"post_tag":[1928,1929],"class_list":["post-12244","post","type-post","status-publish","format-standard","has-post-thumbnail","hentry","category-curiosidades","tag-saturnoi","tag-signos"],"yoast_head":"<!-- This site is optimized with the Yoast SEO plugin v24.6 - https:\/\/yoast.com\/wordpress\/plugins\/seo\/ -->\n<title>Saturno &#039;ganha&#039; novas luas na sua \u00f3rbita, veja detalhes<\/title>\n<meta name=\"description\" content=\"Descubra as 128 novas luas de Saturno, resultado de colis\u00f5es c\u00f3smicas! Este \u00e9 o maior grupo j\u00e1 encontrado, elevando o total para 274.\" \/>\n<meta name=\"robots\" content=\"index, follow, max-snippet:-1, max-image-preview:large, max-video-preview:-1\" \/>\n<link rel=\"canonical\" href=\"https:\/\/www.correiobraziliense.com.br\/cbradar\/saturno-ganha-novas-luas-na-sua-orbita-veja-detalhes\/\" \/>\n<meta property=\"og:locale\" content=\"pt_BR\" \/>\n<meta property=\"og:type\" content=\"article\" \/>\n<meta property=\"og:title\" content=\"Saturno &#039;ganha&#039; novas luas na sua \u00f3rbita, veja detalhes\" \/>\n<meta property=\"og:description\" content=\"Descubra as 128 novas luas de Saturno, resultado de colis\u00f5es c\u00f3smicas! Este \u00e9 o maior grupo j\u00e1 encontrado, elevando o total para 274.\" \/>\n<meta property=\"og:url\" content=\"https:\/\/www.correiobraziliense.com.br\/cbradar\/saturno-ganha-novas-luas-na-sua-orbita-veja-detalhes\/\" \/>\n<meta property=\"og:site_name\" content=\"Correio Braziliense - Radar\" \/>\n<meta property=\"article:published_time\" content=\"2025-03-15T01:10:00+00:00\" \/>\n<meta property=\"og:image\" content=\"https:\/\/www.correiobraziliense.com.br\/cbradar\/wp-content\/uploads\/2025\/03\/Saturno_1741894315066.jpg\" \/>\n\t<meta property=\"og:image:width\" content=\"1280\" \/>\n\t<meta property=\"og:image:height\" content=\"720\" \/>\n\t<meta property=\"og:image:type\" content=\"image\/jpeg\" \/>\n<meta name=\"author\" content=\"Larissa Carvalho\" \/>\n<meta name=\"twitter:card\" content=\"summary_large_image\" \/>\n<meta name=\"twitter:label1\" content=\"Escrito por\" \/>\n\t<meta name=\"twitter:data1\" content=\"Larissa Carvalho\" \/>\n\t<meta name=\"twitter:label2\" content=\"Est. tempo de leitura\" \/>\n\t<meta name=\"twitter:data2\" content=\"4 minutos\" \/>\n<!-- \/ Yoast SEO plugin. -->","yoast_head_json":{"title":"Saturno 'ganha' novas luas na sua \u00f3rbita, veja detalhes","description":"Descubra as 128 novas luas de Saturno, resultado de colis\u00f5es c\u00f3smicas! Este \u00e9 o maior grupo j\u00e1 encontrado, elevando o total para 274.","robots":{"index":"index","follow":"follow","max-snippet":"max-snippet:-1","max-image-preview":"max-image-preview:large","max-video-preview":"max-video-preview:-1"},"canonical":"https:\/\/www.correiobraziliense.com.br\/cbradar\/saturno-ganha-novas-luas-na-sua-orbita-veja-detalhes\/","og_locale":"pt_BR","og_type":"article","og_title":"Saturno 'ganha' novas luas na sua \u00f3rbita, veja detalhes","og_description":"Descubra as 128 novas luas de Saturno, resultado de colis\u00f5es c\u00f3smicas! Este \u00e9 o maior grupo j\u00e1 encontrado, elevando o total para 274.","og_url":"https:\/\/www.correiobraziliense.com.br\/cbradar\/saturno-ganha-novas-luas-na-sua-orbita-veja-detalhes\/","og_site_name":"Correio Braziliense - Radar","article_published_time":"2025-03-15T01:10:00+00:00","og_image":[{"width":1280,"height":720,"url":"https:\/\/www.correiobraziliense.com.br\/cbradar\/wp-content\/uploads\/2025\/03\/Saturno_1741894315066.jpg","type":"image\/jpeg"}],"author":"Larissa Carvalho","twitter_card":"summary_large_image","twitter_misc":{"Escrito por":"Larissa Carvalho","Est. tempo de leitura":"4 minutos"},"schema":{"@context":"https:\/\/schema.org","@graph":[{"@type":"WebPage","@id":"https:\/\/www.correiobraziliense.com.br\/cbradar\/saturno-ganha-novas-luas-na-sua-orbita-veja-detalhes\/","url":"https:\/\/www.correiobraziliense.com.br\/cbradar\/saturno-ganha-novas-luas-na-sua-orbita-veja-detalhes\/","name":"Saturno 'ganha' novas luas na sua \u00f3rbita, veja detalhes","isPartOf":{"@id":"https:\/\/www.correiobraziliense.com.br\/cbradar\/#website"},"primaryImageOfPage":{"@id":"https:\/\/www.correiobraziliense.com.br\/cbradar\/saturno-ganha-novas-luas-na-sua-orbita-veja-detalhes\/#primaryimage"},"image":{"@id":"https:\/\/www.correiobraziliense.com.br\/cbradar\/saturno-ganha-novas-luas-na-sua-orbita-veja-detalhes\/#primaryimage"},"thumbnailUrl":"https:\/\/www.correiobraziliense.com.br\/cbradar\/wp-content\/uploads\/2025\/03\/Saturno_1741894315066.jpg","datePublished":"2025-03-15T01:10:00+00:00","author":{"@id":"https:\/\/www.correiobraziliense.com.br\/cbradar\/#\/schema\/person\/58422787644df994b53a19d3e56c1513"},"description":"Descubra as 128 novas luas de Saturno, resultado de colis\u00f5es c\u00f3smicas! Este \u00e9 o maior grupo j\u00e1 encontrado, elevando o total para 274.","breadcrumb":{"@id":"https:\/\/www.correiobraziliense.com.br\/cbradar\/saturno-ganha-novas-luas-na-sua-orbita-veja-detalhes\/#breadcrumb"},"inLanguage":"pt-BR","potentialAction":[{"@type":"ReadAction","target":["https:\/\/www.correiobraziliense.com.br\/cbradar\/saturno-ganha-novas-luas-na-sua-orbita-veja-detalhes\/"]}]},{"@type":"ImageObject","inLanguage":"pt-BR","@id":"https:\/\/www.correiobraziliense.com.br\/cbradar\/saturno-ganha-novas-luas-na-sua-orbita-veja-detalhes\/#primaryimage","url":"https:\/\/www.correiobraziliense.com.br\/cbradar\/wp-content\/uploads\/2025\/03\/Saturno_1741894315066.jpg","contentUrl":"https:\/\/www.correiobraziliense.com.br\/cbradar\/wp-content\/uploads\/2025\/03\/Saturno_1741894315066.jpg","width":1280,"height":720,"caption":"Saturno. Cr\u00e9ditos: depositphotos.com \/ JohanSwanepoel"},{"@type":"BreadcrumbList","@id":"https:\/\/www.correiobraziliense.com.br\/cbradar\/saturno-ganha-novas-luas-na-sua-orbita-veja-detalhes\/#breadcrumb","itemListElement":[{"@type":"ListItem","position":1,"name":"In\u00edcio","item":"https:\/\/www.correiobraziliense.com.br\/cbradar\/"},{"@type":"ListItem","position":2,"name":"Saturno &#8216;ganha&#8217; novas luas na sua \u00f3rbita, veja detalhes"}]},{"@type":"WebSite","@id":"https:\/\/www.correiobraziliense.com.br\/cbradar\/#website","url":"https:\/\/www.correiobraziliense.com.br\/cbradar\/","name":"Correio Braziliense - Radar","description":"Acompanhe as \u00faltimas not\u00edcias e fique bem informado sobre tudo o que acontece no Brasil e no mundo.","potentialAction":[{"@type":"SearchAction","target":{"@type":"EntryPoint","urlTemplate":"https:\/\/www.correiobraziliense.com.br\/cbradar\/?s={search_term_string}"},"query-input":{"@type":"PropertyValueSpecification","valueRequired":true,"valueName":"search_term_string"}}],"inLanguage":"pt-BR"},{"@type":"Person","@id":"https:\/\/www.correiobraziliense.com.br\/cbradar\/#\/schema\/person\/58422787644df994b53a19d3e56c1513","name":"Larissa Carvalho","image":{"@type":"ImageObject","inLanguage":"pt-BR","@id":"https:\/\/www.correiobraziliense.com.br\/cbradar\/#\/schema\/person\/image\/","url":"https:\/\/secure.gravatar.com\/avatar\/fe4f91a0de32b52a838d0d612abdc1aa?s=96&d=mm&r=g","contentUrl":"https:\/\/secure.gravatar.com\/avatar\/fe4f91a0de32b52a838d0d612abdc1aa?s=96&d=mm&r=g","caption":"Larissa Carvalho"},"url":"https:\/\/www.correiobraziliense.com.br\/cbradar\/author\/larissamyth\/"}]}},"_links":{"self":[{"href":"https:\/\/www.correiobraziliense.com.br\/cbradar\/wp-json\/wp\/v2\/posts\/12244","targetHints":{"allow":["GET"]}}],"collection":[{"href":"https:\/\/www.correiobraziliense.com.br\/cbradar\/wp-json\/wp\/v2\/posts"}],"about":[{"href":"https:\/\/www.correiobraziliense.com.br\/cbradar\/wp-json\/wp\/v2\/types\/post"}],"author":[{"embeddable":true,"href":"https:\/\/www.correiobraziliense.com.br\/cbradar\/wp-json\/wp\/v2\/users\/3"}],"replies":[{"embeddable":true,"href":"https:\/\/www.correiobraziliense.com.br\/cbradar\/wp-json\/wp\/v2\/comments?post=12244"}],"version-history":[{"count":1,"href":"https:\/\/www.correiobraziliense.com.br\/cbradar\/wp-json\/wp\/v2\/posts\/12244\/revisions"}],"predecessor-version":[{"id":12247,"href":"https:\/\/www.correiobraziliense.com.br\/cbradar\/wp-json\/wp\/v2\/posts\/12244\/revisions\/12247"}],"wp:featuredmedia":[{"embeddable":true,"href":"https:\/\/www.correiobraziliense.com.br\/cbradar\/wp-json\/wp\/v2\/media\/12245"}],"wp:attachment":[{"href":"https:\/\/www.correiobraziliense.com.br\/cbradar\/wp-json\/wp\/v2\/media?parent=12244"}],"wp:term":[{"taxonomy":"category","embeddable":true,"href":"https:\/\/www.correiobraziliense.com.br\/cbradar\/wp-json\/wp\/v2\/categories?post=12244"},{"taxonomy":"post_tag","embeddable":true,"href":"https:\/\/www.correiobraziliense.com.br\/cbradar\/wp-json\/wp\/v2\/post_tag?post=12244"}],"curies":[{"name":"wp","href":"https:\/\/api.w.org\/{rel}","templated":true}]}}