{"id":12248,"date":"2025-03-15T08:23:00","date_gmt":"2025-03-15T11:23:00","guid":{"rendered":"https:\/\/www.correiobraziliense.com.br\/cbradar\/?p=12248"},"modified":"2025-03-14T13:54:01","modified_gmt":"2025-03-14T16:54:01","slug":"byd-liderou-lista-de-eletricos-mais-vendidos-em-fevereiro-veja-ranking","status":"publish","type":"post","link":"https:\/\/www.correiobraziliense.com.br\/cbradar\/byd-liderou-lista-de-eletricos-mais-vendidos-em-fevereiro-veja-ranking\/","title":{"rendered":"BYD liderou lista de el\u00e9tricos mais vendidos em fevereiro, veja ranking"},"content":{"rendered":"\n<p>O mercado de carros el\u00e9tricos no Brasil tem mostrado um crescimento significativo nos \u00faltimos anos. Em fevereiro de 2025, a fabricante chinesa <strong><a href=\"https:\/\/www.correiobraziliense.com.br\/cbradar\/navio-da-byd-chega-ao-brasil-com-mais-de-5-mil-carros-veja-novidades\/\" target=\"_blank\" rel=\"noreferrer noopener\">BYD<\/a> <\/strong>destacou-se com cinco dos dez modelos mais vendidos no pa\u00eds. Este fen\u00f4meno reflete uma tend\u00eancia global de transi\u00e7\u00e3o para ve\u00edculos mais sustent\u00e1veis e a crescente aceita\u00e7\u00e3o dos consumidores brasileiros por essa tecnologia.<\/p>\n\n\n\n<p>Os dados da <strong><a href=\"https:\/\/abve.org.br\/\" target=\"_blank\" rel=\"noreferrer noopener\">Associa\u00e7\u00e3o Brasileira do Ve\u00edculo El\u00e9trico (ABVE)<\/a> <\/strong>confirmam o dom\u00ednio da BYD no mercado local. O modelo <strong>Dolphin Mini<\/strong>, por exemplo, liderou as vendas com 2.399 unidades, superando a soma dos outros nove modelos el\u00e9tricos mais vendidos no mesmo per\u00edodo. Este sucesso pode ser atribu\u00eddo a uma combina\u00e7\u00e3o de pre\u00e7o competitivo, efici\u00eancia energ\u00e9tica e design atraente.<\/p>\n\n\n\n<h2 class=\"wp-block-heading\"><strong>Quais s\u00e3o os modelos mais vendidos?<\/strong><\/h2>\n\n\n\n<p>Al\u00e9m do Dolphin Mini, a BYD tamb\u00e9m se destacou com outros modelos no ranking de vendas. O BYD Dolphin ocupou a segunda posi\u00e7\u00e3o com 627 unidades vendidas. Outros modelos da marca, como o Seal, Yuan Pro e Yuan Plus, tamb\u00e9m figuraram entre os dez mais vendidos, ocupando a quinta, sexta e nona posi\u00e7\u00f5es, respectivamente.<\/p>\n\n\n\n<p>O mercado brasileiro de carros el\u00e9tricos n\u00e3o se limita apenas aos modelos chineses. A lista dos mais vendidos tamb\u00e9m inclui ve\u00edculos europeus, como o Volvo EX30 e o Volvo XC40, que ocuparam a terceira e oitava posi\u00e7\u00f5es. O Renault Kwid E-Tech, de origem francesa, tamb\u00e9m marcou presen\u00e7a, demonstrando a diversidade de op\u00e7\u00f5es dispon\u00edveis para os consumidores.<\/p>\n\n\n\n<ol class=\"wp-block-list\">\n<li>BYD Dolphin Mini: 2.399 unidades;<\/li>\n\n\n\n<li>BYD Dolphin: 627 unidades;<\/li>\n\n\n\n<li>Volvo EX30: 286 unidades;<\/li>\n\n\n\n<li>GWM Ora 03: 262 unidades;<\/li>\n\n\n\n<li>BYD Seal: 219 unidades;<\/li>\n\n\n\n<li>BYD Yuan Pro: 189 unidades;<\/li>\n\n\n\n<li>Renault Kwid E-Tech: 46 unidades;<\/li>\n\n\n\n<li>Volvo XC40: 46 unidades;<\/li>\n\n\n\n<li>BYD Yuan Plus: 35 unidades;<\/li>\n\n\n\n<li>JAC E-JS1: 34 unidades.<\/li>\n<\/ol>\n\n\n\n<figure class=\"wp-block-image size-large\"><img decoding=\"async\" width=\"1024\" height=\"576\" src=\"https:\/\/www.correiobraziliense.com.br\/cbradar\/wp-content\/uploads\/2025\/03\/BYD-carros-eletricos_1741912673389-1024x576.jpg\" alt=\"BYD liderou lista de el\u00e9tricos mais vendidos em fevereiro, veja ranking\" class=\"wp-image-12341\" srcset=\"https:\/\/www.correiobraziliense.com.br\/cbradar\/wp-content\/uploads\/2025\/03\/BYD-carros-eletricos_1741912673389-1024x576.jpg 1024w, https:\/\/www.correiobraziliense.com.br\/cbradar\/wp-content\/uploads\/2025\/03\/BYD-carros-eletricos_1741912673389-300x169.jpg 300w, https:\/\/www.correiobraziliense.com.br\/cbradar\/wp-content\/uploads\/2025\/03\/BYD-carros-eletricos_1741912673389-768x432.jpg 768w, https:\/\/www.correiobraziliense.com.br\/cbradar\/wp-content\/uploads\/2025\/03\/BYD-carros-eletricos_1741912673389-750x422.jpg 750w, https:\/\/www.correiobraziliense.com.br\/cbradar\/wp-content\/uploads\/2025\/03\/BYD-carros-eletricos_1741912673389-1140x642.jpg 1140w, https:\/\/www.correiobraziliense.com.br\/cbradar\/wp-content\/uploads\/2025\/03\/BYD-carros-eletricos_1741912673389.jpg 1279w\" sizes=\"(max-width: 1024px) 100vw, 1024px\" \/><figcaption class=\"wp-element-caption\">BYD. Cr\u00e9ditos: depositphotos.com \/ MingPhoto<\/figcaption><\/figure>\n\n\n\n<h2 class=\"wp-block-heading\"><strong>Por que os carros el\u00e9tricos est\u00e3o ganhando popularidade?<\/strong><\/h2>\n\n\n\n<p>V\u00e1rios fatores contribuem para o aumento da popularidade dos carros el\u00e9tricos no Brasil. Primeiramente, h\u00e1 uma crescente conscientiza\u00e7\u00e3o sobre a import\u00e2ncia da sustentabilidade e da redu\u00e7\u00e3o das emiss\u00f5es de carbono. Al\u00e9m disso, os avan\u00e7os tecnol\u00f3gicos t\u00eam tornado os ve\u00edculos el\u00e9tricos mais acess\u00edveis e eficientes.<\/p>\n\n\n\n<p>Outro ponto importante \u00e9 o suporte governamental, que inclui incentivos fiscais e investimentos em infraestrutura de recarga. Estes fatores, combinados com a inova\u00e7\u00e3o cont\u00ednua das montadoras, t\u00eam impulsionado as vendas e a aceita\u00e7\u00e3o dos ve\u00edculos el\u00e9tricos no mercado brasileiro.<\/p>\n\n\n\n<h2 class=\"wp-block-heading\"><strong>O futuro dos carros el\u00e9tricos no Brasil<\/strong><\/h2>\n\n\n\n<p>O futuro dos carros el\u00e9tricos no Brasil parece promissor. Com a previs\u00e3o de lan\u00e7amento de novas tecnologias, como a Blade Battery da BYD em 2025, espera-se que a efici\u00eancia e a autonomia dos ve\u00edculos el\u00e9tricos melhorem ainda mais. Este avan\u00e7o pode tornar os carros el\u00e9tricos uma escolha ainda mais atraente para os consumidores.<\/p>\n\n\n\n<p>Al\u00e9m disso, a expans\u00e3o da infraestrutura de recarga e a redu\u00e7\u00e3o dos custos de produ\u00e7\u00e3o podem contribuir para a populariza\u00e7\u00e3o desses ve\u00edculos. \u00c0 medida que mais consumidores adotam essa tecnologia, o mercado de carros el\u00e9tricos no Brasil deve continuar a crescer, refletindo uma tend\u00eancia global de mobilidade sustent\u00e1vel.<\/p>\n","protected":false},"excerpt":{"rendered":"<p>BYD domina o mercado de carros el\u00e9tricos no Brasil com 5 dos 10 modelos mais vendidos em fevereiro de 2025. Descubra os destaques!<\/p>\n","protected":false},"author":3,"featured_media":12340,"comment_status":"open","ping_status":"open","sticky":false,"template":"","format":"standard","meta":{"_yoast_wpseo_focuskw":"BYD el\u00e9tricos mais vendidos","_yoast_wpseo_title":"%%title%%","_yoast_wpseo_metadesc":"BYD domina o mercado de carros el\u00e9tricos no Brasil com 5 dos 10 modelos mais vendidos em fevereiro de 2025. Descubra os destaques!","jnews-multi-image_gallery":[],"jnews_single_post":{"format":"standard"},"jnews_primary_category":[],"jnews_social_meta":[],"jnews_override_counter":[],"footnotes":""},"categories":[122],"post_tag":[1246,134,1125],"class_list":["post-12248","post","type-post","status-publish","format-standard","has-post-thumbnail","hentry","category-automobilismo","tag-automobilismo","tag-byd","tag-carros-eletricos"],"yoast_head":"<!-- This site is optimized with the Yoast SEO plugin v24.6 - https:\/\/yoast.com\/wordpress\/plugins\/seo\/ -->\n<title>BYD liderou lista de el\u00e9tricos mais vendidos em fevereiro, veja ranking<\/title>\n<meta name=\"description\" content=\"BYD domina o mercado de carros el\u00e9tricos no Brasil com 5 dos 10 modelos mais vendidos em fevereiro de 2025. Descubra os destaques!\" \/>\n<meta name=\"robots\" content=\"index, follow, max-snippet:-1, max-image-preview:large, max-video-preview:-1\" \/>\n<link rel=\"canonical\" href=\"https:\/\/www.correiobraziliense.com.br\/cbradar\/byd-liderou-lista-de-eletricos-mais-vendidos-em-fevereiro-veja-ranking\/\" \/>\n<meta property=\"og:locale\" content=\"pt_BR\" \/>\n<meta property=\"og:type\" content=\"article\" \/>\n<meta property=\"og:title\" content=\"BYD liderou lista de el\u00e9tricos mais vendidos em fevereiro, veja ranking\" \/>\n<meta property=\"og:description\" content=\"BYD domina o mercado de carros el\u00e9tricos no Brasil com 5 dos 10 modelos mais vendidos em fevereiro de 2025. Descubra os destaques!\" \/>\n<meta property=\"og:url\" content=\"https:\/\/www.correiobraziliense.com.br\/cbradar\/byd-liderou-lista-de-eletricos-mais-vendidos-em-fevereiro-veja-ranking\/\" \/>\n<meta property=\"og:site_name\" content=\"Correio Braziliense - Radar\" \/>\n<meta property=\"article:published_time\" content=\"2025-03-15T11:23:00+00:00\" \/>\n<meta property=\"og:image\" content=\"https:\/\/www.correiobraziliense.com.br\/cbradar\/wp-content\/uploads\/2025\/03\/BYD-carros-eletricos_1741912640477.jpg\" \/>\n\t<meta property=\"og:image:width\" content=\"1280\" \/>\n\t<meta property=\"og:image:height\" content=\"720\" \/>\n\t<meta property=\"og:image:type\" content=\"image\/jpeg\" \/>\n<meta name=\"author\" content=\"Larissa Carvalho\" \/>\n<meta name=\"twitter:card\" content=\"summary_large_image\" \/>\n<meta name=\"twitter:label1\" content=\"Escrito por\" \/>\n\t<meta name=\"twitter:data1\" content=\"Larissa Carvalho\" \/>\n\t<meta name=\"twitter:label2\" content=\"Est. tempo de leitura\" \/>\n\t<meta name=\"twitter:data2\" content=\"4 minutos\" \/>\n<!-- \/ Yoast SEO plugin. -->","yoast_head_json":{"title":"BYD liderou lista de el\u00e9tricos mais vendidos em fevereiro, veja ranking","description":"BYD domina o mercado de carros el\u00e9tricos no Brasil com 5 dos 10 modelos mais vendidos em fevereiro de 2025. Descubra os destaques!","robots":{"index":"index","follow":"follow","max-snippet":"max-snippet:-1","max-image-preview":"max-image-preview:large","max-video-preview":"max-video-preview:-1"},"canonical":"https:\/\/www.correiobraziliense.com.br\/cbradar\/byd-liderou-lista-de-eletricos-mais-vendidos-em-fevereiro-veja-ranking\/","og_locale":"pt_BR","og_type":"article","og_title":"BYD liderou lista de el\u00e9tricos mais vendidos em fevereiro, veja ranking","og_description":"BYD domina o mercado de carros el\u00e9tricos no Brasil com 5 dos 10 modelos mais vendidos em fevereiro de 2025. Descubra os destaques!","og_url":"https:\/\/www.correiobraziliense.com.br\/cbradar\/byd-liderou-lista-de-eletricos-mais-vendidos-em-fevereiro-veja-ranking\/","og_site_name":"Correio Braziliense - Radar","article_published_time":"2025-03-15T11:23:00+00:00","og_image":[{"width":1280,"height":720,"url":"https:\/\/www.correiobraziliense.com.br\/cbradar\/wp-content\/uploads\/2025\/03\/BYD-carros-eletricos_1741912640477.jpg","type":"image\/jpeg"}],"author":"Larissa Carvalho","twitter_card":"summary_large_image","twitter_misc":{"Escrito por":"Larissa Carvalho","Est. tempo de leitura":"4 minutos"},"schema":{"@context":"https:\/\/schema.org","@graph":[{"@type":"WebPage","@id":"https:\/\/www.correiobraziliense.com.br\/cbradar\/byd-liderou-lista-de-eletricos-mais-vendidos-em-fevereiro-veja-ranking\/","url":"https:\/\/www.correiobraziliense.com.br\/cbradar\/byd-liderou-lista-de-eletricos-mais-vendidos-em-fevereiro-veja-ranking\/","name":"BYD liderou lista de el\u00e9tricos mais vendidos em fevereiro, veja ranking","isPartOf":{"@id":"https:\/\/www.correiobraziliense.com.br\/cbradar\/#website"},"primaryImageOfPage":{"@id":"https:\/\/www.correiobraziliense.com.br\/cbradar\/byd-liderou-lista-de-eletricos-mais-vendidos-em-fevereiro-veja-ranking\/#primaryimage"},"image":{"@id":"https:\/\/www.correiobraziliense.com.br\/cbradar\/byd-liderou-lista-de-eletricos-mais-vendidos-em-fevereiro-veja-ranking\/#primaryimage"},"thumbnailUrl":"https:\/\/www.correiobraziliense.com.br\/cbradar\/wp-content\/uploads\/2025\/03\/BYD-carros-eletricos_1741912640477.jpg","datePublished":"2025-03-15T11:23:00+00:00","author":{"@id":"https:\/\/www.correiobraziliense.com.br\/cbradar\/#\/schema\/person\/58422787644df994b53a19d3e56c1513"},"description":"BYD domina o mercado de carros el\u00e9tricos no Brasil com 5 dos 10 modelos mais vendidos em fevereiro de 2025. Descubra os destaques!","breadcrumb":{"@id":"https:\/\/www.correiobraziliense.com.br\/cbradar\/byd-liderou-lista-de-eletricos-mais-vendidos-em-fevereiro-veja-ranking\/#breadcrumb"},"inLanguage":"pt-BR","potentialAction":[{"@type":"ReadAction","target":["https:\/\/www.correiobraziliense.com.br\/cbradar\/byd-liderou-lista-de-eletricos-mais-vendidos-em-fevereiro-veja-ranking\/"]}]},{"@type":"ImageObject","inLanguage":"pt-BR","@id":"https:\/\/www.correiobraziliense.com.br\/cbradar\/byd-liderou-lista-de-eletricos-mais-vendidos-em-fevereiro-veja-ranking\/#primaryimage","url":"https:\/\/www.correiobraziliense.com.br\/cbradar\/wp-content\/uploads\/2025\/03\/BYD-carros-eletricos_1741912640477.jpg","contentUrl":"https:\/\/www.correiobraziliense.com.br\/cbradar\/wp-content\/uploads\/2025\/03\/BYD-carros-eletricos_1741912640477.jpg","width":1280,"height":720,"caption":"BYD. Cr\u00e9ditos: depositphotos.com \/ HenryStJohn"},{"@type":"BreadcrumbList","@id":"https:\/\/www.correiobraziliense.com.br\/cbradar\/byd-liderou-lista-de-eletricos-mais-vendidos-em-fevereiro-veja-ranking\/#breadcrumb","itemListElement":[{"@type":"ListItem","position":1,"name":"In\u00edcio","item":"https:\/\/www.correiobraziliense.com.br\/cbradar\/"},{"@type":"ListItem","position":2,"name":"BYD liderou lista de el\u00e9tricos mais vendidos em fevereiro, veja ranking"}]},{"@type":"WebSite","@id":"https:\/\/www.correiobraziliense.com.br\/cbradar\/#website","url":"https:\/\/www.correiobraziliense.com.br\/cbradar\/","name":"Correio Braziliense - Radar","description":"Acompanhe as \u00faltimas not\u00edcias e fique bem informado sobre tudo o que acontece no Brasil e no mundo.","potentialAction":[{"@type":"SearchAction","target":{"@type":"EntryPoint","urlTemplate":"https:\/\/www.correiobraziliense.com.br\/cbradar\/?s={search_term_string}"},"query-input":{"@type":"PropertyValueSpecification","valueRequired":true,"valueName":"search_term_string"}}],"inLanguage":"pt-BR"},{"@type":"Person","@id":"https:\/\/www.correiobraziliense.com.br\/cbradar\/#\/schema\/person\/58422787644df994b53a19d3e56c1513","name":"Larissa Carvalho","image":{"@type":"ImageObject","inLanguage":"pt-BR","@id":"https:\/\/www.correiobraziliense.com.br\/cbradar\/#\/schema\/person\/image\/","url":"https:\/\/secure.gravatar.com\/avatar\/fe4f91a0de32b52a838d0d612abdc1aa?s=96&d=mm&r=g","contentUrl":"https:\/\/secure.gravatar.com\/avatar\/fe4f91a0de32b52a838d0d612abdc1aa?s=96&d=mm&r=g","caption":"Larissa Carvalho"},"url":"https:\/\/www.correiobraziliense.com.br\/cbradar\/author\/larissamyth\/"}]}},"_links":{"self":[{"href":"https:\/\/www.correiobraziliense.com.br\/cbradar\/wp-json\/wp\/v2\/posts\/12248","targetHints":{"allow":["GET"]}}],"collection":[{"href":"https:\/\/www.correiobraziliense.com.br\/cbradar\/wp-json\/wp\/v2\/posts"}],"about":[{"href":"https:\/\/www.correiobraziliense.com.br\/cbradar\/wp-json\/wp\/v2\/types\/post"}],"author":[{"embeddable":true,"href":"https:\/\/www.correiobraziliense.com.br\/cbradar\/wp-json\/wp\/v2\/users\/3"}],"replies":[{"embeddable":true,"href":"https:\/\/www.correiobraziliense.com.br\/cbradar\/wp-json\/wp\/v2\/comments?post=12248"}],"version-history":[{"count":1,"href":"https:\/\/www.correiobraziliense.com.br\/cbradar\/wp-json\/wp\/v2\/posts\/12248\/revisions"}],"predecessor-version":[{"id":12342,"href":"https:\/\/www.correiobraziliense.com.br\/cbradar\/wp-json\/wp\/v2\/posts\/12248\/revisions\/12342"}],"wp:featuredmedia":[{"embeddable":true,"href":"https:\/\/www.correiobraziliense.com.br\/cbradar\/wp-json\/wp\/v2\/media\/12340"}],"wp:attachment":[{"href":"https:\/\/www.correiobraziliense.com.br\/cbradar\/wp-json\/wp\/v2\/media?parent=12248"}],"wp:term":[{"taxonomy":"category","embeddable":true,"href":"https:\/\/www.correiobraziliense.com.br\/cbradar\/wp-json\/wp\/v2\/categories?post=12248"},{"taxonomy":"post_tag","embeddable":true,"href":"https:\/\/www.correiobraziliense.com.br\/cbradar\/wp-json\/wp\/v2\/post_tag?post=12248"}],"curies":[{"name":"wp","href":"https:\/\/api.w.org\/{rel}","templated":true}]}}