{"id":122718,"date":"2025-10-21T12:45:00","date_gmt":"2025-10-21T15:45:00","guid":{"rendered":"https:\/\/www.correiobraziliense.com.br\/cbradar\/?p=122718"},"modified":"2025-10-20T11:46:03","modified_gmt":"2025-10-20T14:46:03","slug":"alimentos-naturais-que-agem-como-anti-inflamatorios-e-melhoram-sua-qualidade-de-vida","status":"publish","type":"post","link":"https:\/\/www.correiobraziliense.com.br\/cbradar\/alimentos-naturais-que-agem-como-anti-inflamatorios-e-melhoram-sua-qualidade-de-vida\/","title":{"rendered":"Alimentos naturais que agem como anti-inflamat\u00f3rios e melhoram sua qualidade de vida"},"content":{"rendered":"\n<p>A inflama\u00e7\u00e3o \u00e9 uma resposta natural e vital do sistema imunol\u00f3gico. No entanto, quando essa resposta se torna cr\u00f4nica e de baixa intensidade, ela se transforma em uma &#8220;inflama\u00e7\u00e3o silenciosa&#8221;, um fator central no desenvolvimento de quase todas as principais doen\u00e7as cr\u00f4nicas. \u00c9 crucial e inegoci\u00e1vel afirmar desde o in\u00edcio: <strong>a inflama\u00e7\u00e3o cr\u00f4nica \u00e9 um processo complexo que exige diagn\u00f3stico e, muitas vezes, tratamento m\u00e9dico.<\/strong> Nenhuma dieta ou alimento isolado pode curar uma condi\u00e7\u00e3o inflamat\u00f3ria.<\/p>\n\n\n\n<p>Dito isso, a ci\u00eancia tem demonstrado de forma robusta que a alimenta\u00e7\u00e3o \u00e9 uma das ferramentas mais poderosas para modular a inflama\u00e7\u00e3o. Este artigo ir\u00e1 explorar, de forma segura e baseada em evid\u00eancias, quais alimentos e padr\u00f5es diet\u00e9ticos podem ajudar a &#8220;acalmar&#8221; o corpo e a apoiar a sa\u00fade a longo prazo.<\/p>\n\n\n\n<h2 class=\"wp-block-heading\">Por que a inflama\u00e7\u00e3o cr\u00f4nica \u00e9 t\u00e3o prejudicial \u00e0 sa\u00fade?<\/h2>\n\n\n\n<p>Diferente da inflama\u00e7\u00e3o aguda, que \u00e9 vis\u00edvel (como o incha\u00e7o em um corte), a inflama\u00e7\u00e3o cr\u00f4nica \u00e9 sist\u00eamica e de baixo grau, muitas vezes sem sintomas \u00f3bvios por anos. Ela \u00e9 resultado de uma ativa\u00e7\u00e3o persistente do sistema imunol\u00f3gico, que pode ser desencadeada por fatores como uma dieta inadequada, sedentarismo, obesidade e estresse cr\u00f4nico.<\/p>\n\n\n\n<p>Esse estado inflamat\u00f3rio constante promove um ambiente no qual as c\u00e9lulas s\u00e3o continuamente danificadas pelo estresse oxidativo. Conforme aponta a <strong><a target=\"_blank\" rel=\"noreferrer noopener\" href=\"https:\/\/nutritionsource.hsph.harvard.edu\/anti-inflammatory-diet\/\">Harvard T.H. Chan School of Public Health<\/a><\/strong>, essa cascata inflamat\u00f3ria est\u00e1 diretamente implicada no desenvolvimento de aterosclerose (ac\u00famulo de placas nas art\u00e9rias), resist\u00eancia \u00e0 insulina e degenera\u00e7\u00e3o das articula\u00e7\u00f5es.<\/p>\n\n\n<div class=\"wp-block-image\">\n<figure class=\"aligncenter size-large\"><img decoding=\"async\" width=\"1024\" height=\"576\" src=\"https:\/\/www.correiobraziliense.com.br\/cbradar\/wp-content\/uploads\/2025\/06\/inflamacao_1749698896497-1024x576.jpg\" alt=\"Alimentos naturais que agem como anti-inflamat\u00f3rios e melhoram sua qualidade de vida\" class=\"wp-image-52221\" srcset=\"https:\/\/www.correiobraziliense.com.br\/cbradar\/wp-content\/uploads\/2025\/06\/inflamacao_1749698896497-1024x576.jpg 1024w, https:\/\/www.correiobraziliense.com.br\/cbradar\/wp-content\/uploads\/2025\/06\/inflamacao_1749698896497-300x169.jpg 300w, https:\/\/www.correiobraziliense.com.br\/cbradar\/wp-content\/uploads\/2025\/06\/inflamacao_1749698896497-768x432.jpg 768w, https:\/\/www.correiobraziliense.com.br\/cbradar\/wp-content\/uploads\/2025\/06\/inflamacao_1749698896497-750x422.jpg 750w, https:\/\/www.correiobraziliense.com.br\/cbradar\/wp-content\/uploads\/2025\/06\/inflamacao_1749698896497-1140x641.jpg 1140w, https:\/\/www.correiobraziliense.com.br\/cbradar\/wp-content\/uploads\/2025\/06\/inflamacao_1749698896497.jpg 1280w\" sizes=\"(max-width: 1024px) 100vw, 1024px\" \/><figcaption class=\"wp-element-caption\">Uma mulher com a m\u00e3o na barriga &#8211; Cr\u00e9ditos: depositphotos.com \/ IgorVetushko<\/figcaption><\/figure><\/div>\n\n\n<h2 class=\"wp-block-heading\">Qual o papel dos \u00e1cidos graxos \u00f4mega-3 no combate \u00e0 inflama\u00e7\u00e3o?<\/h2>\n\n\n\n<p>Os \u00e1cidos graxos <strong>\u00f4mega-3<\/strong>, especialmente o EPA e o DHA encontrados em peixes gordurosos, s\u00e3o os nutrientes com a mais forte a\u00e7\u00e3o anti-inflamat\u00f3ria. Eles atuam como precursores de mol\u00e9culas no corpo chamadas resolvinas e protectinas, que, como os nomes sugerem, ajudam a &#8220;resolver&#8221; ativamente a inflama\u00e7\u00e3o, agindo como um freio natural para a resposta inflamat\u00f3ria. <\/p>\n\n\n\n<p>Enquanto uma dieta rica em \u00e1cidos graxos \u00f4mega-6 (comuns em \u00f3leos vegetais refinados) pode ser pr\u00f3-inflamat\u00f3ria, o aumento da ingest\u00e3o de \u00f4mega-3 ajuda a equilibrar essa balan\u00e7a.<\/p>\n\n\n\n<h2 class=\"wp-block-heading\">Como os antioxidantes e polifen\u00f3is das plantas protegem o corpo?<\/h2>\n\n\n\n<p>Os <strong>polifen\u00f3is<\/strong> s\u00e3o compostos bioativos encontrados em plantas que lhes d\u00e3o suas cores vibrantes. Frutas, vegetais, ch\u00e1s e especiarias s\u00e3o repletos desses compostos. Eles atuam no corpo de duas maneiras principais para combater a inflama\u00e7\u00e3o. Primeiro, s\u00e3o poderosos <strong>antioxidantes<\/strong>, neutralizando os radicais livres que causam dano celular e alimentam a inflama\u00e7\u00e3o. Segundo, pesquisas mostram que certos polifen\u00f3is podem inibir diretamente as vias inflamat\u00f3rias no corpo.<\/p>\n\n\n\n<p>Leia tamb\u00e9m: <a href=\"https:\/\/www.correiobraziliense.com.br\/cbradar\/essa-e-a-melhor-hora-do-dia-para-tomar-cafe-e-ter-mais-energia\" target=\"_blank\" rel=\"noreferrer noopener\">Essa \u00e9 a melhor hora do dia para tomar caf\u00e9 e ter mais energia<\/a><\/p>\n\n\n\n<h2 class=\"wp-block-heading\">Quais s\u00e3o os pilares de uma alimenta\u00e7\u00e3o anti-inflamat\u00f3ria?<\/h2>\n\n\n\n<p>Um padr\u00e3o alimentar anti-inflamat\u00f3rio, como a dieta mediterr\u00e2nea, foca em alimentos integrais e minimamente processados.<\/p>\n\n\n\n<h3 class=\"wp-block-heading\">Peixes gordurosos<\/h3>\n\n\n\n<p>Salm\u00e3o, sardinha, cavala e arenque. S\u00e3o as fontes mais diretas e potentes de \u00f4mega-3 EPA e DHA.<\/p>\n\n\n\n<h3 class=\"wp-block-heading\">Frutas vermelhas e escuras<\/h3>\n\n\n\n<p>Morangos, mirtilos, amoras e cerejas. S\u00e3o ricos em antioxidantes chamados antocianinas, que t\u00eam demonstrado potentes efeitos anti-inflamat\u00f3rios.<\/p>\n\n\n\n<h3 class=\"wp-block-heading\">Vegetais de folhas verdes escuras<\/h3>\n\n\n\n<p>Espinafre, couve e acelga. S\u00e3o carregados de antioxidantes, vitaminas e minerais que combatem o estresse oxidativo.<\/p>\n\n\n\n<h3 class=\"wp-block-heading\">Oleaginosas e sementes<\/h3>\n\n\n\n<p>Nozes, am\u00eandoas, sementes de linha\u00e7a e de chia. Fornecem uma combina\u00e7\u00e3o de gorduras saud\u00e1veis, fibras e minerais anti-inflamat\u00f3rios como o magn\u00e9sio.<\/p>\n\n\n\n<h3 class=\"wp-block-heading\">Azeite de oliva extra virgem<\/h3>\n\n\n\n<p>A base da dieta mediterr\u00e2nea, rico em gordura monoinsaturada e em polifen\u00f3is como o oleocanthal.<\/p>\n\n\n<div class=\"wp-block-image\">\n<figure class=\"aligncenter size-large\"><img decoding=\"async\" width=\"1024\" height=\"576\" src=\"https:\/\/www.correiobraziliense.com.br\/cbradar\/wp-content\/uploads\/2025\/08\/azeite_1754398529142-1024x576.jpg\" alt=\"Alimentos naturais que agem como anti-inflamat\u00f3rios e melhoram sua qualidade de vida\" class=\"wp-image-81271\" srcset=\"https:\/\/www.correiobraziliense.com.br\/cbradar\/wp-content\/uploads\/2025\/08\/azeite_1754398529142-1024x576.jpg 1024w, https:\/\/www.correiobraziliense.com.br\/cbradar\/wp-content\/uploads\/2025\/08\/azeite_1754398529142-300x169.jpg 300w, https:\/\/www.correiobraziliense.com.br\/cbradar\/wp-content\/uploads\/2025\/08\/azeite_1754398529142-768x432.jpg 768w, https:\/\/www.correiobraziliense.com.br\/cbradar\/wp-content\/uploads\/2025\/08\/azeite_1754398529142-750x422.jpg 750w, https:\/\/www.correiobraziliense.com.br\/cbradar\/wp-content\/uploads\/2025\/08\/azeite_1754398529142-1140x641.jpg 1140w, https:\/\/www.correiobraziliense.com.br\/cbradar\/wp-content\/uploads\/2025\/08\/azeite_1754398529142.jpg 1280w\" sizes=\"(max-width: 1024px) 100vw, 1024px\" \/><figcaption class=\"wp-element-caption\">Azeite &#8211; Cr\u00e9ditos: depositphotos.com \/ VadimVasenin<\/figcaption><\/figure><\/div>\n\n\n<p>Leia tamb\u00e9m: <a href=\"https:\/\/www.correiobraziliense.com.br\/cbradar\/o-cha-natural-que-ajuda-na-digestao-e-acelera-o-metabolismo\" target=\"_blank\" rel=\"noreferrer noopener\">O ch\u00e1 natural que ajuda na digest\u00e3o e acelera o metabolismo<\/a><\/p>\n\n\n\n<h2 class=\"wp-block-heading\">Quais alimentos devem ser limitados por seu potencial pr\u00f3-inflamat\u00f3rio?<\/h2>\n\n\n\n<p>T\u00e3o importante quanto incluir os alimentos certos \u00e9 limitar aqueles que promovem a inflama\u00e7\u00e3o. Os principais culpados s\u00e3o:<\/p>\n\n\n\n<ul class=\"wp-block-list\">\n<li><strong>A\u00e7\u00facares adicionados e carboidratos refinados:<\/strong> Refrigerantes, doces, p\u00e3es brancos.<\/li>\n\n\n\n<li><strong>Gorduras saturadas e trans:<\/strong> Encontradas em carnes gordas, frituras e alimentos ultraprocessados.<\/li>\n\n\n\n<li><strong>Alimentos ultraprocessados:<\/strong> Ricos em aditivos e \u00f3leos vegetais refinados (ricos em \u00f4mega-6).<\/li>\n<\/ul>\n\n\n\n<p>A ado\u00e7\u00e3o de uma dieta anti-inflamat\u00f3ria \u00e9 uma estrat\u00e9gia de longo prazo. Para uma abordagem personalizada e segura, especialmente se voc\u00ea j\u00e1 possui uma condi\u00e7\u00e3o inflamat\u00f3ria, a orienta\u00e7\u00e3o de um <strong>m\u00e9dico<\/strong> e de um <strong>nutricionista<\/strong> \u00e9 indispens\u00e1vel.<\/p>\n","protected":false},"excerpt":{"rendered":"<p>A inflama\u00e7\u00e3o \u00e9 uma resposta natural e vital do sistema imunol\u00f3gico. No entanto, quando essa resposta se torna cr\u00f4nica e de baixa intensidade, ela se transforma em uma &#8220;inflama\u00e7\u00e3o silenciosa&#8221;, um fator central no desenvolvimento de quase todas as principais doen\u00e7as cr\u00f4nicas. \u00c9 crucial e inegoci\u00e1vel afirmar desde o in\u00edcio: a inflama\u00e7\u00e3o cr\u00f4nica \u00e9 um [&hellip;]<\/p>\n","protected":false},"author":11,"featured_media":122722,"comment_status":"open","ping_status":"open","sticky":false,"template":"","format":"standard","meta":{"_yoast_wpseo_focuskw":"Alimentos naturais anti-inflamat\u00f3rios","_yoast_wpseo_title":"","_yoast_wpseo_metadesc":"Alguns alimentos naturais possuem a\u00e7\u00e3o anti-inflamat\u00f3ria poderosa que contribui para mais disposi\u00e7\u00e3o e bem-estar di\u00e1rio","jnews-multi-image_gallery":[],"jnews_single_post":{"format":"standard"},"jnews_primary_category":[],"jnews_social_meta":[],"jnews_override_counter":[],"footnotes":""},"categories":[119],"post_tag":[1423,9698,1318],"class_list":["post-122718","post","type-post","status-publish","format-standard","has-post-thumbnail","hentry","category-bem-estar","tag-alimentos","tag-anti-inflamatorio-2","tag-saude-2"],"yoast_head":"<!-- This site is optimized with the Yoast SEO plugin v24.6 - https:\/\/yoast.com\/wordpress\/plugins\/seo\/ -->\n<title>Alimentos naturais que agem como anti-inflamat\u00f3rios e melhoram sua qualidade de vida - Correio Braziliense - Radar<\/title>\n<meta name=\"description\" content=\"Alguns alimentos naturais possuem a\u00e7\u00e3o anti-inflamat\u00f3ria poderosa que contribui para mais disposi\u00e7\u00e3o e bem-estar di\u00e1rio\" \/>\n<meta name=\"robots\" content=\"index, follow, max-snippet:-1, max-image-preview:large, max-video-preview:-1\" \/>\n<link rel=\"canonical\" href=\"https:\/\/www.correiobraziliense.com.br\/cbradar\/alimentos-naturais-que-agem-como-anti-inflamatorios-e-melhoram-sua-qualidade-de-vida\/\" \/>\n<meta property=\"og:locale\" content=\"pt_BR\" \/>\n<meta property=\"og:type\" content=\"article\" \/>\n<meta property=\"og:title\" content=\"Alimentos naturais que agem como anti-inflamat\u00f3rios e melhoram sua qualidade de vida - Correio Braziliense - Radar\" \/>\n<meta property=\"og:description\" content=\"Alguns alimentos naturais possuem a\u00e7\u00e3o anti-inflamat\u00f3ria poderosa que contribui para mais disposi\u00e7\u00e3o e bem-estar di\u00e1rio\" \/>\n<meta property=\"og:url\" content=\"https:\/\/www.correiobraziliense.com.br\/cbradar\/alimentos-naturais-que-agem-como-anti-inflamatorios-e-melhoram-sua-qualidade-de-vida\/\" \/>\n<meta property=\"og:site_name\" content=\"Correio Braziliense - Radar\" \/>\n<meta property=\"article:published_time\" content=\"2025-10-21T15:45:00+00:00\" \/>\n<meta property=\"og:image\" content=\"https:\/\/www.correiobraziliense.com.br\/cbradar\/wp-content\/uploads\/2025\/10\/morango_1760971485004.jpg\" \/>\n\t<meta property=\"og:image:width\" content=\"1280\" \/>\n\t<meta property=\"og:image:height\" content=\"720\" \/>\n\t<meta property=\"og:image:type\" content=\"image\/jpeg\" \/>\n<meta name=\"author\" content=\"Paulo Custodio\" \/>\n<meta name=\"twitter:card\" content=\"summary_large_image\" \/>\n<meta name=\"twitter:label1\" content=\"Escrito por\" \/>\n\t<meta name=\"twitter:data1\" content=\"Paulo Custodio\" \/>\n\t<meta name=\"twitter:label2\" content=\"Est. tempo de leitura\" \/>\n\t<meta name=\"twitter:data2\" content=\"5 minutos\" \/>\n<!-- \/ Yoast SEO plugin. -->","yoast_head_json":{"title":"Alimentos naturais que agem como anti-inflamat\u00f3rios e melhoram sua qualidade de vida - Correio Braziliense - Radar","description":"Alguns alimentos naturais possuem a\u00e7\u00e3o anti-inflamat\u00f3ria poderosa que contribui para mais disposi\u00e7\u00e3o e bem-estar di\u00e1rio","robots":{"index":"index","follow":"follow","max-snippet":"max-snippet:-1","max-image-preview":"max-image-preview:large","max-video-preview":"max-video-preview:-1"},"canonical":"https:\/\/www.correiobraziliense.com.br\/cbradar\/alimentos-naturais-que-agem-como-anti-inflamatorios-e-melhoram-sua-qualidade-de-vida\/","og_locale":"pt_BR","og_type":"article","og_title":"Alimentos naturais que agem como anti-inflamat\u00f3rios e melhoram sua qualidade de vida - Correio Braziliense - Radar","og_description":"Alguns alimentos naturais possuem a\u00e7\u00e3o anti-inflamat\u00f3ria poderosa que contribui para mais disposi\u00e7\u00e3o e bem-estar di\u00e1rio","og_url":"https:\/\/www.correiobraziliense.com.br\/cbradar\/alimentos-naturais-que-agem-como-anti-inflamatorios-e-melhoram-sua-qualidade-de-vida\/","og_site_name":"Correio Braziliense - Radar","article_published_time":"2025-10-21T15:45:00+00:00","og_image":[{"width":1280,"height":720,"url":"https:\/\/www.correiobraziliense.com.br\/cbradar\/wp-content\/uploads\/2025\/10\/morango_1760971485004.jpg","type":"image\/jpeg"}],"author":"Paulo Custodio","twitter_card":"summary_large_image","twitter_misc":{"Escrito por":"Paulo Custodio","Est. tempo de leitura":"5 minutos"},"schema":{"@context":"https:\/\/schema.org","@graph":[{"@type":"WebPage","@id":"https:\/\/www.correiobraziliense.com.br\/cbradar\/alimentos-naturais-que-agem-como-anti-inflamatorios-e-melhoram-sua-qualidade-de-vida\/","url":"https:\/\/www.correiobraziliense.com.br\/cbradar\/alimentos-naturais-que-agem-como-anti-inflamatorios-e-melhoram-sua-qualidade-de-vida\/","name":"Alimentos naturais que agem como anti-inflamat\u00f3rios e melhoram sua qualidade de vida - Correio Braziliense - Radar","isPartOf":{"@id":"https:\/\/www.correiobraziliense.com.br\/cbradar\/#website"},"primaryImageOfPage":{"@id":"https:\/\/www.correiobraziliense.com.br\/cbradar\/alimentos-naturais-que-agem-como-anti-inflamatorios-e-melhoram-sua-qualidade-de-vida\/#primaryimage"},"image":{"@id":"https:\/\/www.correiobraziliense.com.br\/cbradar\/alimentos-naturais-que-agem-como-anti-inflamatorios-e-melhoram-sua-qualidade-de-vida\/#primaryimage"},"thumbnailUrl":"https:\/\/www.correiobraziliense.com.br\/cbradar\/wp-content\/uploads\/2025\/10\/morango_1760971485004.jpg","datePublished":"2025-10-21T15:45:00+00:00","author":{"@id":"https:\/\/www.correiobraziliense.com.br\/cbradar\/#\/schema\/person\/4cec7857301a9a1a2ef249893cd908d3"},"description":"Alguns alimentos naturais possuem a\u00e7\u00e3o anti-inflamat\u00f3ria poderosa que contribui para mais disposi\u00e7\u00e3o e bem-estar di\u00e1rio","breadcrumb":{"@id":"https:\/\/www.correiobraziliense.com.br\/cbradar\/alimentos-naturais-que-agem-como-anti-inflamatorios-e-melhoram-sua-qualidade-de-vida\/#breadcrumb"},"inLanguage":"pt-BR","potentialAction":[{"@type":"ReadAction","target":["https:\/\/www.correiobraziliense.com.br\/cbradar\/alimentos-naturais-que-agem-como-anti-inflamatorios-e-melhoram-sua-qualidade-de-vida\/"]}]},{"@type":"ImageObject","inLanguage":"pt-BR","@id":"https:\/\/www.correiobraziliense.com.br\/cbradar\/alimentos-naturais-que-agem-como-anti-inflamatorios-e-melhoram-sua-qualidade-de-vida\/#primaryimage","url":"https:\/\/www.correiobraziliense.com.br\/cbradar\/wp-content\/uploads\/2025\/10\/morango_1760971485004.jpg","contentUrl":"https:\/\/www.correiobraziliense.com.br\/cbradar\/wp-content\/uploads\/2025\/10\/morango_1760971485004.jpg","width":1280,"height":720,"caption":"Morangos - Cr\u00e9ditos: depositphotos.com \/ tarasvg"},{"@type":"BreadcrumbList","@id":"https:\/\/www.correiobraziliense.com.br\/cbradar\/alimentos-naturais-que-agem-como-anti-inflamatorios-e-melhoram-sua-qualidade-de-vida\/#breadcrumb","itemListElement":[{"@type":"ListItem","position":1,"name":"In\u00edcio","item":"https:\/\/www.correiobraziliense.com.br\/cbradar\/"},{"@type":"ListItem","position":2,"name":"Alimentos naturais que agem como anti-inflamat\u00f3rios e melhoram sua qualidade de vida"}]},{"@type":"WebSite","@id":"https:\/\/www.correiobraziliense.com.br\/cbradar\/#website","url":"https:\/\/www.correiobraziliense.com.br\/cbradar\/","name":"Correio Braziliense - Radar","description":"Acompanhe as \u00faltimas not\u00edcias e fique bem informado sobre tudo o que acontece no Brasil e no mundo.","potentialAction":[{"@type":"SearchAction","target":{"@type":"EntryPoint","urlTemplate":"https:\/\/www.correiobraziliense.com.br\/cbradar\/?s={search_term_string}"},"query-input":{"@type":"PropertyValueSpecification","valueRequired":true,"valueName":"search_term_string"}}],"inLanguage":"pt-BR"},{"@type":"Person","@id":"https:\/\/www.correiobraziliense.com.br\/cbradar\/#\/schema\/person\/4cec7857301a9a1a2ef249893cd908d3","name":"Paulo Custodio","image":{"@type":"ImageObject","inLanguage":"pt-BR","@id":"https:\/\/www.correiobraziliense.com.br\/cbradar\/#\/schema\/person\/image\/","url":"https:\/\/secure.gravatar.com\/avatar\/bcd67168d1534e8fcf4f45c726a87cea?s=96&d=mm&r=g","contentUrl":"https:\/\/secure.gravatar.com\/avatar\/bcd67168d1534e8fcf4f45c726a87cea?s=96&d=mm&r=g","caption":"Paulo Custodio"},"sameAs":["https:\/\/www.correiobraziliense.com.br\/cbradar"],"url":"https:\/\/www.correiobraziliense.com.br\/cbradar\/author\/paulomyth\/"}]}},"_links":{"self":[{"href":"https:\/\/www.correiobraziliense.com.br\/cbradar\/wp-json\/wp\/v2\/posts\/122718","targetHints":{"allow":["GET"]}}],"collection":[{"href":"https:\/\/www.correiobraziliense.com.br\/cbradar\/wp-json\/wp\/v2\/posts"}],"about":[{"href":"https:\/\/www.correiobraziliense.com.br\/cbradar\/wp-json\/wp\/v2\/types\/post"}],"author":[{"embeddable":true,"href":"https:\/\/www.correiobraziliense.com.br\/cbradar\/wp-json\/wp\/v2\/users\/11"}],"replies":[{"embeddable":true,"href":"https:\/\/www.correiobraziliense.com.br\/cbradar\/wp-json\/wp\/v2\/comments?post=122718"}],"version-history":[{"count":1,"href":"https:\/\/www.correiobraziliense.com.br\/cbradar\/wp-json\/wp\/v2\/posts\/122718\/revisions"}],"predecessor-version":[{"id":122723,"href":"https:\/\/www.correiobraziliense.com.br\/cbradar\/wp-json\/wp\/v2\/posts\/122718\/revisions\/122723"}],"wp:featuredmedia":[{"embeddable":true,"href":"https:\/\/www.correiobraziliense.com.br\/cbradar\/wp-json\/wp\/v2\/media\/122722"}],"wp:attachment":[{"href":"https:\/\/www.correiobraziliense.com.br\/cbradar\/wp-json\/wp\/v2\/media?parent=122718"}],"wp:term":[{"taxonomy":"category","embeddable":true,"href":"https:\/\/www.correiobraziliense.com.br\/cbradar\/wp-json\/wp\/v2\/categories?post=122718"},{"taxonomy":"post_tag","embeddable":true,"href":"https:\/\/www.correiobraziliense.com.br\/cbradar\/wp-json\/wp\/v2\/post_tag?post=122718"}],"curies":[{"name":"wp","href":"https:\/\/api.w.org\/{rel}","templated":true}]}}