{"id":123023,"date":"2025-10-22T06:55:00","date_gmt":"2025-10-22T09:55:00","guid":{"rendered":"https:\/\/www.correiobraziliense.com.br\/cbradar\/?p=123023"},"modified":"2025-10-20T23:01:22","modified_gmt":"2025-10-21T02:01:22","slug":"quando-seu-cachorro-esta-muito-ativo-nao-significa-que-ele-esta-feliz","status":"publish","type":"post","link":"https:\/\/www.correiobraziliense.com.br\/cbradar\/quando-seu-cachorro-esta-muito-ativo-nao-significa-que-ele-esta-feliz\/","title":{"rendered":"Quando seu cachorro est\u00e1 muito ativo, n\u00e3o significa que ele est\u00e1 feliz"},"content":{"rendered":"\n<p>O comportamento dos <strong>animais de estima\u00e7\u00e3o<\/strong>, especialmente dos <strong>c\u00e3es<\/strong>, revela seu estado emocional por meio de linguagem corporal diversa. Compreender esses sinais \u00e9 fundamental para avaliar o bem-estar do animal, pois um c\u00e3o aparentemente feliz e energ\u00e9tico pode, na verdade, estar tentando lidar com ansiedade ou desconforto interno.<\/p>\n\n\n\n<h2 class=\"wp-block-heading\">Como identificar sinais de bem-estar em c\u00e3es<\/h2>\n\n\n\n<p>O adestrador canino Alan Peir\u00f3, em seu seu perfil no <strong>TikTok<\/strong>, destaca que \u00e9 essencial observar mais do que apenas a <strong>energia<\/strong> do c\u00e3o. Elementos como o olhar, a postura ao dormir e o apetite oferecem importantes pistas sobre seu <strong>estado emocional<\/strong>.<\/p>\n\n\n\n<p>Esses sinais enriquecem a rela\u00e7\u00e3o entre humanos e animais, facilitando uma conviv\u00eancia baseada na <strong>compreens\u00e3o<\/strong> e no respeito m\u00fatuo. Ficar atento a tais indicadores ajuda a garantir o bem-estar do animal.<\/p>\n\n\n\n<h2 class=\"wp-block-heading\">O que considerar sobre o uso da gaiola para c\u00e3es<\/h2>\n\n\n\n<p>O manejo dos espa\u00e7os dos c\u00e3es, especialmente o uso de <strong>gaiolas<\/strong> ou caixas de transporte, \u00e9 um tema controverso. O modo como a gaiola \u00e9 apresentada pode influenciar profundamente a percep\u00e7\u00e3o do animal sobre esse ambiente.<\/p>\n\n\n\n<p>Uma transi\u00e7\u00e3o cuidadosa \u00e9 fundamental para que a gaiola se torne um espa\u00e7o seguro e acolhedor. A seguir, confira boas pr\u00e1ticas para tornar a gaiola um recurso positivo:<\/p>\n\n\n\n<ul class=\"wp-block-list\">\n<li><strong>Espa\u00e7o seguro:<\/strong> Utilize a gaiola como um ref\u00fagio onde o c\u00e3o se sente protegido e relaxado.<\/li>\n\n\n\n<li><strong>Evite puni\u00e7\u00f5es:<\/strong> N\u00e3o associe a gaiola a momentos de puni\u00e7\u00e3o, para n\u00e3o criar uma percep\u00e7\u00e3o negativa.<\/li>\n\n\n\n<li><strong>Refor\u00e7o positivo:<\/strong> Apresente a gaiola de forma agrad\u00e1vel, incentivando o c\u00e3o a v\u00ea-la como um espa\u00e7o de conforto.<\/li>\n<\/ul>\n\n\n\n<figure class=\"wp-block-image size-large\"><img decoding=\"async\" width=\"1024\" height=\"576\" src=\"https:\/\/www.correiobraziliense.com.br\/cbradar\/wp-content\/uploads\/2025\/10\/cachorro-animado_1761012060262-1024x576.jpg\" alt=\"Quando seu cachorro est\u00e1 muito ativo, n\u00e3o significa que ele est\u00e1 feliz\" class=\"wp-image-123026\" srcset=\"https:\/\/www.correiobraziliense.com.br\/cbradar\/wp-content\/uploads\/2025\/10\/cachorro-animado_1761012060262-1024x576.jpg 1024w, https:\/\/www.correiobraziliense.com.br\/cbradar\/wp-content\/uploads\/2025\/10\/cachorro-animado_1761012060262-300x169.jpg 300w, https:\/\/www.correiobraziliense.com.br\/cbradar\/wp-content\/uploads\/2025\/10\/cachorro-animado_1761012060262-768x432.jpg 768w, https:\/\/www.correiobraziliense.com.br\/cbradar\/wp-content\/uploads\/2025\/10\/cachorro-animado_1761012060262-750x422.jpg 750w, https:\/\/www.correiobraziliense.com.br\/cbradar\/wp-content\/uploads\/2025\/10\/cachorro-animado_1761012060262-1140x641.jpg 1140w, https:\/\/www.correiobraziliense.com.br\/cbradar\/wp-content\/uploads\/2025\/10\/cachorro-animado_1761012060262.jpg 1280w\" sizes=\"(max-width: 1024px) 100vw, 1024px\" \/><figcaption class=\"wp-element-caption\">Cachorro animado. Cr\u00e9ditos: depositphotos.com \/ HayDmitriy<\/figcaption><\/figure>\n\n\n\n<h2 class=\"wp-block-heading\">Como interpretar sinais corporais e fortalecer o v\u00ednculo<\/h2>\n\n\n\n<p>A longo prazo, aprender a ler e manejar os sinais do seu <strong>animal de estima\u00e7\u00e3o<\/strong> contribui para o seu bem-estar emocional. Observar detalhes do comportamento favorece o entendimento e fortalece la\u00e7os entre c\u00e3o e tutor.<\/p>\n\n\n\n<p>Ao cuidar dos espa\u00e7os e das emo\u00e7\u00f5es do c\u00e3o, cria-se uma din\u00e2mica saud\u00e1vel, garantindo benef\u00edcios tanto para o <strong>pet<\/strong> quanto para o tutor no conv\u00edvio di\u00e1rio.<\/p>\n\n\n\n<p>Leia tamb\u00e9m: <a href=\"https:\/\/www.correiobraziliense.com.br\/cbradar\/esse-e-o-tempo-certo-para-banhar-o-seu-cachorro\/\" target=\"_blank\" rel=\"noreferrer noopener\">Esse \u00e9 o tempo certo para banhar o seu cachorro<\/a><\/p>\n\n\n\n<h2 class=\"wp-block-heading\">Quais atitudes aproximam humanos e c\u00e3es pela observa\u00e7\u00e3o?<\/h2>\n\n\n\n<p>Entender seu c\u00e3o vai muito al\u00e9m de notar se ele est\u00e1 inquieto ou tranquilo. Observar rotinas e pequenas mudan\u00e7as comportamentais traz insights preciosos sobre o estado emocional do seu animal.<\/p>\n\n\n\n<p>Estar presente nesses momentos permite que o tutor ajuste expectativas de cuidados, tornando a <strong>rela\u00e7\u00e3o mais equilibrada<\/strong>, respeitosa e ben\u00e9fica para ambos.<\/p>\n","protected":false},"excerpt":{"rendered":"<p>Desvende o verdadeiro significado do comportamento canino: entenda como a linguagem corporal do seu c\u00e3o revela seu estado emocional e bem-estar.<\/p>\n","protected":false},"author":3,"featured_media":123025,"comment_status":"open","ping_status":"open","sticky":false,"template":"","format":"standard","meta":{"_yoast_wpseo_focuskw":"cachorro muito ativo feliz","_yoast_wpseo_title":"%%title%%","_yoast_wpseo_metadesc":"Desvende o verdadeiro significado do comportamento canino: entenda como a linguagem corporal do seu c\u00e3o revela seu estado emocional e bem-estar.","jnews-multi-image_gallery":[],"jnews_single_post":{"format":"standard"},"jnews_primary_category":[],"jnews_social_meta":[],"jnews_override_counter":[],"footnotes":""},"categories":[112],"tags":[230,1977,378,144],"class_list":["post-123023","post","type-post","status-publish","format-standard","has-post-thumbnail","hentry","category-curiosidades","tag-animais","tag-animais-de-estimacao","tag-cachorro","tag-curiosidades"],"yoast_head":"<!-- This site is optimized with the Yoast SEO plugin v24.6 - https:\/\/yoast.com\/wordpress\/plugins\/seo\/ -->\n<title>Quando seu cachorro est\u00e1 muito ativo, n\u00e3o significa que ele est\u00e1 feliz<\/title>\n<meta name=\"description\" content=\"Desvende o verdadeiro significado do comportamento canino: entenda como a linguagem corporal do seu c\u00e3o revela seu estado emocional e bem-estar.\" \/>\n<meta name=\"robots\" content=\"index, follow, max-snippet:-1, max-image-preview:large, max-video-preview:-1\" \/>\n<link rel=\"canonical\" href=\"https:\/\/www.correiobraziliense.com.br\/cbradar\/quando-seu-cachorro-esta-muito-ativo-nao-significa-que-ele-esta-feliz\/\" \/>\n<meta property=\"og:locale\" content=\"pt_BR\" \/>\n<meta property=\"og:type\" content=\"article\" \/>\n<meta property=\"og:title\" content=\"Quando seu cachorro est\u00e1 muito ativo, n\u00e3o significa que ele est\u00e1 feliz\" \/>\n<meta property=\"og:description\" content=\"Desvende o verdadeiro significado do comportamento canino: entenda como a linguagem corporal do seu c\u00e3o revela seu estado emocional e bem-estar.\" \/>\n<meta property=\"og:url\" content=\"https:\/\/www.correiobraziliense.com.br\/cbradar\/quando-seu-cachorro-esta-muito-ativo-nao-significa-que-ele-esta-feliz\/\" \/>\n<meta property=\"og:site_name\" content=\"Correio Braziliense - Radar\" \/>\n<meta property=\"article:published_time\" content=\"2025-10-22T09:55:00+00:00\" \/>\n<meta property=\"og:image\" content=\"https:\/\/www.correiobraziliense.com.br\/cbradar\/wp-content\/uploads\/2025\/10\/cachorro-animado_1761011791752.jpg\" \/>\n\t<meta property=\"og:image:width\" content=\"1280\" \/>\n\t<meta property=\"og:image:height\" content=\"720\" \/>\n\t<meta property=\"og:image:type\" content=\"image\/jpeg\" \/>\n<meta name=\"author\" content=\"Larissa Carvalho\" \/>\n<meta name=\"twitter:card\" content=\"summary_large_image\" \/>\n<meta name=\"twitter:label1\" content=\"Escrito por\" \/>\n\t<meta name=\"twitter:data1\" content=\"Larissa Carvalho\" \/>\n\t<meta name=\"twitter:label2\" content=\"Est. tempo de leitura\" \/>\n\t<meta name=\"twitter:data2\" content=\"3 minutos\" \/>\n<!-- \/ Yoast SEO plugin. -->","yoast_head_json":{"title":"Quando seu cachorro est\u00e1 muito ativo, n\u00e3o significa que ele est\u00e1 feliz","description":"Desvende o verdadeiro significado do comportamento canino: entenda como a linguagem corporal do seu c\u00e3o revela seu estado emocional e bem-estar.","robots":{"index":"index","follow":"follow","max-snippet":"max-snippet:-1","max-image-preview":"max-image-preview:large","max-video-preview":"max-video-preview:-1"},"canonical":"https:\/\/www.correiobraziliense.com.br\/cbradar\/quando-seu-cachorro-esta-muito-ativo-nao-significa-que-ele-esta-feliz\/","og_locale":"pt_BR","og_type":"article","og_title":"Quando seu cachorro est\u00e1 muito ativo, n\u00e3o significa que ele est\u00e1 feliz","og_description":"Desvende o verdadeiro significado do comportamento canino: entenda como a linguagem corporal do seu c\u00e3o revela seu estado emocional e bem-estar.","og_url":"https:\/\/www.correiobraziliense.com.br\/cbradar\/quando-seu-cachorro-esta-muito-ativo-nao-significa-que-ele-esta-feliz\/","og_site_name":"Correio Braziliense - Radar","article_published_time":"2025-10-22T09:55:00+00:00","og_image":[{"width":1280,"height":720,"url":"https:\/\/www.correiobraziliense.com.br\/cbradar\/wp-content\/uploads\/2025\/10\/cachorro-animado_1761011791752.jpg","type":"image\/jpeg"}],"author":"Larissa Carvalho","twitter_card":"summary_large_image","twitter_misc":{"Escrito por":"Larissa Carvalho","Est. tempo de leitura":"3 minutos"},"schema":{"@context":"https:\/\/schema.org","@graph":[{"@type":"WebPage","@id":"https:\/\/www.correiobraziliense.com.br\/cbradar\/quando-seu-cachorro-esta-muito-ativo-nao-significa-que-ele-esta-feliz\/","url":"https:\/\/www.correiobraziliense.com.br\/cbradar\/quando-seu-cachorro-esta-muito-ativo-nao-significa-que-ele-esta-feliz\/","name":"Quando seu cachorro est\u00e1 muito ativo, n\u00e3o significa que ele est\u00e1 feliz","isPartOf":{"@id":"https:\/\/www.correiobraziliense.com.br\/cbradar\/#website"},"primaryImageOfPage":{"@id":"https:\/\/www.correiobraziliense.com.br\/cbradar\/quando-seu-cachorro-esta-muito-ativo-nao-significa-que-ele-esta-feliz\/#primaryimage"},"image":{"@id":"https:\/\/www.correiobraziliense.com.br\/cbradar\/quando-seu-cachorro-esta-muito-ativo-nao-significa-que-ele-esta-feliz\/#primaryimage"},"thumbnailUrl":"https:\/\/www.correiobraziliense.com.br\/cbradar\/wp-content\/uploads\/2025\/10\/cachorro-animado_1761011791752.jpg","datePublished":"2025-10-22T09:55:00+00:00","author":{"@id":"https:\/\/www.correiobraziliense.com.br\/cbradar\/#\/schema\/person\/58422787644df994b53a19d3e56c1513"},"description":"Desvende o verdadeiro significado do comportamento canino: entenda como a linguagem corporal do seu c\u00e3o revela seu estado emocional e bem-estar.","breadcrumb":{"@id":"https:\/\/www.correiobraziliense.com.br\/cbradar\/quando-seu-cachorro-esta-muito-ativo-nao-significa-que-ele-esta-feliz\/#breadcrumb"},"inLanguage":"pt-BR","potentialAction":[{"@type":"ReadAction","target":["https:\/\/www.correiobraziliense.com.br\/cbradar\/quando-seu-cachorro-esta-muito-ativo-nao-significa-que-ele-esta-feliz\/"]}]},{"@type":"ImageObject","inLanguage":"pt-BR","@id":"https:\/\/www.correiobraziliense.com.br\/cbradar\/quando-seu-cachorro-esta-muito-ativo-nao-significa-que-ele-esta-feliz\/#primaryimage","url":"https:\/\/www.correiobraziliense.com.br\/cbradar\/wp-content\/uploads\/2025\/10\/cachorro-animado_1761011791752.jpg","contentUrl":"https:\/\/www.correiobraziliense.com.br\/cbradar\/wp-content\/uploads\/2025\/10\/cachorro-animado_1761011791752.jpg","width":1280,"height":720,"caption":"Cachorro animado. Cr\u00e9ditos: depositphotos.com \/ mexitographer"},{"@type":"BreadcrumbList","@id":"https:\/\/www.correiobraziliense.com.br\/cbradar\/quando-seu-cachorro-esta-muito-ativo-nao-significa-que-ele-esta-feliz\/#breadcrumb","itemListElement":[{"@type":"ListItem","position":1,"name":"In\u00edcio","item":"https:\/\/www.correiobraziliense.com.br\/cbradar\/"},{"@type":"ListItem","position":2,"name":"Quando seu cachorro est\u00e1 muito ativo, n\u00e3o significa que ele est\u00e1 feliz"}]},{"@type":"WebSite","@id":"https:\/\/www.correiobraziliense.com.br\/cbradar\/#website","url":"https:\/\/www.correiobraziliense.com.br\/cbradar\/","name":"Correio Braziliense - Radar","description":"Acompanhe as \u00faltimas not\u00edcias e fique bem informado sobre tudo o que acontece no Brasil e no mundo.","potentialAction":[{"@type":"SearchAction","target":{"@type":"EntryPoint","urlTemplate":"https:\/\/www.correiobraziliense.com.br\/cbradar\/?s={search_term_string}"},"query-input":{"@type":"PropertyValueSpecification","valueRequired":true,"valueName":"search_term_string"}}],"inLanguage":"pt-BR"},{"@type":"Person","@id":"https:\/\/www.correiobraziliense.com.br\/cbradar\/#\/schema\/person\/58422787644df994b53a19d3e56c1513","name":"Larissa Carvalho","image":{"@type":"ImageObject","inLanguage":"pt-BR","@id":"https:\/\/www.correiobraziliense.com.br\/cbradar\/#\/schema\/person\/image\/","url":"https:\/\/secure.gravatar.com\/avatar\/fe4f91a0de32b52a838d0d612abdc1aa?s=96&d=mm&r=g","contentUrl":"https:\/\/secure.gravatar.com\/avatar\/fe4f91a0de32b52a838d0d612abdc1aa?s=96&d=mm&r=g","caption":"Larissa Carvalho"},"url":"https:\/\/www.correiobraziliense.com.br\/cbradar\/author\/larissamyth\/"}]}},"_links":{"self":[{"href":"https:\/\/www.correiobraziliense.com.br\/cbradar\/wp-json\/wp\/v2\/posts\/123023","targetHints":{"allow":["GET"]}}],"collection":[{"href":"https:\/\/www.correiobraziliense.com.br\/cbradar\/wp-json\/wp\/v2\/posts"}],"about":[{"href":"https:\/\/www.correiobraziliense.com.br\/cbradar\/wp-json\/wp\/v2\/types\/post"}],"author":[{"embeddable":true,"href":"https:\/\/www.correiobraziliense.com.br\/cbradar\/wp-json\/wp\/v2\/users\/3"}],"replies":[{"embeddable":true,"href":"https:\/\/www.correiobraziliense.com.br\/cbradar\/wp-json\/wp\/v2\/comments?post=123023"}],"version-history":[{"count":2,"href":"https:\/\/www.correiobraziliense.com.br\/cbradar\/wp-json\/wp\/v2\/posts\/123023\/revisions"}],"predecessor-version":[{"id":123027,"href":"https:\/\/www.correiobraziliense.com.br\/cbradar\/wp-json\/wp\/v2\/posts\/123023\/revisions\/123027"}],"wp:featuredmedia":[{"embeddable":true,"href":"https:\/\/www.correiobraziliense.com.br\/cbradar\/wp-json\/wp\/v2\/media\/123025"}],"wp:attachment":[{"href":"https:\/\/www.correiobraziliense.com.br\/cbradar\/wp-json\/wp\/v2\/media?parent=123023"}],"wp:term":[{"taxonomy":"category","embeddable":true,"href":"https:\/\/www.correiobraziliense.com.br\/cbradar\/wp-json\/wp\/v2\/categories?post=123023"},{"taxonomy":"post_tag","embeddable":true,"href":"https:\/\/www.correiobraziliense.com.br\/cbradar\/wp-json\/wp\/v2\/tags?post=123023"}],"curies":[{"name":"wp","href":"https:\/\/api.w.org\/{rel}","templated":true}]}}