{"id":123263,"date":"2025-10-22T06:45:35","date_gmt":"2025-10-22T09:45:35","guid":{"rendered":"https:\/\/www.correiobraziliense.com.br\/cbradar\/?p=123263"},"modified":"2025-10-21T10:22:46","modified_gmt":"2025-10-21T13:22:46","slug":"os-dois-chas-mais-indicados-para-beber-todas-as-noites-antes-de-dormir","status":"publish","type":"post","link":"https:\/\/www.correiobraziliense.com.br\/cbradar\/os-dois-chas-mais-indicados-para-beber-todas-as-noites-antes-de-dormir\/","title":{"rendered":"Os dois ch\u00e1s mais indicados para beber todas as noites antes de dormir"},"content":{"rendered":"\n<p>As <b>infus\u00f5es<\/b> s\u00e3o valorizadas h\u00e1 s\u00e9culos em diversas culturas como aliadas para o <b>equil\u00edbrio<\/b> entre corpo e mente, combinando <b>tradi\u00e7\u00f5es antigas<\/b> com efeitos comprovados de <b>relaxamento<\/b>, especialmente atrav\u00e9s de ervas como <b>camomila<\/b>, <b>lavanda<\/b> e <b>melissa<\/b>.<\/p>\n\n\n\n<h2 class=\"wp-block-heading\">Como as infus\u00f5es podem criar um momento de pausa e relaxamento?<\/h2>\n\n\n\n<p>Preparar e apreciar uma <b>infus\u00e3o<\/b> de ervas, como <b>lavanda<\/b> ou <b>melissa<\/b>, convida a uma <b>pausa<\/b> do dia a dia corrido. Inalar o <b>aroma floral<\/b> e apreciar o <b>sabor<\/b> das ervas se transformam em um momento de <b>tranquilidade<\/b>, favorecendo o <b>bem-estar emocional<\/b>.<\/p>\n\n\n\n<p>Esse <b>ritual simples<\/b> resgata <b>tradi\u00e7\u00f5es ancestrais<\/b> ao incorporar m\u00e9todos naturais para <b>sa\u00fade<\/b>. A seguir, veja alguns <b>benef\u00edcios<\/b> de incluir <b>infus\u00f5es<\/b> na rotina:<\/p>\n\n\n\n<ul class=\"wp-block-list\">\n<li><b>Redu\u00e7\u00e3o do estresse<\/b> e <b>aux\u00edlio ao sono<\/b><\/li>\n\n\n\n<li>Promo\u00e7\u00e3o da <b>calma mental<\/b> e <b>emocional<\/b><\/li>\n\n\n\n<li>Facilidade de preparo e acesso<\/li>\n<\/ul>\n\n\n\n<h2 class=\"wp-block-heading\">Melissa e lavanda realmente contribuem para o relaxamento?<\/h2>\n\n\n\n<p>Sim, tanto a <b>melissa<\/b> quanto a <b>lavanda<\/b> s\u00e3o reconhecidas por suas propriedades <b>calmantes<\/b>. A <b>melissa<\/b> destaca-se por ajudar a reduzir <b>ansiedade<\/b> e <b>nervosismo<\/b>, enquanto a <b>lavanda<\/b> \u00e9 famosa por favorecer o <b>descanso<\/b> e aliviar a <b>inquieta\u00e7\u00e3o mental<\/b>.<\/p>\n\n\n\n<p>Quando consumidas <b>juntas<\/b> ou <b>separadas<\/b>, ambas proporcionam efeitos <b>tranquilizantes<\/b>, tornando-se op\u00e7\u00f5es naturais para quem busca <b>relaxar<\/b> sem recorrer a <b>medicamentos farmac\u00eauticos<\/b>. Estudos recentes demonstram que a infus\u00e3o de lavanda, inclusive, pode auxiliar em casos leves de ins\u00f4nia.<\/p>\n\n\n\n<h2 class=\"wp-block-heading\">Quais s\u00e3o os principais usos tradicionais da melissa?<\/h2>\n\n\n\n<p>Amplamente utilizada na <b>medicina tradicional<\/b>, a <b>melisa<\/b> cresce em regi\u00f5es \u00famidas e pr\u00f3ximas a rios. \u00c9 apreciada por seu potencial para aliviar sintomas leves de <b>estresse<\/b> e promover o <b>sono<\/b>.<\/p>\n\n\n\n<p><a href=\"https:\/\/www.ema.europa.eu\/en\/medicines\/herbal\/melissae-folium\" target=\"_blank\" rel=\"noreferrer noopener\">A Ag\u00eancia Europeia do Medicamento<\/a> (EMA<b>)<\/b> destaca seu uso em infus\u00f5es e extratos. Tamb\u00e9m \u00e9 comum encontrar a <b>melissa<\/b> combinada com <b>valeriana<\/b> e <b>camomila<\/b> para melhorar a <b>qualidade do sono<\/b> e reduzir a <b>ansiedade<\/b>. Al\u00e9m disso, alguns relatos citam benef\u00edcios da melisa no al\u00edvio de desconfortos gastrointestinais leves.<\/p>\n\n\n\n<h2 class=\"wp-block-heading\">Lavanda oferece benef\u00edcios al\u00e9m do seu aroma suave?<\/h2>\n\n\n\n<p>A <b>lavanda<\/b> \u00e9 uma planta do <b>Mediterr\u00e2neo<\/b> e da <b>\u00cdndia<\/b>, apreciada por m\u00faltiplos <b>efeitos positivos<\/b> na <b>sa\u00fade<\/b>. Sua a\u00e7\u00e3o <b>ansiol\u00edtica<\/b> ajuda no <b>sono<\/b> de pessoas ansiosas, tornando-se relevante tanto na <b>medicina tradicional<\/b> quanto moderna.<\/p>\n\n\n\n<p>Al\u00e9m disso, suas propriedades <b>antibacterianas<\/b>, <b>antivirais<\/b> e <b>antiespasm\u00f3dicas<\/b> aumentam seu valor terap\u00eautico, tornando a <b>lavanda<\/b> uma erva vers\u00e1til para diferentes necessidades. Em aromaterapia, o \u00f3leo essencial de lavanda tamb\u00e9m \u00e9 usado para promover o relaxamento e reduzir dores de cabe\u00e7a causadas por tens\u00e3o.<\/p>\n\n\n\n<blockquote class=\"tiktok-embed\" cite=\"https:\/\/www.tiktok.com\/@top_travel_stories\/video\/7273869635207056645\" data-video-id=\"7273869635207056645\" style=\"max-width: 605px;min-width: 325px;\" > <section> <a target=\"_blank\" title=\"@top_travel_stories\" href=\"https:\/\/www.tiktok.com\/@top_travel_stories?refer=embed\">@top_travel_stories<\/a> Magnificent lavender fields of Provence \ud83e\udebb <a title=\"drone\" target=\"_blank\" href=\"https:\/\/www.tiktok.com\/tag\/drone?refer=embed\">#drone<\/a> <a title=\"dronestagram\" target=\"_blank\" href=\"https:\/\/www.tiktok.com\/tag\/dronestagram?refer=embed\">#dronestagram<\/a> <a title=\"dronevideo\" target=\"_blank\" href=\"https:\/\/www.tiktok.com\/tag\/dronevideo?refer=embed\">#dronevideo<\/a> <a title=\"videodrone\" target=\"_blank\" href=\"https:\/\/www.tiktok.com\/tag\/videodrone?refer=embed\">#videodrone<\/a> <a title=\"travelvideo\" target=\"_blank\" href=\"https:\/\/www.tiktok.com\/tag\/travelvideo?refer=embed\">#travelvideo<\/a> <a title=\"travel\" target=\"_blank\" href=\"https:\/\/www.tiktok.com\/tag\/travel?refer=embed\">#travel<\/a> <a title=\"landscape\" target=\"_blank\" href=\"https:\/\/www.tiktok.com\/tag\/landscape?refer=embed\">#landscape<\/a> <a title=\"landscapevideo\" target=\"_blank\" href=\"https:\/\/www.tiktok.com\/tag\/landscapevideo?refer=embed\">#landscapevideo<\/a> <a title=\"beautifulview\" target=\"_blank\" href=\"https:\/\/www.tiktok.com\/tag\/beautifulview?refer=embed\">#beautifulview<\/a> <a title=\"floraandfauna\" target=\"_blank\" href=\"https:\/\/www.tiktok.com\/tag\/floraandfauna?refer=embed\">#floraandfauna<\/a> <a title=\"morning\" target=\"_blank\" href=\"https:\/\/www.tiktok.com\/tag\/morning?refer=embed\">#morning<\/a> <a title=\"bee\" target=\"_blank\" href=\"https:\/\/www.tiktok.com\/tag\/bee?refer=embed\">#bee<\/a> <a title=\"vacation\" target=\"_blank\" href=\"https:\/\/www.tiktok.com\/tag\/vacation?refer=embed\">#vacation<\/a> <a title=\"flowers\" target=\"_blank\" href=\"https:\/\/www.tiktok.com\/tag\/flowers?refer=embed\">#flowers<\/a> <a title=\"blossom\" target=\"_blank\" href=\"https:\/\/www.tiktok.com\/tag\/blossom?refer=embed\">#blossom<\/a> <a title=\"nature\" target=\"_blank\" href=\"https:\/\/www.tiktok.com\/tag\/nature?refer=embed\">#nature<\/a> <a title=\"lavender\" target=\"_blank\" href=\"https:\/\/www.tiktok.com\/tag\/lavender?refer=embed\">#lavender<\/a> <a target=\"_blank\" title=\"\u266c Interstellar (Main Theme) - Random Piano\" href=\"https:\/\/www.tiktok.com\/music\/Interstellar-Main-Theme-6936204245700741121?refer=embed\">\u266c Interstellar (Main Theme) &#8211; Random Piano<\/a> <\/section> <\/blockquote> <script async src=\"https:\/\/www.tiktok.com\/embed.js\"><\/script>\n\n\n\n<p>Leia tamb\u00e9m: <a href=\"https:\/\/www.correiobraziliense.com.br\/cbradar\/essa-fruta-suculenta-pode-ser-a-chave-para-uma-visao-mais-saudavel\/\" target=\"_blank\" rel=\"noopener\">Essa fruta suculenta pode ser a chave para uma vis\u00e3o mais saud\u00e1vel<\/a><\/p>\n\n\n\n<h2 class=\"wp-block-heading\">Quais cuidados s\u00e3o necess\u00e1rios ao preparar infus\u00f5es de ervas?<\/h2>\n\n\n\n<p>Preparar <b>infus\u00f5es<\/b> requer aten\u00e7\u00e3o para n\u00e3o exagerar na quantidade de ervas e para evitar ferv\u00ea-las, mantendo assim suas propriedades <b>ben\u00e9ficas<\/b>. Consultar um <b>fitoterapeuta<\/b> \u00e9 essencial para quem j\u00e1 faz uso de <b>medicamentos<\/b>.<\/p>\n\n\n\n<p>Para garantir <b>seguran\u00e7a<\/b> e <b>efic\u00e1cia<\/b>, observe estas recomenda\u00e7\u00f5es importantes na prepara\u00e7\u00e3o de <b>infus\u00f5es<\/b>:<\/p>\n\n\n\n<ul class=\"wp-block-list\">\n<li>Use <b>quantidades moderadas<\/b> de ervas<\/li>\n\n\n\n<li>N\u00e3o <b>ferva<\/b> as folhas para n\u00e3o perder os <b>princ\u00edpios ativos<\/b><\/li>\n\n\n\n<li>Busque <b>orienta\u00e7\u00e3o profissional<\/b> se estiver em tratamento m\u00e9dico<\/li>\n<\/ul>\n","protected":false},"excerpt":{"rendered":"<p>As infus\u00f5es s\u00e3o valorizadas h\u00e1 s\u00e9culos em diversas culturas como aliadas para o equil\u00edbrio entre corpo e mente, combinando tradi\u00e7\u00f5es antigas com efeitos comprovados de relaxamento, especialmente atrav\u00e9s de ervas como camomila, lavanda e melissa. Como as infus\u00f5es podem criar um momento de pausa e relaxamento? Preparar e apreciar uma infus\u00e3o de ervas, como lavanda [&hellip;]<\/p>\n","protected":false},"author":9,"featured_media":70465,"comment_status":"open","ping_status":"open","sticky":false,"template":"","format":"standard","meta":{"_yoast_wpseo_focuskw":"ch\u00e1 para dormir","_yoast_wpseo_title":"%%title%% %%page%%","_yoast_wpseo_metadesc":"As infus\u00f5es de melissa e lavanda promovem relaxamento, aliviam o estresse e melhoram o sono de forma natural e cientificamente comprovada.","jnews-multi-image_gallery":[],"jnews_single_post":{"format":"standard"},"jnews_primary_category":[],"jnews_social_meta":[],"jnews_override_counter":[],"footnotes":""},"categories":[119],"tags":[7905,565,10839],"class_list":["post-123263","post","type-post","status-publish","format-standard","has-post-thumbnail","hentry","category-bem-estar","tag-infusao","tag-saude","tag-sono-reparador"],"yoast_head":"<!-- This site is optimized with the Yoast SEO plugin v24.6 - https:\/\/yoast.com\/wordpress\/plugins\/seo\/ -->\n<title>Os dois ch\u00e1s mais indicados para beber todas as noites antes de dormir<\/title>\n<meta name=\"description\" content=\"As infus\u00f5es de melissa e lavanda promovem relaxamento, aliviam o estresse e melhoram o sono de forma natural e cientificamente comprovada.\" \/>\n<meta name=\"robots\" content=\"index, follow, max-snippet:-1, max-image-preview:large, max-video-preview:-1\" \/>\n<link rel=\"canonical\" href=\"https:\/\/www.correiobraziliense.com.br\/cbradar\/os-dois-chas-mais-indicados-para-beber-todas-as-noites-antes-de-dormir\/\" \/>\n<meta property=\"og:locale\" content=\"pt_BR\" \/>\n<meta property=\"og:type\" content=\"article\" \/>\n<meta property=\"og:title\" content=\"Os dois ch\u00e1s mais indicados para beber todas as noites antes de dormir\" \/>\n<meta property=\"og:description\" content=\"As infus\u00f5es de melissa e lavanda promovem relaxamento, aliviam o estresse e melhoram o sono de forma natural e cientificamente comprovada.\" \/>\n<meta property=\"og:url\" content=\"https:\/\/www.correiobraziliense.com.br\/cbradar\/os-dois-chas-mais-indicados-para-beber-todas-as-noites-antes-de-dormir\/\" \/>\n<meta property=\"og:site_name\" content=\"Correio Braziliense - Radar\" \/>\n<meta property=\"article:published_time\" content=\"2025-10-22T09:45:35+00:00\" \/>\n<meta property=\"og:image\" content=\"https:\/\/www.correiobraziliense.com.br\/cbradar\/wp-content\/uploads\/2025\/07\/Melissa-officinalis_1752592007396.jpg\" \/>\n\t<meta property=\"og:image:width\" content=\"1280\" \/>\n\t<meta property=\"og:image:height\" content=\"720\" \/>\n\t<meta property=\"og:image:type\" content=\"image\/jpeg\" \/>\n<meta name=\"author\" content=\"Daniely Cardoso\" \/>\n<meta name=\"twitter:card\" content=\"summary_large_image\" \/>\n<meta name=\"twitter:label1\" content=\"Escrito por\" \/>\n\t<meta name=\"twitter:data1\" content=\"Daniely Cardoso\" \/>\n\t<meta name=\"twitter:label2\" content=\"Est. tempo de leitura\" \/>\n\t<meta name=\"twitter:data2\" content=\"3 minutos\" \/>\n<!-- \/ Yoast SEO plugin. -->","yoast_head_json":{"title":"Os dois ch\u00e1s mais indicados para beber todas as noites antes de dormir","description":"As infus\u00f5es de melissa e lavanda promovem relaxamento, aliviam o estresse e melhoram o sono de forma natural e cientificamente comprovada.","robots":{"index":"index","follow":"follow","max-snippet":"max-snippet:-1","max-image-preview":"max-image-preview:large","max-video-preview":"max-video-preview:-1"},"canonical":"https:\/\/www.correiobraziliense.com.br\/cbradar\/os-dois-chas-mais-indicados-para-beber-todas-as-noites-antes-de-dormir\/","og_locale":"pt_BR","og_type":"article","og_title":"Os dois ch\u00e1s mais indicados para beber todas as noites antes de dormir","og_description":"As infus\u00f5es de melissa e lavanda promovem relaxamento, aliviam o estresse e melhoram o sono de forma natural e cientificamente comprovada.","og_url":"https:\/\/www.correiobraziliense.com.br\/cbradar\/os-dois-chas-mais-indicados-para-beber-todas-as-noites-antes-de-dormir\/","og_site_name":"Correio Braziliense - Radar","article_published_time":"2025-10-22T09:45:35+00:00","og_image":[{"width":1280,"height":720,"url":"https:\/\/www.correiobraziliense.com.br\/cbradar\/wp-content\/uploads\/2025\/07\/Melissa-officinalis_1752592007396.jpg","type":"image\/jpeg"}],"author":"Daniely Cardoso","twitter_card":"summary_large_image","twitter_misc":{"Escrito por":"Daniely Cardoso","Est. tempo de leitura":"3 minutos"},"schema":{"@context":"https:\/\/schema.org","@graph":[{"@type":"WebPage","@id":"https:\/\/www.correiobraziliense.com.br\/cbradar\/os-dois-chas-mais-indicados-para-beber-todas-as-noites-antes-de-dormir\/","url":"https:\/\/www.correiobraziliense.com.br\/cbradar\/os-dois-chas-mais-indicados-para-beber-todas-as-noites-antes-de-dormir\/","name":"Os dois ch\u00e1s mais indicados para beber todas as noites antes de dormir","isPartOf":{"@id":"https:\/\/www.correiobraziliense.com.br\/cbradar\/#website"},"primaryImageOfPage":{"@id":"https:\/\/www.correiobraziliense.com.br\/cbradar\/os-dois-chas-mais-indicados-para-beber-todas-as-noites-antes-de-dormir\/#primaryimage"},"image":{"@id":"https:\/\/www.correiobraziliense.com.br\/cbradar\/os-dois-chas-mais-indicados-para-beber-todas-as-noites-antes-de-dormir\/#primaryimage"},"thumbnailUrl":"https:\/\/www.correiobraziliense.com.br\/cbradar\/wp-content\/uploads\/2025\/07\/Melissa-officinalis_1752592007396.jpg","datePublished":"2025-10-22T09:45:35+00:00","author":{"@id":"https:\/\/www.correiobraziliense.com.br\/cbradar\/#\/schema\/person\/7356666e12ec0ee53f348ee5db227032"},"description":"As infus\u00f5es de melissa e lavanda promovem relaxamento, aliviam o estresse e melhoram o sono de forma natural e cientificamente comprovada.","breadcrumb":{"@id":"https:\/\/www.correiobraziliense.com.br\/cbradar\/os-dois-chas-mais-indicados-para-beber-todas-as-noites-antes-de-dormir\/#breadcrumb"},"inLanguage":"pt-BR","potentialAction":[{"@type":"ReadAction","target":["https:\/\/www.correiobraziliense.com.br\/cbradar\/os-dois-chas-mais-indicados-para-beber-todas-as-noites-antes-de-dormir\/"]}]},{"@type":"ImageObject","inLanguage":"pt-BR","@id":"https:\/\/www.correiobraziliense.com.br\/cbradar\/os-dois-chas-mais-indicados-para-beber-todas-as-noites-antes-de-dormir\/#primaryimage","url":"https:\/\/www.correiobraziliense.com.br\/cbradar\/wp-content\/uploads\/2025\/07\/Melissa-officinalis_1752592007396.jpg","contentUrl":"https:\/\/www.correiobraziliense.com.br\/cbradar\/wp-content\/uploads\/2025\/07\/Melissa-officinalis_1752592007396.jpg","width":1280,"height":720,"caption":"Efeito calmante em estados de ansiedade - Cr\u00e9ditos: depositphotos.com \/ MadeleineSteinbach"},{"@type":"BreadcrumbList","@id":"https:\/\/www.correiobraziliense.com.br\/cbradar\/os-dois-chas-mais-indicados-para-beber-todas-as-noites-antes-de-dormir\/#breadcrumb","itemListElement":[{"@type":"ListItem","position":1,"name":"In\u00edcio","item":"https:\/\/www.correiobraziliense.com.br\/cbradar\/"},{"@type":"ListItem","position":2,"name":"Os dois ch\u00e1s mais indicados para beber todas as noites antes de dormir"}]},{"@type":"WebSite","@id":"https:\/\/www.correiobraziliense.com.br\/cbradar\/#website","url":"https:\/\/www.correiobraziliense.com.br\/cbradar\/","name":"Correio Braziliense - Radar","description":"Acompanhe as \u00faltimas not\u00edcias e fique bem informado sobre tudo o que acontece no Brasil e no mundo.","potentialAction":[{"@type":"SearchAction","target":{"@type":"EntryPoint","urlTemplate":"https:\/\/www.correiobraziliense.com.br\/cbradar\/?s={search_term_string}"},"query-input":{"@type":"PropertyValueSpecification","valueRequired":true,"valueName":"search_term_string"}}],"inLanguage":"pt-BR"},{"@type":"Person","@id":"https:\/\/www.correiobraziliense.com.br\/cbradar\/#\/schema\/person\/7356666e12ec0ee53f348ee5db227032","name":"Daniely Cardoso","image":{"@type":"ImageObject","inLanguage":"pt-BR","@id":"https:\/\/www.correiobraziliense.com.br\/cbradar\/#\/schema\/person\/image\/","url":"https:\/\/secure.gravatar.com\/avatar\/4b80ddbd124d1f071b626d52d62e5dff?s=96&d=mm&r=g","contentUrl":"https:\/\/secure.gravatar.com\/avatar\/4b80ddbd124d1f071b626d52d62e5dff?s=96&d=mm&r=g","caption":"Daniely Cardoso"},"description":"Redatora nos portais CB Radar e EM Foco, formada pela Universidade Federal de Goi\u00e1s, em Goi\u00e2nia. Apaixonada por comunica\u00e7\u00e3o, arte, decora\u00e7\u00e3o e tend\u00eancias, atuo na produ\u00e7\u00e3o de conte\u00fados envolventes sobre curiosidades, moda, beleza e paisagismo, sempre com um olhar atento \u00e0s novidades do momento.","sameAs":["https:\/\/www.correiobraziliense.com.br\/cbradar"],"url":"https:\/\/www.correiobraziliense.com.br\/cbradar\/author\/danielymyth\/"}]}},"_links":{"self":[{"href":"https:\/\/www.correiobraziliense.com.br\/cbradar\/wp-json\/wp\/v2\/posts\/123263","targetHints":{"allow":["GET"]}}],"collection":[{"href":"https:\/\/www.correiobraziliense.com.br\/cbradar\/wp-json\/wp\/v2\/posts"}],"about":[{"href":"https:\/\/www.correiobraziliense.com.br\/cbradar\/wp-json\/wp\/v2\/types\/post"}],"author":[{"embeddable":true,"href":"https:\/\/www.correiobraziliense.com.br\/cbradar\/wp-json\/wp\/v2\/users\/9"}],"replies":[{"embeddable":true,"href":"https:\/\/www.correiobraziliense.com.br\/cbradar\/wp-json\/wp\/v2\/comments?post=123263"}],"version-history":[{"count":2,"href":"https:\/\/www.correiobraziliense.com.br\/cbradar\/wp-json\/wp\/v2\/posts\/123263\/revisions"}],"predecessor-version":[{"id":123272,"href":"https:\/\/www.correiobraziliense.com.br\/cbradar\/wp-json\/wp\/v2\/posts\/123263\/revisions\/123272"}],"wp:featuredmedia":[{"embeddable":true,"href":"https:\/\/www.correiobraziliense.com.br\/cbradar\/wp-json\/wp\/v2\/media\/70465"}],"wp:attachment":[{"href":"https:\/\/www.correiobraziliense.com.br\/cbradar\/wp-json\/wp\/v2\/media?parent=123263"}],"wp:term":[{"taxonomy":"category","embeddable":true,"href":"https:\/\/www.correiobraziliense.com.br\/cbradar\/wp-json\/wp\/v2\/categories?post=123263"},{"taxonomy":"post_tag","embeddable":true,"href":"https:\/\/www.correiobraziliense.com.br\/cbradar\/wp-json\/wp\/v2\/tags?post=123263"}],"curies":[{"name":"wp","href":"https:\/\/api.w.org\/{rel}","templated":true}]}}