{"id":123285,"date":"2025-10-22T12:45:00","date_gmt":"2025-10-22T15:45:00","guid":{"rendered":"https:\/\/www.correiobraziliense.com.br\/cbradar\/?p=123285"},"modified":"2025-10-21T10:57:12","modified_gmt":"2025-10-21T13:57:12","slug":"qual-e-o-melhor-treinamento-para-prevenir-a-perda-de-memoria-segundo-a-ciencia","status":"publish","type":"post","link":"https:\/\/www.correiobraziliense.com.br\/cbradar\/qual-e-o-melhor-treinamento-para-prevenir-a-perda-de-memoria-segundo-a-ciencia\/","title":{"rendered":"Qual \u00e9 o melhor treinamento para prevenir a perda de mem\u00f3ria, segundo a ci\u00eancia?"},"content":{"rendered":"\n<p>A busca por estrat\u00e9gias para manter a mente afiada e a mem\u00f3ria intacta ao longo da vida \u00e9 uma prioridade crescente. \u00c9 crucial e inegoci\u00e1vel afirmar desde o in\u00edcio: <strong>altera\u00e7\u00f5es significativas na mem\u00f3ria exigem uma avalia\u00e7\u00e3o m\u00e9dica para um diagn\u00f3stico correto.<\/strong> Os exerc\u00edcios s\u00e3o uma ferramenta poderosa de preven\u00e7\u00e3o e suporte, n\u00e3o um tratamento para doen\u00e7as estabelecidas.<\/p>\n\n\n\n<p>Felizmente, a ci\u00eancia tem demonstrado de forma consistente que uma das interven\u00e7\u00f5es mais eficazes para proteger a sa\u00fade do c\u00e9rebro n\u00e3o est\u00e1 em p\u00edlulas, mas no movimento. Este artigo ir\u00e1 explorar, de forma segura e baseada em evid\u00eancias, como a combina\u00e7\u00e3o de exerc\u00edcios aer\u00f3bicos e de for\u00e7a pode ser a sua melhor aliada para uma mem\u00f3ria duradoura.<\/p>\n\n\n\n<h2 class=\"wp-block-heading\">Como o exerc\u00edcio aer\u00f3bico e o de for\u00e7a beneficiam o c\u00e9rebro?<\/h2>\n\n\n\n<p><a href=\"https:\/\/pmc.ncbi.nlm.nih.gov\/articles\/PMC12085549\" target=\"_blank\" rel=\"noreferrer noopener\">Estudos cient\u00edficos robustos<\/a>, especialmente com popula\u00e7\u00f5es mais velhas, t\u00eam revelado que tanto o exerc\u00edcio aer\u00f3bico quanto o treinamento de for\u00e7a (muscula\u00e7\u00e3o) trazem benef\u00edcios significativos para a fun\u00e7\u00e3o cerebral e a mem\u00f3ria.<\/p>\n\n\n\n<p>O <strong>exerc\u00edcio aer\u00f3bico<\/strong> (como a caminhada r\u00e1pida, bicicleta ou dan\u00e7a) melhora o fluxo sangu\u00edneo para o c\u00e9rebro, entregando mais oxig\u00eanio e nutrientes. Ele tamb\u00e9m estimula a produ\u00e7\u00e3o de fatores de crescimento, como o BDNF, que atuam como &#8220;fertilizantes&#8221; para os neur\u00f4nios, ajudando na forma\u00e7\u00e3o de novas conex\u00f5es e na sobreviv\u00eancia das c\u00e9lulas cerebrais existentes. Essencialmente, o cora\u00e7\u00e3o trabalha melhor, e o c\u00e9rebro recebe mais &#8220;alimento&#8221;.<\/p>\n\n\n\n<p>O <strong>treinamento de for\u00e7a<\/strong>, por sua vez, n\u00e3o beneficia apenas os m\u00fasculos. Ao construir e manter a massa muscular, ele melhora a sensibilidade do corpo \u00e0 insulina e reduz a inflama\u00e7\u00e3o, fatores que tamb\u00e9m s\u00e3o cruciais para a sa\u00fade cerebral. M\u00fasculos fortes d\u00e3o suporte a um metabolismo saud\u00e1vel, o que, por sua vez, protege o c\u00e9rebro.<\/p>\n\n\n\n<p>A pesquisa sugere que a <strong>combina\u00e7\u00e3o<\/strong> dos dois tipos de treino parece funcionar ainda melhor. O efeito sin\u00e9rgico de um cora\u00e7\u00e3o mais eficiente e m\u00fasculos mais fortes cria o ambiente ideal para que o c\u00e9rebro prospere e mantenha suas fun\u00e7\u00f5es cognitivas, incluindo a mem\u00f3ria, por mais tempo.<\/p>\n\n\n<div class=\"wp-block-image\">\n<figure class=\"aligncenter size-large\"><img decoding=\"async\" width=\"1024\" height=\"576\" src=\"https:\/\/www.correiobraziliense.com.br\/cbradar\/wp-content\/uploads\/2025\/03\/cerebro_1741354008920-1024x576.jpg\" alt=\"Qual \u00e9 o melhor treinamento para prevenir a perda de mem\u00f3ria, segundo a ci\u00eancia?\" class=\"wp-image-10250\" srcset=\"https:\/\/www.correiobraziliense.com.br\/cbradar\/wp-content\/uploads\/2025\/03\/cerebro_1741354008920-1024x576.jpg 1024w, https:\/\/www.correiobraziliense.com.br\/cbradar\/wp-content\/uploads\/2025\/03\/cerebro_1741354008920-300x169.jpg 300w, https:\/\/www.correiobraziliense.com.br\/cbradar\/wp-content\/uploads\/2025\/03\/cerebro_1741354008920-768x432.jpg 768w, https:\/\/www.correiobraziliense.com.br\/cbradar\/wp-content\/uploads\/2025\/03\/cerebro_1741354008920-750x422.jpg 750w, https:\/\/www.correiobraziliense.com.br\/cbradar\/wp-content\/uploads\/2025\/03\/cerebro_1741354008920-1140x641.jpg 1140w, https:\/\/www.correiobraziliense.com.br\/cbradar\/wp-content\/uploads\/2025\/03\/cerebro_1741354008920.jpg 1280w\" sizes=\"(max-width: 1024px) 100vw, 1024px\" \/><figcaption class=\"wp-element-caption\">C\u00e9rebro &#8211; Cr\u00e9ditos: depositphotos.com \/ hessyz<\/figcaption><\/figure><\/div>\n\n\n<p>Leia tamb\u00e9m: <a href=\"https:\/\/www.correiobraziliense.com.br\/cbradar\/o-cha-natural-que-ajuda-na-digestao-e-acelera-o-metabolismo\" target=\"_blank\" rel=\"noreferrer noopener\">O ch\u00e1 natural que ajuda na digest\u00e3o e acelera o metabolismo<\/a><\/p>\n\n\n\n<h2 class=\"wp-block-heading\">Como come\u00e7ar a praticar de forma segura e eficaz?<\/h2>\n\n\n\n<p>A boa not\u00edcia \u00e9 que n\u00e3o s\u00e3o necess\u00e1rios treinos extenuantes para colher os benef\u00edcios. A consist\u00eancia \u00e9 a chave. As recomenda\u00e7\u00f5es baseadas em diretrizes de sa\u00fade, como as da Organiza\u00e7\u00e3o Mundial da Sa\u00fade, podem ser adaptadas para o dia a dia.<\/p>\n\n\n\n<h3 class=\"wp-block-heading\">Atividade aer\u00f3bica<\/h3>\n\n\n\n<p>O objetivo \u00e9 acumular pelo menos <strong>150 minutos por semana<\/strong> de atividade de intensidade moderada. Uma forma pr\u00e1tica \u00e9 dividir isso em <strong>30 minutos, 5 dias por semana<\/strong>. Escolha uma atividade que voc\u00ea goste: caminhada r\u00e1pida, andar de bicicleta no parque ou em casa, aulas de dan\u00e7a. O importante \u00e9 elevar a frequ\u00eancia card\u00edaca e sentir a respira\u00e7\u00e3o um pouco mais ofegante, mas ainda conseguindo conversar.<\/p>\n\n\n\n<h3 class=\"wp-block-heading\">Treinamento de for\u00e7a<\/h3>\n\n\n\n<p>Realize exerc\u00edcios de for\u00e7a <strong>pelo menos 2 dias por semana<\/strong>, em dias n\u00e3o consecutivos. N\u00e3o \u00e9 preciso ir \u00e0 academia. Voc\u00ea pode usar faixas el\u00e1sticas, o peso do pr\u00f3prio corpo (agachamentos, flex\u00f5es na parede) ou halteres leves. Foque nos principais grupos musculares (pernas, bra\u00e7os, costas, abd\u00f4men).<\/p>\n\n\n<div class=\"wp-block-image\">\n<figure class=\"aligncenter size-large\"><img decoding=\"async\" width=\"1024\" height=\"576\" src=\"https:\/\/www.correiobraziliense.com.br\/cbradar\/wp-content\/uploads\/2025\/05\/antebraco_1747662803582-1024x576.jpg\" alt=\"Qual \u00e9 o melhor treinamento para prevenir a perda de mem\u00f3ria, segundo a ci\u00eancia?\" class=\"wp-image-39355\" srcset=\"https:\/\/www.correiobraziliense.com.br\/cbradar\/wp-content\/uploads\/2025\/05\/antebraco_1747662803582-1024x576.jpg 1024w, https:\/\/www.correiobraziliense.com.br\/cbradar\/wp-content\/uploads\/2025\/05\/antebraco_1747662803582-300x169.jpg 300w, https:\/\/www.correiobraziliense.com.br\/cbradar\/wp-content\/uploads\/2025\/05\/antebraco_1747662803582-768x432.jpg 768w, https:\/\/www.correiobraziliense.com.br\/cbradar\/wp-content\/uploads\/2025\/05\/antebraco_1747662803582-750x422.jpg 750w, https:\/\/www.correiobraziliense.com.br\/cbradar\/wp-content\/uploads\/2025\/05\/antebraco_1747662803582-1140x641.jpg 1140w, https:\/\/www.correiobraziliense.com.br\/cbradar\/wp-content\/uploads\/2025\/05\/antebraco_1747662803582.jpg 1280w\" sizes=\"(max-width: 1024px) 100vw, 1024px\" \/><figcaption class=\"wp-element-caption\">Um homem durante o treino &#8211; Cr\u00e9ditos: depositphotos.com \/ DragonImages<\/figcaption><\/figure><\/div>\n\n\n<p>Leia tamb\u00e9m: <a href=\"https:\/\/www.correiobraziliense.com.br\/cbradar\/essa-e-a-melhor-hora-do-dia-para-tomar-cafe-e-ter-mais-energia\" target=\"_blank\" rel=\"noreferrer noopener\">Essa \u00e9 a melhor hora do dia para tomar caf\u00e9 e ter mais energia<\/a><\/p>\n\n\n\n<h2 class=\"wp-block-heading\">Quais os cuidados essenciais ao iniciar ou manter a rotina?<\/h2>\n\n\n\n<p>A seguran\u00e7a deve ser sempre a prioridade, especialmente para quem est\u00e1 come\u00e7ando ou tem mais idade.<\/p>\n\n\n\n<ul class=\"wp-block-list\">\n<li><strong>Comece no seu ritmo:<\/strong> N\u00e3o tente fazer tudo de uma vez. Comece com sess\u00f5es mais curtas e aumente a dura\u00e7\u00e3o e a intensidade gradualmente.<\/li>\n\n\n\n<li><strong>Use cal\u00e7ado firme:<\/strong> Um bom t\u00eanis protege seus p\u00e9s e articula\u00e7\u00f5es.<\/li>\n\n\n\n<li><strong>Ou\u00e7a seu corpo:<\/strong> Pare imediatamente se sentir dor no peito, falta de ar excessiva, tontura ou qualquer dor articular aguda.<\/li>\n\n\n\n<li><strong>Procure orienta\u00e7\u00e3o profissional:<\/strong> Se voc\u00ea tem alguma doen\u00e7a cr\u00f4nica (como problemas card\u00edacos, diabetes ou artrite), a consulta com seu <strong>m\u00e9dico<\/strong> antes de iniciar \u00e9 indispens\u00e1vel. A orienta\u00e7\u00e3o de um <strong>profissional de educa\u00e7\u00e3o f\u00edsica<\/strong> ou <strong>fisioterapeuta<\/strong> \u00e9 fundamental para garantir que os exerc\u00edcios sejam seguros e adequados para voc\u00ea.<\/li>\n<\/ul>\n\n\n\n<p>Lembre-se: pequenas mudan\u00e7as consistentes na sua rotina de movimento podem gerar um impacto enorme no seu bem-estar f\u00edsico e mental a longo prazo.<\/p>\n","protected":false},"excerpt":{"rendered":"<p>A busca por estrat\u00e9gias para manter a mente afiada e a mem\u00f3ria intacta ao longo da vida \u00e9 uma prioridade crescente. \u00c9 crucial e inegoci\u00e1vel afirmar desde o in\u00edcio: altera\u00e7\u00f5es significativas na mem\u00f3ria exigem uma avalia\u00e7\u00e3o m\u00e9dica para um diagn\u00f3stico correto. Os exerc\u00edcios s\u00e3o uma ferramenta poderosa de preven\u00e7\u00e3o e suporte, n\u00e3o um tratamento para [&hellip;]<\/p>\n","protected":false},"author":11,"featured_media":13579,"comment_status":"open","ping_status":"open","sticky":false,"template":"","format":"standard","meta":{"_yoast_wpseo_focuskw":"prevenir a perda de mem\u00f3ria","_yoast_wpseo_title":"","_yoast_wpseo_metadesc":"Treinos mentais espec\u00edficos estimulam o c\u00e9rebro e ajudam a preservar a mem\u00f3ria e a clareza cognitiva ao longo do tempo","jnews-multi-image_gallery":[],"jnews_single_post":{"format":"standard"},"jnews_primary_category":[],"jnews_social_meta":[],"jnews_override_counter":[],"footnotes":""},"categories":[119],"post_tag":[11001,1616,1318],"class_list":["post-123285","post","type-post","status-publish","format-standard","has-post-thumbnail","hentry","category-bem-estar","tag-cerebro-3","tag-memoria","tag-saude-2"],"yoast_head":"<!-- This site is optimized with the Yoast SEO plugin v24.6 - https:\/\/yoast.com\/wordpress\/plugins\/seo\/ -->\n<title>Qual \u00e9 o melhor treinamento para prevenir a perda de mem\u00f3ria, segundo a ci\u00eancia? - Correio Braziliense - Radar<\/title>\n<meta name=\"description\" content=\"Treinos mentais espec\u00edficos estimulam o c\u00e9rebro e ajudam a preservar a mem\u00f3ria e a clareza cognitiva ao longo do tempo\" \/>\n<meta name=\"robots\" content=\"index, follow, max-snippet:-1, max-image-preview:large, max-video-preview:-1\" \/>\n<link rel=\"canonical\" href=\"https:\/\/www.correiobraziliense.com.br\/cbradar\/qual-e-o-melhor-treinamento-para-prevenir-a-perda-de-memoria-segundo-a-ciencia\/\" \/>\n<meta property=\"og:locale\" content=\"pt_BR\" \/>\n<meta property=\"og:type\" content=\"article\" \/>\n<meta property=\"og:title\" content=\"Qual \u00e9 o melhor treinamento para prevenir a perda de mem\u00f3ria, segundo a ci\u00eancia? - Correio Braziliense - Radar\" \/>\n<meta property=\"og:description\" content=\"Treinos mentais espec\u00edficos estimulam o c\u00e9rebro e ajudam a preservar a mem\u00f3ria e a clareza cognitiva ao longo do tempo\" \/>\n<meta property=\"og:url\" content=\"https:\/\/www.correiobraziliense.com.br\/cbradar\/qual-e-o-melhor-treinamento-para-prevenir-a-perda-de-memoria-segundo-a-ciencia\/\" \/>\n<meta property=\"og:site_name\" content=\"Correio Braziliense - Radar\" \/>\n<meta property=\"article:published_time\" content=\"2025-10-22T15:45:00+00:00\" \/>\n<meta property=\"og:image\" content=\"https:\/\/www.correiobraziliense.com.br\/cbradar\/wp-content\/uploads\/2025\/03\/cerebro_1742305834469.jpg\" \/>\n\t<meta property=\"og:image:width\" content=\"1280\" \/>\n\t<meta property=\"og:image:height\" content=\"720\" \/>\n\t<meta property=\"og:image:type\" content=\"image\/jpeg\" \/>\n<meta name=\"author\" content=\"Paulo Custodio\" \/>\n<meta name=\"twitter:card\" content=\"summary_large_image\" \/>\n<meta name=\"twitter:label1\" content=\"Escrito por\" \/>\n\t<meta name=\"twitter:data1\" content=\"Paulo Custodio\" \/>\n\t<meta name=\"twitter:label2\" content=\"Est. tempo de leitura\" \/>\n\t<meta name=\"twitter:data2\" content=\"5 minutos\" \/>\n<!-- \/ Yoast SEO plugin. -->","yoast_head_json":{"title":"Qual \u00e9 o melhor treinamento para prevenir a perda de mem\u00f3ria, segundo a ci\u00eancia? - Correio Braziliense - Radar","description":"Treinos mentais espec\u00edficos estimulam o c\u00e9rebro e ajudam a preservar a mem\u00f3ria e a clareza cognitiva ao longo do tempo","robots":{"index":"index","follow":"follow","max-snippet":"max-snippet:-1","max-image-preview":"max-image-preview:large","max-video-preview":"max-video-preview:-1"},"canonical":"https:\/\/www.correiobraziliense.com.br\/cbradar\/qual-e-o-melhor-treinamento-para-prevenir-a-perda-de-memoria-segundo-a-ciencia\/","og_locale":"pt_BR","og_type":"article","og_title":"Qual \u00e9 o melhor treinamento para prevenir a perda de mem\u00f3ria, segundo a ci\u00eancia? - Correio Braziliense - Radar","og_description":"Treinos mentais espec\u00edficos estimulam o c\u00e9rebro e ajudam a preservar a mem\u00f3ria e a clareza cognitiva ao longo do tempo","og_url":"https:\/\/www.correiobraziliense.com.br\/cbradar\/qual-e-o-melhor-treinamento-para-prevenir-a-perda-de-memoria-segundo-a-ciencia\/","og_site_name":"Correio Braziliense - Radar","article_published_time":"2025-10-22T15:45:00+00:00","og_image":[{"width":1280,"height":720,"url":"https:\/\/www.correiobraziliense.com.br\/cbradar\/wp-content\/uploads\/2025\/03\/cerebro_1742305834469.jpg","type":"image\/jpeg"}],"author":"Paulo Custodio","twitter_card":"summary_large_image","twitter_misc":{"Escrito por":"Paulo Custodio","Est. tempo de leitura":"5 minutos"},"schema":{"@context":"https:\/\/schema.org","@graph":[{"@type":"WebPage","@id":"https:\/\/www.correiobraziliense.com.br\/cbradar\/qual-e-o-melhor-treinamento-para-prevenir-a-perda-de-memoria-segundo-a-ciencia\/","url":"https:\/\/www.correiobraziliense.com.br\/cbradar\/qual-e-o-melhor-treinamento-para-prevenir-a-perda-de-memoria-segundo-a-ciencia\/","name":"Qual \u00e9 o melhor treinamento para prevenir a perda de mem\u00f3ria, segundo a ci\u00eancia? - Correio Braziliense - Radar","isPartOf":{"@id":"https:\/\/www.correiobraziliense.com.br\/cbradar\/#website"},"primaryImageOfPage":{"@id":"https:\/\/www.correiobraziliense.com.br\/cbradar\/qual-e-o-melhor-treinamento-para-prevenir-a-perda-de-memoria-segundo-a-ciencia\/#primaryimage"},"image":{"@id":"https:\/\/www.correiobraziliense.com.br\/cbradar\/qual-e-o-melhor-treinamento-para-prevenir-a-perda-de-memoria-segundo-a-ciencia\/#primaryimage"},"thumbnailUrl":"https:\/\/www.correiobraziliense.com.br\/cbradar\/wp-content\/uploads\/2025\/03\/cerebro_1742305834469.jpg","datePublished":"2025-10-22T15:45:00+00:00","author":{"@id":"https:\/\/www.correiobraziliense.com.br\/cbradar\/#\/schema\/person\/4cec7857301a9a1a2ef249893cd908d3"},"description":"Treinos mentais espec\u00edficos estimulam o c\u00e9rebro e ajudam a preservar a mem\u00f3ria e a clareza cognitiva ao longo do tempo","breadcrumb":{"@id":"https:\/\/www.correiobraziliense.com.br\/cbradar\/qual-e-o-melhor-treinamento-para-prevenir-a-perda-de-memoria-segundo-a-ciencia\/#breadcrumb"},"inLanguage":"pt-BR","potentialAction":[{"@type":"ReadAction","target":["https:\/\/www.correiobraziliense.com.br\/cbradar\/qual-e-o-melhor-treinamento-para-prevenir-a-perda-de-memoria-segundo-a-ciencia\/"]}]},{"@type":"ImageObject","inLanguage":"pt-BR","@id":"https:\/\/www.correiobraziliense.com.br\/cbradar\/qual-e-o-melhor-treinamento-para-prevenir-a-perda-de-memoria-segundo-a-ciencia\/#primaryimage","url":"https:\/\/www.correiobraziliense.com.br\/cbradar\/wp-content\/uploads\/2025\/03\/cerebro_1742305834469.jpg","contentUrl":"https:\/\/www.correiobraziliense.com.br\/cbradar\/wp-content\/uploads\/2025\/03\/cerebro_1742305834469.jpg","width":1280,"height":720,"caption":"C\u00e9rebro - Cr\u00e9ditos: depositphotos.com \/ IgorVetushko"},{"@type":"BreadcrumbList","@id":"https:\/\/www.correiobraziliense.com.br\/cbradar\/qual-e-o-melhor-treinamento-para-prevenir-a-perda-de-memoria-segundo-a-ciencia\/#breadcrumb","itemListElement":[{"@type":"ListItem","position":1,"name":"In\u00edcio","item":"https:\/\/www.correiobraziliense.com.br\/cbradar\/"},{"@type":"ListItem","position":2,"name":"Qual \u00e9 o melhor treinamento para prevenir a perda de mem\u00f3ria, segundo a ci\u00eancia?"}]},{"@type":"WebSite","@id":"https:\/\/www.correiobraziliense.com.br\/cbradar\/#website","url":"https:\/\/www.correiobraziliense.com.br\/cbradar\/","name":"Correio Braziliense - Radar","description":"Acompanhe as \u00faltimas not\u00edcias e fique bem informado sobre tudo o que acontece no Brasil e no mundo.","potentialAction":[{"@type":"SearchAction","target":{"@type":"EntryPoint","urlTemplate":"https:\/\/www.correiobraziliense.com.br\/cbradar\/?s={search_term_string}"},"query-input":{"@type":"PropertyValueSpecification","valueRequired":true,"valueName":"search_term_string"}}],"inLanguage":"pt-BR"},{"@type":"Person","@id":"https:\/\/www.correiobraziliense.com.br\/cbradar\/#\/schema\/person\/4cec7857301a9a1a2ef249893cd908d3","name":"Paulo Custodio","image":{"@type":"ImageObject","inLanguage":"pt-BR","@id":"https:\/\/www.correiobraziliense.com.br\/cbradar\/#\/schema\/person\/image\/","url":"https:\/\/secure.gravatar.com\/avatar\/bcd67168d1534e8fcf4f45c726a87cea?s=96&d=mm&r=g","contentUrl":"https:\/\/secure.gravatar.com\/avatar\/bcd67168d1534e8fcf4f45c726a87cea?s=96&d=mm&r=g","caption":"Paulo Custodio"},"sameAs":["https:\/\/www.correiobraziliense.com.br\/cbradar"],"url":"https:\/\/www.correiobraziliense.com.br\/cbradar\/author\/paulomyth\/"}]}},"_links":{"self":[{"href":"https:\/\/www.correiobraziliense.com.br\/cbradar\/wp-json\/wp\/v2\/posts\/123285","targetHints":{"allow":["GET"]}}],"collection":[{"href":"https:\/\/www.correiobraziliense.com.br\/cbradar\/wp-json\/wp\/v2\/posts"}],"about":[{"href":"https:\/\/www.correiobraziliense.com.br\/cbradar\/wp-json\/wp\/v2\/types\/post"}],"author":[{"embeddable":true,"href":"https:\/\/www.correiobraziliense.com.br\/cbradar\/wp-json\/wp\/v2\/users\/11"}],"replies":[{"embeddable":true,"href":"https:\/\/www.correiobraziliense.com.br\/cbradar\/wp-json\/wp\/v2\/comments?post=123285"}],"version-history":[{"count":1,"href":"https:\/\/www.correiobraziliense.com.br\/cbradar\/wp-json\/wp\/v2\/posts\/123285\/revisions"}],"predecessor-version":[{"id":123287,"href":"https:\/\/www.correiobraziliense.com.br\/cbradar\/wp-json\/wp\/v2\/posts\/123285\/revisions\/123287"}],"wp:featuredmedia":[{"embeddable":true,"href":"https:\/\/www.correiobraziliense.com.br\/cbradar\/wp-json\/wp\/v2\/media\/13579"}],"wp:attachment":[{"href":"https:\/\/www.correiobraziliense.com.br\/cbradar\/wp-json\/wp\/v2\/media?parent=123285"}],"wp:term":[{"taxonomy":"category","embeddable":true,"href":"https:\/\/www.correiobraziliense.com.br\/cbradar\/wp-json\/wp\/v2\/categories?post=123285"},{"taxonomy":"post_tag","embeddable":true,"href":"https:\/\/www.correiobraziliense.com.br\/cbradar\/wp-json\/wp\/v2\/post_tag?post=123285"}],"curies":[{"name":"wp","href":"https:\/\/api.w.org\/{rel}","templated":true}]}}