{"id":123371,"date":"2025-10-22T21:05:00","date_gmt":"2025-10-23T00:05:00","guid":{"rendered":"https:\/\/www.correiobraziliense.com.br\/cbradar\/?p=123371"},"modified":"2025-10-21T15:11:38","modified_gmt":"2025-10-21T18:11:38","slug":"a-razao-pela-qual-deixar-seu-cachorro-beijar-voce-no-rosto-nao-e-uma-boa-ideia-segundo-um-veterinario","status":"publish","type":"post","link":"https:\/\/www.correiobraziliense.com.br\/cbradar\/a-razao-pela-qual-deixar-seu-cachorro-beijar-voce-no-rosto-nao-e-uma-boa-ideia-segundo-um-veterinario\/","title":{"rendered":"A raz\u00e3o pela qual deixar seu cachorro beijar voc\u00ea no rosto n\u00e3o \u00e9 uma boa ideia, segundo um veterin\u00e1rio"},"content":{"rendered":"\n<p>Permitir que c\u00e3es expressem carinho atrav\u00e9s de lambidas, popularmente referidas como &#8220;beijos&#8221;, pode parecer inofensivo \u00e0 primeira vista, mas essa pr\u00e1tica apresenta diversos riscos potenciais \u00e0 <strong>sa\u00fade humana<\/strong> devido ao contato constante dos animais com o ambiente e \u00e0 exposi\u00e7\u00e3o a bact\u00e9rias e outros pat\u00f3genos.<\/p>\n\n\n\n<h2 class=\"wp-block-heading\">Quais s\u00e3o os riscos das lambidas dos c\u00e3es para a sa\u00fade?<\/h2>\n\n\n\n<p>Apesar de muitos enxergarem a <strong>lambida de um c\u00e3o<\/strong> como gesto de afeto, ela pode representar s\u00e9rios riscos. O contato com o focinho ou a l\u00edngua do animal pode expor as pessoas a uma grande variedade de microorganismos.<\/p>\n\n\n\n<p>Esses microorganismos podem causar problemas principalmente em <strong>grupos vulner\u00e1veis<\/strong> como crian\u00e7as, gestantes e pessoas imunossuprimidas. Para refor\u00e7ar essa ideia, veja algumas consequ\u00eancias do contato com as lambidas de c\u00e3es:<\/p>\n\n\n\n<ul class=\"wp-block-list\">\n<li>Transmiss\u00e3o de bact\u00e9rias como Salmonella e E. coli<\/li>\n\n\n\n<li>Possibilidade de adquirir parasitas intestinais<\/li>\n\n\n\n<li>Infec\u00e7\u00f5es oportunistas em pessoas com imunidade baixa<\/li>\n<\/ul>\n\n\n\n<h2 class=\"wp-block-heading\">\u00c9 seguro deixar o c\u00e3o lamber o rosto das pessoas?<\/h2>\n\n\n\n<p>Veterin\u00e1rios como Bel\u00e9n alertam que, mesmo sendo visto como carinho, deixar o cachorro lamber o rosto pode transferir bact\u00e9rias potencialmente perigosas para humanos. O animal utiliza a l\u00edngua para a pr\u00f3pria higiene, o que aumenta a chance de contamina\u00e7\u00e3o.<\/p>\n\n\n\n<p>Por precau\u00e7\u00e3o, \u00e9 prefer\u00edvel direcionar essas demonstra\u00e7\u00f5es de afeto para \u00e1reas como a testa, sempre evitando o contato pr\u00f3ximo da boca do c\u00e3o com o rosto humano e minimizando riscos \u00e0 <strong>sa\u00fade<\/strong>.<\/p>\n\n\n\n<figure class=\"wp-block-image size-large\"><img decoding=\"async\" width=\"1024\" height=\"576\" src=\"https:\/\/www.correiobraziliense.com.br\/cbradar\/wp-content\/uploads\/2025\/10\/cachorro-lambendo-rosto_1761070260714-1024x576.jpg\" alt=\"A raz\u00e3o pela qual deixar seu cachorro beijar voc\u00ea no rosto n\u00e3o \u00e9 uma boa ideia, segundo um veterin\u00e1rio\" class=\"wp-image-123374\" srcset=\"https:\/\/www.correiobraziliense.com.br\/cbradar\/wp-content\/uploads\/2025\/10\/cachorro-lambendo-rosto_1761070260714-1024x576.jpg 1024w, https:\/\/www.correiobraziliense.com.br\/cbradar\/wp-content\/uploads\/2025\/10\/cachorro-lambendo-rosto_1761070260714-300x169.jpg 300w, https:\/\/www.correiobraziliense.com.br\/cbradar\/wp-content\/uploads\/2025\/10\/cachorro-lambendo-rosto_1761070260714-768x432.jpg 768w, https:\/\/www.correiobraziliense.com.br\/cbradar\/wp-content\/uploads\/2025\/10\/cachorro-lambendo-rosto_1761070260714-750x422.jpg 750w, https:\/\/www.correiobraziliense.com.br\/cbradar\/wp-content\/uploads\/2025\/10\/cachorro-lambendo-rosto_1761070260714-1140x641.jpg 1140w, https:\/\/www.correiobraziliense.com.br\/cbradar\/wp-content\/uploads\/2025\/10\/cachorro-lambendo-rosto_1761070260714.jpg 1280w\" sizes=\"(max-width: 1024px) 100vw, 1024px\" \/><figcaption class=\"wp-element-caption\">Cachorro lambendo rosto. Cr\u00e9ditos: depositphotos.com \/ feedough<\/figcaption><\/figure>\n\n\n\n<h2 class=\"wp-block-heading\">O que significa o bocejo nos c\u00e3es?<\/h2>\n\n\n\n<p>O <strong>bocejo canino<\/strong> \u00e9 frequentemente interpretado de forma equivocada. Adestradores como Alan Peir\u00f3 explicam que, al\u00e9m do sono, o bocejo pode revelar inc\u00f4modo ou inseguran\u00e7a durante intera\u00e7\u00f5es com humanos.<\/p>\n\n\n\n<p>Ao notar esse comportamento, \u00e9 importante observar o contexto e considerar se o c\u00e3o est\u00e1 confort\u00e1vel. Muitas vezes, isso indica a necessidade de ajustar a intensidade do contato.<\/p>\n\n\n\n<p>Leia tamb\u00e9m: <a href=\"https:\/\/www.correiobraziliense.com.br\/cbradar\/esse-e-o-tempo-certo-para-banhar-o-seu-cachorro\/\" target=\"_blank\" rel=\"noreferrer noopener\">Esse \u00e9 o tempo certo para banhar o seu cachorro<\/a><\/p>\n\n\n\n<h2 class=\"wp-block-heading\">Como respeitar os sinais do comportamento canino?<\/h2>\n\n\n\n<p>Entender a <strong>linguagem corporal dos c\u00e3es<\/strong> \u00e9 essencial para um conv\u00edvio mais harm\u00f4nico. Ao aprender a identificar sinais como bocejos, tutores conseguem respeitar o espa\u00e7o do animal e fortalecer a rela\u00e7\u00e3o.<\/p>\n\n\n\n<p>Veja pr\u00e1ticas recomendadas para garantir bem-estar e respeito aos limites do c\u00e3o:<\/p>\n\n\n\n<ul class=\"wp-block-list\">\n<li>Observar a linguagem corporal diariamente<\/li>\n\n\n\n<li>Respeitar sinais de inc\u00f4modo ou desconforto<\/li>\n\n\n\n<li>Evitar excesso de contato f\u00edsico indesejado<\/li>\n\n\n\n<li>Adotar rotinas que promovam confian\u00e7a m\u00fatua<\/li>\n<\/ul>\n\n\n\n<p>Promover uma conviv\u00eancia equilibrada envolve sempre considerar os limites naturais de cada esp\u00e9cie e manter aten\u00e7\u00e3o tanto \u00e0 higiene quanto ao comportamento do pet.<\/p>\n","protected":false},"excerpt":{"rendered":"<p>Cuidado: os riscos silenciosos dos beijos de cachorro, descubra por que o gesto carinhoso pode ser menos rom\u00e2ntico do que se pensa e proteja sua sa\u00fade.<\/p>\n","protected":false},"author":3,"featured_media":123373,"comment_status":"open","ping_status":"open","sticky":false,"template":"","format":"standard","meta":{"_yoast_wpseo_focuskw":"cachorro beijar voc\u00ea","_yoast_wpseo_title":"%%title%%","_yoast_wpseo_metadesc":"Cuidado: os riscos silenciosos dos beijos de cachorro, descubra por que o gesto carinhoso pode ser menos rom\u00e2ntico do que se pensa e proteja sua sa\u00fade.","jnews-multi-image_gallery":[],"jnews_single_post":{"format":"standard"},"jnews_primary_category":[],"jnews_social_meta":[],"jnews_override_counter":[],"footnotes":""},"categories":[112],"tags":[230,1977,378,144],"class_list":["post-123371","post","type-post","status-publish","format-standard","has-post-thumbnail","hentry","category-curiosidades","tag-animais","tag-animais-de-estimacao","tag-cachorro","tag-curiosidades"],"yoast_head":"<!-- This site is optimized with the Yoast SEO plugin v24.6 - https:\/\/yoast.com\/wordpress\/plugins\/seo\/ -->\n<title>A raz\u00e3o pela qual deixar seu cachorro beijar voc\u00ea no rosto n\u00e3o \u00e9 uma boa ideia, segundo um veterin\u00e1rio<\/title>\n<meta name=\"description\" content=\"Cuidado: os riscos silenciosos dos beijos de cachorro, descubra por que o gesto carinhoso pode ser menos rom\u00e2ntico do que se pensa e proteja sua sa\u00fade.\" \/>\n<meta name=\"robots\" content=\"index, follow, max-snippet:-1, max-image-preview:large, max-video-preview:-1\" \/>\n<link rel=\"canonical\" href=\"https:\/\/www.correiobraziliense.com.br\/cbradar\/a-razao-pela-qual-deixar-seu-cachorro-beijar-voce-no-rosto-nao-e-uma-boa-ideia-segundo-um-veterinario\/\" \/>\n<meta property=\"og:locale\" content=\"pt_BR\" \/>\n<meta property=\"og:type\" content=\"article\" \/>\n<meta property=\"og:title\" content=\"A raz\u00e3o pela qual deixar seu cachorro beijar voc\u00ea no rosto n\u00e3o \u00e9 uma boa ideia, segundo um veterin\u00e1rio\" \/>\n<meta property=\"og:description\" content=\"Cuidado: os riscos silenciosos dos beijos de cachorro, descubra por que o gesto carinhoso pode ser menos rom\u00e2ntico do que se pensa e proteja sua sa\u00fade.\" \/>\n<meta property=\"og:url\" content=\"https:\/\/www.correiobraziliense.com.br\/cbradar\/a-razao-pela-qual-deixar-seu-cachorro-beijar-voce-no-rosto-nao-e-uma-boa-ideia-segundo-um-veterinario\/\" \/>\n<meta property=\"og:site_name\" content=\"Correio Braziliense - Radar\" \/>\n<meta property=\"article:published_time\" content=\"2025-10-23T00:05:00+00:00\" \/>\n<meta property=\"og:image\" content=\"https:\/\/www.correiobraziliense.com.br\/cbradar\/wp-content\/uploads\/2025\/10\/cachorro-lambendo-rosto_1761070018271.jpg\" \/>\n\t<meta property=\"og:image:width\" content=\"1280\" \/>\n\t<meta property=\"og:image:height\" content=\"720\" \/>\n\t<meta property=\"og:image:type\" content=\"image\/jpeg\" \/>\n<meta name=\"author\" content=\"Larissa Carvalho\" \/>\n<meta name=\"twitter:card\" content=\"summary_large_image\" \/>\n<meta name=\"twitter:label1\" content=\"Escrito por\" \/>\n\t<meta name=\"twitter:data1\" content=\"Larissa Carvalho\" \/>\n\t<meta name=\"twitter:label2\" content=\"Est. tempo de leitura\" \/>\n\t<meta name=\"twitter:data2\" content=\"3 minutos\" \/>\n<!-- \/ Yoast SEO plugin. -->","yoast_head_json":{"title":"A raz\u00e3o pela qual deixar seu cachorro beijar voc\u00ea no rosto n\u00e3o \u00e9 uma boa ideia, segundo um veterin\u00e1rio","description":"Cuidado: os riscos silenciosos dos beijos de cachorro, descubra por que o gesto carinhoso pode ser menos rom\u00e2ntico do que se pensa e proteja sua sa\u00fade.","robots":{"index":"index","follow":"follow","max-snippet":"max-snippet:-1","max-image-preview":"max-image-preview:large","max-video-preview":"max-video-preview:-1"},"canonical":"https:\/\/www.correiobraziliense.com.br\/cbradar\/a-razao-pela-qual-deixar-seu-cachorro-beijar-voce-no-rosto-nao-e-uma-boa-ideia-segundo-um-veterinario\/","og_locale":"pt_BR","og_type":"article","og_title":"A raz\u00e3o pela qual deixar seu cachorro beijar voc\u00ea no rosto n\u00e3o \u00e9 uma boa ideia, segundo um veterin\u00e1rio","og_description":"Cuidado: os riscos silenciosos dos beijos de cachorro, descubra por que o gesto carinhoso pode ser menos rom\u00e2ntico do que se pensa e proteja sua sa\u00fade.","og_url":"https:\/\/www.correiobraziliense.com.br\/cbradar\/a-razao-pela-qual-deixar-seu-cachorro-beijar-voce-no-rosto-nao-e-uma-boa-ideia-segundo-um-veterinario\/","og_site_name":"Correio Braziliense - Radar","article_published_time":"2025-10-23T00:05:00+00:00","og_image":[{"width":1280,"height":720,"url":"https:\/\/www.correiobraziliense.com.br\/cbradar\/wp-content\/uploads\/2025\/10\/cachorro-lambendo-rosto_1761070018271.jpg","type":"image\/jpeg"}],"author":"Larissa Carvalho","twitter_card":"summary_large_image","twitter_misc":{"Escrito por":"Larissa Carvalho","Est. tempo de leitura":"3 minutos"},"schema":{"@context":"https:\/\/schema.org","@graph":[{"@type":"WebPage","@id":"https:\/\/www.correiobraziliense.com.br\/cbradar\/a-razao-pela-qual-deixar-seu-cachorro-beijar-voce-no-rosto-nao-e-uma-boa-ideia-segundo-um-veterinario\/","url":"https:\/\/www.correiobraziliense.com.br\/cbradar\/a-razao-pela-qual-deixar-seu-cachorro-beijar-voce-no-rosto-nao-e-uma-boa-ideia-segundo-um-veterinario\/","name":"A raz\u00e3o pela qual deixar seu cachorro beijar voc\u00ea no rosto n\u00e3o \u00e9 uma boa ideia, segundo um veterin\u00e1rio","isPartOf":{"@id":"https:\/\/www.correiobraziliense.com.br\/cbradar\/#website"},"primaryImageOfPage":{"@id":"https:\/\/www.correiobraziliense.com.br\/cbradar\/a-razao-pela-qual-deixar-seu-cachorro-beijar-voce-no-rosto-nao-e-uma-boa-ideia-segundo-um-veterinario\/#primaryimage"},"image":{"@id":"https:\/\/www.correiobraziliense.com.br\/cbradar\/a-razao-pela-qual-deixar-seu-cachorro-beijar-voce-no-rosto-nao-e-uma-boa-ideia-segundo-um-veterinario\/#primaryimage"},"thumbnailUrl":"https:\/\/www.correiobraziliense.com.br\/cbradar\/wp-content\/uploads\/2025\/10\/cachorro-lambendo-rosto_1761070018271.jpg","datePublished":"2025-10-23T00:05:00+00:00","author":{"@id":"https:\/\/www.correiobraziliense.com.br\/cbradar\/#\/schema\/person\/58422787644df994b53a19d3e56c1513"},"description":"Cuidado: os riscos silenciosos dos beijos de cachorro, descubra por que o gesto carinhoso pode ser menos rom\u00e2ntico do que se pensa e proteja sua sa\u00fade.","breadcrumb":{"@id":"https:\/\/www.correiobraziliense.com.br\/cbradar\/a-razao-pela-qual-deixar-seu-cachorro-beijar-voce-no-rosto-nao-e-uma-boa-ideia-segundo-um-veterinario\/#breadcrumb"},"inLanguage":"pt-BR","potentialAction":[{"@type":"ReadAction","target":["https:\/\/www.correiobraziliense.com.br\/cbradar\/a-razao-pela-qual-deixar-seu-cachorro-beijar-voce-no-rosto-nao-e-uma-boa-ideia-segundo-um-veterinario\/"]}]},{"@type":"ImageObject","inLanguage":"pt-BR","@id":"https:\/\/www.correiobraziliense.com.br\/cbradar\/a-razao-pela-qual-deixar-seu-cachorro-beijar-voce-no-rosto-nao-e-uma-boa-ideia-segundo-um-veterinario\/#primaryimage","url":"https:\/\/www.correiobraziliense.com.br\/cbradar\/wp-content\/uploads\/2025\/10\/cachorro-lambendo-rosto_1761070018271.jpg","contentUrl":"https:\/\/www.correiobraziliense.com.br\/cbradar\/wp-content\/uploads\/2025\/10\/cachorro-lambendo-rosto_1761070018271.jpg","width":1280,"height":720,"caption":"Cachorro lambendo rosto. Cr\u00e9ditos: depositphotos.com \/ Mark Adams"},{"@type":"BreadcrumbList","@id":"https:\/\/www.correiobraziliense.com.br\/cbradar\/a-razao-pela-qual-deixar-seu-cachorro-beijar-voce-no-rosto-nao-e-uma-boa-ideia-segundo-um-veterinario\/#breadcrumb","itemListElement":[{"@type":"ListItem","position":1,"name":"In\u00edcio","item":"https:\/\/www.correiobraziliense.com.br\/cbradar\/"},{"@type":"ListItem","position":2,"name":"A raz\u00e3o pela qual deixar seu cachorro beijar voc\u00ea no rosto n\u00e3o \u00e9 uma boa ideia, segundo um veterin\u00e1rio"}]},{"@type":"WebSite","@id":"https:\/\/www.correiobraziliense.com.br\/cbradar\/#website","url":"https:\/\/www.correiobraziliense.com.br\/cbradar\/","name":"Correio Braziliense - Radar","description":"Acompanhe as \u00faltimas not\u00edcias e fique bem informado sobre tudo o que acontece no Brasil e no mundo.","potentialAction":[{"@type":"SearchAction","target":{"@type":"EntryPoint","urlTemplate":"https:\/\/www.correiobraziliense.com.br\/cbradar\/?s={search_term_string}"},"query-input":{"@type":"PropertyValueSpecification","valueRequired":true,"valueName":"search_term_string"}}],"inLanguage":"pt-BR"},{"@type":"Person","@id":"https:\/\/www.correiobraziliense.com.br\/cbradar\/#\/schema\/person\/58422787644df994b53a19d3e56c1513","name":"Larissa Carvalho","image":{"@type":"ImageObject","inLanguage":"pt-BR","@id":"https:\/\/www.correiobraziliense.com.br\/cbradar\/#\/schema\/person\/image\/","url":"https:\/\/secure.gravatar.com\/avatar\/fe4f91a0de32b52a838d0d612abdc1aa?s=96&d=mm&r=g","contentUrl":"https:\/\/secure.gravatar.com\/avatar\/fe4f91a0de32b52a838d0d612abdc1aa?s=96&d=mm&r=g","caption":"Larissa Carvalho"},"url":"https:\/\/www.correiobraziliense.com.br\/cbradar\/author\/larissamyth\/"}]}},"_links":{"self":[{"href":"https:\/\/www.correiobraziliense.com.br\/cbradar\/wp-json\/wp\/v2\/posts\/123371","targetHints":{"allow":["GET"]}}],"collection":[{"href":"https:\/\/www.correiobraziliense.com.br\/cbradar\/wp-json\/wp\/v2\/posts"}],"about":[{"href":"https:\/\/www.correiobraziliense.com.br\/cbradar\/wp-json\/wp\/v2\/types\/post"}],"author":[{"embeddable":true,"href":"https:\/\/www.correiobraziliense.com.br\/cbradar\/wp-json\/wp\/v2\/users\/3"}],"replies":[{"embeddable":true,"href":"https:\/\/www.correiobraziliense.com.br\/cbradar\/wp-json\/wp\/v2\/comments?post=123371"}],"version-history":[{"count":2,"href":"https:\/\/www.correiobraziliense.com.br\/cbradar\/wp-json\/wp\/v2\/posts\/123371\/revisions"}],"predecessor-version":[{"id":123375,"href":"https:\/\/www.correiobraziliense.com.br\/cbradar\/wp-json\/wp\/v2\/posts\/123371\/revisions\/123375"}],"wp:featuredmedia":[{"embeddable":true,"href":"https:\/\/www.correiobraziliense.com.br\/cbradar\/wp-json\/wp\/v2\/media\/123373"}],"wp:attachment":[{"href":"https:\/\/www.correiobraziliense.com.br\/cbradar\/wp-json\/wp\/v2\/media?parent=123371"}],"wp:term":[{"taxonomy":"category","embeddable":true,"href":"https:\/\/www.correiobraziliense.com.br\/cbradar\/wp-json\/wp\/v2\/categories?post=123371"},{"taxonomy":"post_tag","embeddable":true,"href":"https:\/\/www.correiobraziliense.com.br\/cbradar\/wp-json\/wp\/v2\/tags?post=123371"}],"curies":[{"name":"wp","href":"https:\/\/api.w.org\/{rel}","templated":true}]}}