{"id":12343,"date":"2025-03-15T12:30:00","date_gmt":"2025-03-15T15:30:00","guid":{"rendered":"https:\/\/www.correiobraziliense.com.br\/cbradar\/?p=12343"},"modified":"2025-03-14T13:54:50","modified_gmt":"2025-03-14T16:54:50","slug":"esses-sao-os-10-carros-hibridos-mais-economicos-para-2025-veja-lista","status":"publish","type":"post","link":"https:\/\/www.correiobraziliense.com.br\/cbradar\/esses-sao-os-10-carros-hibridos-mais-economicos-para-2025-veja-lista\/","title":{"rendered":"Esses s\u00e3o os 10 carros h\u00edbridos mais econ\u00f4micos para 2025, veja lista"},"content":{"rendered":"\n<p>O mercado automotivo brasileiro tem visto um crescimento significativo na ado\u00e7\u00e3o de ve\u00edculos h\u00edbridos, que combinam motores a combust\u00e3o com motores el\u00e9tricos. Essa tecnologia busca oferecer uma alternativa mais sustent\u00e1vel e econ\u00f4mica em termos de consumo de combust\u00edvel. O <strong>Inmetro<\/strong>, respons\u00e1vel por avaliar a efici\u00eancia energ\u00e9tica dos ve\u00edculos, utiliza a medida de megajoules por quil\u00f4metro (MJ\/km) para comparar o consumo de diferentes tipos de combust\u00edveis.<\/p>\n\n\n\n<p>Essa m\u00e9trica \u00e9 essencial para determinar a efici\u00eancia de um carro, especialmente para modelos h\u00edbridos que utilizam mais de um tipo de combust\u00edvel. Quanto menor o valor de MJ\/km, mais eficiente \u00e9 o ve\u00edculo em termos de consumo energ\u00e9tico. A seguir, exploraremos os dez carros h\u00edbridos mais eficientes dispon\u00edveis no Brasil em 2025, destacando suas caracter\u00edsticas e especifica\u00e7\u00f5es.<\/p>\n\n\n\n<h2 class=\"wp-block-heading\"><strong>O que torna um carro h\u00edbrido eficiente?<\/strong><\/h2>\n\n\n\n<p>Um carro h\u00edbrido eficiente \u00e9 aquele que consegue percorrer a maior dist\u00e2ncia poss\u00edvel com a menor quantidade de energia. Isso \u00e9 medido em MJ\/km, uma unidade que considera a energia fornecida por diferentes combust\u00edveis. O Inmetro utiliza constantes espec\u00edficas para cada tipo de combust\u00edvel, como gasolina, etanol, diesel e GNV, para calcular essa efici\u00eancia.<\/p>\n\n\n\n<p>Al\u00e9m disso, os carros h\u00edbridos plug-in, que s\u00e3o capazes de operar no modo 100% el\u00e9trico, oferecem uma vantagem adicional. Eles podem reduzir significativamente o consumo de combust\u00edvel f\u00f3ssil, especialmente em trajetos urbanos, onde o motor el\u00e9trico \u00e9 mais utilizado. A efici\u00eancia tamb\u00e9m depende do design do ve\u00edculo, do peso das baterias e da capacidade de regenera\u00e7\u00e3o de energia durante a frenagem.<\/p>\n\n\n\n<figure class=\"wp-block-image size-large\"><img decoding=\"async\" width=\"1024\" height=\"576\" src=\"https:\/\/www.correiobraziliense.com.br\/cbradar\/wp-content\/uploads\/2025\/03\/carros-hibridos_1741912904401-1024x576.jpg\" alt=\"Esses s\u00e3o os 10 carros h\u00edbridos mais econ\u00f4micos para 2025, veja lista\" class=\"wp-image-12345\" srcset=\"https:\/\/www.correiobraziliense.com.br\/cbradar\/wp-content\/uploads\/2025\/03\/carros-hibridos_1741912904401-1024x576.jpg 1024w, https:\/\/www.correiobraziliense.com.br\/cbradar\/wp-content\/uploads\/2025\/03\/carros-hibridos_1741912904401-300x169.jpg 300w, https:\/\/www.correiobraziliense.com.br\/cbradar\/wp-content\/uploads\/2025\/03\/carros-hibridos_1741912904401-768x432.jpg 768w, https:\/\/www.correiobraziliense.com.br\/cbradar\/wp-content\/uploads\/2025\/03\/carros-hibridos_1741912904401-750x422.jpg 750w, https:\/\/www.correiobraziliense.com.br\/cbradar\/wp-content\/uploads\/2025\/03\/carros-hibridos_1741912904401-1140x641.jpg 1140w, https:\/\/www.correiobraziliense.com.br\/cbradar\/wp-content\/uploads\/2025\/03\/carros-hibridos_1741912904401.jpg 1280w\" sizes=\"(max-width: 1024px) 100vw, 1024px\" \/><figcaption class=\"wp-element-caption\">carros h\u00edbridos. Cr\u00e9ditos: depositphotos.com \/ viappy<\/figcaption><\/figure>\n\n\n\n<h2 class=\"wp-block-heading\"><strong>Quais s\u00e3o os carros h\u00edbridos mais eficientes do Brasil?<\/strong><\/h2>\n\n\n\n<p>Os carros h\u00edbridos mais eficientes do Brasil em 2025 incluem modelos de v\u00e1rias marcas, cada um com suas caracter\u00edsticas \u00fanicas. A lista a seguir destaca os dez modelos mais econ\u00f4micos em termos de consumo energ\u00e9tico:<\/p>\n\n\n\n<ol class=\"wp-block-list\">\n<li><strong>BYD King GS:<\/strong>\u00a0Este sed\u00e3 h\u00edbrido da marca chinesa \u00e9 o mais eficiente, com um consumo energ\u00e9tico de 0,50 MJ\/km. Ele oferece uma autonomia el\u00e9trica de 80 km e \u00e9 o mais acess\u00edvel da lista, com pre\u00e7o de R$ 191.900.<\/li>\n\n\n\n<li><strong>BYD Song Pro GS:<\/strong>\u00a0Com um consumo de 0,56 MJ\/km, este SUV h\u00edbrido destaca-se pelo design futurista e uma central multim\u00eddia avan\u00e7ada. Seu pre\u00e7o \u00e9 de R$ 204.800.<\/li>\n\n\n\n<li><strong>BYD Song Plus GS:<\/strong>\u00a0Este modelo apresenta um consumo de 0,58 MJ\/km e \u00e9 conhecido por seu espa\u00e7o interno e design conservador. Ele custa R$ 244.800.<\/li>\n\n\n\n<li><strong>GWM Haval H6 PHEV19:<\/strong>\u00a0Com um consumo de 0,60 MJ\/km, este SUV \u00e9 espa\u00e7oso e possui um design europeu. Seu pre\u00e7o \u00e9 de R$ 244.000.<\/li>\n\n\n\n<li><strong>Lexus RX 450H:<\/strong>\u00a0Este \u00e9 o carro mais luxuoso da lista, com um consumo de 0,61 MJ\/km. Ele custa R$ 609.990 e oferece diversas comodidades de luxo.<\/li>\n\n\n\n<li><strong>Toyota RAV4 XSE PHEV:<\/strong>\u00a0Com um consumo de 0,62 MJ\/km, este modelo oferece tra\u00e7\u00e3o integral e uma pot\u00eancia de 306 cv. Seu pre\u00e7o \u00e9 de R$ 402.420.<\/li>\n\n\n\n<li><strong>Caoa Chery Tiggo 8 Pro Hybrid:<\/strong>\u00a0Este SUV de sete lugares tem um consumo de 0,67 MJ\/km e custa R$ 264.990.<\/li>\n\n\n\n<li><strong>Haval H6 PHEV34:<\/strong>\u00a0Com um consumo de 0,72 MJ\/km, este modelo oferece a maior autonomia el\u00e9trica da lista, com 123 km. Seu pre\u00e7o \u00e9 de R$ 286.000.<\/li>\n\n\n\n<li><strong>BMW 530e M Sport:<\/strong>\u00a0Este modelo alem\u00e3o tem um consumo de 0,73 MJ\/km e oferece tecnologia avan\u00e7ada, como GPS com realidade aumentada. Ele custa R$ 601.950.<\/li>\n\n\n\n<li><strong>Volvo XC60 T8:<\/strong>\u00a0Com um consumo de 0,74 MJ\/km, este modelo \u00e9 conhecido por seu luxo e tecnologia integrada. Seu pre\u00e7o \u00e9 de R$ 459.950.<\/li>\n<\/ol>\n\n\n\n<h2 class=\"wp-block-heading\"><strong>Por que escolher um carro h\u00edbrido plug-in?<\/strong><\/h2>\n\n\n\n<p>Os carros h\u00edbridos plug-in oferecem a flexibilidade de operar tanto com combust\u00edvel f\u00f3ssil quanto com eletricidade, permitindo uma redu\u00e7\u00e3o significativa no consumo de combust\u00edvel e nas emiss\u00f5es de poluentes. Essa tecnologia \u00e9 ideal para quem busca efici\u00eancia energ\u00e9tica e deseja contribuir para a sustentabilidade ambiental.<\/p>\n\n\n\n<p>Al\u00e9m disso, os h\u00edbridos plug-in s\u00e3o uma escolha econ\u00f4mica a longo prazo, pois o custo de opera\u00e7\u00e3o pode ser significativamente menor em compara\u00e7\u00e3o com ve\u00edculos tradicionais. Com a crescente infraestrutura de carregamento el\u00e9trico no Brasil, a tend\u00eancia \u00e9 que esses ve\u00edculos se tornem cada vez mais populares entre os consumidores.<\/p>\n","protected":false},"excerpt":{"rendered":"<p>Descubra os 10 carros h\u00edbridos mais eficientes! Com base no consumo energ\u00e9tico, conhe\u00e7a os modelos que combinam economia e tecnologia.<\/p>\n","protected":false},"author":3,"featured_media":12344,"comment_status":"open","ping_status":"open","sticky":false,"template":"","format":"standard","meta":{"_yoast_wpseo_focuskw":"carros h\u00edbridos econ\u00f4micos","_yoast_wpseo_title":"%%title%%","_yoast_wpseo_metadesc":"Descubra os 10 carros h\u00edbridos mais eficientes! Com base no consumo energ\u00e9tico, conhe\u00e7a os modelos que combinam economia e tecnologia.","jnews-multi-image_gallery":[],"jnews_single_post":{"format":"standard"},"jnews_primary_category":[],"jnews_social_meta":[],"jnews_override_counter":[],"footnotes":""},"categories":[122],"post_tag":[123,1263],"class_list":["post-12343","post","type-post","status-publish","format-standard","has-post-thumbnail","hentry","category-automobilismo","tag-carros","tag-carros-hibridos"],"yoast_head":"<!-- This site is optimized with the Yoast SEO plugin v24.6 - https:\/\/yoast.com\/wordpress\/plugins\/seo\/ -->\n<title>Esses s\u00e3o os 10 carros h\u00edbridos mais econ\u00f4micos para 2025, veja lista<\/title>\n<meta name=\"description\" content=\"Descubra os 10 carros h\u00edbridos mais eficientes! Com base no consumo energ\u00e9tico, conhe\u00e7a os modelos que combinam economia e tecnologia.\" \/>\n<meta name=\"robots\" content=\"index, follow, max-snippet:-1, max-image-preview:large, max-video-preview:-1\" \/>\n<link rel=\"canonical\" href=\"https:\/\/www.correiobraziliense.com.br\/cbradar\/esses-sao-os-10-carros-hibridos-mais-economicos-para-2025-veja-lista\/\" \/>\n<meta property=\"og:locale\" content=\"pt_BR\" \/>\n<meta property=\"og:type\" content=\"article\" \/>\n<meta property=\"og:title\" content=\"Esses s\u00e3o os 10 carros h\u00edbridos mais econ\u00f4micos para 2025, veja lista\" \/>\n<meta property=\"og:description\" content=\"Descubra os 10 carros h\u00edbridos mais eficientes! Com base no consumo energ\u00e9tico, conhe\u00e7a os modelos que combinam economia e tecnologia.\" \/>\n<meta property=\"og:url\" content=\"https:\/\/www.correiobraziliense.com.br\/cbradar\/esses-sao-os-10-carros-hibridos-mais-economicos-para-2025-veja-lista\/\" \/>\n<meta property=\"og:site_name\" content=\"Correio Braziliense - Radar\" \/>\n<meta property=\"article:published_time\" content=\"2025-03-15T15:30:00+00:00\" \/>\n<meta property=\"og:image\" content=\"https:\/\/www.correiobraziliense.com.br\/cbradar\/wp-content\/uploads\/2025\/03\/carros-hibridos_1741912877657.jpg\" \/>\n\t<meta property=\"og:image:width\" content=\"1280\" \/>\n\t<meta property=\"og:image:height\" content=\"720\" \/>\n\t<meta property=\"og:image:type\" content=\"image\/jpeg\" \/>\n<meta name=\"author\" content=\"Larissa Carvalho\" \/>\n<meta name=\"twitter:card\" content=\"summary_large_image\" \/>\n<meta name=\"twitter:label1\" content=\"Escrito por\" \/>\n\t<meta name=\"twitter:data1\" content=\"Larissa Carvalho\" \/>\n\t<meta name=\"twitter:label2\" content=\"Est. tempo de leitura\" \/>\n\t<meta name=\"twitter:data2\" content=\"5 minutos\" \/>\n<!-- \/ Yoast SEO plugin. -->","yoast_head_json":{"title":"Esses s\u00e3o os 10 carros h\u00edbridos mais econ\u00f4micos para 2025, veja lista","description":"Descubra os 10 carros h\u00edbridos mais eficientes! Com base no consumo energ\u00e9tico, conhe\u00e7a os modelos que combinam economia e tecnologia.","robots":{"index":"index","follow":"follow","max-snippet":"max-snippet:-1","max-image-preview":"max-image-preview:large","max-video-preview":"max-video-preview:-1"},"canonical":"https:\/\/www.correiobraziliense.com.br\/cbradar\/esses-sao-os-10-carros-hibridos-mais-economicos-para-2025-veja-lista\/","og_locale":"pt_BR","og_type":"article","og_title":"Esses s\u00e3o os 10 carros h\u00edbridos mais econ\u00f4micos para 2025, veja lista","og_description":"Descubra os 10 carros h\u00edbridos mais eficientes! Com base no consumo energ\u00e9tico, conhe\u00e7a os modelos que combinam economia e tecnologia.","og_url":"https:\/\/www.correiobraziliense.com.br\/cbradar\/esses-sao-os-10-carros-hibridos-mais-economicos-para-2025-veja-lista\/","og_site_name":"Correio Braziliense - Radar","article_published_time":"2025-03-15T15:30:00+00:00","og_image":[{"width":1280,"height":720,"url":"https:\/\/www.correiobraziliense.com.br\/cbradar\/wp-content\/uploads\/2025\/03\/carros-hibridos_1741912877657.jpg","type":"image\/jpeg"}],"author":"Larissa Carvalho","twitter_card":"summary_large_image","twitter_misc":{"Escrito por":"Larissa Carvalho","Est. tempo de leitura":"5 minutos"},"schema":{"@context":"https:\/\/schema.org","@graph":[{"@type":"WebPage","@id":"https:\/\/www.correiobraziliense.com.br\/cbradar\/esses-sao-os-10-carros-hibridos-mais-economicos-para-2025-veja-lista\/","url":"https:\/\/www.correiobraziliense.com.br\/cbradar\/esses-sao-os-10-carros-hibridos-mais-economicos-para-2025-veja-lista\/","name":"Esses s\u00e3o os 10 carros h\u00edbridos mais econ\u00f4micos para 2025, veja lista","isPartOf":{"@id":"https:\/\/www.correiobraziliense.com.br\/cbradar\/#website"},"primaryImageOfPage":{"@id":"https:\/\/www.correiobraziliense.com.br\/cbradar\/esses-sao-os-10-carros-hibridos-mais-economicos-para-2025-veja-lista\/#primaryimage"},"image":{"@id":"https:\/\/www.correiobraziliense.com.br\/cbradar\/esses-sao-os-10-carros-hibridos-mais-economicos-para-2025-veja-lista\/#primaryimage"},"thumbnailUrl":"https:\/\/www.correiobraziliense.com.br\/cbradar\/wp-content\/uploads\/2025\/03\/carros-hibridos_1741912877657.jpg","datePublished":"2025-03-15T15:30:00+00:00","author":{"@id":"https:\/\/www.correiobraziliense.com.br\/cbradar\/#\/schema\/person\/58422787644df994b53a19d3e56c1513"},"description":"Descubra os 10 carros h\u00edbridos mais eficientes! Com base no consumo energ\u00e9tico, conhe\u00e7a os modelos que combinam economia e tecnologia.","breadcrumb":{"@id":"https:\/\/www.correiobraziliense.com.br\/cbradar\/esses-sao-os-10-carros-hibridos-mais-economicos-para-2025-veja-lista\/#breadcrumb"},"inLanguage":"pt-BR","potentialAction":[{"@type":"ReadAction","target":["https:\/\/www.correiobraziliense.com.br\/cbradar\/esses-sao-os-10-carros-hibridos-mais-economicos-para-2025-veja-lista\/"]}]},{"@type":"ImageObject","inLanguage":"pt-BR","@id":"https:\/\/www.correiobraziliense.com.br\/cbradar\/esses-sao-os-10-carros-hibridos-mais-economicos-para-2025-veja-lista\/#primaryimage","url":"https:\/\/www.correiobraziliense.com.br\/cbradar\/wp-content\/uploads\/2025\/03\/carros-hibridos_1741912877657.jpg","contentUrl":"https:\/\/www.correiobraziliense.com.br\/cbradar\/wp-content\/uploads\/2025\/03\/carros-hibridos_1741912877657.jpg","width":1280,"height":720,"caption":"carros h\u00edbridos. Cr\u00e9ditos: depositphotos.com \/ nenadovicphoto@gmail.com"},{"@type":"BreadcrumbList","@id":"https:\/\/www.correiobraziliense.com.br\/cbradar\/esses-sao-os-10-carros-hibridos-mais-economicos-para-2025-veja-lista\/#breadcrumb","itemListElement":[{"@type":"ListItem","position":1,"name":"In\u00edcio","item":"https:\/\/www.correiobraziliense.com.br\/cbradar\/"},{"@type":"ListItem","position":2,"name":"Esses s\u00e3o os 10 carros h\u00edbridos mais econ\u00f4micos para 2025, veja lista"}]},{"@type":"WebSite","@id":"https:\/\/www.correiobraziliense.com.br\/cbradar\/#website","url":"https:\/\/www.correiobraziliense.com.br\/cbradar\/","name":"Correio Braziliense - Radar","description":"Acompanhe as \u00faltimas not\u00edcias e fique bem informado sobre tudo o que acontece no Brasil e no mundo.","potentialAction":[{"@type":"SearchAction","target":{"@type":"EntryPoint","urlTemplate":"https:\/\/www.correiobraziliense.com.br\/cbradar\/?s={search_term_string}"},"query-input":{"@type":"PropertyValueSpecification","valueRequired":true,"valueName":"search_term_string"}}],"inLanguage":"pt-BR"},{"@type":"Person","@id":"https:\/\/www.correiobraziliense.com.br\/cbradar\/#\/schema\/person\/58422787644df994b53a19d3e56c1513","name":"Larissa Carvalho","image":{"@type":"ImageObject","inLanguage":"pt-BR","@id":"https:\/\/www.correiobraziliense.com.br\/cbradar\/#\/schema\/person\/image\/","url":"https:\/\/secure.gravatar.com\/avatar\/fe4f91a0de32b52a838d0d612abdc1aa?s=96&d=mm&r=g","contentUrl":"https:\/\/secure.gravatar.com\/avatar\/fe4f91a0de32b52a838d0d612abdc1aa?s=96&d=mm&r=g","caption":"Larissa Carvalho"},"url":"https:\/\/www.correiobraziliense.com.br\/cbradar\/author\/larissamyth\/"}]}},"_links":{"self":[{"href":"https:\/\/www.correiobraziliense.com.br\/cbradar\/wp-json\/wp\/v2\/posts\/12343","targetHints":{"allow":["GET"]}}],"collection":[{"href":"https:\/\/www.correiobraziliense.com.br\/cbradar\/wp-json\/wp\/v2\/posts"}],"about":[{"href":"https:\/\/www.correiobraziliense.com.br\/cbradar\/wp-json\/wp\/v2\/types\/post"}],"author":[{"embeddable":true,"href":"https:\/\/www.correiobraziliense.com.br\/cbradar\/wp-json\/wp\/v2\/users\/3"}],"replies":[{"embeddable":true,"href":"https:\/\/www.correiobraziliense.com.br\/cbradar\/wp-json\/wp\/v2\/comments?post=12343"}],"version-history":[{"count":1,"href":"https:\/\/www.correiobraziliense.com.br\/cbradar\/wp-json\/wp\/v2\/posts\/12343\/revisions"}],"predecessor-version":[{"id":12346,"href":"https:\/\/www.correiobraziliense.com.br\/cbradar\/wp-json\/wp\/v2\/posts\/12343\/revisions\/12346"}],"wp:featuredmedia":[{"embeddable":true,"href":"https:\/\/www.correiobraziliense.com.br\/cbradar\/wp-json\/wp\/v2\/media\/12344"}],"wp:attachment":[{"href":"https:\/\/www.correiobraziliense.com.br\/cbradar\/wp-json\/wp\/v2\/media?parent=12343"}],"wp:term":[{"taxonomy":"category","embeddable":true,"href":"https:\/\/www.correiobraziliense.com.br\/cbradar\/wp-json\/wp\/v2\/categories?post=12343"},{"taxonomy":"post_tag","embeddable":true,"href":"https:\/\/www.correiobraziliense.com.br\/cbradar\/wp-json\/wp\/v2\/post_tag?post=12343"}],"curies":[{"name":"wp","href":"https:\/\/api.w.org\/{rel}","templated":true}]}}