{"id":12347,"date":"2025-03-15T21:10:00","date_gmt":"2025-03-16T00:10:00","guid":{"rendered":"https:\/\/www.correiobraziliense.com.br\/cbradar\/?p=12347"},"modified":"2025-03-14T13:57:17","modified_gmt":"2025-03-14T16:57:17","slug":"precos-e-versoes-do-toyota-corolla-para-2025-veja-detalhes","status":"publish","type":"post","link":"https:\/\/www.correiobraziliense.com.br\/cbradar\/precos-e-versoes-do-toyota-corolla-para-2025-veja-detalhes\/","title":{"rendered":"Pre\u00e7os e vers\u00f5es do Toyota Corolla para 2025, veja detalhes"},"content":{"rendered":"\n<p>O <strong><a href=\"https:\/\/www.correiobraziliense.com.br\/cbradar\/toyota-anuncia-o-corolla-hibrido-mais-barato-do-brasil-veja-detalhes\/\" target=\"_blank\" rel=\"noreferrer noopener\">Toyota Corolla<\/a><\/strong> continua a ser um dos sed\u00e3s mais populares no <strong>Brasil<\/strong>, mantendo sua posi\u00e7\u00e3o de lideran\u00e7a no mercado automotivo. Em 2025, o modelo da marca japonesa registrou vendas impressionantes, superando at\u00e9 mesmo ve\u00edculos menores e mais acess\u00edveis, como o<strong> Volkswagen Virtus.<\/strong> Nos primeiros meses do ano, o Corolla vendeu milhares de unidades, destacando-se como uma escolha preferida entre os consumidores brasileiros.<\/p>\n\n\n\n<p>O sucesso do Corolla pode ser atribu\u00eddo a uma combina\u00e7\u00e3o de fatores, incluindo a confiabilidade da marca, a variedade de vers\u00f5es dispon\u00edveis e as atualiza\u00e7\u00f5es constantes que o modelo recebe. A linha 2025 do Corolla foi lan\u00e7ada no final de 2024, trazendo melhorias significativas em termos de design e tecnologia, o que contribuiu para o aumento de seu apelo no mercado.<\/p>\n\n\n\n<h2 class=\"wp-block-heading\"><strong>Quais s\u00e3o as op\u00e7\u00f5es de motoriza\u00e7\u00e3o do Toyota Corolla 2025?<\/strong><\/h2>\n\n\n\n<p>O Toyota Corolla 2025 \u00e9 oferecido em v\u00e1rias vers\u00f5es, cada uma com op\u00e7\u00f5es de motoriza\u00e7\u00e3o distintas. As vers\u00f5es <strong>GLi, XEi, Altis Premium e GR-Sport<\/strong> s\u00e3o equipadas com um motor 2.0 aspirado de quatro cilindros, capaz de gerar at\u00e9 175 cv quando abastecido com etanol. Este motor \u00e9 acoplado a uma transmiss\u00e3o autom\u00e1tica do tipo <strong>CVT<\/strong>, que simula 10 marchas, proporcionando uma condu\u00e7\u00e3o suave e eficiente.<\/p>\n\n\n\n<p>Para aqueles que buscam uma op\u00e7\u00e3o mais ecol\u00f3gica, a vers\u00e3o <strong>Altis Hybrid <\/strong>Premium combina um motor a combust\u00e3o 1.8 com um motor el\u00e9trico, resultando em uma pot\u00eancia combinada de 122 cv. Esta configura\u00e7\u00e3o h\u00edbrida flex oferece uma alternativa mais econ\u00f4mica e sustent\u00e1vel, sem comprometer o desempenho.<\/p>\n\n\n\n<figure class=\"wp-block-image size-large\"><img decoding=\"async\" width=\"1024\" height=\"576\" src=\"https:\/\/www.correiobraziliense.com.br\/cbradar\/wp-content\/uploads\/2025\/03\/Toyota-Corolla-1024x576.png\" alt=\"Pre\u00e7os e vers\u00f5es do Toyota Corolla para 2025, veja detalhes\" class=\"wp-image-12348\" srcset=\"https:\/\/www.correiobraziliense.com.br\/cbradar\/wp-content\/uploads\/2025\/03\/Toyota-Corolla-1024x576.png 1024w, https:\/\/www.correiobraziliense.com.br\/cbradar\/wp-content\/uploads\/2025\/03\/Toyota-Corolla-300x169.png 300w, https:\/\/www.correiobraziliense.com.br\/cbradar\/wp-content\/uploads\/2025\/03\/Toyota-Corolla-768x432.png 768w, https:\/\/www.correiobraziliense.com.br\/cbradar\/wp-content\/uploads\/2025\/03\/Toyota-Corolla-750x422.png 750w, https:\/\/www.correiobraziliense.com.br\/cbradar\/wp-content\/uploads\/2025\/03\/Toyota-Corolla-1140x641.png 1140w, https:\/\/www.correiobraziliense.com.br\/cbradar\/wp-content\/uploads\/2025\/03\/Toyota-Corolla.png 1280w\" sizes=\"(max-width: 1024px) 100vw, 1024px\" \/><figcaption class=\"wp-element-caption\">Toyota Corolla. Fonte: divulga\u00e7\u00e3o \/ Toyota<\/figcaption><\/figure>\n\n\n\n<h2 class=\"wp-block-heading\"><strong>Quais s\u00e3o as dimens\u00f5es e capacidades do Corolla 2025?<\/strong><\/h2>\n\n\n\n<p>O Toyota Corolla 2025 possui dimens\u00f5es que o tornam um sed\u00e3 m\u00e9dio ideal para fam\u00edlias e motoristas que buscam conforto e espa\u00e7o. Com 4.630 mm de comprimento, 1.780 mm de largura e 1.455 mm de altura, o Corolla oferece um interior espa\u00e7oso e confort\u00e1vel. A dist\u00e2ncia entre-eixos de 2.700 mm contribui para um bom espa\u00e7o interno, enquanto o porta-malas com capacidade de 470 litros garante espa\u00e7o suficiente para bagagens e compras.<\/p>\n\n\n\n<h2 class=\"wp-block-heading\"><strong>Como \u00e9 o desempenho e consumo de combust\u00edvel do Corolla 2025?<\/strong><\/h2>\n\n\n\n<p>O desempenho do Toyota Corolla 2025 \u00e9 um dos seus pontos fortes. As vers\u00f5es equipadas com o motor 2.0 aceleram de 0 a 100 km\/h em cerca de 9,2 segundos, atingindo uma velocidade m\u00e1xima de 205 km\/h. J\u00e1 a vers\u00e3o h\u00edbrida, embora um pouco mais lenta, oferece uma acelera\u00e7\u00e3o de 0 a 100 km\/h em 12 segundos, com uma velocidade m\u00e1xima de 170 km\/h.<\/p>\n\n\n\n<p>Em termos de consumo de combust\u00edvel, o Corolla 2025 apresenta n\u00fameros competitivos. As vers\u00f5es a combust\u00e3o t\u00eam um consumo m\u00e9dio de 8,6 km\/l na cidade e 10,7 km\/l na estrada quando abastecidas com etanol. Com gasolina, esses n\u00fameros sobem para 12,3 km\/l na cidade e 14,9 km\/l na estrada. A vers\u00e3o h\u00edbrida, por sua vez, destaca-se com um consumo de 12,8 km\/l na cidade e 11,1 km\/l na estrada com etanol, e 18,5 km\/l na cidade e 15,7 km\/l na estrada com gasolina.<\/p>\n\n\n\n<h2 class=\"wp-block-heading\"><strong>Quais s\u00e3o os principais equipamentos do Toyota Corolla 2025?<\/strong><\/h2>\n\n\n\n<p>O Toyota Corolla 2025 vem equipado com uma s\u00e9rie de recursos que visam proporcionar conforto e conveni\u00eancia aos seus ocupantes. Entre os destaques, est\u00e3o o sistema de \u00e1udio multim\u00eddia Toyota Play com tela de 10 polegadas, compat\u00edvel com Android Auto e Apple CarPlay sem fio. O ar-condicionado digital, o painel de instrumentos digital e os espelhos retrovisores el\u00e9tricos s\u00e3o alguns dos itens que contribuem para uma experi\u00eancia de condu\u00e7\u00e3o moderna e confort\u00e1vel.<\/p>\n\n\n\n<p>Al\u00e9m disso, o Corolla 2025 oferece uma s\u00e9rie de caracter\u00edsticas de seguran\u00e7a e conveni\u00eancia, como dire\u00e7\u00e3o eletroassistida, vidros el\u00e9tricos com fun\u00e7\u00e3o anti-esmagamento, e um sistema de chave com comandos integrados para abertura e travamento das portas. Esses equipamentos fazem do Corolla uma escolha atraente para quem busca um sed\u00e3 confi\u00e1vel e bem equipado.<\/p>\n","protected":false},"excerpt":{"rendered":"<p>Toyota Corolla 2025: o sed\u00e3 mais vendido do Brasil agora com multim\u00eddia de 10&#8243;, motor h\u00edbrido e garantia de at\u00e9 10 anos. Descubra mais!<\/p>\n","protected":false},"author":3,"featured_media":12349,"comment_status":"open","ping_status":"open","sticky":false,"template":"","format":"standard","meta":{"_yoast_wpseo_focuskw":"Toyota Corolla 2025","_yoast_wpseo_title":"%%title%%","_yoast_wpseo_metadesc":"Toyota Corolla 2025: o sed\u00e3 mais vendido do Brasil agora com multim\u00eddia de 10\", motor h\u00edbrido e garantia de at\u00e9 10 anos. Descubra mais!","jnews-multi-image_gallery":[],"jnews_single_post":{"format":"standard"},"jnews_primary_category":[],"jnews_social_meta":[],"jnews_override_counter":[],"footnotes":""},"categories":[122],"post_tag":[123,1766,1418],"class_list":["post-12347","post","type-post","status-publish","format-standard","has-post-thumbnail","hentry","category-automobilismo","tag-carros","tag-corolla","tag-toyota"],"yoast_head":"<!-- This site is optimized with the Yoast SEO plugin v24.6 - https:\/\/yoast.com\/wordpress\/plugins\/seo\/ -->\n<title>Pre\u00e7os e vers\u00f5es do Toyota Corolla para 2025, veja detalhes<\/title>\n<meta name=\"description\" content=\"Toyota Corolla 2025: o sed\u00e3 mais vendido do Brasil agora com multim\u00eddia de 10&quot;, motor h\u00edbrido e garantia de at\u00e9 10 anos. Descubra mais!\" \/>\n<meta name=\"robots\" content=\"index, follow, max-snippet:-1, max-image-preview:large, max-video-preview:-1\" \/>\n<link rel=\"canonical\" href=\"https:\/\/www.correiobraziliense.com.br\/cbradar\/precos-e-versoes-do-toyota-corolla-para-2025-veja-detalhes\/\" \/>\n<meta property=\"og:locale\" content=\"pt_BR\" \/>\n<meta property=\"og:type\" content=\"article\" \/>\n<meta property=\"og:title\" content=\"Pre\u00e7os e vers\u00f5es do Toyota Corolla para 2025, veja detalhes\" \/>\n<meta property=\"og:description\" content=\"Toyota Corolla 2025: o sed\u00e3 mais vendido do Brasil agora com multim\u00eddia de 10&quot;, motor h\u00edbrido e garantia de at\u00e9 10 anos. Descubra mais!\" \/>\n<meta property=\"og:url\" content=\"https:\/\/www.correiobraziliense.com.br\/cbradar\/precos-e-versoes-do-toyota-corolla-para-2025-veja-detalhes\/\" \/>\n<meta property=\"og:site_name\" content=\"Correio Braziliense - Radar\" \/>\n<meta property=\"article:published_time\" content=\"2025-03-16T00:10:00+00:00\" \/>\n<meta property=\"og:image\" content=\"https:\/\/www.correiobraziliense.com.br\/cbradar\/wp-content\/uploads\/2025\/03\/Toyota-Corolla-2.png\" \/>\n\t<meta property=\"og:image:width\" content=\"1280\" \/>\n\t<meta property=\"og:image:height\" content=\"720\" \/>\n\t<meta property=\"og:image:type\" content=\"image\/png\" \/>\n<meta name=\"author\" content=\"Larissa Carvalho\" \/>\n<meta name=\"twitter:card\" content=\"summary_large_image\" \/>\n<meta name=\"twitter:label1\" content=\"Escrito por\" \/>\n\t<meta name=\"twitter:data1\" content=\"Larissa Carvalho\" \/>\n\t<meta name=\"twitter:label2\" content=\"Est. tempo de leitura\" \/>\n\t<meta name=\"twitter:data2\" content=\"4 minutos\" \/>\n<!-- \/ Yoast SEO plugin. -->","yoast_head_json":{"title":"Pre\u00e7os e vers\u00f5es do Toyota Corolla para 2025, veja detalhes","description":"Toyota Corolla 2025: o sed\u00e3 mais vendido do Brasil agora com multim\u00eddia de 10\", motor h\u00edbrido e garantia de at\u00e9 10 anos. Descubra mais!","robots":{"index":"index","follow":"follow","max-snippet":"max-snippet:-1","max-image-preview":"max-image-preview:large","max-video-preview":"max-video-preview:-1"},"canonical":"https:\/\/www.correiobraziliense.com.br\/cbradar\/precos-e-versoes-do-toyota-corolla-para-2025-veja-detalhes\/","og_locale":"pt_BR","og_type":"article","og_title":"Pre\u00e7os e vers\u00f5es do Toyota Corolla para 2025, veja detalhes","og_description":"Toyota Corolla 2025: o sed\u00e3 mais vendido do Brasil agora com multim\u00eddia de 10\", motor h\u00edbrido e garantia de at\u00e9 10 anos. Descubra mais!","og_url":"https:\/\/www.correiobraziliense.com.br\/cbradar\/precos-e-versoes-do-toyota-corolla-para-2025-veja-detalhes\/","og_site_name":"Correio Braziliense - Radar","article_published_time":"2025-03-16T00:10:00+00:00","og_image":[{"width":1280,"height":720,"url":"https:\/\/www.correiobraziliense.com.br\/cbradar\/wp-content\/uploads\/2025\/03\/Toyota-Corolla-2.png","type":"image\/png"}],"author":"Larissa Carvalho","twitter_card":"summary_large_image","twitter_misc":{"Escrito por":"Larissa Carvalho","Est. tempo de leitura":"4 minutos"},"schema":{"@context":"https:\/\/schema.org","@graph":[{"@type":"WebPage","@id":"https:\/\/www.correiobraziliense.com.br\/cbradar\/precos-e-versoes-do-toyota-corolla-para-2025-veja-detalhes\/","url":"https:\/\/www.correiobraziliense.com.br\/cbradar\/precos-e-versoes-do-toyota-corolla-para-2025-veja-detalhes\/","name":"Pre\u00e7os e vers\u00f5es do Toyota Corolla para 2025, veja detalhes","isPartOf":{"@id":"https:\/\/www.correiobraziliense.com.br\/cbradar\/#website"},"primaryImageOfPage":{"@id":"https:\/\/www.correiobraziliense.com.br\/cbradar\/precos-e-versoes-do-toyota-corolla-para-2025-veja-detalhes\/#primaryimage"},"image":{"@id":"https:\/\/www.correiobraziliense.com.br\/cbradar\/precos-e-versoes-do-toyota-corolla-para-2025-veja-detalhes\/#primaryimage"},"thumbnailUrl":"https:\/\/www.correiobraziliense.com.br\/cbradar\/wp-content\/uploads\/2025\/03\/Toyota-Corolla-2.png","datePublished":"2025-03-16T00:10:00+00:00","author":{"@id":"https:\/\/www.correiobraziliense.com.br\/cbradar\/#\/schema\/person\/58422787644df994b53a19d3e56c1513"},"description":"Toyota Corolla 2025: o sed\u00e3 mais vendido do Brasil agora com multim\u00eddia de 10\", motor h\u00edbrido e garantia de at\u00e9 10 anos. Descubra mais!","breadcrumb":{"@id":"https:\/\/www.correiobraziliense.com.br\/cbradar\/precos-e-versoes-do-toyota-corolla-para-2025-veja-detalhes\/#breadcrumb"},"inLanguage":"pt-BR","potentialAction":[{"@type":"ReadAction","target":["https:\/\/www.correiobraziliense.com.br\/cbradar\/precos-e-versoes-do-toyota-corolla-para-2025-veja-detalhes\/"]}]},{"@type":"ImageObject","inLanguage":"pt-BR","@id":"https:\/\/www.correiobraziliense.com.br\/cbradar\/precos-e-versoes-do-toyota-corolla-para-2025-veja-detalhes\/#primaryimage","url":"https:\/\/www.correiobraziliense.com.br\/cbradar\/wp-content\/uploads\/2025\/03\/Toyota-Corolla-2.png","contentUrl":"https:\/\/www.correiobraziliense.com.br\/cbradar\/wp-content\/uploads\/2025\/03\/Toyota-Corolla-2.png","width":1280,"height":720,"caption":"Toyota Corolla. Fonte: divulga\u00e7\u00e3o \/ Toyota"},{"@type":"BreadcrumbList","@id":"https:\/\/www.correiobraziliense.com.br\/cbradar\/precos-e-versoes-do-toyota-corolla-para-2025-veja-detalhes\/#breadcrumb","itemListElement":[{"@type":"ListItem","position":1,"name":"In\u00edcio","item":"https:\/\/www.correiobraziliense.com.br\/cbradar\/"},{"@type":"ListItem","position":2,"name":"Pre\u00e7os e vers\u00f5es do Toyota Corolla para 2025, veja detalhes"}]},{"@type":"WebSite","@id":"https:\/\/www.correiobraziliense.com.br\/cbradar\/#website","url":"https:\/\/www.correiobraziliense.com.br\/cbradar\/","name":"Correio Braziliense - Radar","description":"Acompanhe as \u00faltimas not\u00edcias e fique bem informado sobre tudo o que acontece no Brasil e no mundo.","potentialAction":[{"@type":"SearchAction","target":{"@type":"EntryPoint","urlTemplate":"https:\/\/www.correiobraziliense.com.br\/cbradar\/?s={search_term_string}"},"query-input":{"@type":"PropertyValueSpecification","valueRequired":true,"valueName":"search_term_string"}}],"inLanguage":"pt-BR"},{"@type":"Person","@id":"https:\/\/www.correiobraziliense.com.br\/cbradar\/#\/schema\/person\/58422787644df994b53a19d3e56c1513","name":"Larissa Carvalho","image":{"@type":"ImageObject","inLanguage":"pt-BR","@id":"https:\/\/www.correiobraziliense.com.br\/cbradar\/#\/schema\/person\/image\/","url":"https:\/\/secure.gravatar.com\/avatar\/fe4f91a0de32b52a838d0d612abdc1aa?s=96&d=mm&r=g","contentUrl":"https:\/\/secure.gravatar.com\/avatar\/fe4f91a0de32b52a838d0d612abdc1aa?s=96&d=mm&r=g","caption":"Larissa Carvalho"},"url":"https:\/\/www.correiobraziliense.com.br\/cbradar\/author\/larissamyth\/"}]}},"_links":{"self":[{"href":"https:\/\/www.correiobraziliense.com.br\/cbradar\/wp-json\/wp\/v2\/posts\/12347","targetHints":{"allow":["GET"]}}],"collection":[{"href":"https:\/\/www.correiobraziliense.com.br\/cbradar\/wp-json\/wp\/v2\/posts"}],"about":[{"href":"https:\/\/www.correiobraziliense.com.br\/cbradar\/wp-json\/wp\/v2\/types\/post"}],"author":[{"embeddable":true,"href":"https:\/\/www.correiobraziliense.com.br\/cbradar\/wp-json\/wp\/v2\/users\/3"}],"replies":[{"embeddable":true,"href":"https:\/\/www.correiobraziliense.com.br\/cbradar\/wp-json\/wp\/v2\/comments?post=12347"}],"version-history":[{"count":1,"href":"https:\/\/www.correiobraziliense.com.br\/cbradar\/wp-json\/wp\/v2\/posts\/12347\/revisions"}],"predecessor-version":[{"id":12350,"href":"https:\/\/www.correiobraziliense.com.br\/cbradar\/wp-json\/wp\/v2\/posts\/12347\/revisions\/12350"}],"wp:featuredmedia":[{"embeddable":true,"href":"https:\/\/www.correiobraziliense.com.br\/cbradar\/wp-json\/wp\/v2\/media\/12349"}],"wp:attachment":[{"href":"https:\/\/www.correiobraziliense.com.br\/cbradar\/wp-json\/wp\/v2\/media?parent=12347"}],"wp:term":[{"taxonomy":"category","embeddable":true,"href":"https:\/\/www.correiobraziliense.com.br\/cbradar\/wp-json\/wp\/v2\/categories?post=12347"},{"taxonomy":"post_tag","embeddable":true,"href":"https:\/\/www.correiobraziliense.com.br\/cbradar\/wp-json\/wp\/v2\/post_tag?post=12347"}],"curies":[{"name":"wp","href":"https:\/\/api.w.org\/{rel}","templated":true}]}}