{"id":123512,"date":"2025-10-22T17:35:00","date_gmt":"2025-10-22T20:35:00","guid":{"rendered":"https:\/\/www.correiobraziliense.com.br\/cbradar\/?p=123512"},"modified":"2025-10-22T00:33:34","modified_gmt":"2025-10-22T03:33:34","slug":"quantos-quilos-e-saudavel-perder-por-mes-para-emagrecer","status":"publish","type":"post","link":"https:\/\/www.correiobraziliense.com.br\/cbradar\/quantos-quilos-e-saudavel-perder-por-mes-para-emagrecer\/","title":{"rendered":"Quantos quilos \u00e9 saud\u00e1vel perder por m\u00eas para emagrecer"},"content":{"rendered":"\n<p>Em um mundo onde a busca pelo corpo ideal est\u00e1 em alta, muitas pessoas se questionam sobre m\u00e9todos eficazes e saud\u00e1veis para emagrecer. A d\u00favida comum gira em torno de quantos quilos devem ser eliminados por m\u00eas para atingir esse objetivo de forma sustent\u00e1vel e segura.<\/p>\n\n\n\n<p>A nutricionista Cynthia Howlett orienta que uma <strong>Perda de Peso<\/strong> adequada gira em torno de 4 a 5 kg por m\u00eas. Esse n\u00famero possibilita n\u00e3o apenas a elimina\u00e7\u00e3o de gordura, mas tamb\u00e9m a manuten\u00e7\u00e3o da massa muscular. Al\u00e9m disso, este ritmo facilita a ades\u00e3o prolongada ao programa de emagrecimento, evitando o famoso efeito sanfona.<\/p>\n\n\n\n<h2 class=\"wp-block-heading\">Como Evitar a Recupera\u00e7\u00e3o do Peso?<\/h2>\n\n\n\n<p>Muitos indiv\u00edduos que recorrem a dietas restritivas ou m\u00e9todos radicais acabam recuperando o peso perdido, ou at\u00e9 mesmo ganhando mais. Howlett destaca que proibir certos alimentos pode aumentar a vontade de consumi-los, levando possivelmente a dist\u00farbios alimentares. Uma dieta equilibrada, incluindo carboidratos, \u00e9 essencial para sustentar uma fonte de energia adequada.<\/p>\n\n\n\n<p>A endocrinologista Dra. Deborah Beranger complementa que, al\u00e9m de cuidar da alimenta\u00e7\u00e3o, \u00e9 imperativo controlar fatores emocionais e buscar mudan\u00e7as comportamentais duradouras. Conversar e envolver familiares e amigos nesse processo pode proporcionar o suporte necess\u00e1rio para manter o foco.<\/p>\n\n\n\n<h2 class=\"wp-block-heading\">Quais as Melhores Pr\u00e1ticas para Emagrecer Com Sa\u00fade?<\/h2>\n\n\n\n<p>Para alcan\u00e7ar um resultado de emagrecimento r\u00e1pido e eficiente dentro do m\u00eas, Deborah sugere eliminar alimentos processados, ricos em a\u00e7\u00facar e sal, e praticar atividades f\u00edsicas regularmente. Uma recomenda\u00e7\u00e3o \u00e9 se exercitar de quatro a cinco vezes por semana, totalizando pelo menos 200 minutos semanais.<\/p>\n\n\n\n<figure class=\"wp-block-image aligncenter size-large\"><img decoding=\"async\" width=\"1024\" height=\"576\" src=\"https:\/\/www.correiobraziliense.com.br\/cbradar\/wp-content\/uploads\/2025\/05\/emagrecimento_1748207177548-1024x576.jpg\" alt=\"\" class=\"wp-image-42913\" srcset=\"https:\/\/www.correiobraziliense.com.br\/cbradar\/wp-content\/uploads\/2025\/05\/emagrecimento_1748207177548-1024x576.jpg 1024w, https:\/\/www.correiobraziliense.com.br\/cbradar\/wp-content\/uploads\/2025\/05\/emagrecimento_1748207177548-300x169.jpg 300w, https:\/\/www.correiobraziliense.com.br\/cbradar\/wp-content\/uploads\/2025\/05\/emagrecimento_1748207177548-768x432.jpg 768w, https:\/\/www.correiobraziliense.com.br\/cbradar\/wp-content\/uploads\/2025\/05\/emagrecimento_1748207177548-750x422.jpg 750w, https:\/\/www.correiobraziliense.com.br\/cbradar\/wp-content\/uploads\/2025\/05\/emagrecimento_1748207177548-1140x641.jpg 1140w, https:\/\/www.correiobraziliense.com.br\/cbradar\/wp-content\/uploads\/2025\/05\/emagrecimento_1748207177548.jpg 1280w\" sizes=\"(max-width: 1024px) 100vw, 1024px\" \/><figcaption class=\"wp-element-caption\">Emagrecimento &#8211; Cr\u00e9ditos: depositphotos.com \/ VaDrobotBO\n<\/figcaption><\/figure>\n\n\n\n<p>A consulta regular com profissionais da <a href=\"https:\/\/www.correiobraziliense.com.br\/cbradar\/os-incriveis-beneficios-da-sauna-para-corpo-e-mente\/\" target=\"_blank\" rel=\"noreferrer noopener\">sa\u00fade<\/a>, incluindo m\u00e9dicos, nutricionistas e psic\u00f3logos, pode fornecer um suporte abrangente. Esse acompanhamento \u00e9 vital para garantir que mudan\u00e7as nocivas ou perigosas n\u00e3o sejam introduzidas em busca de resultados r\u00e1pidos.<\/p>\n\n\n\n<h2 class=\"wp-block-heading\">Qual o Papel do Equil\u00edbrio na Manuten\u00e7\u00e3o do Peso?<\/h2>\n\n\n\n<p>Ap\u00f3s atingir a meta inicial, encontrar um equil\u00edbrio torna-se essencial para manter o peso conquistado. A continuidade no tratamento e a ado\u00e7\u00e3o de um estilo de vida saud\u00e1vel s\u00e3o cruciais para garantir uma qualidade de vida sustent\u00e1vel.<\/p>\n\n\n\n<p>Essas mudan\u00e7as n\u00e3o s\u00e3o apenas f\u00edsicas, mas tamb\u00e9m mentais e emocionais, se refletindo em todos os aspectos do bem-estar di\u00e1rio. O compromisso com h\u00e1bitos saud\u00e1veis ap\u00f3s o primeiro m\u00eas \u00e9 t\u00e3o importante quanto os resultados vis\u00edveis da balan\u00e7a, refor\u00e7ando a import\u00e2ncia de um emagrecimento consciente e sustent\u00e1vel.<\/p>\n\n\n<a href=\"https:\/\/www.instagram.com\/dra.annaluisabf\/\" target=\"_blank\" rel=\"noopener\" style=\"text-decoration: none; color: inherit;\">\n    <span style=\"display: inline-block; border: 1px solid #ccc; border-radius: 10px; padding: 15px; max-width: 550px; font-family: sans-serif; box-shadow: 0 2px 5px rgba(0,0,0,0.1); width: 100%;\">\n\n      <!-- T\u00edtulo -->\n      <span style=\"display: block; margin: 0 0 15px 0; font-weight: bold; color: #2c3e50; text-align: center;\">\n        Entre em contato:\n      <\/span>\n\n      <!-- Linha do perfil -->\n      <span style=\"display: flex; align-items: center; gap: 15px;\">\n        <img decoding=\"async\"\n          src=\"https:\/\/www.correiobraziliense.com.br\/cbradar\/wp-content\/uploads\/2025\/08\/dra_anna_luisa.jpeg\"\n          alt=\"Foto da Dra. Anna Lu\u00edsa\"\n          style=\"border-radius: 50%; width: 80px; height: 80px; object-fit: cover;\"\n        \/>\n        <span style=\"display: flex; flex-direction: column;\">\n          <span style=\"font-size: 18px; font-weight: 700; color: #2c3e50;\">Dra. Anna Lu\u00edsa Barbosa Fernandes<\/span>\n          <span style=\"color: #555;\">CRM-GO 33.271<\/span>\n        <\/span>\n      <\/span>\n\n      <!-- Redes -->\n      <span style=\"display: flex; align-items: center; gap: 10px; margin-top: 12px;\">\n        <img decoding=\"async\" src=\"https:\/\/cdn-icons-png.flaticon.com\/24\/1384\/1384063.png\" alt=\"Instagram\" width=\"24\" height=\"24\" \/>\n        <span style=\"text-decoration: underline; color: #2c3e50;\">@dra.annaluisabf<\/span>\n      <\/span>\n\n    <\/span>\n  <\/a>","protected":false},"excerpt":{"rendered":"<p>Em um mundo onde a busca pelo corpo ideal est\u00e1 em alta, muitas pessoas se questionam sobre m\u00e9todos eficazes e saud\u00e1veis para emagrecer. A d\u00favida comum gira em torno de quantos quilos devem ser eliminados por m\u00eas para atingir esse objetivo de forma sustent\u00e1vel e segura. A nutricionista Cynthia Howlett orienta que uma Perda de [&hellip;]<\/p>\n","protected":false},"author":14,"featured_media":58591,"comment_status":"open","ping_status":"open","sticky":false,"template":"","format":"standard","meta":{"_yoast_wpseo_focuskw":"Perda de Peso","_yoast_wpseo_title":"","_yoast_wpseo_metadesc":"Saiba o que nutricionistas e endocrinologistas recomendam para emagrecer at\u00e9 5 kg por m\u00eas com seguran\u00e7a e equil\u00edbrio.","jnews-multi-image_gallery":[],"jnews_single_post":{"format":"standard"},"jnews_primary_category":[],"jnews_social_meta":[],"jnews_override_counter":[],"footnotes":""},"categories":[4404],"tags":[281,1423,120,1318],"class_list":["post-123512","post","type-post","status-publish","format-standard","has-post-thumbnail","hentry","category-saude","tag-alimentacao","tag-alimentos","tag-bem-estar","tag-saude-2"],"yoast_head":"<!-- This site is optimized with the Yoast SEO plugin v24.6 - https:\/\/yoast.com\/wordpress\/plugins\/seo\/ -->\n<title>Quantos quilos \u00e9 saud\u00e1vel perder por m\u00eas para emagrecer - Correio Braziliense - Radar<\/title>\n<meta name=\"description\" content=\"Saiba o que nutricionistas e endocrinologistas recomendam para emagrecer at\u00e9 5 kg por m\u00eas com seguran\u00e7a e equil\u00edbrio.\" \/>\n<meta name=\"robots\" content=\"index, follow, max-snippet:-1, max-image-preview:large, max-video-preview:-1\" \/>\n<link rel=\"canonical\" href=\"https:\/\/www.correiobraziliense.com.br\/cbradar\/quantos-quilos-e-saudavel-perder-por-mes-para-emagrecer\/\" \/>\n<meta property=\"og:locale\" content=\"pt_BR\" \/>\n<meta property=\"og:type\" content=\"article\" \/>\n<meta property=\"og:title\" content=\"Quantos quilos \u00e9 saud\u00e1vel perder por m\u00eas para emagrecer - Correio Braziliense - Radar\" \/>\n<meta property=\"og:description\" content=\"Saiba o que nutricionistas e endocrinologistas recomendam para emagrecer at\u00e9 5 kg por m\u00eas com seguran\u00e7a e equil\u00edbrio.\" \/>\n<meta property=\"og:url\" content=\"https:\/\/www.correiobraziliense.com.br\/cbradar\/quantos-quilos-e-saudavel-perder-por-mes-para-emagrecer\/\" \/>\n<meta property=\"og:site_name\" content=\"Correio Braziliense - Radar\" \/>\n<meta property=\"article:published_time\" content=\"2025-10-22T20:35:00+00:00\" \/>\n<meta property=\"og:image\" content=\"https:\/\/www.correiobraziliense.com.br\/cbradar\/wp-content\/uploads\/2025\/06\/Gordura-Visceral_1750762376007.jpg\" \/>\n\t<meta property=\"og:image:width\" content=\"1280\" \/>\n\t<meta property=\"og:image:height\" content=\"720\" \/>\n\t<meta property=\"og:image:type\" content=\"image\/jpeg\" \/>\n<meta name=\"author\" content=\"guilherme_saude\" \/>\n<meta name=\"twitter:card\" content=\"summary_large_image\" \/>\n<meta name=\"twitter:label1\" content=\"Escrito por\" \/>\n\t<meta name=\"twitter:data1\" content=\"guilherme_saude\" \/>\n\t<meta name=\"twitter:label2\" content=\"Est. tempo de leitura\" \/>\n\t<meta name=\"twitter:data2\" content=\"3 minutos\" \/>\n<!-- \/ Yoast SEO plugin. -->","yoast_head_json":{"title":"Quantos quilos \u00e9 saud\u00e1vel perder por m\u00eas para emagrecer - Correio Braziliense - Radar","description":"Saiba o que nutricionistas e endocrinologistas recomendam para emagrecer at\u00e9 5 kg por m\u00eas com seguran\u00e7a e equil\u00edbrio.","robots":{"index":"index","follow":"follow","max-snippet":"max-snippet:-1","max-image-preview":"max-image-preview:large","max-video-preview":"max-video-preview:-1"},"canonical":"https:\/\/www.correiobraziliense.com.br\/cbradar\/quantos-quilos-e-saudavel-perder-por-mes-para-emagrecer\/","og_locale":"pt_BR","og_type":"article","og_title":"Quantos quilos \u00e9 saud\u00e1vel perder por m\u00eas para emagrecer - Correio Braziliense - Radar","og_description":"Saiba o que nutricionistas e endocrinologistas recomendam para emagrecer at\u00e9 5 kg por m\u00eas com seguran\u00e7a e equil\u00edbrio.","og_url":"https:\/\/www.correiobraziliense.com.br\/cbradar\/quantos-quilos-e-saudavel-perder-por-mes-para-emagrecer\/","og_site_name":"Correio Braziliense - Radar","article_published_time":"2025-10-22T20:35:00+00:00","og_image":[{"width":1280,"height":720,"url":"https:\/\/www.correiobraziliense.com.br\/cbradar\/wp-content\/uploads\/2025\/06\/Gordura-Visceral_1750762376007.jpg","type":"image\/jpeg"}],"author":"guilherme_saude","twitter_card":"summary_large_image","twitter_misc":{"Escrito por":"guilherme_saude","Est. tempo de leitura":"3 minutos"},"schema":{"@context":"https:\/\/schema.org","@graph":[{"@type":"WebPage","@id":"https:\/\/www.correiobraziliense.com.br\/cbradar\/quantos-quilos-e-saudavel-perder-por-mes-para-emagrecer\/","url":"https:\/\/www.correiobraziliense.com.br\/cbradar\/quantos-quilos-e-saudavel-perder-por-mes-para-emagrecer\/","name":"Quantos quilos \u00e9 saud\u00e1vel perder por m\u00eas para emagrecer - Correio Braziliense - Radar","isPartOf":{"@id":"https:\/\/www.correiobraziliense.com.br\/cbradar\/#website"},"primaryImageOfPage":{"@id":"https:\/\/www.correiobraziliense.com.br\/cbradar\/quantos-quilos-e-saudavel-perder-por-mes-para-emagrecer\/#primaryimage"},"image":{"@id":"https:\/\/www.correiobraziliense.com.br\/cbradar\/quantos-quilos-e-saudavel-perder-por-mes-para-emagrecer\/#primaryimage"},"thumbnailUrl":"https:\/\/www.correiobraziliense.com.br\/cbradar\/wp-content\/uploads\/2025\/06\/Gordura-Visceral_1750762376007.jpg","datePublished":"2025-10-22T20:35:00+00:00","author":{"@id":"https:\/\/www.correiobraziliense.com.br\/cbradar\/#\/schema\/person\/5aa4bf3c8fa699c267933611de12978b"},"description":"Saiba o que nutricionistas e endocrinologistas recomendam para emagrecer at\u00e9 5 kg por m\u00eas com seguran\u00e7a e equil\u00edbrio.","breadcrumb":{"@id":"https:\/\/www.correiobraziliense.com.br\/cbradar\/quantos-quilos-e-saudavel-perder-por-mes-para-emagrecer\/#breadcrumb"},"inLanguage":"pt-BR","potentialAction":[{"@type":"ReadAction","target":["https:\/\/www.correiobraziliense.com.br\/cbradar\/quantos-quilos-e-saudavel-perder-por-mes-para-emagrecer\/"]}]},{"@type":"ImageObject","inLanguage":"pt-BR","@id":"https:\/\/www.correiobraziliense.com.br\/cbradar\/quantos-quilos-e-saudavel-perder-por-mes-para-emagrecer\/#primaryimage","url":"https:\/\/www.correiobraziliense.com.br\/cbradar\/wp-content\/uploads\/2025\/06\/Gordura-Visceral_1750762376007.jpg","contentUrl":"https:\/\/www.correiobraziliense.com.br\/cbradar\/wp-content\/uploads\/2025\/06\/Gordura-Visceral_1750762376007.jpg","width":1280,"height":720,"caption":"Gordura Visceral - Cr\u00e9ditos: depositphotos.com \/ Thamkc"},{"@type":"BreadcrumbList","@id":"https:\/\/www.correiobraziliense.com.br\/cbradar\/quantos-quilos-e-saudavel-perder-por-mes-para-emagrecer\/#breadcrumb","itemListElement":[{"@type":"ListItem","position":1,"name":"In\u00edcio","item":"https:\/\/www.correiobraziliense.com.br\/cbradar\/"},{"@type":"ListItem","position":2,"name":"Quantos quilos \u00e9 saud\u00e1vel perder por m\u00eas para emagrecer"}]},{"@type":"WebSite","@id":"https:\/\/www.correiobraziliense.com.br\/cbradar\/#website","url":"https:\/\/www.correiobraziliense.com.br\/cbradar\/","name":"Correio Braziliense - Radar","description":"Acompanhe as \u00faltimas not\u00edcias e fique bem informado sobre tudo o que acontece no Brasil e no mundo.","potentialAction":[{"@type":"SearchAction","target":{"@type":"EntryPoint","urlTemplate":"https:\/\/www.correiobraziliense.com.br\/cbradar\/?s={search_term_string}"},"query-input":{"@type":"PropertyValueSpecification","valueRequired":true,"valueName":"search_term_string"}}],"inLanguage":"pt-BR"},{"@type":"Person","@id":"https:\/\/www.correiobraziliense.com.br\/cbradar\/#\/schema\/person\/5aa4bf3c8fa699c267933611de12978b","name":"guilherme_saude","image":{"@type":"ImageObject","inLanguage":"pt-BR","@id":"https:\/\/www.correiobraziliense.com.br\/cbradar\/#\/schema\/person\/image\/","url":"https:\/\/secure.gravatar.com\/avatar\/df9adfb835d344bc0af109d41756253f?s=96&d=mm&r=g","contentUrl":"https:\/\/secure.gravatar.com\/avatar\/df9adfb835d344bc0af109d41756253f?s=96&d=mm&r=g","caption":"guilherme_saude"},"url":"https:\/\/www.correiobraziliense.com.br\/cbradar\/author\/guilherme_saude\/"}]}},"_links":{"self":[{"href":"https:\/\/www.correiobraziliense.com.br\/cbradar\/wp-json\/wp\/v2\/posts\/123512","targetHints":{"allow":["GET"]}}],"collection":[{"href":"https:\/\/www.correiobraziliense.com.br\/cbradar\/wp-json\/wp\/v2\/posts"}],"about":[{"href":"https:\/\/www.correiobraziliense.com.br\/cbradar\/wp-json\/wp\/v2\/types\/post"}],"author":[{"embeddable":true,"href":"https:\/\/www.correiobraziliense.com.br\/cbradar\/wp-json\/wp\/v2\/users\/14"}],"replies":[{"embeddable":true,"href":"https:\/\/www.correiobraziliense.com.br\/cbradar\/wp-json\/wp\/v2\/comments?post=123512"}],"version-history":[{"count":1,"href":"https:\/\/www.correiobraziliense.com.br\/cbradar\/wp-json\/wp\/v2\/posts\/123512\/revisions"}],"predecessor-version":[{"id":123513,"href":"https:\/\/www.correiobraziliense.com.br\/cbradar\/wp-json\/wp\/v2\/posts\/123512\/revisions\/123513"}],"wp:featuredmedia":[{"embeddable":true,"href":"https:\/\/www.correiobraziliense.com.br\/cbradar\/wp-json\/wp\/v2\/media\/58591"}],"wp:attachment":[{"href":"https:\/\/www.correiobraziliense.com.br\/cbradar\/wp-json\/wp\/v2\/media?parent=123512"}],"wp:term":[{"taxonomy":"category","embeddable":true,"href":"https:\/\/www.correiobraziliense.com.br\/cbradar\/wp-json\/wp\/v2\/categories?post=123512"},{"taxonomy":"post_tag","embeddable":true,"href":"https:\/\/www.correiobraziliense.com.br\/cbradar\/wp-json\/wp\/v2\/tags?post=123512"}],"curies":[{"name":"wp","href":"https:\/\/api.w.org\/{rel}","templated":true}]}}