{"id":123518,"date":"2025-10-22T20:55:00","date_gmt":"2025-10-22T23:55:00","guid":{"rendered":"https:\/\/www.correiobraziliense.com.br\/cbradar\/?p=123518"},"modified":"2025-10-22T00:37:13","modified_gmt":"2025-10-22T03:37:13","slug":"o-poder-da-stevia-surpreende-quem-busca-vida-saudavel","status":"publish","type":"post","link":"https:\/\/www.correiobraziliense.com.br\/cbradar\/o-poder-da-stevia-surpreende-quem-busca-vida-saudavel\/","title":{"rendered":"O poder da stevia surpreende quem busca vida saud\u00e1vel"},"content":{"rendered":"\n<p>A <strong>Stevia <\/strong>conquistou lugar de destaque no universo alimentar contempor\u00e2neo, n\u00e3o apenas como um ado\u00e7ante alternativo, mas como uma solu\u00e7\u00e3o para aqueles que buscam reduzir o consumo de a\u00e7\u00facar sem renunciar ao sabor doce. Extra\u00edda das folhas da planta\u00a0<em>Stevia rebaudiana<\/em>, esta subst\u00e2ncia natural se destaca por n\u00e3o conter calorias e por n\u00e3o provocar aumentos nos n\u00edveis de glicose no sangue, o que a torna uma op\u00e7\u00e3o atrativa, especialmente em um momento em que a <a href=\"https:\/\/www.correiobraziliense.com.br\/cbradar\/os-incriveis-beneficios-da-sauna-para-corpo-e-mente\/\" target=\"_blank\" rel=\"noreferrer noopener\">sa\u00fade <\/a>e o bem-estar s\u00e3o prioridades globais.<\/p>\n\n\n\n<p>A crescente preocupa\u00e7\u00e3o com os efeitos negativos do a\u00e7\u00facar processado, como obesidade e diabetes, intensificou a busca por ado\u00e7antes mais saud\u00e1veis. Neste contexto, a stevia se sobressai n\u00e3o apenas por suas propriedades naturais, mas tamb\u00e9m pela sua seguran\u00e7a de uso. Pesquisadores sublinham que entender como a stevia se comporta em compara\u00e7\u00e3o com outros ado\u00e7antes pode ajudar consumidores a tomarem decis\u00f5es mais informadas sobre sua alimenta\u00e7\u00e3o.<\/p>\n\n\n\n<h2 class=\"wp-block-heading\">O que torna a stevia uma escolha saud\u00e1vel?<\/h2>\n\n\n\n<p>Uma das principais vantagens da stevia sobre outros ado\u00e7antes \u00e9 sua origem natural, isenta de compostos qu\u00edmicos sint\u00e9ticos. Tanto a Anvisa quanto a FDA consideram a stevia segura para consumo di\u00e1rio, embasadas em estudos cient\u00edficos que n\u00e3o ligam seu uso a efeitos adversos significativos. Al\u00e9m disso, a capacidade da stevia de n\u00e3o interferir no metabolismo da glicose \u00e9 um ponto crucial, particularmente para diab\u00e9ticos, j\u00e1 que ao ser metabolizada, n\u00e3o produz calorias significativas.<\/p>\n\n\n<div class=\"wp-block-image\">\n<figure class=\"aligncenter size-large\"><img decoding=\"async\" width=\"1024\" height=\"576\" src=\"https:\/\/www.correiobraziliense.com.br\/cbradar\/wp-content\/uploads\/2025\/10\/Stevia-_1761104206739-1024x576.jpg\" alt=\"\" class=\"wp-image-123520\" srcset=\"https:\/\/www.correiobraziliense.com.br\/cbradar\/wp-content\/uploads\/2025\/10\/Stevia-_1761104206739-1024x576.jpg 1024w, https:\/\/www.correiobraziliense.com.br\/cbradar\/wp-content\/uploads\/2025\/10\/Stevia-_1761104206739-300x169.jpg 300w, https:\/\/www.correiobraziliense.com.br\/cbradar\/wp-content\/uploads\/2025\/10\/Stevia-_1761104206739-768x432.jpg 768w, https:\/\/www.correiobraziliense.com.br\/cbradar\/wp-content\/uploads\/2025\/10\/Stevia-_1761104206739-750x422.jpg 750w, https:\/\/www.correiobraziliense.com.br\/cbradar\/wp-content\/uploads\/2025\/10\/Stevia-_1761104206739-1140x641.jpg 1140w, https:\/\/www.correiobraziliense.com.br\/cbradar\/wp-content\/uploads\/2025\/10\/Stevia-_1761104206739.jpg 1280w\" sizes=\"(max-width: 1024px) 100vw, 1024px\" \/><figcaption class=\"wp-element-caption\">Stevia &#8211; Cr\u00e9ditos: depositphotos.com \/ HeikeRau<\/figcaption><\/figure><\/div>\n\n\n<h2 class=\"wp-block-heading\">Como a stevia se destaca entre os ado\u00e7antes?<\/h2>\n\n\n\n<p>Quando comparada a ado\u00e7antes artificiais como aspartame e sacarina, a stevia mostra-se vantajosa por ser produzida de forma natural, sem s\u00edntese qu\u00edmica envolvida. A aus\u00eancia de calorias e o impacto nulo nos \u00edndices glic\u00eamicos a tornam uma escolha segura. Enquanto ado\u00e7antes artificiais \u00e0s vezes podem causar desconfortos gastrointestinais ou rea\u00e7\u00f5es al\u00e9rgicas, a stevia tende a apresentar melhor tolerabilidade entre os consumidores.<\/p>\n\n\n\n<h2 class=\"wp-block-heading\">Existem restri\u00e7\u00f5es no uso da stevia?<\/h2>\n\n\n\n<p>Ainda que a stevia seja amplamente segura, recomenda-se consumo moderado, respeitando a ingest\u00e3o di\u00e1ria aceita de at\u00e9 4 mg por quilo de peso corporal. Rea\u00e7\u00f5es adversas s\u00e3o raras, mas alguns usu\u00e1rios relatam sabor amargo ou residual ao consumir em grandes quantidades. Indiv\u00edduos al\u00e9rgicos \u00e0 fam\u00edlia Asteraceae precisam estar atentos a poss\u00edveis rea\u00e7\u00f5es, embora estudos at\u00e9 2025 indiquem que tais casos s\u00e3o incomuns.<\/p>\n\n\n\n<h2 class=\"wp-block-heading\">Onde a stevia \u00e9 aplicada no dia a dia?<\/h2>\n\n\n\n<p>No cotidiano, a stevia \u00e9 usada para ado\u00e7ar uma variedade de alimentos e bebidas, desde ch\u00e1s at\u00e9 confeitaria. Sua presen\u00e7a em produtos comerciais cresce conforme a ind\u00fastria busca atender consumidores que necessitam ou desejam evitar a\u00e7\u00facar refinado. Essa tend\u00eancia \u00e9 particularmente vis\u00edvel em programas de reeduca\u00e7\u00e3o alimentar, onde a stevia \u00e9 frequentemente recomendada como substituto do a\u00e7\u00facar tradicional, ajudando na manuten\u00e7\u00e3o de uma dieta equilibrada.<\/p>\n\n\n\n<p>Por fim, a stevia continua a ganhar popularidade em meio \u00e0 constante busca por uma alimenta\u00e7\u00e3o saud\u00e1vel. Sua versatilidade e perfil seguro consolidam seu papel como uma alternativa vi\u00e1vel e eficaz no mundo dos ado\u00e7antes naturais.<\/p>\n\n\n<a href=\"https:\/\/www.instagram.com\/dra.annaluisabf\/\" target=\"_blank\" rel=\"noopener\" style=\"text-decoration: none; color: inherit;\">\n    <span style=\"display: inline-block; border: 1px solid #ccc; border-radius: 10px; padding: 15px; max-width: 550px; font-family: sans-serif; box-shadow: 0 2px 5px rgba(0,0,0,0.1); width: 100%;\">\n\n      <!-- T\u00edtulo -->\n      <span style=\"display: block; margin: 0 0 15px 0; font-weight: bold; color: #2c3e50; text-align: center;\">\n        Entre em contato:\n      <\/span>\n\n      <!-- Linha do perfil -->\n      <span style=\"display: flex; align-items: center; gap: 15px;\">\n        <img decoding=\"async\"\n          src=\"https:\/\/www.correiobraziliense.com.br\/cbradar\/wp-content\/uploads\/2025\/08\/dra_anna_luisa.jpeg\"\n          alt=\"Foto da Dra. Anna Lu\u00edsa\"\n          style=\"border-radius: 50%; width: 80px; height: 80px; object-fit: cover;\"\n        \/>\n        <span style=\"display: flex; flex-direction: column;\">\n          <span style=\"font-size: 18px; font-weight: 700; color: #2c3e50;\">Dra. Anna Lu\u00edsa Barbosa Fernandes<\/span>\n          <span style=\"color: #555;\">CRM-GO 33.271<\/span>\n        <\/span>\n      <\/span>\n\n      <!-- Redes -->\n      <span style=\"display: flex; align-items: center; gap: 10px; margin-top: 12px;\">\n        <img decoding=\"async\" src=\"https:\/\/cdn-icons-png.flaticon.com\/24\/1384\/1384063.png\" alt=\"Instagram\" width=\"24\" height=\"24\" \/>\n        <span style=\"text-decoration: underline; color: #2c3e50;\">@dra.annaluisabf<\/span>\n      <\/span>\n\n    <\/span>\n  <\/a>","protected":false},"excerpt":{"rendered":"<p>A Stevia conquistou lugar de destaque no universo alimentar contempor\u00e2neo, n\u00e3o apenas como um ado\u00e7ante alternativo, mas como uma solu\u00e7\u00e3o para aqueles que buscam reduzir o consumo de a\u00e7\u00facar sem renunciar ao sabor doce. Extra\u00edda das folhas da planta\u00a0Stevia rebaudiana, esta subst\u00e2ncia natural se destaca por n\u00e3o conter calorias e por n\u00e3o provocar aumentos nos [&hellip;]<\/p>\n","protected":false},"author":14,"featured_media":123519,"comment_status":"open","ping_status":"open","sticky":false,"template":"","format":"standard","meta":{"jnews-multi-image_gallery":[],"jnews_single_post":{"format":"standard"},"jnews_primary_category":[],"jnews_social_meta":[],"jnews_override_counter":[],"footnotes":""},"categories":[4404],"post_tag":[281,1423,120,1318],"class_list":["post-123518","post","type-post","status-publish","format-standard","has-post-thumbnail","hentry","category-saude","tag-alimentacao","tag-alimentos","tag-bem-estar","tag-saude-2"],"yoast_head":"<!-- This site is optimized with the Yoast SEO plugin v24.6 - https:\/\/yoast.com\/wordpress\/plugins\/seo\/ -->\n<title>O poder da stevia surpreende quem busca vida saud\u00e1vel - Correio Braziliense - Radar<\/title>\n<meta name=\"description\" content=\"Ado\u00e7ante natural e sem calorias, a stevia ganha espa\u00e7o por ser saud\u00e1vel e ideal para quem quer reduzir o a\u00e7\u00facar sem abrir m\u00e3o do sabor.\" \/>\n<meta name=\"robots\" content=\"index, follow, max-snippet:-1, max-image-preview:large, max-video-preview:-1\" \/>\n<link rel=\"canonical\" href=\"https:\/\/www.correiobraziliense.com.br\/cbradar\/o-poder-da-stevia-surpreende-quem-busca-vida-saudavel\/\" \/>\n<meta property=\"og:locale\" content=\"pt_BR\" \/>\n<meta property=\"og:type\" content=\"article\" \/>\n<meta property=\"og:title\" content=\"O poder da stevia surpreende quem busca vida saud\u00e1vel - Correio Braziliense - Radar\" \/>\n<meta property=\"og:description\" content=\"Ado\u00e7ante natural e sem calorias, a stevia ganha espa\u00e7o por ser saud\u00e1vel e ideal para quem quer reduzir o a\u00e7\u00facar sem abrir m\u00e3o do sabor.\" \/>\n<meta property=\"og:url\" content=\"https:\/\/www.correiobraziliense.com.br\/cbradar\/o-poder-da-stevia-surpreende-quem-busca-vida-saudavel\/\" \/>\n<meta property=\"og:site_name\" content=\"Correio Braziliense - Radar\" \/>\n<meta property=\"article:published_time\" content=\"2025-10-22T23:55:00+00:00\" \/>\n<meta property=\"og:image\" content=\"https:\/\/www.correiobraziliense.com.br\/cbradar\/wp-content\/uploads\/2025\/10\/Stevia-_1761104177331.jpg\" \/>\n\t<meta property=\"og:image:width\" content=\"1280\" \/>\n\t<meta property=\"og:image:height\" content=\"720\" \/>\n\t<meta property=\"og:image:type\" content=\"image\/jpeg\" \/>\n<meta name=\"author\" content=\"guilherme_saude\" \/>\n<meta name=\"twitter:card\" content=\"summary_large_image\" \/>\n<meta name=\"twitter:label1\" content=\"Escrito por\" \/>\n\t<meta name=\"twitter:data1\" content=\"guilherme_saude\" \/>\n\t<meta name=\"twitter:label2\" content=\"Est. tempo de leitura\" \/>\n\t<meta name=\"twitter:data2\" content=\"4 minutos\" \/>\n<!-- \/ Yoast SEO plugin. -->","yoast_head_json":{"title":"O poder da stevia surpreende quem busca vida saud\u00e1vel - Correio Braziliense - Radar","description":"Ado\u00e7ante natural e sem calorias, a stevia ganha espa\u00e7o por ser saud\u00e1vel e ideal para quem quer reduzir o a\u00e7\u00facar sem abrir m\u00e3o do sabor.","robots":{"index":"index","follow":"follow","max-snippet":"max-snippet:-1","max-image-preview":"max-image-preview:large","max-video-preview":"max-video-preview:-1"},"canonical":"https:\/\/www.correiobraziliense.com.br\/cbradar\/o-poder-da-stevia-surpreende-quem-busca-vida-saudavel\/","og_locale":"pt_BR","og_type":"article","og_title":"O poder da stevia surpreende quem busca vida saud\u00e1vel - Correio Braziliense - Radar","og_description":"Ado\u00e7ante natural e sem calorias, a stevia ganha espa\u00e7o por ser saud\u00e1vel e ideal para quem quer reduzir o a\u00e7\u00facar sem abrir m\u00e3o do sabor.","og_url":"https:\/\/www.correiobraziliense.com.br\/cbradar\/o-poder-da-stevia-surpreende-quem-busca-vida-saudavel\/","og_site_name":"Correio Braziliense - Radar","article_published_time":"2025-10-22T23:55:00+00:00","og_image":[{"width":1280,"height":720,"url":"https:\/\/www.correiobraziliense.com.br\/cbradar\/wp-content\/uploads\/2025\/10\/Stevia-_1761104177331.jpg","type":"image\/jpeg"}],"author":"guilherme_saude","twitter_card":"summary_large_image","twitter_misc":{"Escrito por":"guilherme_saude","Est. tempo de leitura":"4 minutos"},"schema":{"@context":"https:\/\/schema.org","@graph":[{"@type":"WebPage","@id":"https:\/\/www.correiobraziliense.com.br\/cbradar\/o-poder-da-stevia-surpreende-quem-busca-vida-saudavel\/","url":"https:\/\/www.correiobraziliense.com.br\/cbradar\/o-poder-da-stevia-surpreende-quem-busca-vida-saudavel\/","name":"O poder da stevia surpreende quem busca vida saud\u00e1vel - Correio Braziliense - Radar","isPartOf":{"@id":"https:\/\/www.correiobraziliense.com.br\/cbradar\/#website"},"primaryImageOfPage":{"@id":"https:\/\/www.correiobraziliense.com.br\/cbradar\/o-poder-da-stevia-surpreende-quem-busca-vida-saudavel\/#primaryimage"},"image":{"@id":"https:\/\/www.correiobraziliense.com.br\/cbradar\/o-poder-da-stevia-surpreende-quem-busca-vida-saudavel\/#primaryimage"},"thumbnailUrl":"https:\/\/www.correiobraziliense.com.br\/cbradar\/wp-content\/uploads\/2025\/10\/Stevia-_1761104177331.jpg","datePublished":"2025-10-22T23:55:00+00:00","author":{"@id":"https:\/\/www.correiobraziliense.com.br\/cbradar\/#\/schema\/person\/5aa4bf3c8fa699c267933611de12978b"},"description":"Ado\u00e7ante natural e sem calorias, a stevia ganha espa\u00e7o por ser saud\u00e1vel e ideal para quem quer reduzir o a\u00e7\u00facar sem abrir m\u00e3o do sabor.","breadcrumb":{"@id":"https:\/\/www.correiobraziliense.com.br\/cbradar\/o-poder-da-stevia-surpreende-quem-busca-vida-saudavel\/#breadcrumb"},"inLanguage":"pt-BR","potentialAction":[{"@type":"ReadAction","target":["https:\/\/www.correiobraziliense.com.br\/cbradar\/o-poder-da-stevia-surpreende-quem-busca-vida-saudavel\/"]}]},{"@type":"ImageObject","inLanguage":"pt-BR","@id":"https:\/\/www.correiobraziliense.com.br\/cbradar\/o-poder-da-stevia-surpreende-quem-busca-vida-saudavel\/#primaryimage","url":"https:\/\/www.correiobraziliense.com.br\/cbradar\/wp-content\/uploads\/2025\/10\/Stevia-_1761104177331.jpg","contentUrl":"https:\/\/www.correiobraziliense.com.br\/cbradar\/wp-content\/uploads\/2025\/10\/Stevia-_1761104177331.jpg","width":1280,"height":720,"caption":"Stevia - Cr\u00e9ditos: depositphotos.com \/ paloma.palomadelosrios@gmail.com"},{"@type":"BreadcrumbList","@id":"https:\/\/www.correiobraziliense.com.br\/cbradar\/o-poder-da-stevia-surpreende-quem-busca-vida-saudavel\/#breadcrumb","itemListElement":[{"@type":"ListItem","position":1,"name":"In\u00edcio","item":"https:\/\/www.correiobraziliense.com.br\/cbradar\/"},{"@type":"ListItem","position":2,"name":"O poder da stevia surpreende quem busca vida saud\u00e1vel"}]},{"@type":"WebSite","@id":"https:\/\/www.correiobraziliense.com.br\/cbradar\/#website","url":"https:\/\/www.correiobraziliense.com.br\/cbradar\/","name":"Correio Braziliense - Radar","description":"Acompanhe as \u00faltimas not\u00edcias e fique bem informado sobre tudo o que acontece no Brasil e no mundo.","potentialAction":[{"@type":"SearchAction","target":{"@type":"EntryPoint","urlTemplate":"https:\/\/www.correiobraziliense.com.br\/cbradar\/?s={search_term_string}"},"query-input":{"@type":"PropertyValueSpecification","valueRequired":true,"valueName":"search_term_string"}}],"inLanguage":"pt-BR"},{"@type":"Person","@id":"https:\/\/www.correiobraziliense.com.br\/cbradar\/#\/schema\/person\/5aa4bf3c8fa699c267933611de12978b","name":"guilherme_saude","image":{"@type":"ImageObject","inLanguage":"pt-BR","@id":"https:\/\/www.correiobraziliense.com.br\/cbradar\/#\/schema\/person\/image\/","url":"https:\/\/secure.gravatar.com\/avatar\/df9adfb835d344bc0af109d41756253f?s=96&d=mm&r=g","contentUrl":"https:\/\/secure.gravatar.com\/avatar\/df9adfb835d344bc0af109d41756253f?s=96&d=mm&r=g","caption":"guilherme_saude"},"url":"https:\/\/www.correiobraziliense.com.br\/cbradar\/author\/guilherme_saude\/"}]}},"_links":{"self":[{"href":"https:\/\/www.correiobraziliense.com.br\/cbradar\/wp-json\/wp\/v2\/posts\/123518","targetHints":{"allow":["GET"]}}],"collection":[{"href":"https:\/\/www.correiobraziliense.com.br\/cbradar\/wp-json\/wp\/v2\/posts"}],"about":[{"href":"https:\/\/www.correiobraziliense.com.br\/cbradar\/wp-json\/wp\/v2\/types\/post"}],"author":[{"embeddable":true,"href":"https:\/\/www.correiobraziliense.com.br\/cbradar\/wp-json\/wp\/v2\/users\/14"}],"replies":[{"embeddable":true,"href":"https:\/\/www.correiobraziliense.com.br\/cbradar\/wp-json\/wp\/v2\/comments?post=123518"}],"version-history":[{"count":1,"href":"https:\/\/www.correiobraziliense.com.br\/cbradar\/wp-json\/wp\/v2\/posts\/123518\/revisions"}],"predecessor-version":[{"id":123521,"href":"https:\/\/www.correiobraziliense.com.br\/cbradar\/wp-json\/wp\/v2\/posts\/123518\/revisions\/123521"}],"wp:featuredmedia":[{"embeddable":true,"href":"https:\/\/www.correiobraziliense.com.br\/cbradar\/wp-json\/wp\/v2\/media\/123519"}],"wp:attachment":[{"href":"https:\/\/www.correiobraziliense.com.br\/cbradar\/wp-json\/wp\/v2\/media?parent=123518"}],"wp:term":[{"taxonomy":"category","embeddable":true,"href":"https:\/\/www.correiobraziliense.com.br\/cbradar\/wp-json\/wp\/v2\/categories?post=123518"},{"taxonomy":"post_tag","embeddable":true,"href":"https:\/\/www.correiobraziliense.com.br\/cbradar\/wp-json\/wp\/v2\/post_tag?post=123518"}],"curies":[{"name":"wp","href":"https:\/\/api.w.org\/{rel}","templated":true}]}}