{"id":123523,"date":"2025-10-22T22:35:00","date_gmt":"2025-10-23T01:35:00","guid":{"rendered":"https:\/\/www.correiobraziliense.com.br\/cbradar\/?p=123523"},"modified":"2025-10-22T00:40:53","modified_gmt":"2025-10-22T03:40:53","slug":"dermatologistas-revelam-como-escolher-o-protetor-certo","status":"publish","type":"post","link":"https:\/\/www.correiobraziliense.com.br\/cbradar\/dermatologistas-revelam-como-escolher-o-protetor-certo\/","title":{"rendered":"Dermatologistas revelam como escolher o protetor certo"},"content":{"rendered":"\n<p>Escolher um <strong>Protetor Solar<\/strong> adequado \u00e9 um passo essencial para proteger a pele dos efeitos nocivos dos raios solares. Devido ao clima predominantemente tropical do Brasil, \u00e9 crucial entender como selecionar este produto, essencial para manter a <a href=\"https:\/\/www.correiobraziliense.com.br\/cbradar\/os-incriveis-beneficios-da-sauna-para-corpo-e-mente\/\" target=\"_blank\" rel=\"noreferrer noopener\">sa\u00fade <\/a>da pele. A radia\u00e7\u00e3o ultravioleta (UV) n\u00e3o apenas causa queimaduras, mas tamb\u00e9m pode acelerar o envelhecimento da pele e aumentar o risco de desenvolver c\u00e2ncer de pele.<\/p>\n\n\n\n<p>A variedade de protetores solares dispon\u00edveis em 2025 no mercado pode gerar d\u00favidas nos consumidores. Aspectos como tipo de pele, condi\u00e7\u00f5es de exposi\u00e7\u00e3o solar e composi\u00e7\u00e3o do produto s\u00e3o determinantes para fazer uma escolha apropriada. Consultar orienta\u00e7\u00f5es de profissionais da dermatologia pode fornecer informa\u00e7\u00f5es valiosas para uma decis\u00e3o consciente.<\/p>\n\n\n\n<h2 class=\"wp-block-heading\">O que \u00e9 o Fator de Prote\u00e7\u00e3o Solar (FPS) e por que ele \u00e9 importante?<\/h2>\n\n\n\n<p>O Fator de Prote\u00e7\u00e3o Solar, conhecido como FPS, indica o tempo adicional que a pele pode estar exposta ao sol sem sofrer queimaduras, em compara\u00e7\u00e3o com sua exposi\u00e7\u00e3o sem prote\u00e7\u00e3o. Para o uso di\u00e1rio, \u00e9 recomendado um FPS m\u00ednimo de 30, oferecendo uma barreira eficaz contra boa parte dos raios UVB. Em atividades ao ar livre mais prolongadas, como na praia ou piscina, pode ser aconselh\u00e1vel optar por protetores com FPS mais elevado, como 50 ou 60.<\/p>\n\n\n\n<p>\u00c9 importante destacar que o FPS est\u00e1 majoritariamente relacionado \u00e0 prote\u00e7\u00e3o contra os raios UVB, principais respons\u00e1veis pelas queimaduras solares. Para prote\u00e7\u00e3o contra os raios UVA, frequentemente associados ao envelhecimento precoce, deve-se verificar a sigla PPD (Persistent Pigment Darkening) no r\u00f3tulo do produto. Produtos que destacam prote\u00e7\u00e3o UVA oferecem seguran\u00e7a extra contra o aparecimento de manchas e outros sinais de envelhecimento cut\u00e2neo.<\/p>\n\n\n\n<h2 class=\"wp-block-heading\">Quais elementos na composi\u00e7\u00e3o de um protetor solar devem ser considerados?<\/h2>\n\n\n\n<p>Entender a composi\u00e7\u00e3o do protetor solar \u00e9 vital para prevenir alergias e irrita\u00e7\u00f5es, especialmente em peles sens\u00edveis. Escolher produtos hipoalerg\u00eanicos e sem fragr\u00e2ncias ou corantes pode ser mais seguro para quem tem pele reativa. Al\u00e9m disso, existem f\u00f3rmulas adaptadas a diferentes tipos de pele, como as op\u00e7\u00f5es oil-free adequadas para peles propensas \u00e0 oleosidade ou acne.<\/p>\n\n\n<div class=\"wp-block-image\">\n<figure class=\"aligncenter size-large\"><img decoding=\"async\" width=\"1024\" height=\"576\" src=\"https:\/\/www.correiobraziliense.com.br\/cbradar\/wp-content\/uploads\/2025\/10\/protetor-solar_1761104383529-1024x576.jpg\" alt=\"\" class=\"wp-image-123525\" srcset=\"https:\/\/www.correiobraziliense.com.br\/cbradar\/wp-content\/uploads\/2025\/10\/protetor-solar_1761104383529-1024x576.jpg 1024w, https:\/\/www.correiobraziliense.com.br\/cbradar\/wp-content\/uploads\/2025\/10\/protetor-solar_1761104383529-300x169.jpg 300w, https:\/\/www.correiobraziliense.com.br\/cbradar\/wp-content\/uploads\/2025\/10\/protetor-solar_1761104383529-768x432.jpg 768w, https:\/\/www.correiobraziliense.com.br\/cbradar\/wp-content\/uploads\/2025\/10\/protetor-solar_1761104383529-750x422.jpg 750w, https:\/\/www.correiobraziliense.com.br\/cbradar\/wp-content\/uploads\/2025\/10\/protetor-solar_1761104383529-1140x641.jpg 1140w, https:\/\/www.correiobraziliense.com.br\/cbradar\/wp-content\/uploads\/2025\/10\/protetor-solar_1761104383529.jpg 1280w\" sizes=\"(max-width: 1024px) 100vw, 1024px\" \/><figcaption class=\"wp-element-caption\">Protetor Solar &#8211; Cr\u00e9ditos: depositphotos.com \/ AllaSerebrina<\/figcaption><\/figure><\/div>\n\n\n<p>Alguns protetores tamb\u00e9m cont\u00eam antioxidantes e agentes hidratantes que ajudam a preservar a integridade da barreira cut\u00e2nea. \u00c9 crucial prestar aten\u00e7\u00e3o \u00e0 validade e ao correto armazenamento do produto, j\u00e1 que altera\u00e7\u00f5es em sua composi\u00e7\u00e3o podem reduzir a efici\u00eancia da prote\u00e7\u00e3o solar oferecida.<\/p>\n\n\n\n<h2 class=\"wp-block-heading\">Como se escolhe o protetor solar ideal para diferentes tipos de pele?<\/h2>\n\n\n\n<p>A escolha do protetor solar deve considerar as caracter\u00edsticas da pele. Pessoas com pele seca podem optar por f\u00f3rmulas mais hidratantes, enquanto aquelas com pele oleosa podem preferir vers\u00f5es em gel ou de toque seco. Indiv\u00edduos com condi\u00e7\u00f5es dermatol\u00f3gicas espec\u00edficas, como melasma, podem necessitar de protetores com bloqueios f\u00edsicos, geralmente compostos por \u00f3xidos de zinco ou di\u00f3xido de tit\u00e2nio.<\/p>\n\n\n\n<ul class=\"wp-block-list\">\n<li><strong>Pele oleosa:<\/strong>\u00a0Produtos oil-free, n\u00e3o comedog\u00eanicos e com textura leve s\u00e3o ideais.<\/li>\n\n\n\n<li><strong>Pele seca:<\/strong>\u00a0Prefira protetores com propriedades hidratantes.<\/li>\n\n\n\n<li><strong>Pele sens\u00edvel:<\/strong>\u00a0Opte por protetores livres de \u00e1lcool, perfume e corante.<\/li>\n\n\n\n<li><strong>Exposi\u00e7\u00e3o intensa:<\/strong>\u00a0Utilize filtros solares \u00e0 prova d&#8217;\u00e1gua e reaplique frequentemente.<\/li>\n<\/ul>\n\n\n\n<h2 class=\"wp-block-heading\">Como assegurar prote\u00e7\u00e3o solar ao longo do dia?<\/h2>\n\n\n\n<p>A correta aplica\u00e7\u00e3o do protetor solar \u00e9 t\u00e3o crucial quanto a escolha do produto. Deve-se aplicar na pele limpa e seca, cerca de 30 minutos antes da exposi\u00e7\u00e3o ao sol, cobrindo todas as \u00e1reas expostas. A reaplica\u00e7\u00e3o deve ocorrer a cada duas horas ou ap\u00f3s sudorese intensa e mergulhos frequentes. A quantidade elaborada por especialistas sugere que um frasco padr\u00e3o de 120ml deve durar no m\u00e1ximo um m\u00eas para garantir efici\u00eancia na prote\u00e7\u00e3o.<\/p>\n\n\n\n<ol class=\"wp-block-list\">\n<li>Evite a exposi\u00e7\u00e3o solar direta entre 10h e 16h.<\/li>\n\n\n\n<li>Adicione barreiras f\u00edsicas, como chap\u00e9us e \u00f3culos de sol, para prote\u00e7\u00e3o extra.<\/li>\n\n\n\n<li>Certifique-se de que o protetor tamb\u00e9m \u00e9 adequado para crian\u00e7as, atendendo a suas necessidades espec\u00edficas de prote\u00e7\u00e3o.<\/li>\n<\/ol>\n\n\n\n<p>Selecionar um protetor solar considerando o FPS, tipo de pele, composi\u00e7\u00e3o e modo de aplica\u00e7\u00e3o contribui significativamente para reduzir riscos \u00e0 sa\u00fade da pele. Com estas precau\u00e7\u00f5es di\u00e1rias, \u00e9 poss\u00edvel incorporar \u00e0 rotina h\u00e1bitos que preservam a integridade cut\u00e2nea e ampliam o bem-estar a longo prazo.<\/p>\n\n\n<a href=\"https:\/\/www.instagram.com\/dra.annaluisabf\/\" target=\"_blank\" rel=\"noopener\" style=\"text-decoration: none; color: inherit;\">\n    <span style=\"display: inline-block; border: 1px solid #ccc; border-radius: 10px; padding: 15px; max-width: 550px; font-family: sans-serif; box-shadow: 0 2px 5px rgba(0,0,0,0.1); width: 100%;\">\n\n      <!-- T\u00edtulo -->\n      <span style=\"display: block; margin: 0 0 15px 0; font-weight: bold; color: #2c3e50; text-align: center;\">\n        Entre em contato:\n      <\/span>\n\n      <!-- Linha do perfil -->\n      <span style=\"display: flex; align-items: center; gap: 15px;\">\n        <img decoding=\"async\"\n          src=\"https:\/\/www.correiobraziliense.com.br\/cbradar\/wp-content\/uploads\/2025\/08\/dra_anna_luisa.jpeg\"\n          alt=\"Foto da Dra. Anna Lu\u00edsa\"\n          style=\"border-radius: 50%; width: 80px; height: 80px; object-fit: cover;\"\n        \/>\n        <span style=\"display: flex; flex-direction: column;\">\n          <span style=\"font-size: 18px; font-weight: 700; color: #2c3e50;\">Dra. Anna Lu\u00edsa Barbosa Fernandes<\/span>\n          <span style=\"color: #555;\">CRM-GO 33.271<\/span>\n        <\/span>\n      <\/span>\n\n      <!-- Redes -->\n      <span style=\"display: flex; align-items: center; gap: 10px; margin-top: 12px;\">\n        <img decoding=\"async\" src=\"https:\/\/cdn-icons-png.flaticon.com\/24\/1384\/1384063.png\" alt=\"Instagram\" width=\"24\" height=\"24\" \/>\n        <span style=\"text-decoration: underline; color: #2c3e50;\">@dra.annaluisabf<\/span>\n      <\/span>\n\n    <\/span>\n  <\/a>","protected":false},"excerpt":{"rendered":"<p>Escolher um Protetor Solar adequado \u00e9 um passo essencial para proteger a pele dos efeitos nocivos dos raios solares. Devido ao clima predominantemente tropical do Brasil, \u00e9 crucial entender como selecionar este produto, essencial para manter a sa\u00fade da pele. A radia\u00e7\u00e3o ultravioleta (UV) n\u00e3o apenas causa queimaduras, mas tamb\u00e9m pode acelerar o envelhecimento da [&hellip;]<\/p>\n","protected":false},"author":14,"featured_media":123526,"comment_status":"open","ping_status":"open","sticky":false,"template":"","format":"standard","meta":{"jnews-multi-image_gallery":[],"jnews_single_post":{"format":"standard"},"jnews_primary_category":[],"jnews_social_meta":[],"jnews_override_counter":[],"footnotes":""},"categories":[4404],"post_tag":[281,120,1318],"class_list":["post-123523","post","type-post","status-publish","format-standard","has-post-thumbnail","hentry","category-saude","tag-alimentacao","tag-bem-estar","tag-saude-2"],"yoast_head":"<!-- This site is optimized with the Yoast SEO plugin v24.6 - https:\/\/yoast.com\/wordpress\/plugins\/seo\/ -->\n<title>Dermatologistas revelam como escolher o protetor certo - Correio Braziliense - Radar<\/title>\n<meta name=\"description\" content=\"Escolher o protetor solar certo \u00e9 essencial para a sa\u00fade da pele. Veja como identificar o FPS ideal e garantir prote\u00e7\u00e3o completa.\" \/>\n<meta name=\"robots\" content=\"index, follow, max-snippet:-1, max-image-preview:large, max-video-preview:-1\" \/>\n<link rel=\"canonical\" href=\"https:\/\/www.correiobraziliense.com.br\/cbradar\/dermatologistas-revelam-como-escolher-o-protetor-certo\/\" \/>\n<meta property=\"og:locale\" content=\"pt_BR\" \/>\n<meta property=\"og:type\" content=\"article\" \/>\n<meta property=\"og:title\" content=\"Dermatologistas revelam como escolher o protetor certo - Correio Braziliense - Radar\" \/>\n<meta property=\"og:description\" content=\"Escolher o protetor solar certo \u00e9 essencial para a sa\u00fade da pele. Veja como identificar o FPS ideal e garantir prote\u00e7\u00e3o completa.\" \/>\n<meta property=\"og:url\" content=\"https:\/\/www.correiobraziliense.com.br\/cbradar\/dermatologistas-revelam-como-escolher-o-protetor-certo\/\" \/>\n<meta property=\"og:site_name\" content=\"Correio Braziliense - Radar\" \/>\n<meta property=\"article:published_time\" content=\"2025-10-23T01:35:00+00:00\" \/>\n<meta property=\"og:image\" content=\"https:\/\/www.correiobraziliense.com.br\/cbradar\/wp-content\/uploads\/2025\/10\/protetor-solar_1761104407848.jpg\" \/>\n\t<meta property=\"og:image:width\" content=\"1280\" \/>\n\t<meta property=\"og:image:height\" content=\"720\" \/>\n\t<meta property=\"og:image:type\" content=\"image\/jpeg\" \/>\n<meta name=\"author\" content=\"guilherme_saude\" \/>\n<meta name=\"twitter:card\" content=\"summary_large_image\" \/>\n<meta name=\"twitter:label1\" content=\"Escrito por\" \/>\n\t<meta name=\"twitter:data1\" content=\"guilherme_saude\" \/>\n\t<meta name=\"twitter:label2\" content=\"Est. tempo de leitura\" \/>\n\t<meta name=\"twitter:data2\" content=\"5 minutos\" \/>\n<!-- \/ Yoast SEO plugin. -->","yoast_head_json":{"title":"Dermatologistas revelam como escolher o protetor certo - Correio Braziliense - Radar","description":"Escolher o protetor solar certo \u00e9 essencial para a sa\u00fade da pele. Veja como identificar o FPS ideal e garantir prote\u00e7\u00e3o completa.","robots":{"index":"index","follow":"follow","max-snippet":"max-snippet:-1","max-image-preview":"max-image-preview:large","max-video-preview":"max-video-preview:-1"},"canonical":"https:\/\/www.correiobraziliense.com.br\/cbradar\/dermatologistas-revelam-como-escolher-o-protetor-certo\/","og_locale":"pt_BR","og_type":"article","og_title":"Dermatologistas revelam como escolher o protetor certo - Correio Braziliense - Radar","og_description":"Escolher o protetor solar certo \u00e9 essencial para a sa\u00fade da pele. Veja como identificar o FPS ideal e garantir prote\u00e7\u00e3o completa.","og_url":"https:\/\/www.correiobraziliense.com.br\/cbradar\/dermatologistas-revelam-como-escolher-o-protetor-certo\/","og_site_name":"Correio Braziliense - Radar","article_published_time":"2025-10-23T01:35:00+00:00","og_image":[{"width":1280,"height":720,"url":"https:\/\/www.correiobraziliense.com.br\/cbradar\/wp-content\/uploads\/2025\/10\/protetor-solar_1761104407848.jpg","type":"image\/jpeg"}],"author":"guilherme_saude","twitter_card":"summary_large_image","twitter_misc":{"Escrito por":"guilherme_saude","Est. tempo de leitura":"5 minutos"},"schema":{"@context":"https:\/\/schema.org","@graph":[{"@type":"WebPage","@id":"https:\/\/www.correiobraziliense.com.br\/cbradar\/dermatologistas-revelam-como-escolher-o-protetor-certo\/","url":"https:\/\/www.correiobraziliense.com.br\/cbradar\/dermatologistas-revelam-como-escolher-o-protetor-certo\/","name":"Dermatologistas revelam como escolher o protetor certo - Correio Braziliense - Radar","isPartOf":{"@id":"https:\/\/www.correiobraziliense.com.br\/cbradar\/#website"},"primaryImageOfPage":{"@id":"https:\/\/www.correiobraziliense.com.br\/cbradar\/dermatologistas-revelam-como-escolher-o-protetor-certo\/#primaryimage"},"image":{"@id":"https:\/\/www.correiobraziliense.com.br\/cbradar\/dermatologistas-revelam-como-escolher-o-protetor-certo\/#primaryimage"},"thumbnailUrl":"https:\/\/www.correiobraziliense.com.br\/cbradar\/wp-content\/uploads\/2025\/10\/protetor-solar_1761104407848.jpg","datePublished":"2025-10-23T01:35:00+00:00","author":{"@id":"https:\/\/www.correiobraziliense.com.br\/cbradar\/#\/schema\/person\/5aa4bf3c8fa699c267933611de12978b"},"description":"Escolher o protetor solar certo \u00e9 essencial para a sa\u00fade da pele. Veja como identificar o FPS ideal e garantir prote\u00e7\u00e3o completa.","breadcrumb":{"@id":"https:\/\/www.correiobraziliense.com.br\/cbradar\/dermatologistas-revelam-como-escolher-o-protetor-certo\/#breadcrumb"},"inLanguage":"pt-BR","potentialAction":[{"@type":"ReadAction","target":["https:\/\/www.correiobraziliense.com.br\/cbradar\/dermatologistas-revelam-como-escolher-o-protetor-certo\/"]}]},{"@type":"ImageObject","inLanguage":"pt-BR","@id":"https:\/\/www.correiobraziliense.com.br\/cbradar\/dermatologistas-revelam-como-escolher-o-protetor-certo\/#primaryimage","url":"https:\/\/www.correiobraziliense.com.br\/cbradar\/wp-content\/uploads\/2025\/10\/protetor-solar_1761104407848.jpg","contentUrl":"https:\/\/www.correiobraziliense.com.br\/cbradar\/wp-content\/uploads\/2025\/10\/protetor-solar_1761104407848.jpg","width":1280,"height":720,"caption":"Protetor Solar - Cr\u00e9ditos: depositphotos.com \/ AllaSerebrina"},{"@type":"BreadcrumbList","@id":"https:\/\/www.correiobraziliense.com.br\/cbradar\/dermatologistas-revelam-como-escolher-o-protetor-certo\/#breadcrumb","itemListElement":[{"@type":"ListItem","position":1,"name":"In\u00edcio","item":"https:\/\/www.correiobraziliense.com.br\/cbradar\/"},{"@type":"ListItem","position":2,"name":"Dermatologistas revelam como escolher o protetor certo"}]},{"@type":"WebSite","@id":"https:\/\/www.correiobraziliense.com.br\/cbradar\/#website","url":"https:\/\/www.correiobraziliense.com.br\/cbradar\/","name":"Correio Braziliense - Radar","description":"Acompanhe as \u00faltimas not\u00edcias e fique bem informado sobre tudo o que acontece no Brasil e no mundo.","potentialAction":[{"@type":"SearchAction","target":{"@type":"EntryPoint","urlTemplate":"https:\/\/www.correiobraziliense.com.br\/cbradar\/?s={search_term_string}"},"query-input":{"@type":"PropertyValueSpecification","valueRequired":true,"valueName":"search_term_string"}}],"inLanguage":"pt-BR"},{"@type":"Person","@id":"https:\/\/www.correiobraziliense.com.br\/cbradar\/#\/schema\/person\/5aa4bf3c8fa699c267933611de12978b","name":"guilherme_saude","image":{"@type":"ImageObject","inLanguage":"pt-BR","@id":"https:\/\/www.correiobraziliense.com.br\/cbradar\/#\/schema\/person\/image\/","url":"https:\/\/secure.gravatar.com\/avatar\/df9adfb835d344bc0af109d41756253f?s=96&d=mm&r=g","contentUrl":"https:\/\/secure.gravatar.com\/avatar\/df9adfb835d344bc0af109d41756253f?s=96&d=mm&r=g","caption":"guilherme_saude"},"url":"https:\/\/www.correiobraziliense.com.br\/cbradar\/author\/guilherme_saude\/"}]}},"_links":{"self":[{"href":"https:\/\/www.correiobraziliense.com.br\/cbradar\/wp-json\/wp\/v2\/posts\/123523","targetHints":{"allow":["GET"]}}],"collection":[{"href":"https:\/\/www.correiobraziliense.com.br\/cbradar\/wp-json\/wp\/v2\/posts"}],"about":[{"href":"https:\/\/www.correiobraziliense.com.br\/cbradar\/wp-json\/wp\/v2\/types\/post"}],"author":[{"embeddable":true,"href":"https:\/\/www.correiobraziliense.com.br\/cbradar\/wp-json\/wp\/v2\/users\/14"}],"replies":[{"embeddable":true,"href":"https:\/\/www.correiobraziliense.com.br\/cbradar\/wp-json\/wp\/v2\/comments?post=123523"}],"version-history":[{"count":2,"href":"https:\/\/www.correiobraziliense.com.br\/cbradar\/wp-json\/wp\/v2\/posts\/123523\/revisions"}],"predecessor-version":[{"id":123527,"href":"https:\/\/www.correiobraziliense.com.br\/cbradar\/wp-json\/wp\/v2\/posts\/123523\/revisions\/123527"}],"wp:featuredmedia":[{"embeddable":true,"href":"https:\/\/www.correiobraziliense.com.br\/cbradar\/wp-json\/wp\/v2\/media\/123526"}],"wp:attachment":[{"href":"https:\/\/www.correiobraziliense.com.br\/cbradar\/wp-json\/wp\/v2\/media?parent=123523"}],"wp:term":[{"taxonomy":"category","embeddable":true,"href":"https:\/\/www.correiobraziliense.com.br\/cbradar\/wp-json\/wp\/v2\/categories?post=123523"},{"taxonomy":"post_tag","embeddable":true,"href":"https:\/\/www.correiobraziliense.com.br\/cbradar\/wp-json\/wp\/v2\/post_tag?post=123523"}],"curies":[{"name":"wp","href":"https:\/\/api.w.org\/{rel}","templated":true}]}}