{"id":12355,"date":"2025-03-16T12:30:00","date_gmt":"2025-03-16T15:30:00","guid":{"rendered":"https:\/\/www.correiobraziliense.com.br\/cbradar\/?p=12355"},"modified":"2025-03-14T13:59:01","modified_gmt":"2025-03-14T16:59:01","slug":"cadillac-vai-ser-vendida-no-brasil-veja-detalhes","status":"publish","type":"post","link":"https:\/\/www.correiobraziliense.com.br\/cbradar\/cadillac-vai-ser-vendida-no-brasil-veja-detalhes\/","title":{"rendered":"Cadillac vai ser vendida no Brasil, veja detalhes"},"content":{"rendered":"\n<p>A <strong>Cadillac<\/strong>, marca ic\u00f4nica da <strong>General Motors<\/strong>, est\u00e1 se preparando para uma nova fase de expans\u00e3o global. Al\u00e9m de estrear uma equipe na F\u00f3rmula 1 em 2026, a empresa planeja sua entrada no mercado brasileiro. As vendas no <strong>Brasil <\/strong>est\u00e3o previstas para come\u00e7ar em 2025, com uma opera\u00e7\u00e3o inicial discreta que contar\u00e1 com apenas duas concession\u00e1rias, localizadas em <strong>S\u00e3o Paulo e Curitiba<\/strong>.<\/p>\n\n\n\n<p>O foco da Cadillac no Brasil ser\u00e1 em SUVs el\u00e9tricos, como o <strong>Lyriq <\/strong>e o <strong>Optiq<\/strong>, que compartilham a plataforma com modelos da Chevrolet, como o<strong> Blazer EV<\/strong> e o <strong>Equinox EV<\/strong>. Essa estrat\u00e9gia visa simplificar o suporte t\u00e9cnico e o estoque de pe\u00e7as, facilitando a opera\u00e7\u00e3o no novo mercado.<\/p>\n\n\n\n<h2 class=\"wp-block-heading\"><strong>Quais Modelos a Cadillac trar\u00e1 para o Brasil?<\/strong><\/h2>\n\n\n\n<p>Os modelos que a Cadillac pretende lan\u00e7ar no Brasil ainda n\u00e3o foram oficialmente confirmados, mas a expectativa \u00e9 que os SUVs el\u00e9tricos Lyriq e Optiq sejam os primeiros a chegar. Esses ve\u00edculos passaram por cl\u00ednicas com potenciais clientes no final do ano passado, o que indica um interesse crescente no mercado brasileiro por ve\u00edculos el\u00e9tricos de luxo.<\/p>\n\n\n\n<p>O Lyriq e o Optiq s\u00e3o parte da estrat\u00e9gia da Cadillac de focar em utilit\u00e1rios esportivos el\u00e9tricos, seguindo a tend\u00eancia global de eletrifica\u00e7\u00e3o e sustentabilidade. Al\u00e9m disso, a marca mant\u00e9m em sua linha os sed\u00e3s CT5 e CT4, que continuam a atrair consumidores que preferem ve\u00edculos tradicionais.<\/p>\n\n\n\n<figure class=\"wp-block-image size-large\"><img decoding=\"async\" width=\"1024\" height=\"576\" src=\"https:\/\/www.correiobraziliense.com.br\/cbradar\/wp-content\/uploads\/2025\/03\/Cadillac_1741913628390-1024x576.jpg\" alt=\"Cadillac vai ser vendida no Brasil, veja detalhes\" class=\"wp-image-12357\" srcset=\"https:\/\/www.correiobraziliense.com.br\/cbradar\/wp-content\/uploads\/2025\/03\/Cadillac_1741913628390-1024x576.jpg 1024w, https:\/\/www.correiobraziliense.com.br\/cbradar\/wp-content\/uploads\/2025\/03\/Cadillac_1741913628390-300x169.jpg 300w, https:\/\/www.correiobraziliense.com.br\/cbradar\/wp-content\/uploads\/2025\/03\/Cadillac_1741913628390-768x432.jpg 768w, https:\/\/www.correiobraziliense.com.br\/cbradar\/wp-content\/uploads\/2025\/03\/Cadillac_1741913628390-750x422.jpg 750w, https:\/\/www.correiobraziliense.com.br\/cbradar\/wp-content\/uploads\/2025\/03\/Cadillac_1741913628390-1140x641.jpg 1140w, https:\/\/www.correiobraziliense.com.br\/cbradar\/wp-content\/uploads\/2025\/03\/Cadillac_1741913628390.jpg 1280w\" sizes=\"(max-width: 1024px) 100vw, 1024px\" \/><figcaption class=\"wp-element-caption\">Cadillac. Cr\u00e9ditos: depositphotos.com \/ felixtm<\/figcaption><\/figure>\n\n\n\n<h2 class=\"wp-block-heading\"><strong>Estrat\u00e9gia de globaliza\u00e7\u00e3o da Cadillac<\/strong><\/h2>\n\n\n\n<p>A expans\u00e3o da Cadillac para al\u00e9m dos Estados Unidos faz parte de uma estrat\u00e9gia mais ampla da General Motors de globalizar suas marcas premium. A participa\u00e7\u00e3o na F\u00f3rmula 1, onde a Cadillac ser\u00e1 a 11\u00aa equipe, \u00e9 um exemplo dessa estrat\u00e9gia de aumentar a visibilidade global da marca.<\/p>\n\n\n\n<p>Assim como outras marcas premium de grandes grupos, como a Lexus da Toyota, a Cadillac n\u00e3o busca necessariamente volume de vendas, mas sim criar um desejo entre os consumidores por seus ve\u00edculos. A entrada em novos mercados, como o Brasil, \u00e9 uma forma de alcan\u00e7ar esse objetivo, oferecendo produtos que combinam luxo e tecnologia de ponta.<\/p>\n\n\n\n<h2 class=\"wp-block-heading\"><strong>O futuro da Cadillac no mercado automotivo<\/strong><\/h2>\n\n\n\n<p>Com a crescente demanda por ve\u00edculos el\u00e9tricos e a busca por solu\u00e7\u00f5es sustent\u00e1veis, a Cadillac est\u00e1 bem posicionada para se tornar uma l\u00edder no segmento de SUVs el\u00e9tricos de luxo. A introdu\u00e7\u00e3o de modelos como o Escalade IQL e o Vistiq refor\u00e7a o compromisso da marca com a inova\u00e7\u00e3o e a sustentabilidade.<\/p>\n\n\n\n<p>O sucesso da Cadillac no Brasil e em outros mercados internacionais depender\u00e1 de sua capacidade de adaptar seus produtos \u00e0s necessidades locais e de oferecer um servi\u00e7o de p\u00f3s-venda que atenda \u00e0s expectativas dos consumidores. Com uma estrat\u00e9gia bem definida e um portf\u00f3lio de produtos inovadores, a Cadillac tem potencial para se destacar no competitivo mercado automotivo global.<\/p>\n","protected":false},"excerpt":{"rendered":"<p>Cadillac chega ao Brasil em 2025 com SUVs el\u00e9tricos Lyriq e Optiq. Descubra a estrat\u00e9gia global da marca e sua estreia na F\u00f3rmula 1!<\/p>\n","protected":false},"author":3,"featured_media":12356,"comment_status":"open","ping_status":"open","sticky":false,"template":"","format":"standard","meta":{"_yoast_wpseo_focuskw":"Cadillac Brasil","_yoast_wpseo_title":"%%title%%","_yoast_wpseo_metadesc":"Cadillac chega ao Brasil em 2025 com SUVs el\u00e9tricos Lyriq e Optiq. Descubra a estrat\u00e9gia global da marca e sua estreia na F\u00f3rmula 1!","jnews-multi-image_gallery":[],"jnews_single_post":{"format":"standard"},"jnews_primary_category":[],"jnews_social_meta":[],"jnews_override_counter":[],"footnotes":""},"categories":[122],"post_tag":[1979,123],"class_list":["post-12355","post","type-post","status-publish","format-standard","has-post-thumbnail","hentry","category-automobilismo","tag-cadillac","tag-carros"],"yoast_head":"<!-- This site is optimized with the Yoast SEO plugin v24.6 - https:\/\/yoast.com\/wordpress\/plugins\/seo\/ -->\n<title>Cadillac vai ser vendida no Brasil, veja detalhes<\/title>\n<meta name=\"description\" content=\"Cadillac chega ao Brasil em 2025 com SUVs el\u00e9tricos Lyriq e Optiq. Descubra a estrat\u00e9gia global da marca e sua estreia na F\u00f3rmula 1!\" \/>\n<meta name=\"robots\" content=\"index, follow, max-snippet:-1, max-image-preview:large, max-video-preview:-1\" \/>\n<link rel=\"canonical\" href=\"https:\/\/www.correiobraziliense.com.br\/cbradar\/cadillac-vai-ser-vendida-no-brasil-veja-detalhes\/\" \/>\n<meta property=\"og:locale\" content=\"pt_BR\" \/>\n<meta property=\"og:type\" content=\"article\" \/>\n<meta property=\"og:title\" content=\"Cadillac vai ser vendida no Brasil, veja detalhes\" \/>\n<meta property=\"og:description\" content=\"Cadillac chega ao Brasil em 2025 com SUVs el\u00e9tricos Lyriq e Optiq. Descubra a estrat\u00e9gia global da marca e sua estreia na F\u00f3rmula 1!\" \/>\n<meta property=\"og:url\" content=\"https:\/\/www.correiobraziliense.com.br\/cbradar\/cadillac-vai-ser-vendida-no-brasil-veja-detalhes\/\" \/>\n<meta property=\"og:site_name\" content=\"Correio Braziliense - Radar\" \/>\n<meta property=\"article:published_time\" content=\"2025-03-16T15:30:00+00:00\" \/>\n<meta property=\"og:image\" content=\"https:\/\/www.correiobraziliense.com.br\/cbradar\/wp-content\/uploads\/2025\/03\/Cadillac_1741913588211.jpg\" \/>\n\t<meta property=\"og:image:width\" content=\"1280\" \/>\n\t<meta property=\"og:image:height\" content=\"720\" \/>\n\t<meta property=\"og:image:type\" content=\"image\/jpeg\" \/>\n<meta name=\"author\" content=\"Larissa Carvalho\" \/>\n<meta name=\"twitter:card\" content=\"summary_large_image\" \/>\n<meta name=\"twitter:label1\" content=\"Escrito por\" \/>\n\t<meta name=\"twitter:data1\" content=\"Larissa Carvalho\" \/>\n\t<meta name=\"twitter:label2\" content=\"Est. tempo de leitura\" \/>\n\t<meta name=\"twitter:data2\" content=\"3 minutos\" \/>\n<!-- \/ Yoast SEO plugin. -->","yoast_head_json":{"title":"Cadillac vai ser vendida no Brasil, veja detalhes","description":"Cadillac chega ao Brasil em 2025 com SUVs el\u00e9tricos Lyriq e Optiq. Descubra a estrat\u00e9gia global da marca e sua estreia na F\u00f3rmula 1!","robots":{"index":"index","follow":"follow","max-snippet":"max-snippet:-1","max-image-preview":"max-image-preview:large","max-video-preview":"max-video-preview:-1"},"canonical":"https:\/\/www.correiobraziliense.com.br\/cbradar\/cadillac-vai-ser-vendida-no-brasil-veja-detalhes\/","og_locale":"pt_BR","og_type":"article","og_title":"Cadillac vai ser vendida no Brasil, veja detalhes","og_description":"Cadillac chega ao Brasil em 2025 com SUVs el\u00e9tricos Lyriq e Optiq. Descubra a estrat\u00e9gia global da marca e sua estreia na F\u00f3rmula 1!","og_url":"https:\/\/www.correiobraziliense.com.br\/cbradar\/cadillac-vai-ser-vendida-no-brasil-veja-detalhes\/","og_site_name":"Correio Braziliense - Radar","article_published_time":"2025-03-16T15:30:00+00:00","og_image":[{"width":1280,"height":720,"url":"https:\/\/www.correiobraziliense.com.br\/cbradar\/wp-content\/uploads\/2025\/03\/Cadillac_1741913588211.jpg","type":"image\/jpeg"}],"author":"Larissa Carvalho","twitter_card":"summary_large_image","twitter_misc":{"Escrito por":"Larissa Carvalho","Est. tempo de leitura":"3 minutos"},"schema":{"@context":"https:\/\/schema.org","@graph":[{"@type":"WebPage","@id":"https:\/\/www.correiobraziliense.com.br\/cbradar\/cadillac-vai-ser-vendida-no-brasil-veja-detalhes\/","url":"https:\/\/www.correiobraziliense.com.br\/cbradar\/cadillac-vai-ser-vendida-no-brasil-veja-detalhes\/","name":"Cadillac vai ser vendida no Brasil, veja detalhes","isPartOf":{"@id":"https:\/\/www.correiobraziliense.com.br\/cbradar\/#website"},"primaryImageOfPage":{"@id":"https:\/\/www.correiobraziliense.com.br\/cbradar\/cadillac-vai-ser-vendida-no-brasil-veja-detalhes\/#primaryimage"},"image":{"@id":"https:\/\/www.correiobraziliense.com.br\/cbradar\/cadillac-vai-ser-vendida-no-brasil-veja-detalhes\/#primaryimage"},"thumbnailUrl":"https:\/\/www.correiobraziliense.com.br\/cbradar\/wp-content\/uploads\/2025\/03\/Cadillac_1741913588211.jpg","datePublished":"2025-03-16T15:30:00+00:00","author":{"@id":"https:\/\/www.correiobraziliense.com.br\/cbradar\/#\/schema\/person\/58422787644df994b53a19d3e56c1513"},"description":"Cadillac chega ao Brasil em 2025 com SUVs el\u00e9tricos Lyriq e Optiq. Descubra a estrat\u00e9gia global da marca e sua estreia na F\u00f3rmula 1!","breadcrumb":{"@id":"https:\/\/www.correiobraziliense.com.br\/cbradar\/cadillac-vai-ser-vendida-no-brasil-veja-detalhes\/#breadcrumb"},"inLanguage":"pt-BR","potentialAction":[{"@type":"ReadAction","target":["https:\/\/www.correiobraziliense.com.br\/cbradar\/cadillac-vai-ser-vendida-no-brasil-veja-detalhes\/"]}]},{"@type":"ImageObject","inLanguage":"pt-BR","@id":"https:\/\/www.correiobraziliense.com.br\/cbradar\/cadillac-vai-ser-vendida-no-brasil-veja-detalhes\/#primaryimage","url":"https:\/\/www.correiobraziliense.com.br\/cbradar\/wp-content\/uploads\/2025\/03\/Cadillac_1741913588211.jpg","contentUrl":"https:\/\/www.correiobraziliense.com.br\/cbradar\/wp-content\/uploads\/2025\/03\/Cadillac_1741913588211.jpg","width":1280,"height":720,"caption":"Cadillac. Cr\u00e9ditos: depositphotos.com \/ miromiro"},{"@type":"BreadcrumbList","@id":"https:\/\/www.correiobraziliense.com.br\/cbradar\/cadillac-vai-ser-vendida-no-brasil-veja-detalhes\/#breadcrumb","itemListElement":[{"@type":"ListItem","position":1,"name":"In\u00edcio","item":"https:\/\/www.correiobraziliense.com.br\/cbradar\/"},{"@type":"ListItem","position":2,"name":"Cadillac vai ser vendida no Brasil, veja detalhes"}]},{"@type":"WebSite","@id":"https:\/\/www.correiobraziliense.com.br\/cbradar\/#website","url":"https:\/\/www.correiobraziliense.com.br\/cbradar\/","name":"Correio Braziliense - Radar","description":"Acompanhe as \u00faltimas not\u00edcias e fique bem informado sobre tudo o que acontece no Brasil e no mundo.","potentialAction":[{"@type":"SearchAction","target":{"@type":"EntryPoint","urlTemplate":"https:\/\/www.correiobraziliense.com.br\/cbradar\/?s={search_term_string}"},"query-input":{"@type":"PropertyValueSpecification","valueRequired":true,"valueName":"search_term_string"}}],"inLanguage":"pt-BR"},{"@type":"Person","@id":"https:\/\/www.correiobraziliense.com.br\/cbradar\/#\/schema\/person\/58422787644df994b53a19d3e56c1513","name":"Larissa Carvalho","image":{"@type":"ImageObject","inLanguage":"pt-BR","@id":"https:\/\/www.correiobraziliense.com.br\/cbradar\/#\/schema\/person\/image\/","url":"https:\/\/secure.gravatar.com\/avatar\/fe4f91a0de32b52a838d0d612abdc1aa?s=96&d=mm&r=g","contentUrl":"https:\/\/secure.gravatar.com\/avatar\/fe4f91a0de32b52a838d0d612abdc1aa?s=96&d=mm&r=g","caption":"Larissa Carvalho"},"url":"https:\/\/www.correiobraziliense.com.br\/cbradar\/author\/larissamyth\/"}]}},"_links":{"self":[{"href":"https:\/\/www.correiobraziliense.com.br\/cbradar\/wp-json\/wp\/v2\/posts\/12355","targetHints":{"allow":["GET"]}}],"collection":[{"href":"https:\/\/www.correiobraziliense.com.br\/cbradar\/wp-json\/wp\/v2\/posts"}],"about":[{"href":"https:\/\/www.correiobraziliense.com.br\/cbradar\/wp-json\/wp\/v2\/types\/post"}],"author":[{"embeddable":true,"href":"https:\/\/www.correiobraziliense.com.br\/cbradar\/wp-json\/wp\/v2\/users\/3"}],"replies":[{"embeddable":true,"href":"https:\/\/www.correiobraziliense.com.br\/cbradar\/wp-json\/wp\/v2\/comments?post=12355"}],"version-history":[{"count":1,"href":"https:\/\/www.correiobraziliense.com.br\/cbradar\/wp-json\/wp\/v2\/posts\/12355\/revisions"}],"predecessor-version":[{"id":12358,"href":"https:\/\/www.correiobraziliense.com.br\/cbradar\/wp-json\/wp\/v2\/posts\/12355\/revisions\/12358"}],"wp:featuredmedia":[{"embeddable":true,"href":"https:\/\/www.correiobraziliense.com.br\/cbradar\/wp-json\/wp\/v2\/media\/12356"}],"wp:attachment":[{"href":"https:\/\/www.correiobraziliense.com.br\/cbradar\/wp-json\/wp\/v2\/media?parent=12355"}],"wp:term":[{"taxonomy":"category","embeddable":true,"href":"https:\/\/www.correiobraziliense.com.br\/cbradar\/wp-json\/wp\/v2\/categories?post=12355"},{"taxonomy":"post_tag","embeddable":true,"href":"https:\/\/www.correiobraziliense.com.br\/cbradar\/wp-json\/wp\/v2\/post_tag?post=12355"}],"curies":[{"name":"wp","href":"https:\/\/api.w.org\/{rel}","templated":true}]}}