{"id":12359,"date":"2025-03-16T21:10:00","date_gmt":"2025-03-17T00:10:00","guid":{"rendered":"https:\/\/www.correiobraziliense.com.br\/cbradar\/?p=12359"},"modified":"2025-03-14T14:08:48","modified_gmt":"2025-03-14T17:08:48","slug":"carro-queridinho-volta-ao-mercado-pela-audi","status":"publish","type":"post","link":"https:\/\/www.correiobraziliense.com.br\/cbradar\/carro-queridinho-volta-ao-mercado-pela-audi\/","title":{"rendered":"Carro queridinho volta ao mercado pela Audi"},"content":{"rendered":"\n<p>A <strong><a href=\"https:\/\/www.correiobraziliense.com.br\/cbradar\/novo-audi-a6-chega-surpreendendo-o-mercado-veja-detalhes\/\" target=\"_blank\" rel=\"noreferrer noopener\">Audi<\/a> <\/strong>anunciou recentemente o retorno do seu sed\u00e3 esportivo <strong>RS 3 <\/strong>ao mercado brasileiro, prometendo novidades para os entusiastas de carros de alta performance. Este modelo, que j\u00e1 det\u00e9m recordes mundiais, \u00e9 uma evolu\u00e7\u00e3o da linha Audi A3 e deve chegar \u00e0s concession\u00e1rias no segundo semestre de 2025. O Audi RS 3 \u00e9 conhecido por sua combina\u00e7\u00e3o de pot\u00eancia e design sofisticado, caracter\u00edsticas que o tornaram um \u00edcone entre os sed\u00e3s esportivos.<\/p>\n\n\n\n<p>O motor do Audi RS 3 \u00e9 um dos seus principais atrativos. Equipado com um motor 2.5 litros TFSI, turbo, de cinco cilindros, o ve\u00edculo desenvolve at\u00e9 400 cv de pot\u00eancia e um torque m\u00e1ximo de 50 kgfm. Este conjunto mec\u00e2nico permite que o sed\u00e3 acelere de 0 a 100 km\/h em apenas 3,8 segundos, destacando-se pela performance excepcional. A transmiss\u00e3o S tronic de dupla embreagem complementa o conjunto, proporcionando trocas de marcha r\u00e1pidas e suaves.<\/p>\n\n\n\n<h2 class=\"wp-block-heading\"><strong>Quais s\u00e3o as inova\u00e7\u00f5es tecnol\u00f3gicas do Audi RS 3?<\/strong><\/h2>\n\n\n\n<p>O Audi RS 3 n\u00e3o \u00e9 apenas sobre pot\u00eancia; ele tamb\u00e9m incorpora uma s\u00e9rie de inova\u00e7\u00f5es tecnol\u00f3gicas que melhoram a experi\u00eancia de condu\u00e7\u00e3o. O sistema Audi Drive Select oferece diferentes modos de condu\u00e7\u00e3o, como Din\u00e2mico, RS Performance e RS Torque traseiro, permitindo que o motorista ajuste o comportamento do carro conforme suas prefer\u00eancias. Al\u00e9m disso, o controle do flap de escape foi otimizado para garantir um som encorpado e consistente, independente do modo de condu\u00e7\u00e3o escolhido.<\/p>\n\n\n\n<p>A suspens\u00e3o do RS 3 tamb\u00e9m foi aprimorada, incluindo a vetoriza\u00e7\u00e3o do torque do freio, o que melhora o desempenho em curvas. Esta tecnologia permite que o carro mantenha a estabilidade e o controle, mesmo em condi\u00e7\u00f5es de dire\u00e7\u00e3o mais desafiadoras. Essas caracter\u00edsticas fazem do Audi RS 3 um ve\u00edculo que n\u00e3o apenas impressiona pela velocidade, mas tamb\u00e9m pela precis\u00e3o e controle.<\/p>\n\n\n\n<figure class=\"wp-block-image size-full\"><img decoding=\"async\" width=\"774\" height=\"516\" src=\"https:\/\/www.correiobraziliense.com.br\/cbradar\/wp-content\/uploads\/2025\/03\/a243752_medium-s15kee8azpt2.webp\" alt=\"Carro queridinho volta ao mercado pela Audi\" class=\"wp-image-12361\" srcset=\"https:\/\/www.correiobraziliense.com.br\/cbradar\/wp-content\/uploads\/2025\/03\/a243752_medium-s15kee8azpt2.webp 774w, https:\/\/www.correiobraziliense.com.br\/cbradar\/wp-content\/uploads\/2025\/03\/a243752_medium-s15kee8azpt2-300x200.webp 300w, https:\/\/www.correiobraziliense.com.br\/cbradar\/wp-content\/uploads\/2025\/03\/a243752_medium-s15kee8azpt2-768x512.webp 768w, https:\/\/www.correiobraziliense.com.br\/cbradar\/wp-content\/uploads\/2025\/03\/a243752_medium-s15kee8azpt2-750x500.webp 750w\" sizes=\"(max-width: 774px) 100vw, 774px\" \/><figcaption class=\"wp-element-caption\">Audi RS 3. Fonte: divulga\u00e7\u00e3o \/ Audi<\/figcaption><\/figure>\n\n\n\n<h2 class=\"wp-block-heading\"><strong>Design e estilo do Audi RS 3<\/strong><\/h2>\n\n\n\n<p>O design do Audi RS 3 foi atualizado para refletir seu car\u00e1ter esportivo. O modelo apresenta acabamentos em preto brilhante em v\u00e1rias partes, como capas de retrovisores, molduras das portas e na grade Singleframe. As saias laterais e as sa\u00eddas de ar tamb\u00e9m receberam aten\u00e7\u00e3o especial, contribuindo para um visual mais agressivo e din\u00e2mico.<\/p>\n\n\n\n<p>Na dianteira, os far\u00f3is LED Matrix oferecem tr\u00eas op\u00e7\u00f5es de luzes diurnas, que podem ser configuradas atrav\u00e9s do display MMI no painel central. Na traseira, os difusores de ar e as ponteiras de escapamento em formato oval, divididas por um refletor vermelho central, refor\u00e7am o apelo esportivo do ve\u00edculo. As rodas RS de alum\u00ednio fundido, com 19 polegadas e design de cinco raios em &#8220;Y&#8221;, completam o visual imponente do sed\u00e3.<\/p>\n\n\n\n<h2 class=\"wp-block-heading\"><strong>O que esperar do Audi RS 3 no Brasil?<\/strong><\/h2>\n\n\n\n<p>Com a chegada do Audi RS 3 ao Brasil, os consumidores podem esperar um sed\u00e3 que combina desempenho de ponta com tecnologia avan\u00e7ada e design arrojado. Este modelo \u00e9 ideal para aqueles que buscam um carro que ofere\u00e7a n\u00e3o apenas velocidade, mas tamb\u00e9m uma experi\u00eancia de condu\u00e7\u00e3o envolvente e personaliz\u00e1vel. As op\u00e7\u00f5es de personaliza\u00e7\u00e3o, como rodas com design bicolor, permitem que os propriet\u00e1rios adaptem o ve\u00edculo ao seu estilo pessoal.<\/p>\n\n\n\n<p>O retorno do Audi RS 3 ao mercado brasileiro representa uma oportunidade para os entusiastas de carros esportivos experimentarem um dos modelos mais emblem\u00e1ticos da Audi. Com suas inova\u00e7\u00f5es tecnol\u00f3gicas e design refinado, o RS 3 promete ser um destaque nas ruas e nas pistas.<\/p>\n","protected":false},"excerpt":{"rendered":"<p>Conhe\u00e7a o Audi RS 3 sed\u00e3, o esportivo que quebrou recordes em N\u00fcrburgring, agora no Brasil. Experimente pot\u00eancia e design \u00fanicos!<\/p>\n","protected":false},"author":3,"featured_media":12360,"comment_status":"open","ping_status":"open","sticky":false,"template":"","format":"standard","meta":{"_yoast_wpseo_focuskw":"Audi","_yoast_wpseo_title":"%%title%%","_yoast_wpseo_metadesc":"Conhe\u00e7a o Audi RS 3 sed\u00e3, o esportivo que quebrou recordes em N\u00fcrburgring, agora no Brasil. Experimente pot\u00eancia e design \u00fanicos!","jnews-multi-image_gallery":[],"jnews_single_post":{"format":"standard"},"jnews_primary_category":[],"jnews_social_meta":[],"jnews_override_counter":[],"footnotes":""},"categories":[122],"post_tag":[896,123],"class_list":["post-12359","post","type-post","status-publish","format-standard","has-post-thumbnail","hentry","category-automobilismo","tag-audi","tag-carros"],"yoast_head":"<!-- This site is optimized with the Yoast SEO plugin v24.6 - https:\/\/yoast.com\/wordpress\/plugins\/seo\/ -->\n<title>Carro queridinho volta ao mercado pela Audi<\/title>\n<meta name=\"description\" content=\"Conhe\u00e7a o Audi RS 3 sed\u00e3, o esportivo que quebrou recordes em N\u00fcrburgring, agora no Brasil. Experimente pot\u00eancia e design \u00fanicos!\" \/>\n<meta name=\"robots\" content=\"index, follow, max-snippet:-1, max-image-preview:large, max-video-preview:-1\" \/>\n<link rel=\"canonical\" href=\"https:\/\/www.correiobraziliense.com.br\/cbradar\/carro-queridinho-volta-ao-mercado-pela-audi\/\" \/>\n<meta property=\"og:locale\" content=\"pt_BR\" \/>\n<meta property=\"og:type\" content=\"article\" \/>\n<meta property=\"og:title\" content=\"Carro queridinho volta ao mercado pela Audi\" \/>\n<meta property=\"og:description\" content=\"Conhe\u00e7a o Audi RS 3 sed\u00e3, o esportivo que quebrou recordes em N\u00fcrburgring, agora no Brasil. Experimente pot\u00eancia e design \u00fanicos!\" \/>\n<meta property=\"og:url\" content=\"https:\/\/www.correiobraziliense.com.br\/cbradar\/carro-queridinho-volta-ao-mercado-pela-audi\/\" \/>\n<meta property=\"og:site_name\" content=\"Correio Braziliense - Radar\" \/>\n<meta property=\"article:published_time\" content=\"2025-03-17T00:10:00+00:00\" \/>\n<meta property=\"og:image\" content=\"https:\/\/www.correiobraziliense.com.br\/cbradar\/wp-content\/uploads\/2025\/03\/Audi_1741913734578.jpg\" \/>\n\t<meta property=\"og:image:width\" content=\"1280\" \/>\n\t<meta property=\"og:image:height\" content=\"720\" \/>\n\t<meta property=\"og:image:type\" content=\"image\/jpeg\" \/>\n<meta name=\"author\" content=\"Larissa Carvalho\" \/>\n<meta name=\"twitter:card\" content=\"summary_large_image\" \/>\n<meta name=\"twitter:label1\" content=\"Escrito por\" \/>\n\t<meta name=\"twitter:data1\" content=\"Larissa Carvalho\" \/>\n\t<meta name=\"twitter:label2\" content=\"Est. tempo de leitura\" \/>\n\t<meta name=\"twitter:data2\" content=\"4 minutos\" \/>\n<!-- \/ Yoast SEO plugin. -->","yoast_head_json":{"title":"Carro queridinho volta ao mercado pela Audi","description":"Conhe\u00e7a o Audi RS 3 sed\u00e3, o esportivo que quebrou recordes em N\u00fcrburgring, agora no Brasil. Experimente pot\u00eancia e design \u00fanicos!","robots":{"index":"index","follow":"follow","max-snippet":"max-snippet:-1","max-image-preview":"max-image-preview:large","max-video-preview":"max-video-preview:-1"},"canonical":"https:\/\/www.correiobraziliense.com.br\/cbradar\/carro-queridinho-volta-ao-mercado-pela-audi\/","og_locale":"pt_BR","og_type":"article","og_title":"Carro queridinho volta ao mercado pela Audi","og_description":"Conhe\u00e7a o Audi RS 3 sed\u00e3, o esportivo que quebrou recordes em N\u00fcrburgring, agora no Brasil. Experimente pot\u00eancia e design \u00fanicos!","og_url":"https:\/\/www.correiobraziliense.com.br\/cbradar\/carro-queridinho-volta-ao-mercado-pela-audi\/","og_site_name":"Correio Braziliense - Radar","article_published_time":"2025-03-17T00:10:00+00:00","og_image":[{"width":1280,"height":720,"url":"https:\/\/www.correiobraziliense.com.br\/cbradar\/wp-content\/uploads\/2025\/03\/Audi_1741913734578.jpg","type":"image\/jpeg"}],"author":"Larissa Carvalho","twitter_card":"summary_large_image","twitter_misc":{"Escrito por":"Larissa Carvalho","Est. tempo de leitura":"4 minutos"},"schema":{"@context":"https:\/\/schema.org","@graph":[{"@type":"WebPage","@id":"https:\/\/www.correiobraziliense.com.br\/cbradar\/carro-queridinho-volta-ao-mercado-pela-audi\/","url":"https:\/\/www.correiobraziliense.com.br\/cbradar\/carro-queridinho-volta-ao-mercado-pela-audi\/","name":"Carro queridinho volta ao mercado pela Audi","isPartOf":{"@id":"https:\/\/www.correiobraziliense.com.br\/cbradar\/#website"},"primaryImageOfPage":{"@id":"https:\/\/www.correiobraziliense.com.br\/cbradar\/carro-queridinho-volta-ao-mercado-pela-audi\/#primaryimage"},"image":{"@id":"https:\/\/www.correiobraziliense.com.br\/cbradar\/carro-queridinho-volta-ao-mercado-pela-audi\/#primaryimage"},"thumbnailUrl":"https:\/\/www.correiobraziliense.com.br\/cbradar\/wp-content\/uploads\/2025\/03\/Audi_1741913734578.jpg","datePublished":"2025-03-17T00:10:00+00:00","author":{"@id":"https:\/\/www.correiobraziliense.com.br\/cbradar\/#\/schema\/person\/58422787644df994b53a19d3e56c1513"},"description":"Conhe\u00e7a o Audi RS 3 sed\u00e3, o esportivo que quebrou recordes em N\u00fcrburgring, agora no Brasil. Experimente pot\u00eancia e design \u00fanicos!","breadcrumb":{"@id":"https:\/\/www.correiobraziliense.com.br\/cbradar\/carro-queridinho-volta-ao-mercado-pela-audi\/#breadcrumb"},"inLanguage":"pt-BR","potentialAction":[{"@type":"ReadAction","target":["https:\/\/www.correiobraziliense.com.br\/cbradar\/carro-queridinho-volta-ao-mercado-pela-audi\/"]}]},{"@type":"ImageObject","inLanguage":"pt-BR","@id":"https:\/\/www.correiobraziliense.com.br\/cbradar\/carro-queridinho-volta-ao-mercado-pela-audi\/#primaryimage","url":"https:\/\/www.correiobraziliense.com.br\/cbradar\/wp-content\/uploads\/2025\/03\/Audi_1741913734578.jpg","contentUrl":"https:\/\/www.correiobraziliense.com.br\/cbradar\/wp-content\/uploads\/2025\/03\/Audi_1741913734578.jpg","width":1280,"height":720,"caption":"Audi. Cr\u00e9ditos: depositphotos.com \/ gints.ivuskans"},{"@type":"BreadcrumbList","@id":"https:\/\/www.correiobraziliense.com.br\/cbradar\/carro-queridinho-volta-ao-mercado-pela-audi\/#breadcrumb","itemListElement":[{"@type":"ListItem","position":1,"name":"In\u00edcio","item":"https:\/\/www.correiobraziliense.com.br\/cbradar\/"},{"@type":"ListItem","position":2,"name":"Carro queridinho volta ao mercado pela Audi"}]},{"@type":"WebSite","@id":"https:\/\/www.correiobraziliense.com.br\/cbradar\/#website","url":"https:\/\/www.correiobraziliense.com.br\/cbradar\/","name":"Correio Braziliense - Radar","description":"Acompanhe as \u00faltimas not\u00edcias e fique bem informado sobre tudo o que acontece no Brasil e no mundo.","potentialAction":[{"@type":"SearchAction","target":{"@type":"EntryPoint","urlTemplate":"https:\/\/www.correiobraziliense.com.br\/cbradar\/?s={search_term_string}"},"query-input":{"@type":"PropertyValueSpecification","valueRequired":true,"valueName":"search_term_string"}}],"inLanguage":"pt-BR"},{"@type":"Person","@id":"https:\/\/www.correiobraziliense.com.br\/cbradar\/#\/schema\/person\/58422787644df994b53a19d3e56c1513","name":"Larissa Carvalho","image":{"@type":"ImageObject","inLanguage":"pt-BR","@id":"https:\/\/www.correiobraziliense.com.br\/cbradar\/#\/schema\/person\/image\/","url":"https:\/\/secure.gravatar.com\/avatar\/fe4f91a0de32b52a838d0d612abdc1aa?s=96&d=mm&r=g","contentUrl":"https:\/\/secure.gravatar.com\/avatar\/fe4f91a0de32b52a838d0d612abdc1aa?s=96&d=mm&r=g","caption":"Larissa Carvalho"},"url":"https:\/\/www.correiobraziliense.com.br\/cbradar\/author\/larissamyth\/"}]}},"_links":{"self":[{"href":"https:\/\/www.correiobraziliense.com.br\/cbradar\/wp-json\/wp\/v2\/posts\/12359","targetHints":{"allow":["GET"]}}],"collection":[{"href":"https:\/\/www.correiobraziliense.com.br\/cbradar\/wp-json\/wp\/v2\/posts"}],"about":[{"href":"https:\/\/www.correiobraziliense.com.br\/cbradar\/wp-json\/wp\/v2\/types\/post"}],"author":[{"embeddable":true,"href":"https:\/\/www.correiobraziliense.com.br\/cbradar\/wp-json\/wp\/v2\/users\/3"}],"replies":[{"embeddable":true,"href":"https:\/\/www.correiobraziliense.com.br\/cbradar\/wp-json\/wp\/v2\/comments?post=12359"}],"version-history":[{"count":1,"href":"https:\/\/www.correiobraziliense.com.br\/cbradar\/wp-json\/wp\/v2\/posts\/12359\/revisions"}],"predecessor-version":[{"id":12362,"href":"https:\/\/www.correiobraziliense.com.br\/cbradar\/wp-json\/wp\/v2\/posts\/12359\/revisions\/12362"}],"wp:featuredmedia":[{"embeddable":true,"href":"https:\/\/www.correiobraziliense.com.br\/cbradar\/wp-json\/wp\/v2\/media\/12360"}],"wp:attachment":[{"href":"https:\/\/www.correiobraziliense.com.br\/cbradar\/wp-json\/wp\/v2\/media?parent=12359"}],"wp:term":[{"taxonomy":"category","embeddable":true,"href":"https:\/\/www.correiobraziliense.com.br\/cbradar\/wp-json\/wp\/v2\/categories?post=12359"},{"taxonomy":"post_tag","embeddable":true,"href":"https:\/\/www.correiobraziliense.com.br\/cbradar\/wp-json\/wp\/v2\/post_tag?post=12359"}],"curies":[{"name":"wp","href":"https:\/\/api.w.org\/{rel}","templated":true}]}}