{"id":123697,"date":"2025-10-23T09:55:00","date_gmt":"2025-10-23T12:55:00","guid":{"rendered":"https:\/\/www.correiobraziliense.com.br\/cbradar\/?p=123697"},"modified":"2025-10-22T12:00:02","modified_gmt":"2025-10-22T15:00:02","slug":"exercicios-para-experimentar-e-se-livrar-das-suas-dores-no-pescoco","status":"publish","type":"post","link":"https:\/\/www.correiobraziliense.com.br\/cbradar\/exercicios-para-experimentar-e-se-livrar-das-suas-dores-no-pescoco\/","title":{"rendered":"Exerc\u00edcios para experimentar e se livrar das suas dores no pesco\u00e7o"},"content":{"rendered":"\n<p>A dor e a rigidez no pesco\u00e7o tornaram-se companheiras constantes na era digital, resultado direto de horas em posturas inadequadas. \u00c9 crucial e inegoci\u00e1vel afirmar desde o in\u00edcio: <strong>a dor no pesco\u00e7o \u00e9 um sintoma que exige um diagn\u00f3stico m\u00e9dico.<\/strong> Se a sua dor for persistente, aguda, resultado de uma les\u00e3o ou acompanhada de outros sintomas neurol\u00f3gicos, a consulta com um profissional \u00e9 indispens\u00e1vel.<\/p>\n\n\n\n<p>A boa not\u00edcia \u00e9 que, para a tens\u00e3o muscular comum, estudos cient\u00edficos, incluindo ensaios cl\u00ednicos com trabalhadores de escrit\u00f3rio e revis\u00f5es com meta-an\u00e1lises, mostram que uma combina\u00e7\u00e3o de exerc\u00edcios de alongamento e fortalecimento espec\u00edficos pode reduzir a dor e melhorar a fun\u00e7\u00e3o. Este artigo apresenta uma s\u00e9rie simples de movimentos que podem servir como <strong>apoio<\/strong> ao seu bem-estar, e n\u00e3o como tratamento.<\/p>\n\n\n\n<h2 class=\"wp-block-heading\">Qual uma sequ\u00eancia simples para aliviar a tens\u00e3o no pesco\u00e7o e ombros?<\/h2>\n\n\n\n<p>A rotina a seguir combina mobilidade, alongamento e ativa\u00e7\u00e3o muscular, focando nos desequil\u00edbrios causados pela postura de &#8220;cabe\u00e7a para a frente&#8221;. Realize os movimentos de forma lenta e controlada, sempre respeitando os limites do seu corpo e <strong>sem causar dor aguda<\/strong>.<\/p>\n\n\n\n<h3 class=\"wp-block-heading\">Alongamento do trap\u00e9zio superior (30\u201345 segundos por lado)<\/h3>\n\n\n\n<ul class=\"wp-block-list\">\n<li><strong>Como fazer:<\/strong> Sentado com a coluna ereta e os ombros relaxados, incline suavemente a orelha direita em dire\u00e7\u00e3o ao ombro direito, sem levantar o ombro esquerdo. Para intensificar levemente (opcional e com cuidado), coloque a m\u00e3o direita sobre o lado esquerdo da cabe\u00e7a, apenas adicionando o peso da m\u00e3o, sem puxar. Mantenha a respira\u00e7\u00e3o profunda e sinta o alongamento na lateral esquerda do pesco\u00e7o. Troque de lado.<\/li>\n\n\n\n<li><strong>Benef\u00edcio:<\/strong> Alivia a tens\u00e3o no m\u00fasculo trap\u00e9zio superior, frequentemente sobrecarregado pela m\u00e1 postura.<\/li>\n<\/ul>\n\n\n\n<h3 class=\"wp-block-heading\">Retra\u00e7\u00e3o do queixo (chin tuck) (10 repeti\u00e7\u00f5es, segurando 5 segundos)<\/h3>\n\n\n\n<ul class=\"wp-block-list\">\n<li><strong>Como fazer:<\/strong> Pode ser feito sentado ou em p\u00e9, com as costas apoiadas na parede para refer\u00eancia inicial. Olhando para a frente, deslize suavemente a cabe\u00e7a para tr\u00e1s na horizontal, como se estivesse criando um &#8220;queixo duplo&#8221;, pressionando a parte de tr\u00e1s da cabe\u00e7a contra a parede (ou imaginando a parede). Mantenha por 5 segundos e relaxe.<\/li>\n\n\n\n<li><strong>Benef\u00edcio:<\/strong> \u00c9 o principal exerc\u00edcio para combater a postura de cabe\u00e7a para a frente, ativando os m\u00fasculos profundos do pesco\u00e7o.<\/li>\n<\/ul>\n\n\n\n<h3 class=\"wp-block-heading\">Rota\u00e7\u00e3o suave do pesco\u00e7o (3 s\u00e9ries de 10 repeti\u00e7\u00f5es por lado)<\/h3>\n\n\n\n<ul class=\"wp-block-list\">\n<li><strong>Como fazer:<\/strong> Sentado com a coluna ereta, gire lentamente a cabe\u00e7a para a direita, o m\u00e1ximo que conseguir confortavelmente, como se estivesse olhando por cima do ombro. Retorne ao centro e gire para a esquerda. Mantenha o movimento lento e fluido.<\/li>\n\n\n\n<li><strong>Benef\u00edcio:<\/strong> Melhora a mobilidade rotacional da coluna cervical, aliviando a rigidez.<\/li>\n<\/ul>\n\n\n\n<h3 class=\"wp-block-heading\">Fortalecimento escapular com el\u00e1stico leve (2 s\u00e9ries de 12-15 repeti\u00e7\u00f5es)<\/h3>\n\n\n\n<ul class=\"wp-block-list\">\n<li><strong>Como fazer:<\/strong> Sentado ou em p\u00e9, segure um el\u00e1stico de resist\u00eancia leve com as duas m\u00e3os, bra\u00e7os estendidos \u00e0 frente na altura do peito. Mantenha os cotovelos ligeiramente flexionados. Puxe o el\u00e1stico para os lados, focando em <strong>espremer as omoplatas (esc\u00e1pulas) uma contra a outra<\/strong> nas costas. Retorne lentamente. Varia\u00e7\u00e3o &#8220;W&#8221;: Comece com os cotovelos dobrados a 90 graus ao lado do corpo e gire os antebra\u00e7os para fora, novamente focando na contra\u00e7\u00e3o das esc\u00e1pulas.<\/li>\n\n\n\n<li><strong>Benef\u00edcio:<\/strong> Fortalece os m\u00fasculos da parte superior das costas (romboides, trap\u00e9zio m\u00e9dio\/inferior), que s\u00e3o essenciais para manter os ombros para tr\u00e1s e a postura ereta.<\/li>\n<\/ul>\n\n\n\n<h3 class=\"wp-block-heading\">Pausas ativas a cada 60\u201390 minutos<\/h3>\n\n\n\n<ul class=\"wp-block-list\">\n<li><strong>Como fazer:<\/strong> Esta \u00e9 uma estrat\u00e9gia comportamental crucial. A cada 60 a 90 minutos, levante-se da cadeira. Fa\u00e7a alguns c\u00edrculos com os ombros, realize algumas retra\u00e7\u00f5es do queixo ou simplesmente caminhe por 1-2 minutos.<\/li>\n\n\n\n<li><strong>Benef\u00edcio:<\/strong> Interrompe o ciclo de imobilidade e tens\u00e3o muscular antes que ele se instale de forma cr\u00f4nica.<\/li>\n<\/ul>\n\n\n<div class=\"wp-block-image\">\n<figure class=\"aligncenter size-large\"><img decoding=\"async\" width=\"1024\" height=\"576\" src=\"https:\/\/www.correiobraziliense.com.br\/cbradar\/wp-content\/uploads\/2025\/03\/dores-no-pescoco_1742219867905-1024x576.jpg\" alt=\"Exerc\u00edcios para experimentar e se livrar das suas dores no pesco\u00e7o\" class=\"wp-image-13182\" srcset=\"https:\/\/www.correiobraziliense.com.br\/cbradar\/wp-content\/uploads\/2025\/03\/dores-no-pescoco_1742219867905-1024x576.jpg 1024w, https:\/\/www.correiobraziliense.com.br\/cbradar\/wp-content\/uploads\/2025\/03\/dores-no-pescoco_1742219867905-300x169.jpg 300w, https:\/\/www.correiobraziliense.com.br\/cbradar\/wp-content\/uploads\/2025\/03\/dores-no-pescoco_1742219867905-768x432.jpg 768w, https:\/\/www.correiobraziliense.com.br\/cbradar\/wp-content\/uploads\/2025\/03\/dores-no-pescoco_1742219867905-750x422.jpg 750w, https:\/\/www.correiobraziliense.com.br\/cbradar\/wp-content\/uploads\/2025\/03\/dores-no-pescoco_1742219867905-1140x641.jpg 1140w, https:\/\/www.correiobraziliense.com.br\/cbradar\/wp-content\/uploads\/2025\/03\/dores-no-pescoco_1742219867905.jpg 1280w\" sizes=\"(max-width: 1024px) 100vw, 1024px\" \/><figcaption class=\"wp-element-caption\">Dores &#8211; Cr\u00e9ditos: depositphotos.com \/ belchonock<\/figcaption><\/figure><\/div>\n\n\n<p>Leia tamb\u00e9m: <a href=\"https:\/\/www.correiobraziliense.com.br\/cbradar\/o-cha-natural-que-ajuda-na-digestao-e-acelera-o-metabolismo\" target=\"_blank\" rel=\"noreferrer noopener\">O ch\u00e1 natural que ajuda na digest\u00e3o e acelera o metabolismo<\/a><\/p>\n\n\n\n<h2 class=\"wp-block-heading\">Quando a dor no pesco\u00e7o exige uma avalia\u00e7\u00e3o m\u00e9dica urgente?<\/h2>\n\n\n\n<p>Conforme alertado por institui\u00e7\u00f5es como a <strong><a target=\"_blank\" rel=\"noreferrer noopener\" href=\"https:\/\/orthoinfo.aaos.org\/en\/diseases--conditions\/neck-pain\/\">American Academy of Orthopaedic Surgeons (AAOS)<\/a><\/strong>, \u00e9 fundamental procurar um <strong>m\u00e9dico ortopedista<\/strong> imediatamente se a sua dor no pesco\u00e7o apresentar os seguintes &#8220;sinais de alerta&#8221;:<\/p>\n\n\n\n<ul class=\"wp-block-list\">\n<li><strong>Irradia\u00e7\u00e3o, formigamento ou dorm\u00eancia<\/strong> nos bra\u00e7os ou m\u00e3os.<\/li>\n\n\n\n<li><strong>Perda de for\u00e7a<\/strong> nos bra\u00e7os ou dificuldade em segurar objetos.<\/li>\n\n\n\n<li><strong>Dor que piora progressivamente<\/strong>, n\u00e3o alivia com o repouso ou perturba o sono.<\/li>\n\n\n\n<li>Dor associada a febre, dor de cabe\u00e7a intensa ou rigidez na nuca.<\/li>\n\n\n\n<li>Dor resultante de um trauma (queda ou acidente).<\/li>\n<\/ul>\n\n\n\n<p>Leia tamb\u00e9m: <a href=\"https:\/\/www.correiobraziliense.com.br\/cbradar\/essa-e-a-melhor-hora-do-dia-para-tomar-cafe-e-ter-mais-energia\" target=\"_blank\" rel=\"noreferrer noopener\">Essa \u00e9 a melhor hora do dia para tomar caf\u00e9 e ter mais energia<\/a><\/p>\n\n\n\n<p>Ap\u00f3s um diagn\u00f3stico m\u00e9dico, um <strong>fisioterapeuta<\/strong> \u00e9 o \u00fanico profissional qualificado para prescrever uma rotina de exerc\u00edcios segura e eficaz para a sua condi\u00e7\u00e3o espec\u00edfica.<\/p>\n","protected":false},"excerpt":{"rendered":"<p>A dor e a rigidez no pesco\u00e7o tornaram-se companheiras constantes na era digital, resultado direto de horas em posturas inadequadas. \u00c9 crucial e inegoci\u00e1vel afirmar desde o in\u00edcio: a dor no pesco\u00e7o \u00e9 um sintoma que exige um diagn\u00f3stico m\u00e9dico. Se a sua dor for persistente, aguda, resultado de uma les\u00e3o ou acompanhada de outros [&hellip;]<\/p>\n","protected":false},"author":11,"featured_media":37288,"comment_status":"open","ping_status":"open","sticky":false,"template":"","format":"standard","meta":{"_yoast_wpseo_focuskw":"pesco\u00e7o","_yoast_wpseo_title":"","_yoast_wpseo_metadesc":"Movimentos simples e eficazes que aliviam tens\u00f5es, melhoram a postura e reduzem as dores na regi\u00e3o do pesco\u00e7o","jnews-multi-image_gallery":[],"jnews_single_post":{"format":"standard"},"jnews_primary_category":[],"jnews_social_meta":[],"jnews_override_counter":[],"footnotes":""},"categories":[119],"tags":[4701,1318],"class_list":["post-123697","post","type-post","status-publish","format-standard","has-post-thumbnail","hentry","category-bem-estar","tag-pescoco","tag-saude-2"],"yoast_head":"<!-- This site is optimized with the Yoast SEO plugin v24.6 - https:\/\/yoast.com\/wordpress\/plugins\/seo\/ -->\n<title>Exerc\u00edcios para experimentar e se livrar das suas dores no pesco\u00e7o - Correio Braziliense - Radar<\/title>\n<meta name=\"description\" content=\"Movimentos simples e eficazes que aliviam tens\u00f5es, melhoram a postura e reduzem as dores na regi\u00e3o do pesco\u00e7o\" \/>\n<meta name=\"robots\" content=\"index, follow, max-snippet:-1, max-image-preview:large, max-video-preview:-1\" \/>\n<link rel=\"canonical\" href=\"https:\/\/www.correiobraziliense.com.br\/cbradar\/exercicios-para-experimentar-e-se-livrar-das-suas-dores-no-pescoco\/\" \/>\n<meta property=\"og:locale\" content=\"pt_BR\" \/>\n<meta property=\"og:type\" content=\"article\" \/>\n<meta property=\"og:title\" content=\"Exerc\u00edcios para experimentar e se livrar das suas dores no pesco\u00e7o - Correio Braziliense - Radar\" \/>\n<meta property=\"og:description\" content=\"Movimentos simples e eficazes que aliviam tens\u00f5es, melhoram a postura e reduzem as dores na regi\u00e3o do pesco\u00e7o\" \/>\n<meta property=\"og:url\" content=\"https:\/\/www.correiobraziliense.com.br\/cbradar\/exercicios-para-experimentar-e-se-livrar-das-suas-dores-no-pescoco\/\" \/>\n<meta property=\"og:site_name\" content=\"Correio Braziliense - Radar\" \/>\n<meta property=\"article:published_time\" content=\"2025-10-23T12:55:00+00:00\" \/>\n<meta property=\"og:image\" content=\"https:\/\/www.correiobraziliense.com.br\/cbradar\/wp-content\/uploads\/2025\/05\/pescoco_1747314377205.jpg\" \/>\n\t<meta property=\"og:image:width\" content=\"1280\" \/>\n\t<meta property=\"og:image:height\" content=\"720\" \/>\n\t<meta property=\"og:image:type\" content=\"image\/jpeg\" \/>\n<meta name=\"author\" content=\"Paulo Custodio\" \/>\n<meta name=\"twitter:card\" content=\"summary_large_image\" \/>\n<meta name=\"twitter:label1\" content=\"Escrito por\" \/>\n\t<meta name=\"twitter:data1\" content=\"Paulo Custodio\" \/>\n\t<meta name=\"twitter:label2\" content=\"Est. tempo de leitura\" \/>\n\t<meta name=\"twitter:data2\" content=\"5 minutos\" \/>\n<!-- \/ Yoast SEO plugin. -->","yoast_head_json":{"title":"Exerc\u00edcios para experimentar e se livrar das suas dores no pesco\u00e7o - Correio Braziliense - Radar","description":"Movimentos simples e eficazes que aliviam tens\u00f5es, melhoram a postura e reduzem as dores na regi\u00e3o do pesco\u00e7o","robots":{"index":"index","follow":"follow","max-snippet":"max-snippet:-1","max-image-preview":"max-image-preview:large","max-video-preview":"max-video-preview:-1"},"canonical":"https:\/\/www.correiobraziliense.com.br\/cbradar\/exercicios-para-experimentar-e-se-livrar-das-suas-dores-no-pescoco\/","og_locale":"pt_BR","og_type":"article","og_title":"Exerc\u00edcios para experimentar e se livrar das suas dores no pesco\u00e7o - Correio Braziliense - Radar","og_description":"Movimentos simples e eficazes que aliviam tens\u00f5es, melhoram a postura e reduzem as dores na regi\u00e3o do pesco\u00e7o","og_url":"https:\/\/www.correiobraziliense.com.br\/cbradar\/exercicios-para-experimentar-e-se-livrar-das-suas-dores-no-pescoco\/","og_site_name":"Correio Braziliense - Radar","article_published_time":"2025-10-23T12:55:00+00:00","og_image":[{"width":1280,"height":720,"url":"https:\/\/www.correiobraziliense.com.br\/cbradar\/wp-content\/uploads\/2025\/05\/pescoco_1747314377205.jpg","type":"image\/jpeg"}],"author":"Paulo Custodio","twitter_card":"summary_large_image","twitter_misc":{"Escrito por":"Paulo Custodio","Est. tempo de leitura":"5 minutos"},"schema":{"@context":"https:\/\/schema.org","@graph":[{"@type":"WebPage","@id":"https:\/\/www.correiobraziliense.com.br\/cbradar\/exercicios-para-experimentar-e-se-livrar-das-suas-dores-no-pescoco\/","url":"https:\/\/www.correiobraziliense.com.br\/cbradar\/exercicios-para-experimentar-e-se-livrar-das-suas-dores-no-pescoco\/","name":"Exerc\u00edcios para experimentar e se livrar das suas dores no pesco\u00e7o - Correio Braziliense - Radar","isPartOf":{"@id":"https:\/\/www.correiobraziliense.com.br\/cbradar\/#website"},"primaryImageOfPage":{"@id":"https:\/\/www.correiobraziliense.com.br\/cbradar\/exercicios-para-experimentar-e-se-livrar-das-suas-dores-no-pescoco\/#primaryimage"},"image":{"@id":"https:\/\/www.correiobraziliense.com.br\/cbradar\/exercicios-para-experimentar-e-se-livrar-das-suas-dores-no-pescoco\/#primaryimage"},"thumbnailUrl":"https:\/\/www.correiobraziliense.com.br\/cbradar\/wp-content\/uploads\/2025\/05\/pescoco_1747314377205.jpg","datePublished":"2025-10-23T12:55:00+00:00","author":{"@id":"https:\/\/www.correiobraziliense.com.br\/cbradar\/#\/schema\/person\/4cec7857301a9a1a2ef249893cd908d3"},"description":"Movimentos simples e eficazes que aliviam tens\u00f5es, melhoram a postura e reduzem as dores na regi\u00e3o do pesco\u00e7o","breadcrumb":{"@id":"https:\/\/www.correiobraziliense.com.br\/cbradar\/exercicios-para-experimentar-e-se-livrar-das-suas-dores-no-pescoco\/#breadcrumb"},"inLanguage":"pt-BR","potentialAction":[{"@type":"ReadAction","target":["https:\/\/www.correiobraziliense.com.br\/cbradar\/exercicios-para-experimentar-e-se-livrar-das-suas-dores-no-pescoco\/"]}]},{"@type":"ImageObject","inLanguage":"pt-BR","@id":"https:\/\/www.correiobraziliense.com.br\/cbradar\/exercicios-para-experimentar-e-se-livrar-das-suas-dores-no-pescoco\/#primaryimage","url":"https:\/\/www.correiobraziliense.com.br\/cbradar\/wp-content\/uploads\/2025\/05\/pescoco_1747314377205.jpg","contentUrl":"https:\/\/www.correiobraziliense.com.br\/cbradar\/wp-content\/uploads\/2025\/05\/pescoco_1747314377205.jpg","width":1280,"height":720,"caption":"Pesco\u00e7o - Cr\u00e9ditos: depositphotos.com \/ doucefleur"},{"@type":"BreadcrumbList","@id":"https:\/\/www.correiobraziliense.com.br\/cbradar\/exercicios-para-experimentar-e-se-livrar-das-suas-dores-no-pescoco\/#breadcrumb","itemListElement":[{"@type":"ListItem","position":1,"name":"In\u00edcio","item":"https:\/\/www.correiobraziliense.com.br\/cbradar\/"},{"@type":"ListItem","position":2,"name":"Exerc\u00edcios para experimentar e se livrar das suas dores no pesco\u00e7o"}]},{"@type":"WebSite","@id":"https:\/\/www.correiobraziliense.com.br\/cbradar\/#website","url":"https:\/\/www.correiobraziliense.com.br\/cbradar\/","name":"Correio Braziliense - Radar","description":"Acompanhe as \u00faltimas not\u00edcias e fique bem informado sobre tudo o que acontece no Brasil e no mundo.","potentialAction":[{"@type":"SearchAction","target":{"@type":"EntryPoint","urlTemplate":"https:\/\/www.correiobraziliense.com.br\/cbradar\/?s={search_term_string}"},"query-input":{"@type":"PropertyValueSpecification","valueRequired":true,"valueName":"search_term_string"}}],"inLanguage":"pt-BR"},{"@type":"Person","@id":"https:\/\/www.correiobraziliense.com.br\/cbradar\/#\/schema\/person\/4cec7857301a9a1a2ef249893cd908d3","name":"Paulo Custodio","image":{"@type":"ImageObject","inLanguage":"pt-BR","@id":"https:\/\/www.correiobraziliense.com.br\/cbradar\/#\/schema\/person\/image\/","url":"https:\/\/secure.gravatar.com\/avatar\/bcd67168d1534e8fcf4f45c726a87cea?s=96&d=mm&r=g","contentUrl":"https:\/\/secure.gravatar.com\/avatar\/bcd67168d1534e8fcf4f45c726a87cea?s=96&d=mm&r=g","caption":"Paulo Custodio"},"sameAs":["https:\/\/www.correiobraziliense.com.br\/cbradar"],"url":"https:\/\/www.correiobraziliense.com.br\/cbradar\/author\/paulomyth\/"}]}},"_links":{"self":[{"href":"https:\/\/www.correiobraziliense.com.br\/cbradar\/wp-json\/wp\/v2\/posts\/123697","targetHints":{"allow":["GET"]}}],"collection":[{"href":"https:\/\/www.correiobraziliense.com.br\/cbradar\/wp-json\/wp\/v2\/posts"}],"about":[{"href":"https:\/\/www.correiobraziliense.com.br\/cbradar\/wp-json\/wp\/v2\/types\/post"}],"author":[{"embeddable":true,"href":"https:\/\/www.correiobraziliense.com.br\/cbradar\/wp-json\/wp\/v2\/users\/11"}],"replies":[{"embeddable":true,"href":"https:\/\/www.correiobraziliense.com.br\/cbradar\/wp-json\/wp\/v2\/comments?post=123697"}],"version-history":[{"count":1,"href":"https:\/\/www.correiobraziliense.com.br\/cbradar\/wp-json\/wp\/v2\/posts\/123697\/revisions"}],"predecessor-version":[{"id":123698,"href":"https:\/\/www.correiobraziliense.com.br\/cbradar\/wp-json\/wp\/v2\/posts\/123697\/revisions\/123698"}],"wp:featuredmedia":[{"embeddable":true,"href":"https:\/\/www.correiobraziliense.com.br\/cbradar\/wp-json\/wp\/v2\/media\/37288"}],"wp:attachment":[{"href":"https:\/\/www.correiobraziliense.com.br\/cbradar\/wp-json\/wp\/v2\/media?parent=123697"}],"wp:term":[{"taxonomy":"category","embeddable":true,"href":"https:\/\/www.correiobraziliense.com.br\/cbradar\/wp-json\/wp\/v2\/categories?post=123697"},{"taxonomy":"post_tag","embeddable":true,"href":"https:\/\/www.correiobraziliense.com.br\/cbradar\/wp-json\/wp\/v2\/tags?post=123697"}],"curies":[{"name":"wp","href":"https:\/\/api.w.org\/{rel}","templated":true}]}}