{"id":123729,"date":"2025-10-23T09:25:00","date_gmt":"2025-10-23T12:25:00","guid":{"rendered":"https:\/\/www.correiobraziliense.com.br\/cbradar\/?p=123729"},"modified":"2025-10-22T14:55:25","modified_gmt":"2025-10-22T17:55:25","slug":"a-cidade-tranquila-do-interior-que-se-destaca-em-seguranca-e-bem-estar","status":"publish","type":"post","link":"https:\/\/www.correiobraziliense.com.br\/cbradar\/a-cidade-tranquila-do-interior-que-se-destaca-em-seguranca-e-bem-estar\/","title":{"rendered":"A cidade tranquila do interior que se destaca em seguran\u00e7a e bem-estar"},"content":{"rendered":"\n<p><strong>Botucatu<\/strong>, no interior do <strong>Estado de S\u00e3o Paulo<\/strong>, a cerca de 235 km da capital paulista e pr\u00f3xima a <strong>Bauru<\/strong> e <strong>Avar\u00e9<\/strong>, \u00e9 conhecida como a <strong>\u201cCidade dos Bons Ares\u201d<\/strong>. Localizada no alto da Serra de Botucatu, combina clima ameno, paisagens naturais exuberantes e qualidade de vida exemplar. Conhe\u00e7a por que Botucatu \u00e9 uma das melhores cidades do interior paulista para viver.<\/p>\n\n\n\n<ul class=\"wp-block-list\">\n<li>Clima agrad\u00e1vel e ar puro em meio \u00e0 Serra de Botucatu.<\/li>\n\n\n\n<li>Economia diversificada com destaque para educa\u00e7\u00e3o e tecnologia.<\/li>\n\n\n\n<li>Qualidade de vida com boa infraestrutura e baixo \u00edndice de criminalidade.<\/li>\n<\/ul>\n\n\n\n<h2 class=\"wp-block-heading\">Por que morar em Botucatu?<\/h2>\n\n\n\n<p>Com um <strong>IDH de 0,800<\/strong>, segundo o <strong><strong>Programa\u00a0das\u00a0Na\u00e7\u00f5es\u00a0Unidas\u00a0para\u00a0o\u00a0Desenvolvimento<\/strong><\/strong>, <strong>Botucatu<\/strong> se destaca entre as cidades com melhor qualidade de vida do interior paulista. O munic\u00edpio conta com cerca de <strong>150 mil habitantes<\/strong>,<a href=\"https:\/\/www.ibge.gov.br\/cidades-e-estados\/sp\/botucatu.html\" target=\"_blank\" rel=\"noreferrer noopener\"> <strong>conforme o IBGE<\/strong><\/a>, e tem uma economia s\u00f3lida impulsionada pela <strong>educa\u00e7\u00e3o, ind\u00fastria e agroneg\u00f3cio<\/strong>.<\/p>\n\n\n\n<p>A presen\u00e7a da <strong>Universidade Estadual Paulista (UNESP)<\/strong> confere \u00e0 cidade um perfil universit\u00e1rio, com alta qualifica\u00e7\u00e3o profissional e servi\u00e7os de sa\u00fade e pesquisa de excel\u00eancia. O setor industrial tamb\u00e9m \u00e9 forte, com polos voltados \u00e0 metalurgia, alimentos e biotecnologia.<\/p>\n\n\n\n<p>A cidade \u00e9 reconhecida pela seguran\u00e7a e tranquilidade, sendo ideal para fam\u00edlias que buscam conforto, educa\u00e7\u00e3o de qualidade e contato com a natureza. Segundo a <strong>Prefeitura de Botucatu<\/strong>, o munic\u00edpio mant\u00e9m um dos melhores \u00edndices de arboriza\u00e7\u00e3o e coleta de lixo recicl\u00e1vel da regi\u00e3o.<\/p>\n\n\n<div class=\"wp-block-image\">\n<figure class=\"aligncenter size-large\"><img decoding=\"async\" width=\"1024\" height=\"576\" src=\"https:\/\/www.correiobraziliense.com.br\/cbradar\/wp-content\/uploads\/2025\/08\/botucatu_1755117988673-1024x576.jpg\" alt=\"\" class=\"wp-image-86207\" srcset=\"https:\/\/www.correiobraziliense.com.br\/cbradar\/wp-content\/uploads\/2025\/08\/botucatu_1755117988673-1024x576.jpg 1024w, https:\/\/www.correiobraziliense.com.br\/cbradar\/wp-content\/uploads\/2025\/08\/botucatu_1755117988673-300x169.jpg 300w, https:\/\/www.correiobraziliense.com.br\/cbradar\/wp-content\/uploads\/2025\/08\/botucatu_1755117988673-768x432.jpg 768w, https:\/\/www.correiobraziliense.com.br\/cbradar\/wp-content\/uploads\/2025\/08\/botucatu_1755117988673-750x422.jpg 750w, https:\/\/www.correiobraziliense.com.br\/cbradar\/wp-content\/uploads\/2025\/08\/botucatu_1755117988673-1140x641.jpg 1140w, https:\/\/www.correiobraziliense.com.br\/cbradar\/wp-content\/uploads\/2025\/08\/botucatu_1755117988673.jpg 1280w\" sizes=\"(max-width: 1024px) 100vw, 1024px\" \/><figcaption class=\"wp-element-caption\">Botucatu, S\u00e3o Paulo  \/\/ Cr\u00e9ditos: depositphotos.com \/ Ranimiro<\/figcaption><\/figure><\/div>\n\n\n<h2 class=\"wp-block-heading\">Quais s\u00e3o os melhores bairros para morar em Botucatu?<\/h2>\n\n\n\n<p><strong>Botucatu<\/strong> oferece bairros bem estruturados e variados, que atendem desde perfis familiares at\u00e9 estudantes e profissionais. O <strong>Centro<\/strong> re\u00fane com\u00e9rcio diversificado e servi\u00e7os essenciais, enquanto os bairros residenciais oferecem sossego e boa infraestrutura.<\/p>\n\n\n\n<p>O <strong>Jardim Para\u00edso<\/strong> \u00e9 um dos preferidos por fam\u00edlias, com ruas tranquilas e acesso f\u00e1cil a escolas e supermercados. J\u00e1 o <strong>Vila dos Lavradores<\/strong> \u00e9 um dos bairros mais tradicionais, com forte identidade cultural e op\u00e7\u00f5es de lazer pr\u00f3ximas. Para quem busca modernidade, o <strong>Jardim Continental<\/strong> oferece condom\u00ednios fechados e qualidade de vida elevada.<\/p>\n\n\n\n<p>Outras \u00e1reas valorizadas incluem o <strong>Jardim Flamboyant<\/strong>, com vista para o Vale do Rio Lavap\u00e9s, e o <strong>Residencial Green Park<\/strong>, conhecido pela seguran\u00e7a e \u00e1reas verdes.<\/p>\n\n\n\n<ul class=\"wp-block-list\">\n<li><strong>Centro<\/strong>: com\u00e9rcio e conveni\u00eancia.<\/li>\n\n\n\n<li><strong>Jardim Para\u00edso<\/strong>: ideal para fam\u00edlias.<\/li>\n\n\n\n<li><strong>Vila dos Lavradores<\/strong>: tradi\u00e7\u00e3o e cultura.<\/li>\n\n\n\n<li><strong>Jardim Continental<\/strong>: condom\u00ednios modernos.<\/li>\n\n\n\n<li><strong>Residencial Green Park<\/strong>: tranquilidade e seguran\u00e7a.<\/li>\n<\/ul>\n\n\n\n<figure class=\"wp-block-embed aligncenter is-type-video is-provider-youtube wp-block-embed-youtube wp-embed-aspect-16-9 wp-has-aspect-ratio\"><div class=\"wp-block-embed__wrapper\">\n<div class=\"jeg_video_container jeg_video_content\"><iframe loading=\"lazy\" title=\"Botucatu - SP \/ Mi Drone 4K\" width=\"500\" height=\"281\" src=\"https:\/\/www.youtube.com\/embed\/HEIKonP_kvw?start=50&#038;feature=oembed\" frameborder=\"0\" allow=\"accelerometer; autoplay; clipboard-write; encrypted-media; gyroscope; picture-in-picture; web-share\" referrerpolicy=\"strict-origin-when-cross-origin\" allowfullscreen><\/iframe><\/div>\n<\/div><figcaption class=\"wp-element-caption\">Botucatu \/\/ Cr\u00e9ditos: YouTube @ldbnet<\/figcaption><\/figure>\n\n\n\n<h2 class=\"wp-block-heading\">Quais s\u00e3o as principais atra\u00e7\u00f5es tur\u00edsticas de Botucatu?<\/h2>\n\n\n\n<p>Mesmo com foco em moradia, <strong>Botucatu<\/strong> oferece atrativos tur\u00edsticos de tirar o f\u00f4lego. O <strong>Parque Natural Municipal da Cachoeira da Marta<\/strong> \u00e9 um dos cart\u00f5es-postais, com trilhas, mirantes e uma queda d\u2019\u00e1gua de 38 metros. O <strong>Morro do Cruzeiro<\/strong> proporciona vista panor\u00e2mica da cidade e \u00e9 ponto de encontro ao p\u00f4r do sol.<\/p>\n\n\n\n<p>O <strong>Museu do Caf\u00e9<\/strong>, instalado em uma antiga fazenda, conta a hist\u00f3ria da cafeicultura regional e encanta visitantes pela arquitetura hist\u00f3rica. J\u00e1 o <strong>Rio Lavap\u00e9s<\/strong>, que corta a cidade, \u00e9 cen\u00e1rio para caminhadas e passeios tranquilos.<\/p>\n\n\n\n<p>A <strong>Catedral Sant\u2019Ana<\/strong> e o <strong>Centro Hist\u00f3rico<\/strong> preservam a heran\u00e7a cultural de Botucatu, com casar\u00f5es e pra\u00e7as arborizadas que revelam o charme do interior paulista.<\/p>\n\n\n\n<ul class=\"wp-block-list\">\n<li><strong>Cachoeira da Marta<\/strong>: trilhas e natureza preservada.<\/li>\n\n\n\n<li><strong>Morro do Cruzeiro<\/strong>: vista panor\u00e2mica da cidade.<\/li>\n\n\n\n<li><strong>Museu do Caf\u00e9<\/strong>: hist\u00f3ria e cultura local.<\/li>\n\n\n\n<li><strong>Catedral Sant\u2019Ana<\/strong>: arquitetura neog\u00f3tica imponente.<\/li>\n\n\n\n<li><strong>Centro Hist\u00f3rico<\/strong>: ruas e pra\u00e7as com charme colonial.<\/li>\n<\/ul>\n\n\n<div class=\"wp-block-image\">\n<figure class=\"aligncenter size-large\"><img decoding=\"async\" width=\"1024\" height=\"576\" src=\"https:\/\/www.correiobraziliense.com.br\/cbradar\/wp-content\/uploads\/2025\/08\/botucatu_1756272737065-1024x576.jpg\" alt=\"A cidade perfeita para jovens viverem e estudarem com tranquilidade\" class=\"wp-image-93886\" srcset=\"https:\/\/www.correiobraziliense.com.br\/cbradar\/wp-content\/uploads\/2025\/08\/botucatu_1756272737065-1024x576.jpg 1024w, https:\/\/www.correiobraziliense.com.br\/cbradar\/wp-content\/uploads\/2025\/08\/botucatu_1756272737065-300x169.jpg 300w, https:\/\/www.correiobraziliense.com.br\/cbradar\/wp-content\/uploads\/2025\/08\/botucatu_1756272737065-768x432.jpg 768w, https:\/\/www.correiobraziliense.com.br\/cbradar\/wp-content\/uploads\/2025\/08\/botucatu_1756272737065-750x422.jpg 750w, https:\/\/www.correiobraziliense.com.br\/cbradar\/wp-content\/uploads\/2025\/08\/botucatu_1756272737065-1140x641.jpg 1140w, https:\/\/www.correiobraziliense.com.br\/cbradar\/wp-content\/uploads\/2025\/08\/botucatu_1756272737065.jpg 1280w\" sizes=\"(max-width: 1024px) 100vw, 1024px\" \/><figcaption class=\"wp-element-caption\">Botucatu, SP \/\/ Cr\u00e9ditos: depositphotos.com \/ Ranimiro<\/figcaption><\/figure><\/div>\n\n\n<h2 class=\"wp-block-heading\">Como \u00e9 a vida cultural em Botucatu?<\/h2>\n\n\n\n<p>A vida cultural de <strong>Botucatu<\/strong> \u00e9 vibrante e diversificada. Eventos como a <strong>Feira de Artes e Artesanato na Pra\u00e7a do Bosque<\/strong> re\u00fanem artistas locais e gastronomia t\u00edpica. O <strong>Festival de Inverno de Botucatu<\/strong> \u00e9 um dos mais tradicionais do interior, com apresenta\u00e7\u00f5es de m\u00fasica, dan\u00e7a e teatro.<\/p>\n\n\n\n<p>A gastronomia \u00e9 outro destaque, unindo sabores t\u00edpicos paulistas com toques contempor\u00e2neos. Restaurantes e bistr\u00f4s valorizam ingredientes regionais e culin\u00e1ria artesanal, com destaque para pratos \u00e0 base de carne su\u00edna, massas e caf\u00e9 gourmet.<\/p>\n\n\n\n<p>A <strong>Prefeitura de Botucatu<\/strong> mant\u00e9m espa\u00e7os culturais ativos, como o <strong>Teatro Municipal Camillo Fernandez Dinucci<\/strong> e a <strong>Pinacoteca F\u00f3rum das Artes<\/strong>, que acolhem exposi\u00e7\u00f5es e produ\u00e7\u00f5es locais ao longo do ano.<\/p>\n\n\n\n<h2 class=\"wp-block-heading\">Por que Botucatu \u00e9 refer\u00eancia em educa\u00e7\u00e3o e inova\u00e7\u00e3o?<\/h2>\n\n\n\n<p><strong>Botucatu<\/strong> \u00e9 considerada um dos polos de <strong>educa\u00e7\u00e3o e pesquisa cient\u00edfica<\/strong> mais importantes do interior paulista. A <strong>UNESP<\/strong>, com seus campi de Medicina, Agronomia e Ci\u00eancias Biol\u00f3gicas, atrai estudantes de todo o pa\u00eds. O <strong>Hospital das Cl\u00ednicas de Botucatu<\/strong>, vinculado \u00e0 universidade, \u00e9 refer\u00eancia em sa\u00fade p\u00fablica e ensino m\u00e9dico.<\/p>\n\n\n\n<p>Segundo a <strong>Prefeitura de Botucatu<\/strong>, o munic\u00edpio abriga ainda o <strong>Parque Tecnol\u00f3gico de Botucatu<\/strong>, que incentiva a inova\u00e7\u00e3o e o empreendedorismo em \u00e1reas como biotecnologia e sustentabilidade.<\/p>\n\n\n<div class=\"wp-block-image\">\n<figure class=\"aligncenter size-large\"><img decoding=\"async\" width=\"1024\" height=\"576\" src=\"https:\/\/www.correiobraziliense.com.br\/cbradar\/wp-content\/uploads\/2025\/08\/botucatu_1756272815621-1024x576.jpg\" alt=\"A cidade perfeita para jovens viverem e estudarem com tranquilidade\" class=\"wp-image-93889\" srcset=\"https:\/\/www.correiobraziliense.com.br\/cbradar\/wp-content\/uploads\/2025\/08\/botucatu_1756272815621-1024x576.jpg 1024w, https:\/\/www.correiobraziliense.com.br\/cbradar\/wp-content\/uploads\/2025\/08\/botucatu_1756272815621-300x169.jpg 300w, https:\/\/www.correiobraziliense.com.br\/cbradar\/wp-content\/uploads\/2025\/08\/botucatu_1756272815621-768x432.jpg 768w, https:\/\/www.correiobraziliense.com.br\/cbradar\/wp-content\/uploads\/2025\/08\/botucatu_1756272815621-750x422.jpg 750w, https:\/\/www.correiobraziliense.com.br\/cbradar\/wp-content\/uploads\/2025\/08\/botucatu_1756272815621-1140x641.jpg 1140w, https:\/\/www.correiobraziliense.com.br\/cbradar\/wp-content\/uploads\/2025\/08\/botucatu_1756272815621.jpg 1280w\" sizes=\"(max-width: 1024px) 100vw, 1024px\" \/><figcaption class=\"wp-element-caption\">Botucatu \/\/ Cr\u00e9ditos: depositphotos.com \/ Ranimiro<\/figcaption><\/figure><\/div>\n\n\n<h2 class=\"wp-block-heading\">A origem do nome \u201cBotucatu\u201d<\/h2>\n\n\n\n<p>O nome \u201cBotucatu\u201d tem origem ind\u00edgena e significa \u201cbons ares\u201d, uma alus\u00e3o aos ventos constantes e ao clima agrad\u00e1vel da regi\u00e3o serrana. Essa caracter\u00edstica inspirou o apelido <strong>\u201cCidade dos Bons Ares\u201d<\/strong>, que se mant\u00e9m at\u00e9 hoje como s\u00edmbolo de qualidade de vida e bem-estar.<\/p>\n\n\n\n<p>Al\u00e9m disso, a posi\u00e7\u00e3o geogr\u00e1fica privilegiada da cidade, sobre o <strong>cuesta de Botucatu<\/strong>, oferece uma das paisagens mais singulares do Estado de S\u00e3o Paulo.<\/p>\n\n\n\n<p><strong>Leia tamb\u00e9m: <a href=\"https:\/\/www.correiobraziliense.com.br\/cbradar\/a-cidade-brasileira-com-beleza-comparada-a-capital-da-grecia-antiga\/#google_vignette\" target=\"_blank\" rel=\"noreferrer noopener\">A cidade brasileira com beleza comparada \u00e0 capital da Gr\u00e9cia antiga.<\/a><\/strong><\/p>\n\n\n\n<h2 class=\"wp-block-heading\">Melhor \u00e9poca para visitar Botucatu?<\/h2>\n\n\n\n<p>Segundo o <strong>Climatempo<\/strong>, o clima de <strong>Botucatu<\/strong> \u00e9 subtropical, com temperaturas m\u00e9dias entre 15\u202f\u00b0C e 26\u202f\u00b0C. A melhor \u00e9poca para visitar \u00e9 entre <strong>abril e setembro<\/strong>, quando o tempo \u00e9 seco e ideal para atividades ao ar livre, como trilhas e passeios de bicicleta.<\/p>\n\n\n\n<p>Durante o ver\u00e3o, de <strong>dezembro a mar\u00e7o<\/strong>, as chuvas s\u00e3o mais intensas, mas a natureza fica exuberante, tornando os parques e cachoeiras ainda mais belos. O <strong>Festival de Inverno<\/strong>, realizado em <strong>julho<\/strong>, \u00e9 uma \u00f3tima oportunidade para conhecer o lado cultural e gastron\u00f4mico da cidade.<\/p>\n\n\n<div class=\"wp-block-image\">\n<figure class=\"aligncenter size-large\"><img decoding=\"async\" src=\"https:\/\/www.correiobraziliense.com.br\/cbradar\/wp-content\/uploads\/2025\/08\/botucatu_1756272878632-1024x576.jpg\" alt=\"\" class=\"wp-image-93892\"\/><figcaption class=\"wp-element-caption\">Cr\u00e9ditos: depositphotos.com \/ p.turrini<\/figcaption><\/figure><\/div>\n\n\n<h2 class=\"wp-block-heading\">Vivencie Botucatu<\/h2>\n\n\n\n<p><strong>Botucatu<\/strong> une natureza, tranquilidade e desenvolvimento em um dos melhores destinos para morar no interior de <strong>S\u00e3o Paulo<\/strong>. Do ar puro da <strong>Serra de Botucatu<\/strong> \u00e0 efervesc\u00eancia cultural do <strong>Centro<\/strong>, a cidade oferece o equil\u00edbrio ideal entre modernidade e qualidade de vida. Planeje sua mudan\u00e7a ou visita e vivencie o encanto da <strong>Cidade dos Bons Ares<\/strong>.<\/p>\n\n\n\n<ul class=\"wp-block-list\">\n<li>Educa\u00e7\u00e3o e sa\u00fade de excel\u00eancia.<\/li>\n\n\n\n<li>Economia s\u00f3lida e sustent\u00e1vel.<\/li>\n\n\n\n<li>Contato direto com a natureza e bem-estar.<\/li>\n<\/ul>\n","protected":false},"excerpt":{"rendered":"<p>Botucatu, no interior do Estado de S\u00e3o Paulo, a cerca de 235 km da capital paulista e pr\u00f3xima a Bauru e Avar\u00e9, \u00e9 conhecida como a \u201cCidade dos Bons Ares\u201d. Localizada no alto da Serra de Botucatu, combina clima ameno, paisagens naturais exuberantes e qualidade de vida exemplar. Conhe\u00e7a por que Botucatu \u00e9 uma das [&hellip;]<\/p>\n","protected":false},"author":8,"featured_media":68872,"comment_status":"open","ping_status":"open","sticky":false,"template":"","format":"standard","meta":{"_yoast_wpseo_focuskw":"cidade","_yoast_wpseo_title":"","_yoast_wpseo_metadesc":"Essa cidade do interior impressiona pelos baixos \u00edndices de criminalidade e pela qualidade de vida elevada dos moradores.","jnews-multi-image_gallery":[],"jnews_single_post":{"format":"standard"},"jnews_primary_category":[],"jnews_social_meta":[],"jnews_override_counter":[],"footnotes":""},"categories":[108,111],"post_tag":[8101,278,10362],"class_list":["post-123729","post","type-post","status-publish","format-standard","has-post-thumbnail","hentry","category-cidades","category-turismo","tag-botucatu","tag-sao-paulo","tag-seguranca-2"],"yoast_head":"<!-- This site is optimized with the Yoast SEO plugin v24.6 - https:\/\/yoast.com\/wordpress\/plugins\/seo\/ -->\n<title>A cidade tranquila do interior que se destaca em seguran\u00e7a e bem-estar - Correio Braziliense - Radar<\/title>\n<meta name=\"description\" content=\"Essa cidade do interior impressiona pelos baixos \u00edndices de criminalidade e pela qualidade de vida elevada dos moradores.\" \/>\n<meta name=\"robots\" content=\"index, follow, max-snippet:-1, max-image-preview:large, max-video-preview:-1\" \/>\n<link rel=\"canonical\" href=\"https:\/\/www.correiobraziliense.com.br\/cbradar\/a-cidade-tranquila-do-interior-que-se-destaca-em-seguranca-e-bem-estar\/\" \/>\n<meta property=\"og:locale\" content=\"pt_BR\" \/>\n<meta property=\"og:type\" content=\"article\" \/>\n<meta property=\"og:title\" content=\"A cidade tranquila do interior que se destaca em seguran\u00e7a e bem-estar - Correio Braziliense - Radar\" \/>\n<meta property=\"og:description\" content=\"Essa cidade do interior impressiona pelos baixos \u00edndices de criminalidade e pela qualidade de vida elevada dos moradores.\" \/>\n<meta property=\"og:url\" content=\"https:\/\/www.correiobraziliense.com.br\/cbradar\/a-cidade-tranquila-do-interior-que-se-destaca-em-seguranca-e-bem-estar\/\" \/>\n<meta property=\"og:site_name\" content=\"Correio Braziliense - Radar\" \/>\n<meta property=\"article:published_time\" content=\"2025-10-23T12:25:00+00:00\" \/>\n<meta property=\"og:image\" content=\"https:\/\/www.correiobraziliense.com.br\/cbradar\/wp-content\/uploads\/2025\/07\/Botucatu-_1752381243887.jpg\" \/>\n\t<meta property=\"og:image:width\" content=\"1280\" \/>\n\t<meta property=\"og:image:height\" content=\"720\" \/>\n\t<meta property=\"og:image:type\" content=\"image\/jpeg\" \/>\n<meta name=\"author\" content=\"Maura Pereira\" \/>\n<meta name=\"twitter:card\" content=\"summary_large_image\" \/>\n<meta name=\"twitter:label1\" content=\"Escrito por\" \/>\n\t<meta name=\"twitter:data1\" content=\"Maura Pereira\" \/>\n\t<meta name=\"twitter:label2\" content=\"Est. tempo de leitura\" \/>\n\t<meta name=\"twitter:data2\" content=\"7 minutos\" \/>\n<!-- \/ Yoast SEO plugin. -->","yoast_head_json":{"title":"A cidade tranquila do interior que se destaca em seguran\u00e7a e bem-estar - Correio Braziliense - Radar","description":"Essa cidade do interior impressiona pelos baixos \u00edndices de criminalidade e pela qualidade de vida elevada dos moradores.","robots":{"index":"index","follow":"follow","max-snippet":"max-snippet:-1","max-image-preview":"max-image-preview:large","max-video-preview":"max-video-preview:-1"},"canonical":"https:\/\/www.correiobraziliense.com.br\/cbradar\/a-cidade-tranquila-do-interior-que-se-destaca-em-seguranca-e-bem-estar\/","og_locale":"pt_BR","og_type":"article","og_title":"A cidade tranquila do interior que se destaca em seguran\u00e7a e bem-estar - Correio Braziliense - Radar","og_description":"Essa cidade do interior impressiona pelos baixos \u00edndices de criminalidade e pela qualidade de vida elevada dos moradores.","og_url":"https:\/\/www.correiobraziliense.com.br\/cbradar\/a-cidade-tranquila-do-interior-que-se-destaca-em-seguranca-e-bem-estar\/","og_site_name":"Correio Braziliense - Radar","article_published_time":"2025-10-23T12:25:00+00:00","og_image":[{"width":1280,"height":720,"url":"https:\/\/www.correiobraziliense.com.br\/cbradar\/wp-content\/uploads\/2025\/07\/Botucatu-_1752381243887.jpg","type":"image\/jpeg"}],"author":"Maura Pereira","twitter_card":"summary_large_image","twitter_misc":{"Escrito por":"Maura Pereira","Est. tempo de leitura":"7 minutos"},"schema":{"@context":"https:\/\/schema.org","@graph":[{"@type":"WebPage","@id":"https:\/\/www.correiobraziliense.com.br\/cbradar\/a-cidade-tranquila-do-interior-que-se-destaca-em-seguranca-e-bem-estar\/","url":"https:\/\/www.correiobraziliense.com.br\/cbradar\/a-cidade-tranquila-do-interior-que-se-destaca-em-seguranca-e-bem-estar\/","name":"A cidade tranquila do interior que se destaca em seguran\u00e7a e bem-estar - Correio Braziliense - Radar","isPartOf":{"@id":"https:\/\/www.correiobraziliense.com.br\/cbradar\/#website"},"primaryImageOfPage":{"@id":"https:\/\/www.correiobraziliense.com.br\/cbradar\/a-cidade-tranquila-do-interior-que-se-destaca-em-seguranca-e-bem-estar\/#primaryimage"},"image":{"@id":"https:\/\/www.correiobraziliense.com.br\/cbradar\/a-cidade-tranquila-do-interior-que-se-destaca-em-seguranca-e-bem-estar\/#primaryimage"},"thumbnailUrl":"https:\/\/www.correiobraziliense.com.br\/cbradar\/wp-content\/uploads\/2025\/07\/Botucatu-_1752381243887.jpg","datePublished":"2025-10-23T12:25:00+00:00","author":{"@id":"https:\/\/www.correiobraziliense.com.br\/cbradar\/#\/schema\/person\/4053c651a9bfc785afc6f4cbc9032fd3"},"description":"Essa cidade do interior impressiona pelos baixos \u00edndices de criminalidade e pela qualidade de vida elevada dos moradores.","breadcrumb":{"@id":"https:\/\/www.correiobraziliense.com.br\/cbradar\/a-cidade-tranquila-do-interior-que-se-destaca-em-seguranca-e-bem-estar\/#breadcrumb"},"inLanguage":"pt-BR","potentialAction":[{"@type":"ReadAction","target":["https:\/\/www.correiobraziliense.com.br\/cbradar\/a-cidade-tranquila-do-interior-que-se-destaca-em-seguranca-e-bem-estar\/"]}]},{"@type":"ImageObject","inLanguage":"pt-BR","@id":"https:\/\/www.correiobraziliense.com.br\/cbradar\/a-cidade-tranquila-do-interior-que-se-destaca-em-seguranca-e-bem-estar\/#primaryimage","url":"https:\/\/www.correiobraziliense.com.br\/cbradar\/wp-content\/uploads\/2025\/07\/Botucatu-_1752381243887.jpg","contentUrl":"https:\/\/www.correiobraziliense.com.br\/cbradar\/wp-content\/uploads\/2025\/07\/Botucatu-_1752381243887.jpg","width":1280,"height":720,"caption":"Botucatu em alta: obras como barragem Rio Pardo e parque Lavap\u00e9s impulsionam desenvolvimento urbano atual. \/\/ Cr\u00e9ditos: depositphotos.com \/ p.turrini"},{"@type":"BreadcrumbList","@id":"https:\/\/www.correiobraziliense.com.br\/cbradar\/a-cidade-tranquila-do-interior-que-se-destaca-em-seguranca-e-bem-estar\/#breadcrumb","itemListElement":[{"@type":"ListItem","position":1,"name":"In\u00edcio","item":"https:\/\/www.correiobraziliense.com.br\/cbradar\/"},{"@type":"ListItem","position":2,"name":"A cidade tranquila do interior que se destaca em seguran\u00e7a e bem-estar"}]},{"@type":"WebSite","@id":"https:\/\/www.correiobraziliense.com.br\/cbradar\/#website","url":"https:\/\/www.correiobraziliense.com.br\/cbradar\/","name":"Correio Braziliense - Radar","description":"Acompanhe as \u00faltimas not\u00edcias e fique bem informado sobre tudo o que acontece no Brasil e no mundo.","potentialAction":[{"@type":"SearchAction","target":{"@type":"EntryPoint","urlTemplate":"https:\/\/www.correiobraziliense.com.br\/cbradar\/?s={search_term_string}"},"query-input":{"@type":"PropertyValueSpecification","valueRequired":true,"valueName":"search_term_string"}}],"inLanguage":"pt-BR"},{"@type":"Person","@id":"https:\/\/www.correiobraziliense.com.br\/cbradar\/#\/schema\/person\/4053c651a9bfc785afc6f4cbc9032fd3","name":"Maura Pereira","image":{"@type":"ImageObject","inLanguage":"pt-BR","@id":"https:\/\/www.correiobraziliense.com.br\/cbradar\/#\/schema\/person\/image\/","url":"https:\/\/secure.gravatar.com\/avatar\/3effd6bdadfa447f15089c7f7144eaa6?s=96&d=mm&r=g","contentUrl":"https:\/\/secure.gravatar.com\/avatar\/3effd6bdadfa447f15089c7f7144eaa6?s=96&d=mm&r=g","caption":"Maura Pereira"},"sameAs":["https:\/\/www.correiobraziliense.com.br\/"],"url":"https:\/\/www.correiobraziliense.com.br\/cbradar\/author\/mauramyth\/"}]}},"_links":{"self":[{"href":"https:\/\/www.correiobraziliense.com.br\/cbradar\/wp-json\/wp\/v2\/posts\/123729","targetHints":{"allow":["GET"]}}],"collection":[{"href":"https:\/\/www.correiobraziliense.com.br\/cbradar\/wp-json\/wp\/v2\/posts"}],"about":[{"href":"https:\/\/www.correiobraziliense.com.br\/cbradar\/wp-json\/wp\/v2\/types\/post"}],"author":[{"embeddable":true,"href":"https:\/\/www.correiobraziliense.com.br\/cbradar\/wp-json\/wp\/v2\/users\/8"}],"replies":[{"embeddable":true,"href":"https:\/\/www.correiobraziliense.com.br\/cbradar\/wp-json\/wp\/v2\/comments?post=123729"}],"version-history":[{"count":12,"href":"https:\/\/www.correiobraziliense.com.br\/cbradar\/wp-json\/wp\/v2\/posts\/123729\/revisions"}],"predecessor-version":[{"id":123838,"href":"https:\/\/www.correiobraziliense.com.br\/cbradar\/wp-json\/wp\/v2\/posts\/123729\/revisions\/123838"}],"wp:featuredmedia":[{"embeddable":true,"href":"https:\/\/www.correiobraziliense.com.br\/cbradar\/wp-json\/wp\/v2\/media\/68872"}],"wp:attachment":[{"href":"https:\/\/www.correiobraziliense.com.br\/cbradar\/wp-json\/wp\/v2\/media?parent=123729"}],"wp:term":[{"taxonomy":"category","embeddable":true,"href":"https:\/\/www.correiobraziliense.com.br\/cbradar\/wp-json\/wp\/v2\/categories?post=123729"},{"taxonomy":"post_tag","embeddable":true,"href":"https:\/\/www.correiobraziliense.com.br\/cbradar\/wp-json\/wp\/v2\/post_tag?post=123729"}],"curies":[{"name":"wp","href":"https:\/\/api.w.org\/{rel}","templated":true}]}}