{"id":123895,"date":"2025-10-23T08:05:00","date_gmt":"2025-10-23T11:05:00","guid":{"rendered":"https:\/\/www.correiobraziliense.com.br\/cbradar\/?p=123895"},"modified":"2025-10-22T19:28:22","modified_gmt":"2025-10-22T22:28:22","slug":"novo-exame-promete-detectar-diabetes-antes-dos-sintomas","status":"publish","type":"post","link":"https:\/\/www.correiobraziliense.com.br\/cbradar\/novo-exame-promete-detectar-diabetes-antes-dos-sintomas\/","title":{"rendered":"Novo exame promete detectar diabetes antes dos sintomas"},"content":{"rendered":"\n<p>A descoberta de novos m\u00e9todos para diagn\u00f3stico precoce do Diabetes representa um avan\u00e7o significativo na medicina preventiva. Pesquisadores da Universidade de Genebra, na Su\u00ed\u00e7a, anunciaram um avan\u00e7o que pode revolucionar a maneira como a Diabetes \u00e9 diagnosticada. Eles identificaram uma mol\u00e9cula cujos n\u00edveis reduzidos no sangue indicam problemas nas c\u00e9lulas respons\u00e1veis pela produ\u00e7\u00e3o de insulina, permitindo que a doen\u00e7a seja detectada antes mesmo de manifestar sintomas. Esta pesquisa poderia transformar o exame de sangue em uma ferramenta crucial na detec\u00e7\u00e3o precoce do diabetes, evitando complica\u00e7\u00f5es que surgem quando a doen\u00e7a n\u00e3o \u00e9 controlada adequadamente.<\/p>\n\n\n\n<p>O diabetes \u00e9 uma condi\u00e7\u00e3o cr\u00f4nica caracterizada pelo aumento da glicose no sangue, geralmente resultante de problemas na produ\u00e7\u00e3o ou funcionamento da insulina. No Brasil, estat\u00edsticas indicam que cerca de 15 milh\u00f5es de adultos convivem com a doen\u00e7a, o que representa quase 10% da popula\u00e7\u00e3o maior de 18 anos. O diabetes tipo 2, que responde por 90% dos casos, \u00e9 geralmente associado a maus h\u00e1bitos de vida, como sedentarismo e m\u00e1 alimenta\u00e7\u00e3o, que tornam o organismo resistente \u00e0 insulina.<\/p>\n\n\n\n<h2 class=\"wp-block-heading\">O que \u00e9 o pr\u00e9-diabetes e como pode ser revertido?<\/h2>\n\n\n\n<p>Antes do diagn\u00f3stico de diabetes, existe uma fase conhecida como pr\u00e9-diabetes. Nesta etapa, o corpo come\u00e7a a apresentar n\u00edveis elevados de glicose no sangue e redu\u00e7\u00e3o das c\u00e9lulas beta, respons\u00e1veis pela secre\u00e7\u00e3o de insulina. Identificar o pr\u00e9-diabetes de maneira tempestiva possibilita reverter esse estado, prevenindo a progress\u00e3o para diabetes completo. No entanto, a transi\u00e7\u00e3o do pr\u00e9-diabetes para o diabetes \u00e9 complexa de detectar apenas com os m\u00e9todos tradicionais.<\/p>\n\n\n\n<h2 class=\"wp-block-heading\">Como a nova descoberta pode melhorar o diagn\u00f3stico precoce?<\/h2>\n\n\n\n<p>A estrat\u00e9gia inovadora proposta pelos pesquisadores da UNIGE consiste em encontrar uma mol\u00e9cula cujos n\u00edveis no sangue est\u00e3o associados \u00e0 massa funcional das c\u00e9lulas beta. Tal abordagem permite detectar altera\u00e7\u00f5es precoces, possivelmente antes do aparecimento dos sintomas cl\u00e1ssicos do diabetes. A identifica\u00e7\u00e3o dessas altera\u00e7\u00f5es moleculares nos est\u00e1gios iniciais pode abrir novos caminhos para o tratamento preventivo da doen\u00e7a em indiv\u00edduos de <a href=\"https:\/\/www.correiobraziliense.com.br\/cbradar\/agua-com-gas-emagrece-mesmo-ou-e-so-um-mito-moderno\/\" target=\"_blank\" rel=\"noreferrer noopener\">risco<\/a>.<\/p>\n\n\n\n<h2 class=\"wp-block-heading\">Sedentarismo e o aumento dos casos de diabetes tipo 2<\/h2>\n\n\n\n<p>A pandemia intensificou o problema do sedentarismo, contribuindo para um aumento expressivo nos casos de diabetes tipo 2. Um estudo realizado pela Universidade Estadual Paulista (Unesp) correlaciona a redu\u00e7\u00e3o da atividade f\u00edsica durante esse per\u00edodo com o registro de 11,1 milh\u00f5es de novos casos anuais de diabetes tipo 2, al\u00e9m de impactar em 1,7 milh\u00e3o de \u00f3bitos. Estes dados ressaltam a import\u00e2ncia de adotar um estilo de vida mais ativo para mitigar os riscos associados ao desenvolvimento da doen\u00e7a.<\/p>\n\n\n\n<figure class=\"wp-block-image aligncenter size-large\"><img decoding=\"async\" width=\"1024\" height=\"576\" src=\"https:\/\/www.correiobraziliense.com.br\/cbradar\/wp-content\/uploads\/2025\/05\/diabetes_1746902318292-1024x576.jpg\" alt=\"\" class=\"wp-image-35094\" srcset=\"https:\/\/www.correiobraziliense.com.br\/cbradar\/wp-content\/uploads\/2025\/05\/diabetes_1746902318292-1024x576.jpg 1024w, https:\/\/www.correiobraziliense.com.br\/cbradar\/wp-content\/uploads\/2025\/05\/diabetes_1746902318292-300x169.jpg 300w, https:\/\/www.correiobraziliense.com.br\/cbradar\/wp-content\/uploads\/2025\/05\/diabetes_1746902318292-768x432.jpg 768w, https:\/\/www.correiobraziliense.com.br\/cbradar\/wp-content\/uploads\/2025\/05\/diabetes_1746902318292-750x422.jpg 750w, https:\/\/www.correiobraziliense.com.br\/cbradar\/wp-content\/uploads\/2025\/05\/diabetes_1746902318292-1140x641.jpg 1140w, https:\/\/www.correiobraziliense.com.br\/cbradar\/wp-content\/uploads\/2025\/05\/diabetes_1746902318292.jpg 1280w\" sizes=\"(max-width: 1024px) 100vw, 1024px\" \/><figcaption class=\"wp-element-caption\">Os sintomas noturnos do diabetes que podem mudar sua vida &#8211; Cr\u00e9ditos: depositphotos.com \/ EdZbarzhyvetsky\n\n<\/figcaption><\/figure>\n\n\n\n<h2 class=\"wp-block-heading\">Quais s\u00e3o as estrat\u00e9gias para combater o sedentarismo e prevenir o diabetes?<\/h2>\n\n\n\n<p>Adotar mudan\u00e7as simples na rotina pode ter efeitos surpreendentes na preven\u00e7\u00e3o do diabetes. Algumas estrat\u00e9gias incluem:<\/p>\n\n\n\n<ul class=\"wp-block-list\">\n<li><strong>Movimentar-se no trabalho:<\/strong>\u00a0Levantar a cada 30 minutos para realizar atividades leves, como caminhar ou subir escadas, pode ser ben\u00e9fico.<\/li>\n\n\n\n<li><strong>Controlar a alimenta\u00e7\u00e3o:<\/strong>\u00a0Planejar refei\u00e7\u00f5es saud\u00e1veis ajuda a manter uma dieta equilibrada, mesmo em uma agenda atribulada.<\/li>\n\n\n\n<li><strong>Uso de meias de compress\u00e3o:<\/strong>\u00a0Pode melhorar a circula\u00e7\u00e3o sangu\u00ednea, reduzindo incha\u00e7os e sensa\u00e7\u00e3o de peso nas pernas.<\/li>\n\n\n\n<li><strong>Praticar exerc\u00edcios:<\/strong>\u00a0Exerc\u00edcios f\u00edsicos regulares s\u00e3o fundamentais para gerenciar e prevenir o diabetes tipo 2.<\/li>\n<\/ul>\n\n\n\n<p>O foco em interven\u00e7\u00f5es precoces e estilo de vida saud\u00e1vel destaca a import\u00e2ncia de estrat\u00e9gias proativas no manejo do diabetes, refor\u00e7ando que medidas preventivas podem ser mais eficazes do que tratamentos tardios.<\/p>\n\n\n<a href=\"https:\/\/www.instagram.com\/dra.annaluisabf\/\" target=\"_blank\" rel=\"noopener\" style=\"text-decoration: none; color: inherit;\">\n    <span style=\"display: inline-block; border: 1px solid #ccc; border-radius: 10px; padding: 15px; max-width: 550px; font-family: sans-serif; box-shadow: 0 2px 5px rgba(0,0,0,0.1); width: 100%;\">\n\n      <!-- T\u00edtulo -->\n      <span style=\"display: block; margin: 0 0 15px 0; font-weight: bold; color: #2c3e50; text-align: center;\">\n        Entre em contato:\n      <\/span>\n\n      <!-- Linha do perfil -->\n      <span style=\"display: flex; align-items: center; gap: 15px;\">\n        <img decoding=\"async\"\n          src=\"https:\/\/www.correiobraziliense.com.br\/cbradar\/wp-content\/uploads\/2025\/08\/dra_anna_luisa.jpeg\"\n          alt=\"Foto da Dra. Anna Lu\u00edsa\"\n          style=\"border-radius: 50%; width: 80px; height: 80px; object-fit: cover;\"\n        \/>\n        <span style=\"display: flex; flex-direction: column;\">\n          <span style=\"font-size: 18px; font-weight: 700; color: #2c3e50;\">Dra. Anna Lu\u00edsa Barbosa Fernandes<\/span>\n          <span style=\"color: #555;\">CRM-GO 33.271<\/span>\n        <\/span>\n      <\/span>\n\n      <!-- Redes -->\n      <span style=\"display: flex; align-items: center; gap: 10px; margin-top: 12px;\">\n        <img decoding=\"async\" src=\"https:\/\/cdn-icons-png.flaticon.com\/24\/1384\/1384063.png\" alt=\"Instagram\" width=\"24\" height=\"24\" \/>\n        <span style=\"text-decoration: underline; color: #2c3e50;\">@dra.annaluisabf<\/span>\n      <\/span>\n\n    <\/span>\n  <\/a>","protected":false},"excerpt":{"rendered":"<p>A descoberta de novos m\u00e9todos para diagn\u00f3stico precoce do Diabetes representa um avan\u00e7o significativo na medicina preventiva. Pesquisadores da Universidade de Genebra, na Su\u00ed\u00e7a, anunciaram um avan\u00e7o que pode revolucionar a maneira como a Diabetes \u00e9 diagnosticada. Eles identificaram uma mol\u00e9cula cujos n\u00edveis reduzidos no sangue indicam problemas nas c\u00e9lulas respons\u00e1veis pela produ\u00e7\u00e3o de insulina, [&hellip;]<\/p>\n","protected":false},"author":14,"featured_media":35093,"comment_status":"open","ping_status":"open","sticky":false,"template":"","format":"standard","meta":{"jnews-multi-image_gallery":[],"jnews_single_post":{"format":"standard"},"jnews_primary_category":[],"jnews_social_meta":[],"jnews_override_counter":[],"footnotes":""},"categories":[4404],"post_tag":[281,120,1318],"class_list":["post-123895","post","type-post","status-publish","format-standard","has-post-thumbnail","hentry","category-saude","tag-alimentacao","tag-bem-estar","tag-saude-2"],"yoast_head":"<!-- This site is optimized with the Yoast SEO plugin v24.6 - https:\/\/yoast.com\/wordpress\/plugins\/seo\/ -->\n<title>Novo exame promete detectar diabetes antes dos sintomas - Correio Braziliense - Radar<\/title>\n<meta name=\"description\" content=\"Estudo su\u00ed\u00e7o identifica mol\u00e9cula que indica risco de diabetes antes dos sintomas. Saiba como a descoberta pode transformar o diagn\u00f3stico precoce.\" \/>\n<meta name=\"robots\" content=\"index, follow, max-snippet:-1, max-image-preview:large, max-video-preview:-1\" \/>\n<link rel=\"canonical\" href=\"https:\/\/www.correiobraziliense.com.br\/cbradar\/novo-exame-promete-detectar-diabetes-antes-dos-sintomas\/\" \/>\n<meta property=\"og:locale\" content=\"pt_BR\" \/>\n<meta property=\"og:type\" content=\"article\" \/>\n<meta property=\"og:title\" content=\"Novo exame promete detectar diabetes antes dos sintomas - Correio Braziliense - Radar\" \/>\n<meta property=\"og:description\" content=\"Estudo su\u00ed\u00e7o identifica mol\u00e9cula que indica risco de diabetes antes dos sintomas. Saiba como a descoberta pode transformar o diagn\u00f3stico precoce.\" \/>\n<meta property=\"og:url\" content=\"https:\/\/www.correiobraziliense.com.br\/cbradar\/novo-exame-promete-detectar-diabetes-antes-dos-sintomas\/\" \/>\n<meta property=\"og:site_name\" content=\"Correio Braziliense - Radar\" \/>\n<meta property=\"article:published_time\" content=\"2025-10-23T11:05:00+00:00\" \/>\n<meta property=\"og:image\" content=\"https:\/\/www.correiobraziliense.com.br\/cbradar\/wp-content\/uploads\/2025\/05\/diabetes_1746902187734.jpg\" \/>\n\t<meta property=\"og:image:width\" content=\"1280\" \/>\n\t<meta property=\"og:image:height\" content=\"720\" \/>\n\t<meta property=\"og:image:type\" content=\"image\/jpeg\" \/>\n<meta name=\"author\" content=\"guilherme_saude\" \/>\n<meta name=\"twitter:card\" content=\"summary_large_image\" \/>\n<meta name=\"twitter:label1\" content=\"Escrito por\" \/>\n\t<meta name=\"twitter:data1\" content=\"guilherme_saude\" \/>\n\t<meta name=\"twitter:label2\" content=\"Est. tempo de leitura\" \/>\n\t<meta name=\"twitter:data2\" content=\"4 minutos\" \/>\n<!-- \/ Yoast SEO plugin. -->","yoast_head_json":{"title":"Novo exame promete detectar diabetes antes dos sintomas - Correio Braziliense - Radar","description":"Estudo su\u00ed\u00e7o identifica mol\u00e9cula que indica risco de diabetes antes dos sintomas. Saiba como a descoberta pode transformar o diagn\u00f3stico precoce.","robots":{"index":"index","follow":"follow","max-snippet":"max-snippet:-1","max-image-preview":"max-image-preview:large","max-video-preview":"max-video-preview:-1"},"canonical":"https:\/\/www.correiobraziliense.com.br\/cbradar\/novo-exame-promete-detectar-diabetes-antes-dos-sintomas\/","og_locale":"pt_BR","og_type":"article","og_title":"Novo exame promete detectar diabetes antes dos sintomas - Correio Braziliense - Radar","og_description":"Estudo su\u00ed\u00e7o identifica mol\u00e9cula que indica risco de diabetes antes dos sintomas. Saiba como a descoberta pode transformar o diagn\u00f3stico precoce.","og_url":"https:\/\/www.correiobraziliense.com.br\/cbradar\/novo-exame-promete-detectar-diabetes-antes-dos-sintomas\/","og_site_name":"Correio Braziliense - Radar","article_published_time":"2025-10-23T11:05:00+00:00","og_image":[{"width":1280,"height":720,"url":"https:\/\/www.correiobraziliense.com.br\/cbradar\/wp-content\/uploads\/2025\/05\/diabetes_1746902187734.jpg","type":"image\/jpeg"}],"author":"guilherme_saude","twitter_card":"summary_large_image","twitter_misc":{"Escrito por":"guilherme_saude","Est. tempo de leitura":"4 minutos"},"schema":{"@context":"https:\/\/schema.org","@graph":[{"@type":"WebPage","@id":"https:\/\/www.correiobraziliense.com.br\/cbradar\/novo-exame-promete-detectar-diabetes-antes-dos-sintomas\/","url":"https:\/\/www.correiobraziliense.com.br\/cbradar\/novo-exame-promete-detectar-diabetes-antes-dos-sintomas\/","name":"Novo exame promete detectar diabetes antes dos sintomas - Correio Braziliense - Radar","isPartOf":{"@id":"https:\/\/www.correiobraziliense.com.br\/cbradar\/#website"},"primaryImageOfPage":{"@id":"https:\/\/www.correiobraziliense.com.br\/cbradar\/novo-exame-promete-detectar-diabetes-antes-dos-sintomas\/#primaryimage"},"image":{"@id":"https:\/\/www.correiobraziliense.com.br\/cbradar\/novo-exame-promete-detectar-diabetes-antes-dos-sintomas\/#primaryimage"},"thumbnailUrl":"https:\/\/www.correiobraziliense.com.br\/cbradar\/wp-content\/uploads\/2025\/05\/diabetes_1746902187734.jpg","datePublished":"2025-10-23T11:05:00+00:00","author":{"@id":"https:\/\/www.correiobraziliense.com.br\/cbradar\/#\/schema\/person\/5aa4bf3c8fa699c267933611de12978b"},"description":"Estudo su\u00ed\u00e7o identifica mol\u00e9cula que indica risco de diabetes antes dos sintomas. Saiba como a descoberta pode transformar o diagn\u00f3stico precoce.","breadcrumb":{"@id":"https:\/\/www.correiobraziliense.com.br\/cbradar\/novo-exame-promete-detectar-diabetes-antes-dos-sintomas\/#breadcrumb"},"inLanguage":"pt-BR","potentialAction":[{"@type":"ReadAction","target":["https:\/\/www.correiobraziliense.com.br\/cbradar\/novo-exame-promete-detectar-diabetes-antes-dos-sintomas\/"]}]},{"@type":"ImageObject","inLanguage":"pt-BR","@id":"https:\/\/www.correiobraziliense.com.br\/cbradar\/novo-exame-promete-detectar-diabetes-antes-dos-sintomas\/#primaryimage","url":"https:\/\/www.correiobraziliense.com.br\/cbradar\/wp-content\/uploads\/2025\/05\/diabetes_1746902187734.jpg","contentUrl":"https:\/\/www.correiobraziliense.com.br\/cbradar\/wp-content\/uploads\/2025\/05\/diabetes_1746902187734.jpg","width":1280,"height":720,"caption":"O que seu corpo est\u00e1 tentando te contar sobre o diabetes - Cr\u00e9ditos: depositphotos.com \/ VadimVasenin"},{"@type":"BreadcrumbList","@id":"https:\/\/www.correiobraziliense.com.br\/cbradar\/novo-exame-promete-detectar-diabetes-antes-dos-sintomas\/#breadcrumb","itemListElement":[{"@type":"ListItem","position":1,"name":"In\u00edcio","item":"https:\/\/www.correiobraziliense.com.br\/cbradar\/"},{"@type":"ListItem","position":2,"name":"Novo exame promete detectar diabetes antes dos sintomas"}]},{"@type":"WebSite","@id":"https:\/\/www.correiobraziliense.com.br\/cbradar\/#website","url":"https:\/\/www.correiobraziliense.com.br\/cbradar\/","name":"Correio Braziliense - Radar","description":"Acompanhe as \u00faltimas not\u00edcias e fique bem informado sobre tudo o que acontece no Brasil e no mundo.","potentialAction":[{"@type":"SearchAction","target":{"@type":"EntryPoint","urlTemplate":"https:\/\/www.correiobraziliense.com.br\/cbradar\/?s={search_term_string}"},"query-input":{"@type":"PropertyValueSpecification","valueRequired":true,"valueName":"search_term_string"}}],"inLanguage":"pt-BR"},{"@type":"Person","@id":"https:\/\/www.correiobraziliense.com.br\/cbradar\/#\/schema\/person\/5aa4bf3c8fa699c267933611de12978b","name":"guilherme_saude","image":{"@type":"ImageObject","inLanguage":"pt-BR","@id":"https:\/\/www.correiobraziliense.com.br\/cbradar\/#\/schema\/person\/image\/","url":"https:\/\/secure.gravatar.com\/avatar\/df9adfb835d344bc0af109d41756253f?s=96&d=mm&r=g","contentUrl":"https:\/\/secure.gravatar.com\/avatar\/df9adfb835d344bc0af109d41756253f?s=96&d=mm&r=g","caption":"guilherme_saude"},"url":"https:\/\/www.correiobraziliense.com.br\/cbradar\/author\/guilherme_saude\/"}]}},"_links":{"self":[{"href":"https:\/\/www.correiobraziliense.com.br\/cbradar\/wp-json\/wp\/v2\/posts\/123895","targetHints":{"allow":["GET"]}}],"collection":[{"href":"https:\/\/www.correiobraziliense.com.br\/cbradar\/wp-json\/wp\/v2\/posts"}],"about":[{"href":"https:\/\/www.correiobraziliense.com.br\/cbradar\/wp-json\/wp\/v2\/types\/post"}],"author":[{"embeddable":true,"href":"https:\/\/www.correiobraziliense.com.br\/cbradar\/wp-json\/wp\/v2\/users\/14"}],"replies":[{"embeddable":true,"href":"https:\/\/www.correiobraziliense.com.br\/cbradar\/wp-json\/wp\/v2\/comments?post=123895"}],"version-history":[{"count":1,"href":"https:\/\/www.correiobraziliense.com.br\/cbradar\/wp-json\/wp\/v2\/posts\/123895\/revisions"}],"predecessor-version":[{"id":123900,"href":"https:\/\/www.correiobraziliense.com.br\/cbradar\/wp-json\/wp\/v2\/posts\/123895\/revisions\/123900"}],"wp:featuredmedia":[{"embeddable":true,"href":"https:\/\/www.correiobraziliense.com.br\/cbradar\/wp-json\/wp\/v2\/media\/35093"}],"wp:attachment":[{"href":"https:\/\/www.correiobraziliense.com.br\/cbradar\/wp-json\/wp\/v2\/media?parent=123895"}],"wp:term":[{"taxonomy":"category","embeddable":true,"href":"https:\/\/www.correiobraziliense.com.br\/cbradar\/wp-json\/wp\/v2\/categories?post=123895"},{"taxonomy":"post_tag","embeddable":true,"href":"https:\/\/www.correiobraziliense.com.br\/cbradar\/wp-json\/wp\/v2\/post_tag?post=123895"}],"curies":[{"name":"wp","href":"https:\/\/api.w.org\/{rel}","templated":true}]}}