{"id":123901,"date":"2025-10-23T13:25:00","date_gmt":"2025-10-23T16:25:00","guid":{"rendered":"https:\/\/www.correiobraziliense.com.br\/cbradar\/?p=123901"},"modified":"2025-10-22T20:16:07","modified_gmt":"2025-10-22T23:16:07","slug":"como-terapias-integrativas-promovem-saude-e-energia","status":"publish","type":"post","link":"https:\/\/www.correiobraziliense.com.br\/cbradar\/como-terapias-integrativas-promovem-saude-e-energia\/","title":{"rendered":"Como terapias integrativas promovem sa\u00fade e energia"},"content":{"rendered":"\n<p>As <strong>Terapias integrativas<\/strong> est\u00e3o ganhando cada vez mais destaque no cen\u00e1rio atual como abordagens que promovem o bem-estar do corpo e da mente de maneira natural e sustent\u00e1vel. Possuem suas ra\u00edzes na medicina tradicional chinesa e buscam equilibrar as energias do organismo enquanto previnem problemas de sa\u00fade. Um dos m\u00e9todos mais reconhecidos, a acupuntura, ilustra bem essa pr\u00e1tica milenar ao restabelecer o fluxo da\u00a0<em>energia vital<\/em>\u00a0e garantir harmonia entre o f\u00edsico e o mental.<\/p>\n\n\n\n<p>Ao contr\u00e1rio do que muitos pensam, a acupuntura n\u00e3o \u00e9 utilizada apenas para aliviar dores f\u00edsicas. Sua principal fun\u00e7\u00e3o \u00e9 liberar bloqueios no corpo, contribuindo para a preven\u00e7\u00e3o de doen\u00e7as f\u00edsicas e mentais antes de se manifestarem. Isso leva \u00e0 emerg\u00eancia de pr\u00e1ticas que v\u00e3o al\u00e9m do mero tratamento do sintoma, buscando uma manuten\u00e7\u00e3o completa da vitalidade do indiv\u00edduo.<\/p>\n\n\n\n<h2 class=\"wp-block-heading\">Quais s\u00e3o os benef\u00edcios das Terapias integrativas?<\/h2>\n\n\n\n<p>A incorpora\u00e7\u00e3o de terapias como a acupuntura com m\u00e9todos complementares como reiki, cristaloterapia e cromoterapia tem potencializado os resultados esperados. Quando associadas, essas t\u00e9cnicas oferecem uma experi\u00eancia de reequil\u00edbrio hol\u00edstico, cuidando n\u00e3o s\u00f3 do f\u00edsico mas tamb\u00e9m da mente e da energia. Essa abordagem respeita o ritmo individual e suas necessidades, evitando que o foco seja apenas no al\u00edvio dos sintomas, mas sim na preven\u00e7\u00e3o e fortalecimento da sa\u00fade integral.<\/p>\n\n\n\n<h2 class=\"wp-block-heading\">Como come\u00e7ar a implementar essas pr\u00e1ticas no dia a dia?<\/h2>\n\n\n\n<p>Para quem deseja iniciar nesse universo, o primeiro passo \u00e9 observar-se e identificar sinais de cansa\u00e7o, estresse ou desconex\u00e3o. A implementa\u00e7\u00e3o das pr\u00e1ticas n\u00e3o requer a\u00e7\u00f5es dr\u00e1sticas: pequenas mudan\u00e7as podem ser feitas gradualmente. Para auxiliar, seguem algumas dicas pr\u00e1ticas:<\/p>\n\n\n<div class=\"wp-block-image\">\n<figure class=\"aligncenter size-large\"><img decoding=\"async\" width=\"1024\" height=\"576\" src=\"https:\/\/www.correiobraziliense.com.br\/cbradar\/wp-content\/uploads\/2025\/10\/Acupuntura_1761173495065-1024x576.jpg\" alt=\"\" class=\"wp-image-123913\" srcset=\"https:\/\/www.correiobraziliense.com.br\/cbradar\/wp-content\/uploads\/2025\/10\/Acupuntura_1761173495065-1024x576.jpg 1024w, https:\/\/www.correiobraziliense.com.br\/cbradar\/wp-content\/uploads\/2025\/10\/Acupuntura_1761173495065-300x169.jpg 300w, https:\/\/www.correiobraziliense.com.br\/cbradar\/wp-content\/uploads\/2025\/10\/Acupuntura_1761173495065-768x432.jpg 768w, https:\/\/www.correiobraziliense.com.br\/cbradar\/wp-content\/uploads\/2025\/10\/Acupuntura_1761173495065-750x422.jpg 750w, https:\/\/www.correiobraziliense.com.br\/cbradar\/wp-content\/uploads\/2025\/10\/Acupuntura_1761173495065-1140x641.jpg 1140w, https:\/\/www.correiobraziliense.com.br\/cbradar\/wp-content\/uploads\/2025\/10\/Acupuntura_1761173495065.jpg 1280w\" sizes=\"(max-width: 1024px) 100vw, 1024px\" \/><figcaption class=\"wp-element-caption\">Acupuntura &#8211; Cr\u00e9ditos: depositphotos.com \/ VitalikRadko<\/figcaption><\/figure><\/div>\n\n\n<ul class=\"wp-block-list\">\n<li>Perceba os sinais do corpo e da mente para n\u00e3o deixar os problemas se agravarem.<\/li>\n\n\n\n<li>Considere sess\u00f5es semanais de terapias como acupuntura e reiki.<\/li>\n\n\n\n<li>Introduza cristais, aromas e cores no ambiente para estimular energias positivas.<\/li>\n\n\n\n<li>Reserve momentos di\u00e1rios para respira\u00e7\u00e3o consciente e medita\u00e7\u00e3o.<\/li>\n\n\n\n<li>Lembre-se de que a preven\u00e7\u00e3o \u00e9 t\u00e3o importante quanto o tratamento.<\/li>\n<\/ul>\n\n\n\n<h2 class=\"wp-block-heading\">Por que integrar diferentes terapias?<\/h2>\n\n\n\n<p>Atualmente, integrar diversas terapias em uma mesma sess\u00e3o tem atra\u00eddo adeptos, pois proporciona um cuidado mais amplo e personalizado. Utilizar cristais em conjunto com cores e aromas, por exemplo, refor\u00e7a o potencial de cura e bem-estar di\u00e1rio. Essas pr\u00e1ticas n\u00e3o s\u00e3o apenas t\u00e9cnicas, mas um convite cont\u00ednuo para um olhar atento e carinhoso sobre si mesmo. Elas proporcionam mais vitalidade, leveza e harmonia, criando um impacto duradouro em todos os aspectos da vida. O objetivo de tais pr\u00e1ticas \u00e9 alcan\u00e7ar o equil\u00edbrio interno, permitindo um viver consciente e integral.<\/p>\n\n\n\n<p>Com o tempo e a pr\u00e1tica, as Terapias integrativas t\u00eam se mostrado n\u00e3o apenas uma tend\u00eancia passageira, mas sim uma abordagem eficaz e sustent\u00e1vel para manter a <a href=\"https:\/\/www.correiobraziliense.com.br\/cbradar\/agua-com-gas-emagrece-mesmo-ou-e-so-um-mito-moderno\/\" target=\"_blank\" rel=\"noreferrer noopener\">sa\u00fade <\/a>e a vitalidade. Atrav\u00e9s do autoconhecimento e da harmoniza\u00e7\u00e3o da energia vital, \u00e9 poss\u00edvel experimentar uma transforma\u00e7\u00e3o que transcende o aspecto f\u00edsico, alcan\u00e7ando tamb\u00e9m o emocional e o espiritual. E assim, ao investir em si mesmo, as pessoas encontram a verdadeira ess\u00eancia do cuidado integral.<\/p>\n\n\n<a href=\"https:\/\/www.instagram.com\/dra.annaluisabf\/\" target=\"_blank\" rel=\"noopener\" style=\"text-decoration: none; color: inherit;\">\n    <span style=\"display: inline-block; border: 1px solid #ccc; border-radius: 10px; padding: 15px; max-width: 550px; font-family: sans-serif; box-shadow: 0 2px 5px rgba(0,0,0,0.1); width: 100%;\">\n\n      <!-- T\u00edtulo -->\n      <span style=\"display: block; margin: 0 0 15px 0; font-weight: bold; color: #2c3e50; text-align: center;\">\n        Entre em contato:\n      <\/span>\n\n      <!-- Linha do perfil -->\n      <span style=\"display: flex; align-items: center; gap: 15px;\">\n        <img decoding=\"async\"\n          src=\"https:\/\/www.correiobraziliense.com.br\/cbradar\/wp-content\/uploads\/2025\/08\/dra_anna_luisa.jpeg\"\n          alt=\"Foto da Dra. Anna Lu\u00edsa\"\n          style=\"border-radius: 50%; width: 80px; height: 80px; object-fit: cover;\"\n        \/>\n        <span style=\"display: flex; flex-direction: column;\">\n          <span style=\"font-size: 18px; font-weight: 700; color: #2c3e50;\">Dra. Anna Lu\u00edsa Barbosa Fernandes<\/span>\n          <span style=\"color: #555;\">CRM-GO 33.271<\/span>\n        <\/span>\n      <\/span>\n\n      <!-- Redes -->\n      <span style=\"display: flex; align-items: center; gap: 10px; margin-top: 12px;\">\n        <img decoding=\"async\" src=\"https:\/\/cdn-icons-png.flaticon.com\/24\/1384\/1384063.png\" alt=\"Instagram\" width=\"24\" height=\"24\" \/>\n        <span style=\"text-decoration: underline; color: #2c3e50;\">@dra.annaluisabf<\/span>\n      <\/span>\n\n    <\/span>\n  <\/a>","protected":false},"excerpt":{"rendered":"<p>As Terapias integrativas est\u00e3o ganhando cada vez mais destaque no cen\u00e1rio atual como abordagens que promovem o bem-estar do corpo e da mente de maneira natural e sustent\u00e1vel. Possuem suas ra\u00edzes na medicina tradicional chinesa e buscam equilibrar as energias do organismo enquanto previnem problemas de sa\u00fade. Um dos m\u00e9todos mais reconhecidos, a acupuntura, ilustra [&hellip;]<\/p>\n","protected":false},"author":14,"featured_media":123911,"comment_status":"open","ping_status":"open","sticky":false,"template":"","format":"standard","meta":{"_yoast_wpseo_focuskw":"Terapias integrativas","_yoast_wpseo_title":"","_yoast_wpseo_metadesc":"Terapias integrativas v\u00e3o al\u00e9m do al\u00edvio de sintomas. Promovem bem-estar, preven\u00e7\u00e3o e harmonia entre corpo e mente.","jnews-multi-image_gallery":[],"jnews_single_post":{"format":"standard"},"jnews_primary_category":[],"jnews_social_meta":[],"jnews_override_counter":[],"footnotes":""},"categories":[1],"post_tag":[],"class_list":["post-123901","post","type-post","status-publish","format-standard","has-post-thumbnail","hentry","category-uncategorized"],"yoast_head":"<!-- This site is optimized with the Yoast SEO plugin v24.6 - https:\/\/yoast.com\/wordpress\/plugins\/seo\/ -->\n<title>Como terapias integrativas promovem sa\u00fade e energia - Correio Braziliense - Radar<\/title>\n<meta name=\"description\" content=\"Terapias integrativas v\u00e3o al\u00e9m do al\u00edvio de sintomas. Promovem bem-estar, preven\u00e7\u00e3o e harmonia entre corpo e mente.\" \/>\n<meta name=\"robots\" content=\"index, follow, max-snippet:-1, max-image-preview:large, max-video-preview:-1\" \/>\n<link rel=\"canonical\" href=\"https:\/\/www.correiobraziliense.com.br\/cbradar\/como-terapias-integrativas-promovem-saude-e-energia\/\" \/>\n<meta property=\"og:locale\" content=\"pt_BR\" \/>\n<meta property=\"og:type\" content=\"article\" \/>\n<meta property=\"og:title\" content=\"Como terapias integrativas promovem sa\u00fade e energia - Correio Braziliense - Radar\" \/>\n<meta property=\"og:description\" content=\"Terapias integrativas v\u00e3o al\u00e9m do al\u00edvio de sintomas. Promovem bem-estar, preven\u00e7\u00e3o e harmonia entre corpo e mente.\" \/>\n<meta property=\"og:url\" content=\"https:\/\/www.correiobraziliense.com.br\/cbradar\/como-terapias-integrativas-promovem-saude-e-energia\/\" \/>\n<meta property=\"og:site_name\" content=\"Correio Braziliense - Radar\" \/>\n<meta property=\"article:published_time\" content=\"2025-10-23T16:25:00+00:00\" \/>\n<meta property=\"og:image\" content=\"https:\/\/www.correiobraziliense.com.br\/cbradar\/wp-content\/uploads\/2025\/10\/Terapias-_1761173427415.jpg\" \/>\n\t<meta property=\"og:image:width\" content=\"1280\" \/>\n\t<meta property=\"og:image:height\" content=\"720\" \/>\n\t<meta property=\"og:image:type\" content=\"image\/jpeg\" \/>\n<meta name=\"author\" content=\"guilherme_saude\" \/>\n<meta name=\"twitter:card\" content=\"summary_large_image\" \/>\n<meta name=\"twitter:label1\" content=\"Escrito por\" \/>\n\t<meta name=\"twitter:data1\" content=\"guilherme_saude\" \/>\n\t<meta name=\"twitter:label2\" content=\"Est. tempo de leitura\" \/>\n\t<meta name=\"twitter:data2\" content=\"4 minutos\" \/>\n<!-- \/ Yoast SEO plugin. -->","yoast_head_json":{"title":"Como terapias integrativas promovem sa\u00fade e energia - Correio Braziliense - Radar","description":"Terapias integrativas v\u00e3o al\u00e9m do al\u00edvio de sintomas. Promovem bem-estar, preven\u00e7\u00e3o e harmonia entre corpo e mente.","robots":{"index":"index","follow":"follow","max-snippet":"max-snippet:-1","max-image-preview":"max-image-preview:large","max-video-preview":"max-video-preview:-1"},"canonical":"https:\/\/www.correiobraziliense.com.br\/cbradar\/como-terapias-integrativas-promovem-saude-e-energia\/","og_locale":"pt_BR","og_type":"article","og_title":"Como terapias integrativas promovem sa\u00fade e energia - Correio Braziliense - Radar","og_description":"Terapias integrativas v\u00e3o al\u00e9m do al\u00edvio de sintomas. Promovem bem-estar, preven\u00e7\u00e3o e harmonia entre corpo e mente.","og_url":"https:\/\/www.correiobraziliense.com.br\/cbradar\/como-terapias-integrativas-promovem-saude-e-energia\/","og_site_name":"Correio Braziliense - Radar","article_published_time":"2025-10-23T16:25:00+00:00","og_image":[{"width":1280,"height":720,"url":"https:\/\/www.correiobraziliense.com.br\/cbradar\/wp-content\/uploads\/2025\/10\/Terapias-_1761173427415.jpg","type":"image\/jpeg"}],"author":"guilherme_saude","twitter_card":"summary_large_image","twitter_misc":{"Escrito por":"guilherme_saude","Est. tempo de leitura":"4 minutos"},"schema":{"@context":"https:\/\/schema.org","@graph":[{"@type":"WebPage","@id":"https:\/\/www.correiobraziliense.com.br\/cbradar\/como-terapias-integrativas-promovem-saude-e-energia\/","url":"https:\/\/www.correiobraziliense.com.br\/cbradar\/como-terapias-integrativas-promovem-saude-e-energia\/","name":"Como terapias integrativas promovem sa\u00fade e energia - Correio Braziliense - Radar","isPartOf":{"@id":"https:\/\/www.correiobraziliense.com.br\/cbradar\/#website"},"primaryImageOfPage":{"@id":"https:\/\/www.correiobraziliense.com.br\/cbradar\/como-terapias-integrativas-promovem-saude-e-energia\/#primaryimage"},"image":{"@id":"https:\/\/www.correiobraziliense.com.br\/cbradar\/como-terapias-integrativas-promovem-saude-e-energia\/#primaryimage"},"thumbnailUrl":"https:\/\/www.correiobraziliense.com.br\/cbradar\/wp-content\/uploads\/2025\/10\/Terapias-_1761173427415.jpg","datePublished":"2025-10-23T16:25:00+00:00","author":{"@id":"https:\/\/www.correiobraziliense.com.br\/cbradar\/#\/schema\/person\/5aa4bf3c8fa699c267933611de12978b"},"description":"Terapias integrativas v\u00e3o al\u00e9m do al\u00edvio de sintomas. Promovem bem-estar, preven\u00e7\u00e3o e harmonia entre corpo e mente.","breadcrumb":{"@id":"https:\/\/www.correiobraziliense.com.br\/cbradar\/como-terapias-integrativas-promovem-saude-e-energia\/#breadcrumb"},"inLanguage":"pt-BR","potentialAction":[{"@type":"ReadAction","target":["https:\/\/www.correiobraziliense.com.br\/cbradar\/como-terapias-integrativas-promovem-saude-e-energia\/"]}]},{"@type":"ImageObject","inLanguage":"pt-BR","@id":"https:\/\/www.correiobraziliense.com.br\/cbradar\/como-terapias-integrativas-promovem-saude-e-energia\/#primaryimage","url":"https:\/\/www.correiobraziliense.com.br\/cbradar\/wp-content\/uploads\/2025\/10\/Terapias-_1761173427415.jpg","contentUrl":"https:\/\/www.correiobraziliense.com.br\/cbradar\/wp-content\/uploads\/2025\/10\/Terapias-_1761173427415.jpg","width":1280,"height":720,"caption":"Terapias integrativas - Cr\u00e9ditos: depositphotos.com \/ shmeljov"},{"@type":"BreadcrumbList","@id":"https:\/\/www.correiobraziliense.com.br\/cbradar\/como-terapias-integrativas-promovem-saude-e-energia\/#breadcrumb","itemListElement":[{"@type":"ListItem","position":1,"name":"In\u00edcio","item":"https:\/\/www.correiobraziliense.com.br\/cbradar\/"},{"@type":"ListItem","position":2,"name":"Como terapias integrativas promovem sa\u00fade e energia"}]},{"@type":"WebSite","@id":"https:\/\/www.correiobraziliense.com.br\/cbradar\/#website","url":"https:\/\/www.correiobraziliense.com.br\/cbradar\/","name":"Correio Braziliense - Radar","description":"Acompanhe as \u00faltimas not\u00edcias e fique bem informado sobre tudo o que acontece no Brasil e no mundo.","potentialAction":[{"@type":"SearchAction","target":{"@type":"EntryPoint","urlTemplate":"https:\/\/www.correiobraziliense.com.br\/cbradar\/?s={search_term_string}"},"query-input":{"@type":"PropertyValueSpecification","valueRequired":true,"valueName":"search_term_string"}}],"inLanguage":"pt-BR"},{"@type":"Person","@id":"https:\/\/www.correiobraziliense.com.br\/cbradar\/#\/schema\/person\/5aa4bf3c8fa699c267933611de12978b","name":"guilherme_saude","image":{"@type":"ImageObject","inLanguage":"pt-BR","@id":"https:\/\/www.correiobraziliense.com.br\/cbradar\/#\/schema\/person\/image\/","url":"https:\/\/secure.gravatar.com\/avatar\/df9adfb835d344bc0af109d41756253f?s=96&d=mm&r=g","contentUrl":"https:\/\/secure.gravatar.com\/avatar\/df9adfb835d344bc0af109d41756253f?s=96&d=mm&r=g","caption":"guilherme_saude"},"url":"https:\/\/www.correiobraziliense.com.br\/cbradar\/author\/guilherme_saude\/"}]}},"_links":{"self":[{"href":"https:\/\/www.correiobraziliense.com.br\/cbradar\/wp-json\/wp\/v2\/posts\/123901","targetHints":{"allow":["GET"]}}],"collection":[{"href":"https:\/\/www.correiobraziliense.com.br\/cbradar\/wp-json\/wp\/v2\/posts"}],"about":[{"href":"https:\/\/www.correiobraziliense.com.br\/cbradar\/wp-json\/wp\/v2\/types\/post"}],"author":[{"embeddable":true,"href":"https:\/\/www.correiobraziliense.com.br\/cbradar\/wp-json\/wp\/v2\/users\/14"}],"replies":[{"embeddable":true,"href":"https:\/\/www.correiobraziliense.com.br\/cbradar\/wp-json\/wp\/v2\/comments?post=123901"}],"version-history":[{"count":1,"href":"https:\/\/www.correiobraziliense.com.br\/cbradar\/wp-json\/wp\/v2\/posts\/123901\/revisions"}],"predecessor-version":[{"id":123914,"href":"https:\/\/www.correiobraziliense.com.br\/cbradar\/wp-json\/wp\/v2\/posts\/123901\/revisions\/123914"}],"wp:featuredmedia":[{"embeddable":true,"href":"https:\/\/www.correiobraziliense.com.br\/cbradar\/wp-json\/wp\/v2\/media\/123911"}],"wp:attachment":[{"href":"https:\/\/www.correiobraziliense.com.br\/cbradar\/wp-json\/wp\/v2\/media?parent=123901"}],"wp:term":[{"taxonomy":"category","embeddable":true,"href":"https:\/\/www.correiobraziliense.com.br\/cbradar\/wp-json\/wp\/v2\/categories?post=123901"},{"taxonomy":"post_tag","embeddable":true,"href":"https:\/\/www.correiobraziliense.com.br\/cbradar\/wp-json\/wp\/v2\/post_tag?post=123901"}],"curies":[{"name":"wp","href":"https:\/\/api.w.org\/{rel}","templated":true}]}}