{"id":123919,"date":"2025-10-23T15:35:00","date_gmt":"2025-10-23T18:35:00","guid":{"rendered":"https:\/\/www.correiobraziliense.com.br\/cbradar\/?p=123919"},"modified":"2025-10-22T20:37:31","modified_gmt":"2025-10-22T23:37:31","slug":"frutas-do-brasil-que-protegem-o-coracao-e-imunidade","status":"publish","type":"post","link":"https:\/\/www.correiobraziliense.com.br\/cbradar\/frutas-do-brasil-que-protegem-o-coracao-e-imunidade\/","title":{"rendered":"Frutas do Brasil que protegem o cora\u00e7\u00e3o e imunidade"},"content":{"rendered":"\n<p>Uma Dieta equilibrada \u00e9 essencial para manter a sa\u00fade e o bem-estar do organismo. Dentro desse contexto, as gorduras saud\u00e1veis desempenham um papel fundamental. Algumas frutas, sobretudo as nativas do Brasil, s\u00e3o ricas em lip\u00eddios ben\u00e9ficos. Essas gorduras, quando consumidas de maneira moderada, podem fornecer energia de qualidade e contribuir para o funcionamento eficiente do corpo.<\/p>\n\n\n\n<p>Dentre as frutas com altos teores de gorduras saud\u00e1veis, destaca-se o\u00a0<strong>abacate<\/strong>. Conhecido por seu teor de \u00e1cido oleico \u2014 uma gordura monoinsaturada tamb\u00e9m presente no azeite de oliva \u2014, o abacate est\u00e1 associado \u00e0 diminui\u00e7\u00e3o do colesterol LDL, considerado &#8220;ruim&#8221;, e ao aumento do HDL, o &#8220;bom&#8221; colesterol. Ainda, essa fruta \u00e9 uma excelente fonte de fibras, pot\u00e1ssio, magn\u00e9sio e compostos antioxidantes, que favorecem a <a href=\"https:\/\/www.correiobraziliense.com.br\/cbradar\/agua-com-gas-emagrece-mesmo-ou-e-so-um-mito-moderno\/\" target=\"_blank\" rel=\"noreferrer noopener\">sa\u00fade <\/a>cardiovascular e auxiliam no controle de inflama\u00e7\u00f5es.<\/p>\n\n\n\n<h2 class=\"wp-block-heading\">Quais outras frutas oferecem gorduras ben\u00e9ficas?<\/h2>\n\n\n\n<p>Al\u00e9m do abacate, outras frutas tropicais s\u00e3o excelentes fontes de gorduras saud\u00e1veis. O&nbsp;<strong>coco<\/strong>, por exemplo, cont\u00e9m triglicer\u00eddeos de cadeia m\u00e9dia que s\u00e3o rapidamente metabolizados em energia, podendo aumentar a sensa\u00e7\u00e3o de saciedade e auxiliar em dietas com controle de carboidratos. J\u00e1 o&nbsp;<strong>a\u00e7a\u00ed<\/strong>, natural da Amaz\u00f4nia, combina \u00e1cidos graxos como o \u00f4mega 9 e o \u00f4mega 6, bem como antocianinas, que s\u00e3o potentes antioxidantes, essenciais para a recupera\u00e7\u00e3o muscular p\u00f3s-exerc\u00edcios.<\/p>\n\n\n<div class=\"wp-block-image\">\n<figure class=\"aligncenter size-large\"><img decoding=\"async\" width=\"1024\" height=\"576\" src=\"https:\/\/www.correiobraziliense.com.br\/cbradar\/wp-content\/uploads\/2025\/10\/acai_1759692173422-1024x576.jpg\" alt=\"\" class=\"wp-image-114434\" srcset=\"https:\/\/www.correiobraziliense.com.br\/cbradar\/wp-content\/uploads\/2025\/10\/acai_1759692173422-1024x576.jpg 1024w, https:\/\/www.correiobraziliense.com.br\/cbradar\/wp-content\/uploads\/2025\/10\/acai_1759692173422-300x169.jpg 300w, https:\/\/www.correiobraziliense.com.br\/cbradar\/wp-content\/uploads\/2025\/10\/acai_1759692173422-768x432.jpg 768w, https:\/\/www.correiobraziliense.com.br\/cbradar\/wp-content\/uploads\/2025\/10\/acai_1759692173422-750x422.jpg 750w, https:\/\/www.correiobraziliense.com.br\/cbradar\/wp-content\/uploads\/2025\/10\/acai_1759692173422-1140x641.jpg 1140w, https:\/\/www.correiobraziliense.com.br\/cbradar\/wp-content\/uploads\/2025\/10\/acai_1759692173422.jpg 1280w\" sizes=\"(max-width: 1024px) 100vw, 1024px\" \/><figcaption class=\"wp-element-caption\">A\u00e7a\u00ed &#8211; Cr\u00e9ditos: depositphotos.com \/ MKPK <\/figcaption><\/figure><\/div>\n\n\n<p>Outro exemplo \u00e9 o&nbsp;<strong>cacau<\/strong>, cuja gordura natural, conhecida como manteiga de cacau, cont\u00e9m \u00e1cidos oleico e este\u00e1rico. Tais gorduras conferem ao cacau propriedades antioxidantes, especialmente em produtos com alta concentra\u00e7\u00e3o de cacau, como chocolates amargos. Al\u00e9m das fun\u00e7\u00f5es energ\u00e9ticas, essas gorduras auxiliam na sa\u00fade cardiovascular e na prote\u00e7\u00e3o contra o envelhecimento celular.<\/p>\n\n\n\n<h2 class=\"wp-block-heading\">Frutas do cerrado brasileiro e seus benef\u00edcios<\/h2>\n\n\n\n<p>O cerrado brasileiro tamb\u00e9m \u00e9 rico em frutas com lip\u00eddios ben\u00e9ficos. O&nbsp;<strong>pequi<\/strong>&nbsp;\u00e9 um exemplo, reconhecido pelo seu alto teor de \u00e1cidos graxos monoinsaturados e carotenoides, como a vitamina A natural. O&nbsp;<strong>buriti<\/strong>, por sua vez, oferece grande quantidade de \u00e1cido oleico, betacaroteno e licopeno, subst\u00e2ncias essenciais para a sa\u00fade da pele e da imunidade.<\/p>\n\n\n\n<p>J\u00e1 o&nbsp;<strong>tucum\u00e3<\/strong>, outra fruta amaz\u00f4nica, \u00e9 uma aliada da sa\u00fade do cora\u00e7\u00e3o, da vis\u00e3o e da pele. Possui gorduras semelhantes \u00e0s do abacate e do a\u00e7a\u00ed, al\u00e9m de uma quantidade significativa de vitamina A e carotenoides. Finalmente, o&nbsp;<strong>patau\u00e1<\/strong>, nativo da Amaz\u00f4nia, apresenta um perfil lip\u00eddico que se assemelha ao do azeite de oliva, refor\u00e7ando a sa\u00fade cardiovascular.<\/p>\n\n\n\n<h2 class=\"wp-block-heading\">Por que incorporar essas frutas na Dieta?<\/h2>\n\n\n\n<p>A inclus\u00e3o dessas frutas ricas em gorduras insaturadas pode proporcionar numerosos benef\u00edcios \u00e0 sa\u00fade. **Contribuem para a redu\u00e7\u00e3o do colesterol, aumento de saciedade, melhor absor\u00e7\u00e3o de vitaminas lipossol\u00faveis** e at\u00e9 mesmo prote\u00e7\u00e3o antioxidante. Dessa forma, ao integrar essas op\u00e7\u00f5es na alimenta\u00e7\u00e3o, \u00e9 poss\u00edvel aproveitar seus efeitos ben\u00e9ficos, sempre com modera\u00e7\u00e3o para evitar o excesso cal\u00f3rico.<\/p>\n\n\n\n<p>Em resumo, as frutas com gorduras saud\u00e1veis s\u00e3o aliados importantes de uma Dieta balanceada. Incorporar essas op\u00e7\u00f5es alimentares pode ajudar a promover a sa\u00fade geral, refor\u00e7ar o sistema imunol\u00f3gico e proteger contra diversos problemas cr\u00f4nicos. A chave est\u00e1 no consumo moderado, aproveitando ao m\u00e1ximo os benef\u00edcios sem exageros.<\/p>\n\n\n<a href=\"https:\/\/www.instagram.com\/dra.annaluisabf\/\" target=\"_blank\" rel=\"noopener\" style=\"text-decoration: none; color: inherit;\">\n    <span style=\"display: inline-block; border: 1px solid #ccc; border-radius: 10px; padding: 15px; max-width: 550px; font-family: sans-serif; box-shadow: 0 2px 5px rgba(0,0,0,0.1); width: 100%;\">\n\n      <!-- T\u00edtulo -->\n      <span style=\"display: block; margin: 0 0 15px 0; font-weight: bold; color: #2c3e50; text-align: center;\">\n        Entre em contato:\n      <\/span>\n\n      <!-- Linha do perfil -->\n      <span style=\"display: flex; align-items: center; gap: 15px;\">\n        <img decoding=\"async\"\n          src=\"https:\/\/www.correiobraziliense.com.br\/cbradar\/wp-content\/uploads\/2025\/08\/dra_anna_luisa.jpeg\"\n          alt=\"Foto da Dra. Anna Lu\u00edsa\"\n          style=\"border-radius: 50%; width: 80px; height: 80px; object-fit: cover;\"\n        \/>\n        <span style=\"display: flex; flex-direction: column;\">\n          <span style=\"font-size: 18px; font-weight: 700; color: #2c3e50;\">Dra. Anna Lu\u00edsa Barbosa Fernandes<\/span>\n          <span style=\"color: #555;\">CRM-GO 33.271<\/span>\n        <\/span>\n      <\/span>\n\n      <!-- Redes -->\n      <span style=\"display: flex; align-items: center; gap: 10px; margin-top: 12px;\">\n        <img decoding=\"async\" src=\"https:\/\/cdn-icons-png.flaticon.com\/24\/1384\/1384063.png\" alt=\"Instagram\" width=\"24\" height=\"24\" \/>\n        <span style=\"text-decoration: underline; color: #2c3e50;\">@dra.annaluisabf<\/span>\n      <\/span>\n\n    <\/span>\n  <\/a>","protected":false},"excerpt":{"rendered":"<p>Uma Dieta equilibrada \u00e9 essencial para manter a sa\u00fade e o bem-estar do organismo. Dentro desse contexto, as gorduras saud\u00e1veis desempenham um papel fundamental. Algumas frutas, sobretudo as nativas do Brasil, s\u00e3o ricas em lip\u00eddios ben\u00e9ficos. Essas gorduras, quando consumidas de maneira moderada, podem fornecer energia de qualidade e contribuir para o funcionamento eficiente do [&hellip;]<\/p>\n","protected":false},"author":14,"featured_media":36330,"comment_status":"open","ping_status":"open","sticky":false,"template":"","format":"standard","meta":{"_yoast_wpseo_focuskw":"Dieta","_yoast_wpseo_title":"","_yoast_wpseo_metadesc":"Abacate, coco, buriti e tucum\u00e3: veja como essas frutas com gorduras saud\u00e1veis protegem o organismo e devem estar na sua alimenta\u00e7\u00e3o.","jnews-multi-image_gallery":[],"jnews_single_post":{"format":"standard"},"jnews_primary_category":[],"jnews_social_meta":[],"jnews_override_counter":[],"footnotes":""},"categories":[4404],"post_tag":[120,247,1318],"class_list":["post-123919","post","type-post","status-publish","format-standard","has-post-thumbnail","hentry","category-saude","tag-bem-estar","tag-qualidade-de-vida","tag-saude-2"],"yoast_head":"<!-- This site is optimized with the Yoast SEO plugin v24.6 - https:\/\/yoast.com\/wordpress\/plugins\/seo\/ -->\n<title>Frutas do Brasil que protegem o cora\u00e7\u00e3o e imunidade - Correio Braziliense - Radar<\/title>\n<meta name=\"description\" content=\"Abacate, coco, buriti e tucum\u00e3: veja como essas frutas com gorduras saud\u00e1veis protegem o organismo e devem estar na sua alimenta\u00e7\u00e3o.\" \/>\n<meta name=\"robots\" content=\"index, follow, max-snippet:-1, max-image-preview:large, max-video-preview:-1\" \/>\n<link rel=\"canonical\" href=\"https:\/\/www.correiobraziliense.com.br\/cbradar\/frutas-do-brasil-que-protegem-o-coracao-e-imunidade\/\" \/>\n<meta property=\"og:locale\" content=\"pt_BR\" \/>\n<meta property=\"og:type\" content=\"article\" \/>\n<meta property=\"og:title\" content=\"Frutas do Brasil que protegem o cora\u00e7\u00e3o e imunidade - Correio Braziliense - Radar\" \/>\n<meta property=\"og:description\" content=\"Abacate, coco, buriti e tucum\u00e3: veja como essas frutas com gorduras saud\u00e1veis protegem o organismo e devem estar na sua alimenta\u00e7\u00e3o.\" \/>\n<meta property=\"og:url\" content=\"https:\/\/www.correiobraziliense.com.br\/cbradar\/frutas-do-brasil-que-protegem-o-coracao-e-imunidade\/\" \/>\n<meta property=\"og:site_name\" content=\"Correio Braziliense - Radar\" \/>\n<meta property=\"article:published_time\" content=\"2025-10-23T18:35:00+00:00\" \/>\n<meta property=\"og:image\" content=\"https:\/\/www.correiobraziliense.com.br\/cbradar\/wp-content\/uploads\/2025\/05\/abacate_1747158606514.jpg\" \/>\n\t<meta property=\"og:image:width\" content=\"1280\" \/>\n\t<meta property=\"og:image:height\" content=\"720\" \/>\n\t<meta property=\"og:image:type\" content=\"image\/jpeg\" \/>\n<meta name=\"author\" content=\"guilherme_saude\" \/>\n<meta name=\"twitter:card\" content=\"summary_large_image\" \/>\n<meta name=\"twitter:label1\" content=\"Escrito por\" \/>\n\t<meta name=\"twitter:data1\" content=\"guilherme_saude\" \/>\n\t<meta name=\"twitter:label2\" content=\"Est. tempo de leitura\" \/>\n\t<meta name=\"twitter:data2\" content=\"4 minutos\" \/>\n<!-- \/ Yoast SEO plugin. -->","yoast_head_json":{"title":"Frutas do Brasil que protegem o cora\u00e7\u00e3o e imunidade - Correio Braziliense - Radar","description":"Abacate, coco, buriti e tucum\u00e3: veja como essas frutas com gorduras saud\u00e1veis protegem o organismo e devem estar na sua alimenta\u00e7\u00e3o.","robots":{"index":"index","follow":"follow","max-snippet":"max-snippet:-1","max-image-preview":"max-image-preview:large","max-video-preview":"max-video-preview:-1"},"canonical":"https:\/\/www.correiobraziliense.com.br\/cbradar\/frutas-do-brasil-que-protegem-o-coracao-e-imunidade\/","og_locale":"pt_BR","og_type":"article","og_title":"Frutas do Brasil que protegem o cora\u00e7\u00e3o e imunidade - Correio Braziliense - Radar","og_description":"Abacate, coco, buriti e tucum\u00e3: veja como essas frutas com gorduras saud\u00e1veis protegem o organismo e devem estar na sua alimenta\u00e7\u00e3o.","og_url":"https:\/\/www.correiobraziliense.com.br\/cbradar\/frutas-do-brasil-que-protegem-o-coracao-e-imunidade\/","og_site_name":"Correio Braziliense - Radar","article_published_time":"2025-10-23T18:35:00+00:00","og_image":[{"width":1280,"height":720,"url":"https:\/\/www.correiobraziliense.com.br\/cbradar\/wp-content\/uploads\/2025\/05\/abacate_1747158606514.jpg","type":"image\/jpeg"}],"author":"guilherme_saude","twitter_card":"summary_large_image","twitter_misc":{"Escrito por":"guilherme_saude","Est. tempo de leitura":"4 minutos"},"schema":{"@context":"https:\/\/schema.org","@graph":[{"@type":"WebPage","@id":"https:\/\/www.correiobraziliense.com.br\/cbradar\/frutas-do-brasil-que-protegem-o-coracao-e-imunidade\/","url":"https:\/\/www.correiobraziliense.com.br\/cbradar\/frutas-do-brasil-que-protegem-o-coracao-e-imunidade\/","name":"Frutas do Brasil que protegem o cora\u00e7\u00e3o e imunidade - Correio Braziliense - Radar","isPartOf":{"@id":"https:\/\/www.correiobraziliense.com.br\/cbradar\/#website"},"primaryImageOfPage":{"@id":"https:\/\/www.correiobraziliense.com.br\/cbradar\/frutas-do-brasil-que-protegem-o-coracao-e-imunidade\/#primaryimage"},"image":{"@id":"https:\/\/www.correiobraziliense.com.br\/cbradar\/frutas-do-brasil-que-protegem-o-coracao-e-imunidade\/#primaryimage"},"thumbnailUrl":"https:\/\/www.correiobraziliense.com.br\/cbradar\/wp-content\/uploads\/2025\/05\/abacate_1747158606514.jpg","datePublished":"2025-10-23T18:35:00+00:00","author":{"@id":"https:\/\/www.correiobraziliense.com.br\/cbradar\/#\/schema\/person\/5aa4bf3c8fa699c267933611de12978b"},"description":"Abacate, coco, buriti e tucum\u00e3: veja como essas frutas com gorduras saud\u00e1veis protegem o organismo e devem estar na sua alimenta\u00e7\u00e3o.","breadcrumb":{"@id":"https:\/\/www.correiobraziliense.com.br\/cbradar\/frutas-do-brasil-que-protegem-o-coracao-e-imunidade\/#breadcrumb"},"inLanguage":"pt-BR","potentialAction":[{"@type":"ReadAction","target":["https:\/\/www.correiobraziliense.com.br\/cbradar\/frutas-do-brasil-que-protegem-o-coracao-e-imunidade\/"]}]},{"@type":"ImageObject","inLanguage":"pt-BR","@id":"https:\/\/www.correiobraziliense.com.br\/cbradar\/frutas-do-brasil-que-protegem-o-coracao-e-imunidade\/#primaryimage","url":"https:\/\/www.correiobraziliense.com.br\/cbradar\/wp-content\/uploads\/2025\/05\/abacate_1747158606514.jpg","contentUrl":"https:\/\/www.correiobraziliense.com.br\/cbradar\/wp-content\/uploads\/2025\/05\/abacate_1747158606514.jpg","width":1280,"height":720,"caption":"Abacate - Cr\u00e9ditos: depositphotos.com \/ serezniy"},{"@type":"BreadcrumbList","@id":"https:\/\/www.correiobraziliense.com.br\/cbradar\/frutas-do-brasil-que-protegem-o-coracao-e-imunidade\/#breadcrumb","itemListElement":[{"@type":"ListItem","position":1,"name":"In\u00edcio","item":"https:\/\/www.correiobraziliense.com.br\/cbradar\/"},{"@type":"ListItem","position":2,"name":"Frutas do Brasil que protegem o cora\u00e7\u00e3o e imunidade"}]},{"@type":"WebSite","@id":"https:\/\/www.correiobraziliense.com.br\/cbradar\/#website","url":"https:\/\/www.correiobraziliense.com.br\/cbradar\/","name":"Correio Braziliense - Radar","description":"Acompanhe as \u00faltimas not\u00edcias e fique bem informado sobre tudo o que acontece no Brasil e no mundo.","potentialAction":[{"@type":"SearchAction","target":{"@type":"EntryPoint","urlTemplate":"https:\/\/www.correiobraziliense.com.br\/cbradar\/?s={search_term_string}"},"query-input":{"@type":"PropertyValueSpecification","valueRequired":true,"valueName":"search_term_string"}}],"inLanguage":"pt-BR"},{"@type":"Person","@id":"https:\/\/www.correiobraziliense.com.br\/cbradar\/#\/schema\/person\/5aa4bf3c8fa699c267933611de12978b","name":"guilherme_saude","image":{"@type":"ImageObject","inLanguage":"pt-BR","@id":"https:\/\/www.correiobraziliense.com.br\/cbradar\/#\/schema\/person\/image\/","url":"https:\/\/secure.gravatar.com\/avatar\/df9adfb835d344bc0af109d41756253f?s=96&d=mm&r=g","contentUrl":"https:\/\/secure.gravatar.com\/avatar\/df9adfb835d344bc0af109d41756253f?s=96&d=mm&r=g","caption":"guilherme_saude"},"url":"https:\/\/www.correiobraziliense.com.br\/cbradar\/author\/guilherme_saude\/"}]}},"_links":{"self":[{"href":"https:\/\/www.correiobraziliense.com.br\/cbradar\/wp-json\/wp\/v2\/posts\/123919","targetHints":{"allow":["GET"]}}],"collection":[{"href":"https:\/\/www.correiobraziliense.com.br\/cbradar\/wp-json\/wp\/v2\/posts"}],"about":[{"href":"https:\/\/www.correiobraziliense.com.br\/cbradar\/wp-json\/wp\/v2\/types\/post"}],"author":[{"embeddable":true,"href":"https:\/\/www.correiobraziliense.com.br\/cbradar\/wp-json\/wp\/v2\/users\/14"}],"replies":[{"embeddable":true,"href":"https:\/\/www.correiobraziliense.com.br\/cbradar\/wp-json\/wp\/v2\/comments?post=123919"}],"version-history":[{"count":1,"href":"https:\/\/www.correiobraziliense.com.br\/cbradar\/wp-json\/wp\/v2\/posts\/123919\/revisions"}],"predecessor-version":[{"id":123920,"href":"https:\/\/www.correiobraziliense.com.br\/cbradar\/wp-json\/wp\/v2\/posts\/123919\/revisions\/123920"}],"wp:featuredmedia":[{"embeddable":true,"href":"https:\/\/www.correiobraziliense.com.br\/cbradar\/wp-json\/wp\/v2\/media\/36330"}],"wp:attachment":[{"href":"https:\/\/www.correiobraziliense.com.br\/cbradar\/wp-json\/wp\/v2\/media?parent=123919"}],"wp:term":[{"taxonomy":"category","embeddable":true,"href":"https:\/\/www.correiobraziliense.com.br\/cbradar\/wp-json\/wp\/v2\/categories?post=123919"},{"taxonomy":"post_tag","embeddable":true,"href":"https:\/\/www.correiobraziliense.com.br\/cbradar\/wp-json\/wp\/v2\/post_tag?post=123919"}],"curies":[{"name":"wp","href":"https:\/\/api.w.org\/{rel}","templated":true}]}}