{"id":123924,"date":"2025-10-23T19:05:00","date_gmt":"2025-10-23T22:05:00","guid":{"rendered":"https:\/\/www.correiobraziliense.com.br\/cbradar\/?p=123924"},"modified":"2025-10-22T20:42:54","modified_gmt":"2025-10-22T23:42:54","slug":"figado-gorduroso-veja-como-este-cha-simples-ajuda","status":"publish","type":"post","link":"https:\/\/www.correiobraziliense.com.br\/cbradar\/figado-gorduroso-veja-como-este-cha-simples-ajuda\/","title":{"rendered":"F\u00edgado gorduroso? Veja como este ch\u00e1 simples ajuda"},"content":{"rendered":"\n<p>O <strong>Cardo-Mariano<\/strong> \u00e9 uma planta amplamente conhecida por suas propriedades medicinais, especialmente em rela\u00e7\u00e3o ao f\u00edgado. Esta erva tem sido usada tradicionalmente por seus benef\u00edcios na sa\u00fade hep\u00e1tica, mostrando-se uma alternativa promissora no gerenciamento de condi\u00e7\u00f5es como a esteatose hep\u00e1tica. Esse dist\u00farbio \u00e9 caracterizado pelo ac\u00famulo de gordura no f\u00edgado, o que pode ocorrer devido a uma dieta desequilibrada, sedentarismo, consumo excessivo de \u00e1lcool ou uso cont\u00ednuo de certos medicamentos.<\/p>\n\n\n\n<p>O ch\u00e1 de cardo-mariano \u00e9 elogiado por suas propriedades desintoxicantes e protetoras. Rico em silimarina, um antioxidante potente, este ch\u00e1 ajuda na regenera\u00e7\u00e3o das c\u00e9lulas do f\u00edgado e auxilia na elimina\u00e7\u00e3o de toxinas do organismo. A silimarina tamb\u00e9m contribui para a manuten\u00e7\u00e3o dos n\u00edveis saud\u00e1veis de colesterol, potencialmente reduzindo o risco de complica\u00e7\u00f5es cardiovasculares. Al\u00e9m disso, o cardo-mariano pode ser ben\u00e9fico para a digest\u00e3o gra\u00e7as ao seu papel no fortalecimento das c\u00e9lulas hep\u00e1ticas contra o estresse oxidativo.<\/p>\n\n\n\n<h2 class=\"wp-block-heading\">Como preparar um ch\u00e1 de cardo-mariano eficaz?<\/h2>\n\n\n\n<p>Preparar o ch\u00e1 de cardo-mariano \u00e9 um processo simples, mas requer aten\u00e7\u00e3o para maximizar seus benef\u00edcios. Para fazer o ch\u00e1:<\/p>\n\n\n<div class=\"wp-block-image\">\n<figure class=\"aligncenter size-large\"><img decoding=\"async\" width=\"1024\" height=\"576\" src=\"https:\/\/www.correiobraziliense.com.br\/cbradar\/wp-content\/uploads\/2025\/07\/cha_1751982472125-1024x576.jpg\" alt=\"\" class=\"wp-image-66611\" srcset=\"https:\/\/www.correiobraziliense.com.br\/cbradar\/wp-content\/uploads\/2025\/07\/cha_1751982472125-1024x576.jpg 1024w, https:\/\/www.correiobraziliense.com.br\/cbradar\/wp-content\/uploads\/2025\/07\/cha_1751982472125-300x169.jpg 300w, https:\/\/www.correiobraziliense.com.br\/cbradar\/wp-content\/uploads\/2025\/07\/cha_1751982472125-768x432.jpg 768w, https:\/\/www.correiobraziliense.com.br\/cbradar\/wp-content\/uploads\/2025\/07\/cha_1751982472125-750x422.jpg 750w, https:\/\/www.correiobraziliense.com.br\/cbradar\/wp-content\/uploads\/2025\/07\/cha_1751982472125-1140x641.jpg 1140w, https:\/\/www.correiobraziliense.com.br\/cbradar\/wp-content\/uploads\/2025\/07\/cha_1751982472125.jpg 1280w\" sizes=\"(max-width: 1024px) 100vw, 1024px\" \/><figcaption class=\"wp-element-caption\">Ch\u00e1 &#8211; Cr\u00e9ditos: depositphotos.com \/ TarasMalyarevich<\/figcaption><\/figure><\/div>\n\n\n<ul class=\"wp-block-list\">\n<li>Inicie fervendo 250 ml de \u00e1gua.<\/li>\n\n\n\n<li>Adicione uma colher de ch\u00e1 de sementes de cardo-mariano previamente trituradas.<\/li>\n\n\n\n<li>Retire a \u00e1gua do fogo e cubra, permitindo que as sementes infundam por cerca de 10 minutos.<\/li>\n\n\n\n<li>Coe a mistura e consuma o ch\u00e1 morno, at\u00e9 duas vezes ao dia. Caso deseje, adicione lim\u00e3o ou hortel\u00e3 para um sabor mais agrad\u00e1vel.<\/li>\n<\/ul>\n\n\n\n<h2 class=\"wp-block-heading\">Cardo-mariano: Mais que uma simples bebida?<\/h2>\n\n\n\n<p>Sim! O cardo-mariano n\u00e3o apenas suporta a fun\u00e7\u00e3o hep\u00e1tica, mas tamb\u00e9m possui propriedades anti-inflamat\u00f3rias, auxiliando na <a href=\"https:\/\/www.correiobraziliense.com.br\/cbradar\/agua-com-gas-emagrece-mesmo-ou-e-so-um-mito-moderno\/\" target=\"_blank\" rel=\"noreferrer noopener\">sa\u00fade <\/a>digestiva de modo geral. Entretanto, \u00e9 vital que o uso do ch\u00e1 seja considerado como uma estrat\u00e9gia complementar aos tratamentos m\u00e9dicos convencionais, e n\u00e3o como um substituto. Profissionais de sa\u00fade recomendam combin\u00e1-lo a um estilo de vida saud\u00e1vel, que inclui dieta equilibrada e exerc\u00edcios f\u00edsicos regulares, para potencializar seus efeitos.<\/p>\n\n\n\n<h2 class=\"wp-block-heading\">Quais s\u00e3o as precau\u00e7\u00f5es no uso do cardo-mariano?<\/h2>\n\n\n\n<p>Embora o ch\u00e1 de cardo-mariano tenha seus benef\u00edcios, algumas precau\u00e7\u00f5es devem ser observadas. Deve-se evitar seu consumo em casos de gravidez, lacta\u00e7\u00e3o ou alergia a plantas da mesma fam\u00edlia, como a alcachofra. Pessoas que utilizam m\u00faltiplos medicamentos tamb\u00e9m devem ser cautelosas e buscar orienta\u00e7\u00e3o m\u00e9dica antes de incorpor\u00e1-lo \u00e0 dieta. Consultar um profissional de sa\u00fade \u00e9 essencial para garantir um uso seguro e eficaz do cardo-mariano como parte da rotina.<\/p>\n\n\n\n<p>Assim, enquanto o ch\u00e1 de cardo-mariano oferece uma op\u00e7\u00e3o natural para o suporte hep\u00e1tico, a supervis\u00e3o m\u00e9dica cont\u00ednua \u00e9 crucial para monitorar qualquer condi\u00e7\u00e3o hep\u00e1tica e garantir que todas as abordagens terap\u00eauticas necess\u00e1rias est\u00e3o sendo seguidas para promover a sa\u00fade e o bem-estar geral.<\/p>\n\n\n<a href=\"https:\/\/www.instagram.com\/dra.annaluisabf\/\" target=\"_blank\" rel=\"noopener\" style=\"text-decoration: none; color: inherit;\">\n    <span style=\"display: inline-block; border: 1px solid #ccc; border-radius: 10px; padding: 15px; max-width: 550px; font-family: sans-serif; box-shadow: 0 2px 5px rgba(0,0,0,0.1); width: 100%;\">\n\n      <!-- T\u00edtulo -->\n      <span style=\"display: block; margin: 0 0 15px 0; font-weight: bold; color: #2c3e50; text-align: center;\">\n        Entre em contato:\n      <\/span>\n\n      <!-- Linha do perfil -->\n      <span style=\"display: flex; align-items: center; gap: 15px;\">\n        <img decoding=\"async\"\n          src=\"https:\/\/www.correiobraziliense.com.br\/cbradar\/wp-content\/uploads\/2025\/08\/dra_anna_luisa.jpeg\"\n          alt=\"Foto da Dra. Anna Lu\u00edsa\"\n          style=\"border-radius: 50%; width: 80px; height: 80px; object-fit: cover;\"\n        \/>\n        <span style=\"display: flex; flex-direction: column;\">\n          <span style=\"font-size: 18px; font-weight: 700; color: #2c3e50;\">Dra. Anna Lu\u00edsa Barbosa Fernandes<\/span>\n          <span style=\"color: #555;\">CRM-GO 33.271<\/span>\n        <\/span>\n      <\/span>\n\n      <!-- Redes -->\n      <span style=\"display: flex; align-items: center; gap: 10px; margin-top: 12px;\">\n        <img decoding=\"async\" src=\"https:\/\/cdn-icons-png.flaticon.com\/24\/1384\/1384063.png\" alt=\"Instagram\" width=\"24\" height=\"24\" \/>\n        <span style=\"text-decoration: underline; color: #2c3e50;\">@dra.annaluisabf<\/span>\n      <\/span>\n\n    <\/span>\n  <\/a>","protected":false},"excerpt":{"rendered":"<p>O Cardo-Mariano \u00e9 uma planta amplamente conhecida por suas propriedades medicinais, especialmente em rela\u00e7\u00e3o ao f\u00edgado. Esta erva tem sido usada tradicionalmente por seus benef\u00edcios na sa\u00fade hep\u00e1tica, mostrando-se uma alternativa promissora no gerenciamento de condi\u00e7\u00f5es como a esteatose hep\u00e1tica. Esse dist\u00farbio \u00e9 caracterizado pelo ac\u00famulo de gordura no f\u00edgado, o que pode ocorrer devido [&hellip;]<\/p>\n","protected":false},"author":14,"featured_media":123925,"comment_status":"open","ping_status":"open","sticky":false,"template":"","format":"standard","meta":{"_yoast_wpseo_focuskw":"Cardo-Mariano","_yoast_wpseo_title":"","_yoast_wpseo_metadesc":"Ch\u00e1 de cardo-mariano protege o f\u00edgado e ajuda a tratar esteatose. Rico em silimarina, combate toxinas e apoia a digest\u00e3o. Aprenda a preparar.","jnews-multi-image_gallery":[],"jnews_single_post":{"format":"standard"},"jnews_primary_category":[],"jnews_social_meta":[],"jnews_override_counter":[],"footnotes":""},"categories":[4404],"post_tag":[281,120,1318],"class_list":["post-123924","post","type-post","status-publish","format-standard","has-post-thumbnail","hentry","category-saude","tag-alimentacao","tag-bem-estar","tag-saude-2"],"yoast_head":"<!-- This site is optimized with the Yoast SEO plugin v24.6 - https:\/\/yoast.com\/wordpress\/plugins\/seo\/ -->\n<title>F\u00edgado gorduroso? Veja como este ch\u00e1 simples ajuda - Correio Braziliense - Radar<\/title>\n<meta name=\"description\" content=\"Ch\u00e1 de cardo-mariano protege o f\u00edgado e ajuda a tratar esteatose. Rico em silimarina, combate toxinas e apoia a digest\u00e3o. Aprenda a preparar.\" \/>\n<meta name=\"robots\" content=\"index, follow, max-snippet:-1, max-image-preview:large, max-video-preview:-1\" \/>\n<link rel=\"canonical\" href=\"https:\/\/www.correiobraziliense.com.br\/cbradar\/figado-gorduroso-veja-como-este-cha-simples-ajuda\/\" \/>\n<meta property=\"og:locale\" content=\"pt_BR\" \/>\n<meta property=\"og:type\" content=\"article\" \/>\n<meta property=\"og:title\" content=\"F\u00edgado gorduroso? Veja como este ch\u00e1 simples ajuda - Correio Braziliense - Radar\" \/>\n<meta property=\"og:description\" content=\"Ch\u00e1 de cardo-mariano protege o f\u00edgado e ajuda a tratar esteatose. Rico em silimarina, combate toxinas e apoia a digest\u00e3o. Aprenda a preparar.\" \/>\n<meta property=\"og:url\" content=\"https:\/\/www.correiobraziliense.com.br\/cbradar\/figado-gorduroso-veja-como-este-cha-simples-ajuda\/\" \/>\n<meta property=\"og:site_name\" content=\"Correio Braziliense - Radar\" \/>\n<meta property=\"article:published_time\" content=\"2025-10-23T22:05:00+00:00\" \/>\n<meta property=\"og:image\" content=\"https:\/\/www.correiobraziliense.com.br\/cbradar\/wp-content\/uploads\/2025\/10\/Cardo-Mariano_1761176533352.jpg\" \/>\n\t<meta property=\"og:image:width\" content=\"1280\" \/>\n\t<meta property=\"og:image:height\" content=\"720\" \/>\n\t<meta property=\"og:image:type\" content=\"image\/jpeg\" \/>\n<meta name=\"author\" content=\"guilherme_saude\" \/>\n<meta name=\"twitter:card\" content=\"summary_large_image\" \/>\n<meta name=\"twitter:label1\" content=\"Escrito por\" \/>\n\t<meta name=\"twitter:data1\" content=\"guilherme_saude\" \/>\n\t<meta name=\"twitter:label2\" content=\"Est. tempo de leitura\" \/>\n\t<meta name=\"twitter:data2\" content=\"4 minutos\" \/>\n<!-- \/ Yoast SEO plugin. -->","yoast_head_json":{"title":"F\u00edgado gorduroso? Veja como este ch\u00e1 simples ajuda - Correio Braziliense - Radar","description":"Ch\u00e1 de cardo-mariano protege o f\u00edgado e ajuda a tratar esteatose. Rico em silimarina, combate toxinas e apoia a digest\u00e3o. Aprenda a preparar.","robots":{"index":"index","follow":"follow","max-snippet":"max-snippet:-1","max-image-preview":"max-image-preview:large","max-video-preview":"max-video-preview:-1"},"canonical":"https:\/\/www.correiobraziliense.com.br\/cbradar\/figado-gorduroso-veja-como-este-cha-simples-ajuda\/","og_locale":"pt_BR","og_type":"article","og_title":"F\u00edgado gorduroso? Veja como este ch\u00e1 simples ajuda - Correio Braziliense - Radar","og_description":"Ch\u00e1 de cardo-mariano protege o f\u00edgado e ajuda a tratar esteatose. Rico em silimarina, combate toxinas e apoia a digest\u00e3o. Aprenda a preparar.","og_url":"https:\/\/www.correiobraziliense.com.br\/cbradar\/figado-gorduroso-veja-como-este-cha-simples-ajuda\/","og_site_name":"Correio Braziliense - Radar","article_published_time":"2025-10-23T22:05:00+00:00","og_image":[{"width":1280,"height":720,"url":"https:\/\/www.correiobraziliense.com.br\/cbradar\/wp-content\/uploads\/2025\/10\/Cardo-Mariano_1761176533352.jpg","type":"image\/jpeg"}],"author":"guilherme_saude","twitter_card":"summary_large_image","twitter_misc":{"Escrito por":"guilherme_saude","Est. tempo de leitura":"4 minutos"},"schema":{"@context":"https:\/\/schema.org","@graph":[{"@type":"WebPage","@id":"https:\/\/www.correiobraziliense.com.br\/cbradar\/figado-gorduroso-veja-como-este-cha-simples-ajuda\/","url":"https:\/\/www.correiobraziliense.com.br\/cbradar\/figado-gorduroso-veja-como-este-cha-simples-ajuda\/","name":"F\u00edgado gorduroso? Veja como este ch\u00e1 simples ajuda - Correio Braziliense - Radar","isPartOf":{"@id":"https:\/\/www.correiobraziliense.com.br\/cbradar\/#website"},"primaryImageOfPage":{"@id":"https:\/\/www.correiobraziliense.com.br\/cbradar\/figado-gorduroso-veja-como-este-cha-simples-ajuda\/#primaryimage"},"image":{"@id":"https:\/\/www.correiobraziliense.com.br\/cbradar\/figado-gorduroso-veja-como-este-cha-simples-ajuda\/#primaryimage"},"thumbnailUrl":"https:\/\/www.correiobraziliense.com.br\/cbradar\/wp-content\/uploads\/2025\/10\/Cardo-Mariano_1761176533352.jpg","datePublished":"2025-10-23T22:05:00+00:00","author":{"@id":"https:\/\/www.correiobraziliense.com.br\/cbradar\/#\/schema\/person\/5aa4bf3c8fa699c267933611de12978b"},"description":"Ch\u00e1 de cardo-mariano protege o f\u00edgado e ajuda a tratar esteatose. Rico em silimarina, combate toxinas e apoia a digest\u00e3o. Aprenda a preparar.","breadcrumb":{"@id":"https:\/\/www.correiobraziliense.com.br\/cbradar\/figado-gorduroso-veja-como-este-cha-simples-ajuda\/#breadcrumb"},"inLanguage":"pt-BR","potentialAction":[{"@type":"ReadAction","target":["https:\/\/www.correiobraziliense.com.br\/cbradar\/figado-gorduroso-veja-como-este-cha-simples-ajuda\/"]}]},{"@type":"ImageObject","inLanguage":"pt-BR","@id":"https:\/\/www.correiobraziliense.com.br\/cbradar\/figado-gorduroso-veja-como-este-cha-simples-ajuda\/#primaryimage","url":"https:\/\/www.correiobraziliense.com.br\/cbradar\/wp-content\/uploads\/2025\/10\/Cardo-Mariano_1761176533352.jpg","contentUrl":"https:\/\/www.correiobraziliense.com.br\/cbradar\/wp-content\/uploads\/2025\/10\/Cardo-Mariano_1761176533352.jpg","width":1280,"height":720,"caption":"Cardo-Mariano - Cr\u00e9ditos: depositphotos.com \/ AP-images"},{"@type":"BreadcrumbList","@id":"https:\/\/www.correiobraziliense.com.br\/cbradar\/figado-gorduroso-veja-como-este-cha-simples-ajuda\/#breadcrumb","itemListElement":[{"@type":"ListItem","position":1,"name":"In\u00edcio","item":"https:\/\/www.correiobraziliense.com.br\/cbradar\/"},{"@type":"ListItem","position":2,"name":"F\u00edgado gorduroso? Veja como este ch\u00e1 simples ajuda"}]},{"@type":"WebSite","@id":"https:\/\/www.correiobraziliense.com.br\/cbradar\/#website","url":"https:\/\/www.correiobraziliense.com.br\/cbradar\/","name":"Correio Braziliense - Radar","description":"Acompanhe as \u00faltimas not\u00edcias e fique bem informado sobre tudo o que acontece no Brasil e no mundo.","potentialAction":[{"@type":"SearchAction","target":{"@type":"EntryPoint","urlTemplate":"https:\/\/www.correiobraziliense.com.br\/cbradar\/?s={search_term_string}"},"query-input":{"@type":"PropertyValueSpecification","valueRequired":true,"valueName":"search_term_string"}}],"inLanguage":"pt-BR"},{"@type":"Person","@id":"https:\/\/www.correiobraziliense.com.br\/cbradar\/#\/schema\/person\/5aa4bf3c8fa699c267933611de12978b","name":"guilherme_saude","image":{"@type":"ImageObject","inLanguage":"pt-BR","@id":"https:\/\/www.correiobraziliense.com.br\/cbradar\/#\/schema\/person\/image\/","url":"https:\/\/secure.gravatar.com\/avatar\/df9adfb835d344bc0af109d41756253f?s=96&d=mm&r=g","contentUrl":"https:\/\/secure.gravatar.com\/avatar\/df9adfb835d344bc0af109d41756253f?s=96&d=mm&r=g","caption":"guilherme_saude"},"url":"https:\/\/www.correiobraziliense.com.br\/cbradar\/author\/guilherme_saude\/"}]}},"_links":{"self":[{"href":"https:\/\/www.correiobraziliense.com.br\/cbradar\/wp-json\/wp\/v2\/posts\/123924","targetHints":{"allow":["GET"]}}],"collection":[{"href":"https:\/\/www.correiobraziliense.com.br\/cbradar\/wp-json\/wp\/v2\/posts"}],"about":[{"href":"https:\/\/www.correiobraziliense.com.br\/cbradar\/wp-json\/wp\/v2\/types\/post"}],"author":[{"embeddable":true,"href":"https:\/\/www.correiobraziliense.com.br\/cbradar\/wp-json\/wp\/v2\/users\/14"}],"replies":[{"embeddable":true,"href":"https:\/\/www.correiobraziliense.com.br\/cbradar\/wp-json\/wp\/v2\/comments?post=123924"}],"version-history":[{"count":1,"href":"https:\/\/www.correiobraziliense.com.br\/cbradar\/wp-json\/wp\/v2\/posts\/123924\/revisions"}],"predecessor-version":[{"id":123926,"href":"https:\/\/www.correiobraziliense.com.br\/cbradar\/wp-json\/wp\/v2\/posts\/123924\/revisions\/123926"}],"wp:featuredmedia":[{"embeddable":true,"href":"https:\/\/www.correiobraziliense.com.br\/cbradar\/wp-json\/wp\/v2\/media\/123925"}],"wp:attachment":[{"href":"https:\/\/www.correiobraziliense.com.br\/cbradar\/wp-json\/wp\/v2\/media?parent=123924"}],"wp:term":[{"taxonomy":"category","embeddable":true,"href":"https:\/\/www.correiobraziliense.com.br\/cbradar\/wp-json\/wp\/v2\/categories?post=123924"},{"taxonomy":"post_tag","embeddable":true,"href":"https:\/\/www.correiobraziliense.com.br\/cbradar\/wp-json\/wp\/v2\/post_tag?post=123924"}],"curies":[{"name":"wp","href":"https:\/\/api.w.org\/{rel}","templated":true}]}}