{"id":124019,"date":"2025-10-24T06:55:00","date_gmt":"2025-10-24T09:55:00","guid":{"rendered":"https:\/\/www.correiobraziliense.com.br\/cbradar\/?p=124019"},"modified":"2025-10-23T06:39:37","modified_gmt":"2025-10-23T09:39:37","slug":"esse-e-o-maior-sinal-de-que-seu-cachorro-te-ama-como-familia-segundo-especialistas","status":"publish","type":"post","link":"https:\/\/www.correiobraziliense.com.br\/cbradar\/esse-e-o-maior-sinal-de-que-seu-cachorro-te-ama-como-familia-segundo-especialistas\/","title":{"rendered":"Esse \u00e9 o maior sinal de que seu cachorro te ama como fam\u00edlia, segundo especialistas"},"content":{"rendered":"\n<p>Como saber se seu c\u00e3o te v\u00ea como fam\u00edlia? Essa \u00e9 uma d\u00favida comum entre os amantes de c\u00e3es. Embora a rela\u00e7\u00e3o entre c\u00e3es e humanos seja complexa, h\u00e1 indicadores claros de que o pet considera seu tutor parte da fam\u00edlia. <a href=\"https:\/\/www.science.org\/doi\/10.1126\/science.1261022?utm_source=chatgpt.com\" target=\"_blank\" rel=\"noreferrer noopener\">Um sinal not\u00e1vel \u00e9 o chamado efeito &#8220;base segura&#8221;, quando os c\u00e3es sentem confian\u00e7a e prote\u00e7\u00e3o para explorar ambientes novos,<\/a> sabendo que podem voltar ao tutor para consolo e seguran\u00e7a, comportamento semelhante ao que crian\u00e7as apresentam em rela\u00e7\u00e3o aos pais.<\/p>\n\n\n\n<h2 class=\"wp-block-heading\">Quais s\u00e3o as pistas no comportamento dos c\u00e3es?<\/h2>\n\n\n\n<p>Os c\u00e3es demonstram que veem seus tutores como fam\u00edlia por meio de pequenos comportamentos di\u00e1rios. Al\u00e9m do efeito base segura, fatores como a busca constante por proximidade e relaxamento profundo ao lado do tutor refor\u00e7am esse v\u00ednculo afetivo, mostrando o quanto o c\u00e3o confia em seu dono.<\/p>\n\n\n\n<p>Entre as principais pistas comportamentais dos c\u00e3es que enxergam seus tutores como fam\u00edlia, destacam-se:<\/p>\n\n\n\n<ul class=\"wp-block-list\">\n<li>Buscar ficar sempre perto do tutor, inclusive deitando-se aos p\u00e9s ou ao lado.<\/li>\n\n\n\n<li>Expor a barriga ou dormir profundamente pr\u00f3ximo ao tutor, sinalizando confian\u00e7a.<\/li>\n\n\n\n<li>Seguir o tutor pela casa, mostrando desejo de companhia.<\/li>\n<\/ul>\n\n\n\n<p>Leia tamb\u00e9m: <a href=\"https:\/\/www.correiobraziliense.com.br\/cbradar\/quando-seu-cachorro-esta-muito-ativo-nao-significa-que-ele-esta-feliz\/\" target=\"_blank\" rel=\"noreferrer noopener\">Quando seu cachorro est\u00e1 muito ativo, n\u00e3o significa que ele est\u00e1 feliz<\/a><\/p>\n\n\n\n<h2 class=\"wp-block-heading\">Como fortalecer o v\u00ednculo com o seu cachorro?<\/h2>\n\n\n\n<p>Para criar e manter uma conex\u00e3o profunda com seu cachorro, \u00e9 fundamental ter uma rotina de carinho, passeios e brincadeiras. O tempo de qualidade gasto juntos, al\u00e9m de promover a sa\u00fade f\u00edsica, refor\u00e7a o la\u00e7o emocional entre tutor e c\u00e3o.<\/p>\n\n\n\n<p>Respeitar o espa\u00e7o e os sinais do cachorro tamb\u00e9m \u00e9 essencial. Observe a personalidade do seu c\u00e3o, entenda seus limites e adapte suas intera\u00e7\u00f5es para garantir uma conviv\u00eancia harmoniosa e respeitosa.<\/p>\n\n\n\n<figure class=\"wp-block-image size-large\"><img decoding=\"async\" width=\"1024\" height=\"576\" src=\"https:\/\/www.correiobraziliense.com.br\/cbradar\/wp-content\/uploads\/2025\/10\/cachorro-em-casa_1761212324534-1024x576.jpg\" alt=\"Esse \u00e9 o maior sinal de que seu cachorro te ama como fam\u00edlia, segundo especialistas\" class=\"wp-image-124022\" srcset=\"https:\/\/www.correiobraziliense.com.br\/cbradar\/wp-content\/uploads\/2025\/10\/cachorro-em-casa_1761212324534-1024x576.jpg 1024w, https:\/\/www.correiobraziliense.com.br\/cbradar\/wp-content\/uploads\/2025\/10\/cachorro-em-casa_1761212324534-300x169.jpg 300w, https:\/\/www.correiobraziliense.com.br\/cbradar\/wp-content\/uploads\/2025\/10\/cachorro-em-casa_1761212324534-768x432.jpg 768w, https:\/\/www.correiobraziliense.com.br\/cbradar\/wp-content\/uploads\/2025\/10\/cachorro-em-casa_1761212324534-750x422.jpg 750w, https:\/\/www.correiobraziliense.com.br\/cbradar\/wp-content\/uploads\/2025\/10\/cachorro-em-casa_1761212324534-1140x641.jpg 1140w, https:\/\/www.correiobraziliense.com.br\/cbradar\/wp-content\/uploads\/2025\/10\/cachorro-em-casa_1761212324534.jpg 1280w\" sizes=\"(max-width: 1024px) 100vw, 1024px\" \/><figcaption class=\"wp-element-caption\">cachorro em casa. Cr\u00e9ditos: depositphotos.com \/ damedeeso<\/figcaption><\/figure>\n\n\n\n<h2 class=\"wp-block-heading\">Por que isso \u00e9 importante para o bem-estar do c\u00e3o?<\/h2>\n\n\n\n<p>O reconhecimento do tutor como parte da fam\u00edlia contribui diretamente para o equil\u00edbrio emocional do animal, diminuindo comportamentos ansiosos ou destrutivos. A sensa\u00e7\u00e3o de pertencimento e confian\u00e7a proporciona um ambiente mais tranquilo e seguro para o c\u00e3o.<\/p>\n\n\n\n<p>Cuidar das necessidades emocionais do cachorro n\u00e3o s\u00f3 aumenta o bem-estar do animal, mas tamb\u00e9m retorna ao tutor uma conviv\u00eancia repleta de amor, alegria e amizade verdadeira.<\/p>\n","protected":false},"excerpt":{"rendered":"<p>Como saber se seu c\u00e3o te v\u00ea como fam\u00edlia? Descubra sinais de apego e confian\u00e7a, e como rotina de carinho e passeios fortalece o v\u00ednculo.<\/p>\n","protected":false},"author":3,"featured_media":124021,"comment_status":"open","ping_status":"open","sticky":false,"template":"","format":"standard","meta":{"_yoast_wpseo_focuskw":"c\u00e3o v\u00ea como fam\u00edlia","_yoast_wpseo_title":"%%title%%","_yoast_wpseo_metadesc":"Como saber se seu c\u00e3o te v\u00ea como fam\u00edlia? Descubra sinais de apego e confian\u00e7a, e como rotina de carinho e passeios fortalece o v\u00ednculo.","jnews-multi-image_gallery":[],"jnews_single_post":{"format":"standard"},"jnews_primary_category":[],"jnews_social_meta":[],"jnews_override_counter":[],"footnotes":""},"categories":[112],"tags":[230,1977,144,1008],"class_list":["post-124019","post","type-post","status-publish","format-standard","has-post-thumbnail","hentry","category-curiosidades","tag-animais","tag-animais-de-estimacao","tag-curiosidades","tag-pets"],"yoast_head":"<!-- This site is optimized with the Yoast SEO plugin v24.6 - https:\/\/yoast.com\/wordpress\/plugins\/seo\/ -->\n<title>Esse \u00e9 o maior sinal de que seu cachorro te ama como fam\u00edlia, segundo especialistas<\/title>\n<meta name=\"description\" content=\"Como saber se seu c\u00e3o te v\u00ea como fam\u00edlia? Descubra sinais de apego e confian\u00e7a, e como rotina de carinho e passeios fortalece o v\u00ednculo.\" \/>\n<meta name=\"robots\" content=\"index, follow, max-snippet:-1, max-image-preview:large, max-video-preview:-1\" \/>\n<link rel=\"canonical\" href=\"https:\/\/www.correiobraziliense.com.br\/cbradar\/esse-e-o-maior-sinal-de-que-seu-cachorro-te-ama-como-familia-segundo-especialistas\/\" \/>\n<meta property=\"og:locale\" content=\"pt_BR\" \/>\n<meta property=\"og:type\" content=\"article\" \/>\n<meta property=\"og:title\" content=\"Esse \u00e9 o maior sinal de que seu cachorro te ama como fam\u00edlia, segundo especialistas\" \/>\n<meta property=\"og:description\" content=\"Como saber se seu c\u00e3o te v\u00ea como fam\u00edlia? Descubra sinais de apego e confian\u00e7a, e como rotina de carinho e passeios fortalece o v\u00ednculo.\" \/>\n<meta property=\"og:url\" content=\"https:\/\/www.correiobraziliense.com.br\/cbradar\/esse-e-o-maior-sinal-de-que-seu-cachorro-te-ama-como-familia-segundo-especialistas\/\" \/>\n<meta property=\"og:site_name\" content=\"Correio Braziliense - Radar\" \/>\n<meta property=\"article:published_time\" content=\"2025-10-24T09:55:00+00:00\" \/>\n<meta property=\"og:image\" content=\"https:\/\/www.correiobraziliense.com.br\/cbradar\/wp-content\/uploads\/2025\/10\/cachorro-em-casa_1761212303133.jpg\" \/>\n\t<meta property=\"og:image:width\" content=\"1280\" \/>\n\t<meta property=\"og:image:height\" content=\"720\" \/>\n\t<meta property=\"og:image:type\" content=\"image\/jpeg\" \/>\n<meta name=\"author\" content=\"Larissa Carvalho\" \/>\n<meta name=\"twitter:card\" content=\"summary_large_image\" \/>\n<meta name=\"twitter:label1\" content=\"Escrito por\" \/>\n\t<meta name=\"twitter:data1\" content=\"Larissa Carvalho\" \/>\n\t<meta name=\"twitter:label2\" content=\"Est. tempo de leitura\" \/>\n\t<meta name=\"twitter:data2\" content=\"3 minutos\" \/>\n<!-- \/ Yoast SEO plugin. -->","yoast_head_json":{"title":"Esse \u00e9 o maior sinal de que seu cachorro te ama como fam\u00edlia, segundo especialistas","description":"Como saber se seu c\u00e3o te v\u00ea como fam\u00edlia? Descubra sinais de apego e confian\u00e7a, e como rotina de carinho e passeios fortalece o v\u00ednculo.","robots":{"index":"index","follow":"follow","max-snippet":"max-snippet:-1","max-image-preview":"max-image-preview:large","max-video-preview":"max-video-preview:-1"},"canonical":"https:\/\/www.correiobraziliense.com.br\/cbradar\/esse-e-o-maior-sinal-de-que-seu-cachorro-te-ama-como-familia-segundo-especialistas\/","og_locale":"pt_BR","og_type":"article","og_title":"Esse \u00e9 o maior sinal de que seu cachorro te ama como fam\u00edlia, segundo especialistas","og_description":"Como saber se seu c\u00e3o te v\u00ea como fam\u00edlia? Descubra sinais de apego e confian\u00e7a, e como rotina de carinho e passeios fortalece o v\u00ednculo.","og_url":"https:\/\/www.correiobraziliense.com.br\/cbradar\/esse-e-o-maior-sinal-de-que-seu-cachorro-te-ama-como-familia-segundo-especialistas\/","og_site_name":"Correio Braziliense - Radar","article_published_time":"2025-10-24T09:55:00+00:00","og_image":[{"width":1280,"height":720,"url":"https:\/\/www.correiobraziliense.com.br\/cbradar\/wp-content\/uploads\/2025\/10\/cachorro-em-casa_1761212303133.jpg","type":"image\/jpeg"}],"author":"Larissa Carvalho","twitter_card":"summary_large_image","twitter_misc":{"Escrito por":"Larissa Carvalho","Est. tempo de leitura":"3 minutos"},"schema":{"@context":"https:\/\/schema.org","@graph":[{"@type":"WebPage","@id":"https:\/\/www.correiobraziliense.com.br\/cbradar\/esse-e-o-maior-sinal-de-que-seu-cachorro-te-ama-como-familia-segundo-especialistas\/","url":"https:\/\/www.correiobraziliense.com.br\/cbradar\/esse-e-o-maior-sinal-de-que-seu-cachorro-te-ama-como-familia-segundo-especialistas\/","name":"Esse \u00e9 o maior sinal de que seu cachorro te ama como fam\u00edlia, segundo especialistas","isPartOf":{"@id":"https:\/\/www.correiobraziliense.com.br\/cbradar\/#website"},"primaryImageOfPage":{"@id":"https:\/\/www.correiobraziliense.com.br\/cbradar\/esse-e-o-maior-sinal-de-que-seu-cachorro-te-ama-como-familia-segundo-especialistas\/#primaryimage"},"image":{"@id":"https:\/\/www.correiobraziliense.com.br\/cbradar\/esse-e-o-maior-sinal-de-que-seu-cachorro-te-ama-como-familia-segundo-especialistas\/#primaryimage"},"thumbnailUrl":"https:\/\/www.correiobraziliense.com.br\/cbradar\/wp-content\/uploads\/2025\/10\/cachorro-em-casa_1761212303133.jpg","datePublished":"2025-10-24T09:55:00+00:00","author":{"@id":"https:\/\/www.correiobraziliense.com.br\/cbradar\/#\/schema\/person\/58422787644df994b53a19d3e56c1513"},"description":"Como saber se seu c\u00e3o te v\u00ea como fam\u00edlia? Descubra sinais de apego e confian\u00e7a, e como rotina de carinho e passeios fortalece o v\u00ednculo.","breadcrumb":{"@id":"https:\/\/www.correiobraziliense.com.br\/cbradar\/esse-e-o-maior-sinal-de-que-seu-cachorro-te-ama-como-familia-segundo-especialistas\/#breadcrumb"},"inLanguage":"pt-BR","potentialAction":[{"@type":"ReadAction","target":["https:\/\/www.correiobraziliense.com.br\/cbradar\/esse-e-o-maior-sinal-de-que-seu-cachorro-te-ama-como-familia-segundo-especialistas\/"]}]},{"@type":"ImageObject","inLanguage":"pt-BR","@id":"https:\/\/www.correiobraziliense.com.br\/cbradar\/esse-e-o-maior-sinal-de-que-seu-cachorro-te-ama-como-familia-segundo-especialistas\/#primaryimage","url":"https:\/\/www.correiobraziliense.com.br\/cbradar\/wp-content\/uploads\/2025\/10\/cachorro-em-casa_1761212303133.jpg","contentUrl":"https:\/\/www.correiobraziliense.com.br\/cbradar\/wp-content\/uploads\/2025\/10\/cachorro-em-casa_1761212303133.jpg","width":1280,"height":720,"caption":"cachorro em casa. Cr\u00e9ditos: depositphotos.com \/ NatashaFedorova"},{"@type":"BreadcrumbList","@id":"https:\/\/www.correiobraziliense.com.br\/cbradar\/esse-e-o-maior-sinal-de-que-seu-cachorro-te-ama-como-familia-segundo-especialistas\/#breadcrumb","itemListElement":[{"@type":"ListItem","position":1,"name":"In\u00edcio","item":"https:\/\/www.correiobraziliense.com.br\/cbradar\/"},{"@type":"ListItem","position":2,"name":"Esse \u00e9 o maior sinal de que seu cachorro te ama como fam\u00edlia, segundo especialistas"}]},{"@type":"WebSite","@id":"https:\/\/www.correiobraziliense.com.br\/cbradar\/#website","url":"https:\/\/www.correiobraziliense.com.br\/cbradar\/","name":"Correio Braziliense - Radar","description":"Acompanhe as \u00faltimas not\u00edcias e fique bem informado sobre tudo o que acontece no Brasil e no mundo.","potentialAction":[{"@type":"SearchAction","target":{"@type":"EntryPoint","urlTemplate":"https:\/\/www.correiobraziliense.com.br\/cbradar\/?s={search_term_string}"},"query-input":{"@type":"PropertyValueSpecification","valueRequired":true,"valueName":"search_term_string"}}],"inLanguage":"pt-BR"},{"@type":"Person","@id":"https:\/\/www.correiobraziliense.com.br\/cbradar\/#\/schema\/person\/58422787644df994b53a19d3e56c1513","name":"Larissa Carvalho","image":{"@type":"ImageObject","inLanguage":"pt-BR","@id":"https:\/\/www.correiobraziliense.com.br\/cbradar\/#\/schema\/person\/image\/","url":"https:\/\/secure.gravatar.com\/avatar\/fe4f91a0de32b52a838d0d612abdc1aa?s=96&d=mm&r=g","contentUrl":"https:\/\/secure.gravatar.com\/avatar\/fe4f91a0de32b52a838d0d612abdc1aa?s=96&d=mm&r=g","caption":"Larissa Carvalho"},"url":"https:\/\/www.correiobraziliense.com.br\/cbradar\/author\/larissamyth\/"}]}},"_links":{"self":[{"href":"https:\/\/www.correiobraziliense.com.br\/cbradar\/wp-json\/wp\/v2\/posts\/124019","targetHints":{"allow":["GET"]}}],"collection":[{"href":"https:\/\/www.correiobraziliense.com.br\/cbradar\/wp-json\/wp\/v2\/posts"}],"about":[{"href":"https:\/\/www.correiobraziliense.com.br\/cbradar\/wp-json\/wp\/v2\/types\/post"}],"author":[{"embeddable":true,"href":"https:\/\/www.correiobraziliense.com.br\/cbradar\/wp-json\/wp\/v2\/users\/3"}],"replies":[{"embeddable":true,"href":"https:\/\/www.correiobraziliense.com.br\/cbradar\/wp-json\/wp\/v2\/comments?post=124019"}],"version-history":[{"count":2,"href":"https:\/\/www.correiobraziliense.com.br\/cbradar\/wp-json\/wp\/v2\/posts\/124019\/revisions"}],"predecessor-version":[{"id":124023,"href":"https:\/\/www.correiobraziliense.com.br\/cbradar\/wp-json\/wp\/v2\/posts\/124019\/revisions\/124023"}],"wp:featuredmedia":[{"embeddable":true,"href":"https:\/\/www.correiobraziliense.com.br\/cbradar\/wp-json\/wp\/v2\/media\/124021"}],"wp:attachment":[{"href":"https:\/\/www.correiobraziliense.com.br\/cbradar\/wp-json\/wp\/v2\/media?parent=124019"}],"wp:term":[{"taxonomy":"category","embeddable":true,"href":"https:\/\/www.correiobraziliense.com.br\/cbradar\/wp-json\/wp\/v2\/categories?post=124019"},{"taxonomy":"post_tag","embeddable":true,"href":"https:\/\/www.correiobraziliense.com.br\/cbradar\/wp-json\/wp\/v2\/tags?post=124019"}],"curies":[{"name":"wp","href":"https:\/\/api.w.org\/{rel}","templated":true}]}}