{"id":124122,"date":"2025-10-24T07:25:00","date_gmt":"2025-10-24T10:25:00","guid":{"rendered":"https:\/\/www.correiobraziliense.com.br\/cbradar\/?p=124122"},"modified":"2025-10-23T12:47:08","modified_gmt":"2025-10-23T15:47:08","slug":"se-voce-se-sente-cansado-durante-a-tarde-esses-5-alimentos-podem-mudar-seu-dia","status":"publish","type":"post","link":"https:\/\/www.correiobraziliense.com.br\/cbradar\/se-voce-se-sente-cansado-durante-a-tarde-esses-5-alimentos-podem-mudar-seu-dia\/","title":{"rendered":"Se voc\u00ea se sente cansado durante a tarde, esses 5 alimentos podem mudar seu dia"},"content":{"rendered":"\n<p>Aquele cansa\u00e7o avassalador que surge por volta das 3 da tarde \u00e9 uma experi\u00eancia familiar para muitos, frequentemente levando \u00e0 busca por um &#8220;estimulante&#8221; r\u00e1pido, como um salgadinho industrializado ou um doce. \u00c9 crucial e inegoci\u00e1vel afirmar desde o in\u00edcio: <strong>a fadiga persistente pode ser um sintoma de condi\u00e7\u00f5es m\u00e9dicas subjacentes e exige uma avalia\u00e7\u00e3o profissional.<\/strong> As dicas a seguir s\u00e3o para o manejo da energia atrav\u00e9s da alimenta\u00e7\u00e3o em indiv\u00edduos saud\u00e1veis.<\/p>\n\n\n\n<p>O problema, muitas vezes, n\u00e3o \u00e9 apenas a fome, mas sim o <strong>&#8220;crash&#8221; de glicose<\/strong> causado por escolhas alimentares inadequadas. Este artigo ir\u00e1 explorar, de forma segura e baseada em ci\u00eancia, porque lanches ultraprocessados sabotam sua energia e quais s\u00e3o as 5 combina\u00e7\u00f5es de alimentos que podem manter sua disposi\u00e7\u00e3o est\u00e1vel.<\/p>\n\n\n\n<h2 class=\"wp-block-heading\">Por que salgadinhos e doces causam um &#8220;pico e queda&#8221; de energia?<\/h2>\n\n\n\n<p>Salgadinhos industrializados, biscoitos e doces s\u00e3o tipicamente feitos com <strong>carboidratos refinados<\/strong> e <strong>a\u00e7\u00facares adicionados<\/strong>. Esses ingredientes t\u00eam um alto <a href=\"https:\/\/www.gov.br\/saude\/pt-br\/assuntos\/saude-de-a-a-z\/d\/diabetes\" target=\"_blank\" rel=\"noreferrer noopener\">\u00edndice glic\u00eamico<\/a>, o que significa que s\u00e3o digeridos e absorvidos muito rapidamente, causando um pico abrupto de a\u00e7\u00facar no sangue (glicemia).<\/p>\n\n\n\n<p>Em resposta a esse pico, o corpo libera uma grande quantidade de <strong>insulina<\/strong> para transportar o a\u00e7\u00facar para as c\u00e9lulas. No entanto, essa resposta hormonal \u00e9 muitas vezes exagerada, resultando em uma queda igualmente r\u00e1pida dos n\u00edveis de a\u00e7\u00facar no sangue logo em seguida. \u00c9 essa queda brusca que causa a sensa\u00e7\u00e3o de fadiga, &#8220;n\u00e9voa mental&#8221;, irritabilidade e um desejo ainda maior por mais a\u00e7\u00facar, criando um ciclo vicioso.<\/p>\n\n\n<div class=\"wp-block-image\">\n<figure class=\"aligncenter size-large\"><img decoding=\"async\" width=\"1024\" height=\"576\" src=\"https:\/\/www.correiobraziliense.com.br\/cbradar\/wp-content\/uploads\/2025\/08\/acucar-no-humor_1754484916544-1024x576.jpg\" alt=\"Se voc\u00ea fica casado durante a tarde, esses 5 alimentos podem mudar seu dia\" class=\"wp-image-81769\" srcset=\"https:\/\/www.correiobraziliense.com.br\/cbradar\/wp-content\/uploads\/2025\/08\/acucar-no-humor_1754484916544-1024x576.jpg 1024w, https:\/\/www.correiobraziliense.com.br\/cbradar\/wp-content\/uploads\/2025\/08\/acucar-no-humor_1754484916544-300x169.jpg 300w, https:\/\/www.correiobraziliense.com.br\/cbradar\/wp-content\/uploads\/2025\/08\/acucar-no-humor_1754484916544-768x432.jpg 768w, https:\/\/www.correiobraziliense.com.br\/cbradar\/wp-content\/uploads\/2025\/08\/acucar-no-humor_1754484916544-750x422.jpg 750w, https:\/\/www.correiobraziliense.com.br\/cbradar\/wp-content\/uploads\/2025\/08\/acucar-no-humor_1754484916544-1140x641.jpg 1140w, https:\/\/www.correiobraziliense.com.br\/cbradar\/wp-content\/uploads\/2025\/08\/acucar-no-humor_1754484916544.jpg 1280w\" sizes=\"(max-width: 1024px) 100vw, 1024px\" \/><figcaption class=\"wp-element-caption\">Mulher comendo um doce &#8211; Cr\u00e9ditos: depositphotos.com \/ phb.cz<\/figcaption><\/figure><\/div>\n\n\n<p>Leia tamb\u00e9m: <a href=\"https:\/\/www.correiobraziliense.com.br\/cbradar\/exercicios-para-experimentar-e-se-livrar-das-suas-dores-no-pescoco\" target=\"_blank\" rel=\"noreferrer noopener\">Exerc\u00edcios para experimentar e se livrar das suas dores no pesco\u00e7o<\/a><\/p>\n\n\n\n<h2 class=\"wp-block-heading\">Qual a &#8220;regra de ouro&#8221; para um lanche que sustenta a energia?<\/h2>\n\n\n\n<p>A chave para evitar o &#8220;crash&#8221; das 3 da tarde \u00e9 escolher lanches que promovam uma libera\u00e7\u00e3o de energia lenta e gradual. A estrat\u00e9gia mais eficaz, segundo a ci\u00eancia da nutri\u00e7\u00e3o, \u00e9 combinar tr\u00eas elementos essenciais em seu lanche:<\/p>\n\n\n\n<ol start=\"1\" class=\"wp-block-list\">\n<li><strong>Fibras:<\/strong> Retardam a digest\u00e3o e a absor\u00e7\u00e3o de a\u00e7\u00facar, promovendo a saciedade.<\/li>\n\n\n\n<li><strong>Prote\u00ednas:<\/strong> S\u00e3o o macronutriente mais saciante e ajudam a estabilizar o a\u00e7\u00facar no sangue.<\/li>\n\n\n\n<li><strong>Gorduras Saud\u00e1veis:<\/strong> Tamb\u00e9m retardam a digest\u00e3o e contribuem para uma sensa\u00e7\u00e3o de satisfa\u00e7\u00e3o mais duradoura.<\/li>\n<\/ol>\n\n\n\n<p>Essa &#8220;tr\u00edade&#8221; garante que a energia seja liberada de forma constante na corrente sangu\u00ednea, mantendo a disposi\u00e7\u00e3o e o foco por mais tempo.<\/p>\n\n\n\n<p>Leia tamb\u00e9m: <a href=\"https:\/\/www.correiobraziliense.com.br\/cbradar\/como-a-saude-do-figado-influencia-a-qualidade-e-regularidade-do-sono\" target=\"_blank\" rel=\"noreferrer noopener\">Como a sa\u00fade do f\u00edgado influencia a qualidade e regularidade do sono<\/a><\/p>\n\n\n\n<h2 class=\"wp-block-heading\">Quais s\u00e3o os 5 lanches que seguem essa regra de ouro?<\/h2>\n\n\n\n<p>Os exemplos a seguir combinam alimentos integrais para fornecer o trio de fibras, prote\u00ednas e gorduras boas.<\/p>\n\n\n\n<h3 class=\"wp-block-heading\">Ma\u00e7\u00e3 com pasta de amendoim<\/h3>\n\n\n\n<ul class=\"wp-block-list\">\n<li><strong>Como funciona:<\/strong> A ma\u00e7\u00e3 fornece fibras e carboidratos naturais, enquanto a pasta de amendoim (sem a\u00e7\u00facar adicionado) entrega prote\u00ednas e gorduras saud\u00e1veis. Uma combina\u00e7\u00e3o cl\u00e1ssica e eficaz.<\/li>\n<\/ul>\n\n\n\n<h3 class=\"wp-block-heading\">Iogurte grego natural com frutas vermelhas e sementes<\/h3>\n\n\n\n<ul class=\"wp-block-list\">\n<li><strong>Como funciona:<\/strong> O iogurte grego \u00e9 rico em prote\u00ednas. As frutas vermelhas adicionam fibras e antioxidantes com baixo teor de a\u00e7\u00facar. As sementes (chia, linha\u00e7a, girassol) contribuem com fibras e gorduras saud\u00e1veis.<\/li>\n<\/ul>\n\n\n\n<h3 class=\"wp-block-heading\">Ovos cozidos com meio abacate<\/h3>\n\n\n\n<ul class=\"wp-block-list\">\n<li><strong>Como funciona:<\/strong> Os ovos s\u00e3o uma pot\u00eancia de prote\u00edna e nutrientes. O abacate fornece fibras e gorduras monoinsaturadas de alta qualidade, garantindo uma saciedade prolongada.<\/li>\n<\/ul>\n\n\n\n<h3 class=\"wp-block-heading\">Palitos de vegetais (cenoura, pepino) com homus<\/h3>\n\n\n\n<ul class=\"wp-block-list\">\n<li><strong>Como funciona:<\/strong> Os vegetais oferecem fibras e croc\u00e2ncia. O homus, feito de gr\u00e3o-de-bico, \u00e9 uma excelente fonte de prote\u00edna vegetal, fibras e gorduras saud\u00e1veis do azeite e do tahine.<\/li>\n<\/ul>\n\n\n\n<h3 class=\"wp-block-heading\">Mix de oleaginosas (com modera\u00e7\u00e3o)<\/h3>\n\n\n\n<ul class=\"wp-block-list\">\n<li><strong>Como funciona:<\/strong> Um pequeno punhado (cerca de 30g) de castanhas, am\u00eandoas e nozes oferece uma combina\u00e7\u00e3o de prote\u00ednas, fibras e gorduras saud\u00e1veis. Pode-se adicionar uma pequena quantidade de frutas secas (como uva-passa) para um toque de do\u00e7ura e energia r\u00e1pida, mas com modera\u00e7\u00e3o devido ao a\u00e7\u00facar concentrado.<\/li>\n<\/ul>\n\n\n\n<h2 class=\"wp-block-heading\">Estes lanches substituem a necessidade de refei\u00e7\u00f5es equilibradas?<\/h2>\n\n\n\n<p>A resposta \u00e9 um enf\u00e1tico <strong>n\u00e3o<\/strong>. Estes lanches s\u00e3o ferramentas para <strong>manter a energia entre as refei\u00e7\u00f5es principais<\/strong> e evitar escolhas impulsivas e pouco saud\u00e1veis. Eles funcionam melhor quando inseridos em um padr\u00e3o alimentar geral que seja equilibrado e nutritivo.<\/p>\n\n\n\n<p>Se voc\u00ea sofre de fadiga cr\u00f4nica, tem dificuldades com o controle de peso ou com os n\u00edveis de a\u00e7\u00facar no sangue, a consulta com um <strong>m\u00e9dico<\/strong> para uma avalia\u00e7\u00e3o completa e com um <strong>nutricionista<\/strong> para criar um plano alimentar personalizado e seguro \u00e9 indispens\u00e1vel.<\/p>\n","protected":false},"excerpt":{"rendered":"<p>Aquele cansa\u00e7o avassalador que surge por volta das 3 da tarde \u00e9 uma experi\u00eancia familiar para muitos, frequentemente levando \u00e0 busca por um &#8220;estimulante&#8221; r\u00e1pido, como um salgadinho industrializado ou um doce. \u00c9 crucial e inegoci\u00e1vel afirmar desde o in\u00edcio: a fadiga persistente pode ser um sintoma de condi\u00e7\u00f5es m\u00e9dicas subjacentes e exige uma avalia\u00e7\u00e3o [&hellip;]<\/p>\n","protected":false},"author":11,"featured_media":8414,"comment_status":"open","ping_status":"open","sticky":false,"template":"","format":"standard","meta":{"_yoast_wpseo_focuskw":"alimentos que melhoram cansa\u00e7o","_yoast_wpseo_title":"","_yoast_wpseo_metadesc":"Cinco alimentos que, se consumidos \u00e0 tarde, aumentam a energia, melhoram o humor e mant\u00eam a disposi\u00e7\u00e3o ao longo do dia","jnews-multi-image_gallery":[],"jnews_single_post":{"format":"standard"},"jnews_primary_category":[],"jnews_social_meta":[],"jnews_override_counter":[],"footnotes":""},"categories":[119],"post_tag":[281,1318],"class_list":["post-124122","post","type-post","status-publish","format-standard","has-post-thumbnail","hentry","category-bem-estar","tag-alimentacao","tag-saude-2"],"yoast_head":"<!-- This site is optimized with the Yoast SEO plugin v24.6 - https:\/\/yoast.com\/wordpress\/plugins\/seo\/ -->\n<title>Se voc\u00ea se sente cansado durante a tarde, esses 5 alimentos podem mudar seu dia - Correio Braziliense - Radar<\/title>\n<meta name=\"description\" content=\"Cinco alimentos que, se consumidos \u00e0 tarde, aumentam a energia, melhoram o humor e mant\u00eam a disposi\u00e7\u00e3o ao longo do dia\" \/>\n<meta name=\"robots\" content=\"index, follow, max-snippet:-1, max-image-preview:large, max-video-preview:-1\" \/>\n<link rel=\"canonical\" href=\"https:\/\/www.correiobraziliense.com.br\/cbradar\/se-voce-se-sente-cansado-durante-a-tarde-esses-5-alimentos-podem-mudar-seu-dia\/\" \/>\n<meta property=\"og:locale\" content=\"pt_BR\" \/>\n<meta property=\"og:type\" content=\"article\" \/>\n<meta property=\"og:title\" content=\"Se voc\u00ea se sente cansado durante a tarde, esses 5 alimentos podem mudar seu dia - Correio Braziliense - Radar\" \/>\n<meta property=\"og:description\" content=\"Cinco alimentos que, se consumidos \u00e0 tarde, aumentam a energia, melhoram o humor e mant\u00eam a disposi\u00e7\u00e3o ao longo do dia\" \/>\n<meta property=\"og:url\" content=\"https:\/\/www.correiobraziliense.com.br\/cbradar\/se-voce-se-sente-cansado-durante-a-tarde-esses-5-alimentos-podem-mudar-seu-dia\/\" \/>\n<meta property=\"og:site_name\" content=\"Correio Braziliense - Radar\" \/>\n<meta property=\"article:published_time\" content=\"2025-10-24T10:25:00+00:00\" \/>\n<meta property=\"og:image\" content=\"https:\/\/www.correiobraziliense.com.br\/cbradar\/wp-content\/uploads\/2025\/03\/iogurte-natural_1741008658114.jpg\" \/>\n\t<meta property=\"og:image:width\" content=\"1280\" \/>\n\t<meta property=\"og:image:height\" content=\"720\" \/>\n\t<meta property=\"og:image:type\" content=\"image\/jpeg\" \/>\n<meta name=\"author\" content=\"Paulo Custodio\" \/>\n<meta name=\"twitter:card\" content=\"summary_large_image\" \/>\n<meta name=\"twitter:label1\" content=\"Escrito por\" \/>\n\t<meta name=\"twitter:data1\" content=\"Paulo Custodio\" \/>\n\t<meta name=\"twitter:label2\" content=\"Est. tempo de leitura\" \/>\n\t<meta name=\"twitter:data2\" content=\"5 minutos\" \/>\n<!-- \/ Yoast SEO plugin. -->","yoast_head_json":{"title":"Se voc\u00ea se sente cansado durante a tarde, esses 5 alimentos podem mudar seu dia - Correio Braziliense - Radar","description":"Cinco alimentos que, se consumidos \u00e0 tarde, aumentam a energia, melhoram o humor e mant\u00eam a disposi\u00e7\u00e3o ao longo do dia","robots":{"index":"index","follow":"follow","max-snippet":"max-snippet:-1","max-image-preview":"max-image-preview:large","max-video-preview":"max-video-preview:-1"},"canonical":"https:\/\/www.correiobraziliense.com.br\/cbradar\/se-voce-se-sente-cansado-durante-a-tarde-esses-5-alimentos-podem-mudar-seu-dia\/","og_locale":"pt_BR","og_type":"article","og_title":"Se voc\u00ea se sente cansado durante a tarde, esses 5 alimentos podem mudar seu dia - Correio Braziliense - Radar","og_description":"Cinco alimentos que, se consumidos \u00e0 tarde, aumentam a energia, melhoram o humor e mant\u00eam a disposi\u00e7\u00e3o ao longo do dia","og_url":"https:\/\/www.correiobraziliense.com.br\/cbradar\/se-voce-se-sente-cansado-durante-a-tarde-esses-5-alimentos-podem-mudar-seu-dia\/","og_site_name":"Correio Braziliense - Radar","article_published_time":"2025-10-24T10:25:00+00:00","og_image":[{"width":1280,"height":720,"url":"https:\/\/www.correiobraziliense.com.br\/cbradar\/wp-content\/uploads\/2025\/03\/iogurte-natural_1741008658114.jpg","type":"image\/jpeg"}],"author":"Paulo Custodio","twitter_card":"summary_large_image","twitter_misc":{"Escrito por":"Paulo Custodio","Est. tempo de leitura":"5 minutos"},"schema":{"@context":"https:\/\/schema.org","@graph":[{"@type":"WebPage","@id":"https:\/\/www.correiobraziliense.com.br\/cbradar\/se-voce-se-sente-cansado-durante-a-tarde-esses-5-alimentos-podem-mudar-seu-dia\/","url":"https:\/\/www.correiobraziliense.com.br\/cbradar\/se-voce-se-sente-cansado-durante-a-tarde-esses-5-alimentos-podem-mudar-seu-dia\/","name":"Se voc\u00ea se sente cansado durante a tarde, esses 5 alimentos podem mudar seu dia - Correio Braziliense - Radar","isPartOf":{"@id":"https:\/\/www.correiobraziliense.com.br\/cbradar\/#website"},"primaryImageOfPage":{"@id":"https:\/\/www.correiobraziliense.com.br\/cbradar\/se-voce-se-sente-cansado-durante-a-tarde-esses-5-alimentos-podem-mudar-seu-dia\/#primaryimage"},"image":{"@id":"https:\/\/www.correiobraziliense.com.br\/cbradar\/se-voce-se-sente-cansado-durante-a-tarde-esses-5-alimentos-podem-mudar-seu-dia\/#primaryimage"},"thumbnailUrl":"https:\/\/www.correiobraziliense.com.br\/cbradar\/wp-content\/uploads\/2025\/03\/iogurte-natural_1741008658114.jpg","datePublished":"2025-10-24T10:25:00+00:00","author":{"@id":"https:\/\/www.correiobraziliense.com.br\/cbradar\/#\/schema\/person\/4cec7857301a9a1a2ef249893cd908d3"},"description":"Cinco alimentos que, se consumidos \u00e0 tarde, aumentam a energia, melhoram o humor e mant\u00eam a disposi\u00e7\u00e3o ao longo do dia","breadcrumb":{"@id":"https:\/\/www.correiobraziliense.com.br\/cbradar\/se-voce-se-sente-cansado-durante-a-tarde-esses-5-alimentos-podem-mudar-seu-dia\/#breadcrumb"},"inLanguage":"pt-BR","potentialAction":[{"@type":"ReadAction","target":["https:\/\/www.correiobraziliense.com.br\/cbradar\/se-voce-se-sente-cansado-durante-a-tarde-esses-5-alimentos-podem-mudar-seu-dia\/"]}]},{"@type":"ImageObject","inLanguage":"pt-BR","@id":"https:\/\/www.correiobraziliense.com.br\/cbradar\/se-voce-se-sente-cansado-durante-a-tarde-esses-5-alimentos-podem-mudar-seu-dia\/#primaryimage","url":"https:\/\/www.correiobraziliense.com.br\/cbradar\/wp-content\/uploads\/2025\/03\/iogurte-natural_1741008658114.jpg","contentUrl":"https:\/\/www.correiobraziliense.com.br\/cbradar\/wp-content\/uploads\/2025\/03\/iogurte-natural_1741008658114.jpg","width":1280,"height":720,"caption":"Iogurte natural - Cr\u00e9ditos: depositphotos.com \/ magone"},{"@type":"BreadcrumbList","@id":"https:\/\/www.correiobraziliense.com.br\/cbradar\/se-voce-se-sente-cansado-durante-a-tarde-esses-5-alimentos-podem-mudar-seu-dia\/#breadcrumb","itemListElement":[{"@type":"ListItem","position":1,"name":"In\u00edcio","item":"https:\/\/www.correiobraziliense.com.br\/cbradar\/"},{"@type":"ListItem","position":2,"name":"Se voc\u00ea se sente cansado durante a tarde, esses 5 alimentos podem mudar seu dia"}]},{"@type":"WebSite","@id":"https:\/\/www.correiobraziliense.com.br\/cbradar\/#website","url":"https:\/\/www.correiobraziliense.com.br\/cbradar\/","name":"Correio Braziliense - Radar","description":"Acompanhe as \u00faltimas not\u00edcias e fique bem informado sobre tudo o que acontece no Brasil e no mundo.","potentialAction":[{"@type":"SearchAction","target":{"@type":"EntryPoint","urlTemplate":"https:\/\/www.correiobraziliense.com.br\/cbradar\/?s={search_term_string}"},"query-input":{"@type":"PropertyValueSpecification","valueRequired":true,"valueName":"search_term_string"}}],"inLanguage":"pt-BR"},{"@type":"Person","@id":"https:\/\/www.correiobraziliense.com.br\/cbradar\/#\/schema\/person\/4cec7857301a9a1a2ef249893cd908d3","name":"Paulo Custodio","image":{"@type":"ImageObject","inLanguage":"pt-BR","@id":"https:\/\/www.correiobraziliense.com.br\/cbradar\/#\/schema\/person\/image\/","url":"https:\/\/secure.gravatar.com\/avatar\/bcd67168d1534e8fcf4f45c726a87cea?s=96&d=mm&r=g","contentUrl":"https:\/\/secure.gravatar.com\/avatar\/bcd67168d1534e8fcf4f45c726a87cea?s=96&d=mm&r=g","caption":"Paulo Custodio"},"sameAs":["https:\/\/www.correiobraziliense.com.br\/cbradar"],"url":"https:\/\/www.correiobraziliense.com.br\/cbradar\/author\/paulomyth\/"}]}},"_links":{"self":[{"href":"https:\/\/www.correiobraziliense.com.br\/cbradar\/wp-json\/wp\/v2\/posts\/124122","targetHints":{"allow":["GET"]}}],"collection":[{"href":"https:\/\/www.correiobraziliense.com.br\/cbradar\/wp-json\/wp\/v2\/posts"}],"about":[{"href":"https:\/\/www.correiobraziliense.com.br\/cbradar\/wp-json\/wp\/v2\/types\/post"}],"author":[{"embeddable":true,"href":"https:\/\/www.correiobraziliense.com.br\/cbradar\/wp-json\/wp\/v2\/users\/11"}],"replies":[{"embeddable":true,"href":"https:\/\/www.correiobraziliense.com.br\/cbradar\/wp-json\/wp\/v2\/comments?post=124122"}],"version-history":[{"count":2,"href":"https:\/\/www.correiobraziliense.com.br\/cbradar\/wp-json\/wp\/v2\/posts\/124122\/revisions"}],"predecessor-version":[{"id":124160,"href":"https:\/\/www.correiobraziliense.com.br\/cbradar\/wp-json\/wp\/v2\/posts\/124122\/revisions\/124160"}],"wp:featuredmedia":[{"embeddable":true,"href":"https:\/\/www.correiobraziliense.com.br\/cbradar\/wp-json\/wp\/v2\/media\/8414"}],"wp:attachment":[{"href":"https:\/\/www.correiobraziliense.com.br\/cbradar\/wp-json\/wp\/v2\/media?parent=124122"}],"wp:term":[{"taxonomy":"category","embeddable":true,"href":"https:\/\/www.correiobraziliense.com.br\/cbradar\/wp-json\/wp\/v2\/categories?post=124122"},{"taxonomy":"post_tag","embeddable":true,"href":"https:\/\/www.correiobraziliense.com.br\/cbradar\/wp-json\/wp\/v2\/post_tag?post=124122"}],"curies":[{"name":"wp","href":"https:\/\/api.w.org\/{rel}","templated":true}]}}