{"id":12435,"date":"2025-03-15T07:23:00","date_gmt":"2025-03-15T10:23:00","guid":{"rendered":"https:\/\/www.correiobraziliense.com.br\/cbradar\/?p=12435"},"modified":"2025-03-14T13:53:07","modified_gmt":"2025-03-14T16:53:07","slug":"black-mirror-ganha-trailer-bizarro-para-a-setima-temporada-confira","status":"publish","type":"post","link":"https:\/\/www.correiobraziliense.com.br\/cbradar\/black-mirror-ganha-trailer-bizarro-para-a-setima-temporada-confira\/","title":{"rendered":"Black Mirror ganha trailer bizarro para a s\u00e9tima temporada, confira"},"content":{"rendered":"\n<p>Ap\u00f3s um hiato de dois anos, a aguardada s\u00e9rie &#8220;<strong><a href=\"https:\/\/www.netflix.com\/br\/title\/70264888\" target=\"_blank\" rel=\"noreferrer noopener\">Black Mirror<\/a><\/strong>&#8221; est\u00e1 prestes a retornar \u00e0 <strong>Netflix <\/strong>com sua s\u00e9tima temporada. Marcada para estrear em 10 de abril de 2025, a nova temporada promete continuar a tradi\u00e7\u00e3o da s\u00e9rie de explorar temas complexos e provocativos sobre a rela\u00e7\u00e3o entre tecnologia e sociedade. Com seis novos epis\u00f3dios, os f\u00e3s podem esperar narrativas intrigantes e reviravoltas surpreendentes.<\/p>\n\n\n\n<p>O an\u00fancio do retorno foi acompanhado pelo lan\u00e7amento de um trailer, que rapidamente gerou entusiasmo entre os seguidores da s\u00e9rie. A expectativa \u00e9 alta, especialmente com a confirma\u00e7\u00e3o de que um dos novos epis\u00f3dios ser\u00e1 uma sequ\u00eancia de &#8220;<strong>U.S.S. Callister<\/strong>&#8220;, um dos cap\u00edtulos mais memor\u00e1veis da quarta temporada. Este epis\u00f3dio original destacou-se por sua abordagem \u00fanica e cr\u00edtica da cultura dos jogos online e do abuso de poder.<\/p>\n\n\n\n<h2 class=\"wp-block-heading\"><strong>Quais novidades a s\u00e9tima temporada traz?<\/strong><\/h2>\n\n\n\n<p>A nova temporada de &#8220;Black Mirror&#8221; contar\u00e1 com um elenco diversificado e talentoso, incluindo nomes como <strong>Awkwafina<\/strong>, Peter <strong>Capaldi <\/strong>e<strong> Emma Corrin.<\/strong> A presen\u00e7a de atores renomados \u00e9 uma das marcas registradas da s\u00e9rie, que sempre busca trazer performances impactantes para suas hist\u00f3rias. Al\u00e9m disso, a temporada continua sob a cria\u00e7\u00e3o de <strong>Charlie Brooker<\/strong>, com produ\u00e7\u00e3o de <strong>Jessica Rhoades <\/strong>e <strong>Annabel Jones<\/strong>, garantindo a continuidade da vis\u00e3o original da s\u00e9rie.<\/p>\n\n\n\n<p>Entre os epis\u00f3dios, a sequ\u00eancia de &#8220;U.S.S. Callister&#8221; se destaca como um dos mais aguardados. No epis\u00f3dio original, o personagem <strong>Robert Daly<\/strong>, interpretado por <strong>Jesse Plemons<\/strong>, cria um universo virtual onde exerce controle absoluto sobre seus colegas de trabalho. A nova temporada promete expandir essa narrativa, explorando ainda mais as implica\u00e7\u00f5es \u00e9ticas e morais de tal tecnologia.<\/p>\n\n\n\n<iframe loading=\"lazy\" width=\"560\" height=\"315\" src=\"https:\/\/www.youtube.com\/embed\/W210J2A49TA?si=nuP_fCXW9-Ls0Jip\" title=\"YouTube video player\" frameborder=\"0\" allow=\"accelerometer; autoplay; clipboard-write; encrypted-media; gyroscope; picture-in-picture; web-share\" referrerpolicy=\"strict-origin-when-cross-origin\" allowfullscreen><\/iframe>\n\n\n\n<h2 class=\"wp-block-heading\"><strong>Por que Black Mirror continua a fascinar o p\u00fablico?<\/strong><\/h2>\n\n\n\n<p>Desde sua estreia, &#8220;Black Mirror&#8221; tem cativado o p\u00fablico com sua capacidade de refletir sobre os aspectos mais sombrios e perturbadores da tecnologia moderna. A s\u00e9rie \u00e9 conhecida por suas hist\u00f3rias aut\u00f4nomas, cada uma oferecendo uma vis\u00e3o \u00fanica e frequentemente dist\u00f3pica do futuro. Esta abordagem permite que os criadores explorem uma ampla gama de temas, desde a vigil\u00e2ncia digital at\u00e9 a intelig\u00eancia artificial.<\/p>\n\n\n\n<p>O sucesso cont\u00ednuo de &#8220;Black Mirror&#8221; pode ser atribu\u00eddo \u00e0 sua habilidade de provocar reflex\u00e3o e debate. Os epis\u00f3dios frequentemente deixam os espectadores questionando as implica\u00e7\u00f5es reais das tecnologias que j\u00e1 fazem parte de suas vidas. Al\u00e9m disso, a s\u00e9rie n\u00e3o hesita em abordar quest\u00f5es sociais e pol\u00edticas, tornando-se relevante em um mundo cada vez mais dependente da tecnologia.<\/p>\n\n\n\n<figure class=\"wp-block-image size-large\"><img decoding=\"async\" width=\"1024\" height=\"576\" src=\"https:\/\/www.correiobraziliense.com.br\/cbradar\/wp-content\/uploads\/2025\/03\/Black-Mirror-1024x576.png\" alt=\"Black Mirror ganha trailer bizarro para a s\u00e9tima temporada, confira\" class=\"wp-image-12437\" srcset=\"https:\/\/www.correiobraziliense.com.br\/cbradar\/wp-content\/uploads\/2025\/03\/Black-Mirror-1024x576.png 1024w, https:\/\/www.correiobraziliense.com.br\/cbradar\/wp-content\/uploads\/2025\/03\/Black-Mirror-300x169.png 300w, https:\/\/www.correiobraziliense.com.br\/cbradar\/wp-content\/uploads\/2025\/03\/Black-Mirror-768x432.png 768w, https:\/\/www.correiobraziliense.com.br\/cbradar\/wp-content\/uploads\/2025\/03\/Black-Mirror-750x422.png 750w, https:\/\/www.correiobraziliense.com.br\/cbradar\/wp-content\/uploads\/2025\/03\/Black-Mirror-1140x641.png 1140w, https:\/\/www.correiobraziliense.com.br\/cbradar\/wp-content\/uploads\/2025\/03\/Black-Mirror.png 1280w\" sizes=\"(max-width: 1024px) 100vw, 1024px\" \/><figcaption class=\"wp-element-caption\">Black Mirror. Fonte: divulga\u00e7\u00e3o \/ Netflix<\/figcaption><\/figure>\n\n\n\n<h2 class=\"wp-block-heading\"><strong>Como a s\u00e9rie evoluiu ao longo dos anos?<\/strong><\/h2>\n\n\n\n<p>Desde sua primeira temporada, &#8220;Black Mirror&#8221; evoluiu significativamente, tanto em termos de narrativa quanto de produ\u00e7\u00e3o. Originalmente transmitida no Reino Unido, a s\u00e9rie ganhou popularidade global ap\u00f3s ser adquirida pela Netflix. Com isso, houve um aumento no or\u00e7amento e na escala das produ\u00e7\u00f5es, permitindo epis\u00f3dios mais elaborados e com efeitos visuais impressionantes.<\/p>\n\n\n\n<p>Ao longo dos anos, &#8220;Black Mirror&#8221; tamb\u00e9m ampliou seu escopo tem\u00e1tico, explorando n\u00e3o apenas os perigos da tecnologia, mas tamb\u00e9m as complexidades das rela\u00e7\u00f5es humanas em um mundo digital. Essa evolu\u00e7\u00e3o tem sido crucial para manter a s\u00e9rie relevante e inovadora, atraindo novos espectadores e mantendo o interesse dos f\u00e3s de longa data.<\/p>\n\n\n\n<h2 class=\"wp-block-heading\"><strong>O que esperar do futuro de Black Mirror?<\/strong><\/h2>\n\n\n\n<p>Com a estreia da s\u00e9tima temporada, &#8220;Black Mirror&#8221; continua a ser uma das s\u00e9ries mais influentes e discutidas da atualidade. A capacidade da s\u00e9rie de se reinventar e abordar quest\u00f5es contempor\u00e2neas garante que ela permane\u00e7a no centro das conversas sobre o impacto da tecnologia na sociedade. Os f\u00e3s podem esperar que futuras temporadas continuem a desafiar suas percep\u00e7\u00f5es e a oferecer narrativas que s\u00e3o tanto divertidas quanto provocativas.<\/p>\n\n\n\n<p>Em um mundo onde a tecnologia avan\u00e7a rapidamente, &#8220;Black Mirror&#8221; serve como um lembrete poderoso das responsabilidades que v\u00eam com o progresso. A s\u00e9rie n\u00e3o apenas entret\u00e9m, mas tamb\u00e9m educa, incentivando os espectadores a considerar as consequ\u00eancias de suas intera\u00e7\u00f5es com a tecnologia. Com isso, &#8220;Black Mirror&#8221; permanece uma pe\u00e7a essencial da cultura pop moderna.<\/p>\n","protected":false},"excerpt":{"rendered":"<p>Prepare-se para a temporada de &#8220;Black Mirror&#8221; na Netflix em 10 de abril! Novos epis\u00f3dios e a sequ\u00eancia de &#8220;U.S.S. Callister&#8221; esperam voc\u00ea.<\/p>\n","protected":false},"author":3,"featured_media":12436,"comment_status":"open","ping_status":"open","sticky":false,"template":"","format":"standard","meta":{"_yoast_wpseo_focuskw":"s\u00e9tima temporada black mirror","_yoast_wpseo_title":"%%title%%","_yoast_wpseo_metadesc":"Prepare-se para a temporada de \"Black Mirror\" na Netflix em 10 de abril! Novos epis\u00f3dios e a sequ\u00eancia de \"U.S.S. Callister\" esperam voc\u00ea.","jnews-multi-image_gallery":[],"jnews_single_post":{"format":"standard"},"jnews_primary_category":[],"jnews_social_meta":[],"jnews_override_counter":[],"footnotes":""},"categories":[140],"post_tag":[1960,141,568],"class_list":["post-12435","post","type-post","status-publish","format-standard","has-post-thumbnail","hentry","category-entretenimento","tag-black-mirror","tag-netflix","tag-series-e-filmes"],"yoast_head":"<!-- This site is optimized with the Yoast SEO plugin v24.6 - https:\/\/yoast.com\/wordpress\/plugins\/seo\/ -->\n<title>Black Mirror ganha trailer bizarro para a s\u00e9tima temporada, confira<\/title>\n<meta name=\"description\" content=\"Prepare-se para a temporada de &quot;Black Mirror&quot; na Netflix em 10 de abril! Novos epis\u00f3dios e a sequ\u00eancia de &quot;U.S.S. Callister&quot; esperam voc\u00ea.\" \/>\n<meta name=\"robots\" content=\"index, follow, max-snippet:-1, max-image-preview:large, max-video-preview:-1\" \/>\n<link rel=\"canonical\" href=\"https:\/\/www.correiobraziliense.com.br\/cbradar\/black-mirror-ganha-trailer-bizarro-para-a-setima-temporada-confira\/\" \/>\n<meta property=\"og:locale\" content=\"pt_BR\" \/>\n<meta property=\"og:type\" content=\"article\" \/>\n<meta property=\"og:title\" content=\"Black Mirror ganha trailer bizarro para a s\u00e9tima temporada, confira\" \/>\n<meta property=\"og:description\" content=\"Prepare-se para a temporada de &quot;Black Mirror&quot; na Netflix em 10 de abril! Novos epis\u00f3dios e a sequ\u00eancia de &quot;U.S.S. Callister&quot; esperam voc\u00ea.\" \/>\n<meta property=\"og:url\" content=\"https:\/\/www.correiobraziliense.com.br\/cbradar\/black-mirror-ganha-trailer-bizarro-para-a-setima-temporada-confira\/\" \/>\n<meta property=\"og:site_name\" content=\"Correio Braziliense - Radar\" \/>\n<meta property=\"article:published_time\" content=\"2025-03-15T10:23:00+00:00\" \/>\n<meta property=\"og:image\" content=\"https:\/\/www.correiobraziliense.com.br\/cbradar\/wp-content\/uploads\/2025\/03\/Black-Mirror-2.png\" \/>\n\t<meta property=\"og:image:width\" content=\"1280\" \/>\n\t<meta property=\"og:image:height\" content=\"720\" \/>\n\t<meta property=\"og:image:type\" content=\"image\/png\" \/>\n<meta name=\"author\" content=\"Larissa Carvalho\" \/>\n<meta name=\"twitter:card\" content=\"summary_large_image\" \/>\n<meta name=\"twitter:label1\" content=\"Escrito por\" \/>\n\t<meta name=\"twitter:data1\" content=\"Larissa Carvalho\" \/>\n\t<meta name=\"twitter:label2\" content=\"Est. tempo de leitura\" \/>\n\t<meta name=\"twitter:data2\" content=\"4 minutos\" \/>\n<!-- \/ Yoast SEO plugin. -->","yoast_head_json":{"title":"Black Mirror ganha trailer bizarro para a s\u00e9tima temporada, confira","description":"Prepare-se para a temporada de \"Black Mirror\" na Netflix em 10 de abril! Novos epis\u00f3dios e a sequ\u00eancia de \"U.S.S. Callister\" esperam voc\u00ea.","robots":{"index":"index","follow":"follow","max-snippet":"max-snippet:-1","max-image-preview":"max-image-preview:large","max-video-preview":"max-video-preview:-1"},"canonical":"https:\/\/www.correiobraziliense.com.br\/cbradar\/black-mirror-ganha-trailer-bizarro-para-a-setima-temporada-confira\/","og_locale":"pt_BR","og_type":"article","og_title":"Black Mirror ganha trailer bizarro para a s\u00e9tima temporada, confira","og_description":"Prepare-se para a temporada de \"Black Mirror\" na Netflix em 10 de abril! Novos epis\u00f3dios e a sequ\u00eancia de \"U.S.S. Callister\" esperam voc\u00ea.","og_url":"https:\/\/www.correiobraziliense.com.br\/cbradar\/black-mirror-ganha-trailer-bizarro-para-a-setima-temporada-confira\/","og_site_name":"Correio Braziliense - Radar","article_published_time":"2025-03-15T10:23:00+00:00","og_image":[{"width":1280,"height":720,"url":"https:\/\/www.correiobraziliense.com.br\/cbradar\/wp-content\/uploads\/2025\/03\/Black-Mirror-2.png","type":"image\/png"}],"author":"Larissa Carvalho","twitter_card":"summary_large_image","twitter_misc":{"Escrito por":"Larissa Carvalho","Est. tempo de leitura":"4 minutos"},"schema":{"@context":"https:\/\/schema.org","@graph":[{"@type":"WebPage","@id":"https:\/\/www.correiobraziliense.com.br\/cbradar\/black-mirror-ganha-trailer-bizarro-para-a-setima-temporada-confira\/","url":"https:\/\/www.correiobraziliense.com.br\/cbradar\/black-mirror-ganha-trailer-bizarro-para-a-setima-temporada-confira\/","name":"Black Mirror ganha trailer bizarro para a s\u00e9tima temporada, confira","isPartOf":{"@id":"https:\/\/www.correiobraziliense.com.br\/cbradar\/#website"},"primaryImageOfPage":{"@id":"https:\/\/www.correiobraziliense.com.br\/cbradar\/black-mirror-ganha-trailer-bizarro-para-a-setima-temporada-confira\/#primaryimage"},"image":{"@id":"https:\/\/www.correiobraziliense.com.br\/cbradar\/black-mirror-ganha-trailer-bizarro-para-a-setima-temporada-confira\/#primaryimage"},"thumbnailUrl":"https:\/\/www.correiobraziliense.com.br\/cbradar\/wp-content\/uploads\/2025\/03\/Black-Mirror-2.png","datePublished":"2025-03-15T10:23:00+00:00","author":{"@id":"https:\/\/www.correiobraziliense.com.br\/cbradar\/#\/schema\/person\/58422787644df994b53a19d3e56c1513"},"description":"Prepare-se para a temporada de \"Black Mirror\" na Netflix em 10 de abril! Novos epis\u00f3dios e a sequ\u00eancia de \"U.S.S. Callister\" esperam voc\u00ea.","breadcrumb":{"@id":"https:\/\/www.correiobraziliense.com.br\/cbradar\/black-mirror-ganha-trailer-bizarro-para-a-setima-temporada-confira\/#breadcrumb"},"inLanguage":"pt-BR","potentialAction":[{"@type":"ReadAction","target":["https:\/\/www.correiobraziliense.com.br\/cbradar\/black-mirror-ganha-trailer-bizarro-para-a-setima-temporada-confira\/"]}]},{"@type":"ImageObject","inLanguage":"pt-BR","@id":"https:\/\/www.correiobraziliense.com.br\/cbradar\/black-mirror-ganha-trailer-bizarro-para-a-setima-temporada-confira\/#primaryimage","url":"https:\/\/www.correiobraziliense.com.br\/cbradar\/wp-content\/uploads\/2025\/03\/Black-Mirror-2.png","contentUrl":"https:\/\/www.correiobraziliense.com.br\/cbradar\/wp-content\/uploads\/2025\/03\/Black-Mirror-2.png","width":1280,"height":720,"caption":"Black Mirror. Fonte: divulga\u00e7\u00e3o \/ Netflix"},{"@type":"BreadcrumbList","@id":"https:\/\/www.correiobraziliense.com.br\/cbradar\/black-mirror-ganha-trailer-bizarro-para-a-setima-temporada-confira\/#breadcrumb","itemListElement":[{"@type":"ListItem","position":1,"name":"In\u00edcio","item":"https:\/\/www.correiobraziliense.com.br\/cbradar\/"},{"@type":"ListItem","position":2,"name":"Black Mirror ganha trailer bizarro para a s\u00e9tima temporada, confira"}]},{"@type":"WebSite","@id":"https:\/\/www.correiobraziliense.com.br\/cbradar\/#website","url":"https:\/\/www.correiobraziliense.com.br\/cbradar\/","name":"Correio Braziliense - Radar","description":"Acompanhe as \u00faltimas not\u00edcias e fique bem informado sobre tudo o que acontece no Brasil e no mundo.","potentialAction":[{"@type":"SearchAction","target":{"@type":"EntryPoint","urlTemplate":"https:\/\/www.correiobraziliense.com.br\/cbradar\/?s={search_term_string}"},"query-input":{"@type":"PropertyValueSpecification","valueRequired":true,"valueName":"search_term_string"}}],"inLanguage":"pt-BR"},{"@type":"Person","@id":"https:\/\/www.correiobraziliense.com.br\/cbradar\/#\/schema\/person\/58422787644df994b53a19d3e56c1513","name":"Larissa Carvalho","image":{"@type":"ImageObject","inLanguage":"pt-BR","@id":"https:\/\/www.correiobraziliense.com.br\/cbradar\/#\/schema\/person\/image\/","url":"https:\/\/secure.gravatar.com\/avatar\/fe4f91a0de32b52a838d0d612abdc1aa?s=96&d=mm&r=g","contentUrl":"https:\/\/secure.gravatar.com\/avatar\/fe4f91a0de32b52a838d0d612abdc1aa?s=96&d=mm&r=g","caption":"Larissa Carvalho"},"url":"https:\/\/www.correiobraziliense.com.br\/cbradar\/author\/larissamyth\/"}]}},"_links":{"self":[{"href":"https:\/\/www.correiobraziliense.com.br\/cbradar\/wp-json\/wp\/v2\/posts\/12435","targetHints":{"allow":["GET"]}}],"collection":[{"href":"https:\/\/www.correiobraziliense.com.br\/cbradar\/wp-json\/wp\/v2\/posts"}],"about":[{"href":"https:\/\/www.correiobraziliense.com.br\/cbradar\/wp-json\/wp\/v2\/types\/post"}],"author":[{"embeddable":true,"href":"https:\/\/www.correiobraziliense.com.br\/cbradar\/wp-json\/wp\/v2\/users\/3"}],"replies":[{"embeddable":true,"href":"https:\/\/www.correiobraziliense.com.br\/cbradar\/wp-json\/wp\/v2\/comments?post=12435"}],"version-history":[{"count":1,"href":"https:\/\/www.correiobraziliense.com.br\/cbradar\/wp-json\/wp\/v2\/posts\/12435\/revisions"}],"predecessor-version":[{"id":12438,"href":"https:\/\/www.correiobraziliense.com.br\/cbradar\/wp-json\/wp\/v2\/posts\/12435\/revisions\/12438"}],"wp:featuredmedia":[{"embeddable":true,"href":"https:\/\/www.correiobraziliense.com.br\/cbradar\/wp-json\/wp\/v2\/media\/12436"}],"wp:attachment":[{"href":"https:\/\/www.correiobraziliense.com.br\/cbradar\/wp-json\/wp\/v2\/media?parent=12435"}],"wp:term":[{"taxonomy":"category","embeddable":true,"href":"https:\/\/www.correiobraziliense.com.br\/cbradar\/wp-json\/wp\/v2\/categories?post=12435"},{"taxonomy":"post_tag","embeddable":true,"href":"https:\/\/www.correiobraziliense.com.br\/cbradar\/wp-json\/wp\/v2\/post_tag?post=12435"}],"curies":[{"name":"wp","href":"https:\/\/api.w.org\/{rel}","templated":true}]}}