{"id":124358,"date":"2025-10-24T10:55:00","date_gmt":"2025-10-24T13:55:00","guid":{"rendered":"https:\/\/www.correiobraziliense.com.br\/cbradar\/?p=124358"},"modified":"2025-10-23T19:16:31","modified_gmt":"2025-10-23T22:16:31","slug":"por-que-esse-suco-natural-virou-tendencia-entre-medicos-para-fortalecer-o-coracao","status":"publish","type":"post","link":"https:\/\/www.correiobraziliense.com.br\/cbradar\/por-que-esse-suco-natural-virou-tendencia-entre-medicos-para-fortalecer-o-coracao\/","title":{"rendered":"Por que esse suco natural virou tend\u00eancia entre m\u00e9dicos para fortalecer o cora\u00e7\u00e3o"},"content":{"rendered":"\n<p>O <strong>suco de beterraba<\/strong> pode contribuir para a redu\u00e7\u00e3o da press\u00e3o arterial em alguns casos, especialmente devido ao alto teor de nitratos presentes na beterraba. Estas subst\u00e2ncias s\u00e3o convertidas em \u00f3xido n\u00edtrico no organismo, promovendo relaxamento dos vasos sangu\u00edneos e facilitando o fluxo sangu\u00edneo, o que pode auxiliar na diminui\u00e7\u00e3o da press\u00e3o arterial.<\/p>\n\n\n\n<h2 class=\"wp-block-heading\">Como os nitratos presentes na beterraba beneficiam o cora\u00e7\u00e3o<\/h2>\n\n\n\n<p>Os <strong>nitratos<\/strong> da beterraba s\u00e3o metabolizados e transformam-se em \u00f3xido n\u00edtrico, g\u00e1s vital para a sa\u00fade cardiovascular. O \u00f3xido n\u00edtrico contribui para a vasodilata\u00e7\u00e3o, reduzindo a press\u00e3o arterial e o esfor\u00e7o do cora\u00e7\u00e3o.<\/p>\n\n\n\n<p>Al\u00e9m disso, <a href=\"https:\/\/pmc.ncbi.nlm.nih.gov\/articles\/PMC8965354\/?utm_source=chatgpt.com\" target=\"_blank\" rel=\"noreferrer noopener\">estudos sugerem que o consumo regular desse suco pode melhorar a resist\u00eancia f\u00edsica e diminuir a inflama\u00e7\u00e3o<\/a>, fortalecendo ainda mais o sistema cardiovascular.<\/p>\n\n\n\n<h2 class=\"wp-block-heading\">Como preparar o suco de beterraba em casa<\/h2>\n\n\n\n<p>Preparar <strong>suco de beterraba<\/strong> \u00e9 simples, acess\u00edvel e pode ser feito rapidamente. \u00c9 importante utilizar ingredientes frescos para aproveitar ao m\u00e1ximo os benef\u00edcios deste suco.<\/p>\n\n\n\n<p>Veja o passo a passo b\u00e1sico, ideal para inserir essa fonte de nutrientes na rotina:<\/p>\n\n\n\n<ol class=\"wp-block-list\">\n<li><strong>Escolher uma beterraba<\/strong> de tamanho m\u00e9dio, fresca e com casca lisa.<\/li>\n\n\n\n<li><strong>Lavar bem<\/strong> a beterraba em \u00e1gua corrente para remover sujeira e res\u00edduos.<\/li>\n\n\n\n<li><strong>Cortar a beterraba<\/strong> em peda\u00e7os pequenos, o que facilita o processamento no liquidificador.<\/li>\n\n\n\n<li><strong>Bater a beterraba<\/strong> com um copo de \u00e1gua fria no liquidificador at\u00e9 obter uma mistura homog\u00eanea.<\/li>\n\n\n\n<li><strong>Coar, se desejado<\/strong>, para remover peda\u00e7os s\u00f3lidos, embora a polpa contenha fibras ben\u00e9ficas.<\/li>\n\n\n\n<li><strong>Adicionar suco de meio lim\u00e3o<\/strong>, misturando bem, para acentuar o sabor e adicionar vitamina C.<\/li>\n<\/ol>\n\n\n\n<figure class=\"wp-block-image size-large\"><img decoding=\"async\" width=\"1024\" height=\"576\" src=\"https:\/\/www.correiobraziliense.com.br\/cbradar\/wp-content\/uploads\/2025\/10\/suco-de-beterraba_1761257740460-1024x576.jpg\" alt=\"Por que esse suco natural virou tend\u00eancia entre m\u00e9dicos para fortalecer o cora\u00e7\u00e3o\" class=\"wp-image-124361\" srcset=\"https:\/\/www.correiobraziliense.com.br\/cbradar\/wp-content\/uploads\/2025\/10\/suco-de-beterraba_1761257740460-1024x576.jpg 1024w, https:\/\/www.correiobraziliense.com.br\/cbradar\/wp-content\/uploads\/2025\/10\/suco-de-beterraba_1761257740460-300x169.jpg 300w, https:\/\/www.correiobraziliense.com.br\/cbradar\/wp-content\/uploads\/2025\/10\/suco-de-beterraba_1761257740460-768x432.jpg 768w, https:\/\/www.correiobraziliense.com.br\/cbradar\/wp-content\/uploads\/2025\/10\/suco-de-beterraba_1761257740460-750x422.jpg 750w, https:\/\/www.correiobraziliense.com.br\/cbradar\/wp-content\/uploads\/2025\/10\/suco-de-beterraba_1761257740460-1140x641.jpg 1140w, https:\/\/www.correiobraziliense.com.br\/cbradar\/wp-content\/uploads\/2025\/10\/suco-de-beterraba_1761257740460.jpg 1280w\" sizes=\"(max-width: 1024px) 100vw, 1024px\" \/><figcaption class=\"wp-element-caption\">suco de beterraba. Cr\u00e9ditos: depositphotos.com \/ Nikolay_Donetsk<\/figcaption><\/figure>\n\n\n\n<h2 class=\"wp-block-heading\">Por que consultar um m\u00e9dico antes de consumir suco de beterraba diariamente \u00e9 importante<\/h2>\n\n\n\n<p>Embora o <strong>suco de beterraba<\/strong> seja promissor para a sa\u00fade do cora\u00e7\u00e3o, quem faz uso de medicamentos, principalmente anti-hipertensivos, deve sempre buscar orienta\u00e7\u00e3o m\u00e9dica antes de consumi-lo regularmente. Isso evita poss\u00edveis intera\u00e7\u00f5es e previne quedas excessivas da press\u00e3o arterial.<\/p>\n\n\n\n<p>Al\u00e9m disso, o suco n\u00e3o substitui o tratamento convencional e seu uso deve ser complementar, sempre conforme a recomenda\u00e7\u00e3o profissional.<\/p>\n\n\n\n<p>Leia tamb\u00e9m: <a href=\"https:\/\/www.correiobraziliense.com.br\/cbradar\/o-efeito-de-incluir-a-beterraba-na-dieta-de-pre-treino\/\" target=\"_blank\" rel=\"noreferrer noopener\">O efeito de incluir a beterraba na dieta de pr\u00e9-treino<\/a><\/p>\n\n\n\n<h2 class=\"wp-block-heading\">Quando o suco de beterraba pode ser usado de forma segura no dia a dia<\/h2>\n\n\n\n<p>O uso do <strong>suco de beterraba<\/strong> pode ser considerado seguro em dietas equilibradas e sob orienta\u00e7\u00e3o profissional, sobretudo em pessoas sem restri\u00e7\u00f5es de sa\u00fade relacionadas \u00e0 press\u00e3o arterial.<\/p>\n\n\n\n<p>Confira algumas orienta\u00e7\u00f5es pr\u00e1ticas para incorporar a bebida com seguran\u00e7a:<\/p>\n\n\n\n<ul class=\"wp-block-list\">\n<li>Inclua o suco como parte de uma alimenta\u00e7\u00e3o variada;<\/li>\n\n\n\n<li>Aten\u00e7\u00e3o ao consumo em caso de problemas renais ou uso de anticoagulantes;<\/li>\n\n\n\n<li>Mantenha o acompanhamento regular com seu m\u00e9dico ou nutricionista.<\/li>\n<\/ul>\n","protected":false},"excerpt":{"rendered":"<p>Suco de beterraba pode ajudar a baixar a press\u00e3o: descubra como seus nitratos viram \u00f3xido n\u00edtrico, relaxando vasos.<\/p>\n","protected":false},"author":3,"featured_media":124360,"comment_status":"open","ping_status":"open","sticky":false,"template":"","format":"standard","meta":{"_yoast_wpseo_focuskw":"suco natural tend\u00eancia cora\u00e7\u00e3o","_yoast_wpseo_title":"%%title%%","_yoast_wpseo_metadesc":"Suco de beterraba pode ajudar a baixar a press\u00e3o: descubra como seus nitratos viram \u00f3xido n\u00edtrico, relaxando vasos.","jnews-multi-image_gallery":[],"jnews_single_post":{"format":"standard"},"jnews_primary_category":[],"jnews_social_meta":[],"jnews_override_counter":[],"footnotes":""},"categories":[112],"tags":[281,1423,3559,144,735,565,10664],"class_list":["post-124358","post","type-post","status-publish","format-standard","has-post-thumbnail","hentry","category-curiosidades","tag-alimentacao","tag-alimentos","tag-corpo-humano","tag-curiosidades","tag-frutas","tag-saude","tag-sucos"],"yoast_head":"<!-- This site is optimized with the Yoast SEO plugin v24.6 - https:\/\/yoast.com\/wordpress\/plugins\/seo\/ -->\n<title>Por que esse suco natural virou tend\u00eancia entre m\u00e9dicos para fortalecer o cora\u00e7\u00e3o<\/title>\n<meta name=\"description\" content=\"Suco de beterraba pode ajudar a baixar a press\u00e3o: descubra como seus nitratos viram \u00f3xido n\u00edtrico, relaxando vasos.\" \/>\n<meta name=\"robots\" content=\"index, follow, max-snippet:-1, max-image-preview:large, max-video-preview:-1\" \/>\n<link rel=\"canonical\" href=\"https:\/\/www.correiobraziliense.com.br\/cbradar\/por-que-esse-suco-natural-virou-tendencia-entre-medicos-para-fortalecer-o-coracao\/\" \/>\n<meta property=\"og:locale\" content=\"pt_BR\" \/>\n<meta property=\"og:type\" content=\"article\" \/>\n<meta property=\"og:title\" content=\"Por que esse suco natural virou tend\u00eancia entre m\u00e9dicos para fortalecer o cora\u00e7\u00e3o\" \/>\n<meta property=\"og:description\" content=\"Suco de beterraba pode ajudar a baixar a press\u00e3o: descubra como seus nitratos viram \u00f3xido n\u00edtrico, relaxando vasos.\" \/>\n<meta property=\"og:url\" content=\"https:\/\/www.correiobraziliense.com.br\/cbradar\/por-que-esse-suco-natural-virou-tendencia-entre-medicos-para-fortalecer-o-coracao\/\" \/>\n<meta property=\"og:site_name\" content=\"Correio Braziliense - Radar\" \/>\n<meta property=\"article:published_time\" content=\"2025-10-24T13:55:00+00:00\" \/>\n<meta property=\"og:image\" content=\"https:\/\/www.correiobraziliense.com.br\/cbradar\/wp-content\/uploads\/2025\/10\/suco-de-beterraba_1761257644417.jpg\" \/>\n\t<meta property=\"og:image:width\" content=\"1280\" \/>\n\t<meta property=\"og:image:height\" content=\"720\" \/>\n\t<meta property=\"og:image:type\" content=\"image\/jpeg\" \/>\n<meta name=\"author\" content=\"Larissa Carvalho\" \/>\n<meta name=\"twitter:card\" content=\"summary_large_image\" \/>\n<meta name=\"twitter:label1\" content=\"Escrito por\" \/>\n\t<meta name=\"twitter:data1\" content=\"Larissa Carvalho\" \/>\n\t<meta name=\"twitter:label2\" content=\"Est. tempo de leitura\" \/>\n\t<meta name=\"twitter:data2\" content=\"3 minutos\" \/>\n<!-- \/ Yoast SEO plugin. -->","yoast_head_json":{"title":"Por que esse suco natural virou tend\u00eancia entre m\u00e9dicos para fortalecer o cora\u00e7\u00e3o","description":"Suco de beterraba pode ajudar a baixar a press\u00e3o: descubra como seus nitratos viram \u00f3xido n\u00edtrico, relaxando vasos.","robots":{"index":"index","follow":"follow","max-snippet":"max-snippet:-1","max-image-preview":"max-image-preview:large","max-video-preview":"max-video-preview:-1"},"canonical":"https:\/\/www.correiobraziliense.com.br\/cbradar\/por-que-esse-suco-natural-virou-tendencia-entre-medicos-para-fortalecer-o-coracao\/","og_locale":"pt_BR","og_type":"article","og_title":"Por que esse suco natural virou tend\u00eancia entre m\u00e9dicos para fortalecer o cora\u00e7\u00e3o","og_description":"Suco de beterraba pode ajudar a baixar a press\u00e3o: descubra como seus nitratos viram \u00f3xido n\u00edtrico, relaxando vasos.","og_url":"https:\/\/www.correiobraziliense.com.br\/cbradar\/por-que-esse-suco-natural-virou-tendencia-entre-medicos-para-fortalecer-o-coracao\/","og_site_name":"Correio Braziliense - Radar","article_published_time":"2025-10-24T13:55:00+00:00","og_image":[{"width":1280,"height":720,"url":"https:\/\/www.correiobraziliense.com.br\/cbradar\/wp-content\/uploads\/2025\/10\/suco-de-beterraba_1761257644417.jpg","type":"image\/jpeg"}],"author":"Larissa Carvalho","twitter_card":"summary_large_image","twitter_misc":{"Escrito por":"Larissa Carvalho","Est. tempo de leitura":"3 minutos"},"schema":{"@context":"https:\/\/schema.org","@graph":[{"@type":"WebPage","@id":"https:\/\/www.correiobraziliense.com.br\/cbradar\/por-que-esse-suco-natural-virou-tendencia-entre-medicos-para-fortalecer-o-coracao\/","url":"https:\/\/www.correiobraziliense.com.br\/cbradar\/por-que-esse-suco-natural-virou-tendencia-entre-medicos-para-fortalecer-o-coracao\/","name":"Por que esse suco natural virou tend\u00eancia entre m\u00e9dicos para fortalecer o cora\u00e7\u00e3o","isPartOf":{"@id":"https:\/\/www.correiobraziliense.com.br\/cbradar\/#website"},"primaryImageOfPage":{"@id":"https:\/\/www.correiobraziliense.com.br\/cbradar\/por-que-esse-suco-natural-virou-tendencia-entre-medicos-para-fortalecer-o-coracao\/#primaryimage"},"image":{"@id":"https:\/\/www.correiobraziliense.com.br\/cbradar\/por-que-esse-suco-natural-virou-tendencia-entre-medicos-para-fortalecer-o-coracao\/#primaryimage"},"thumbnailUrl":"https:\/\/www.correiobraziliense.com.br\/cbradar\/wp-content\/uploads\/2025\/10\/suco-de-beterraba_1761257644417.jpg","datePublished":"2025-10-24T13:55:00+00:00","author":{"@id":"https:\/\/www.correiobraziliense.com.br\/cbradar\/#\/schema\/person\/58422787644df994b53a19d3e56c1513"},"description":"Suco de beterraba pode ajudar a baixar a press\u00e3o: descubra como seus nitratos viram \u00f3xido n\u00edtrico, relaxando vasos.","breadcrumb":{"@id":"https:\/\/www.correiobraziliense.com.br\/cbradar\/por-que-esse-suco-natural-virou-tendencia-entre-medicos-para-fortalecer-o-coracao\/#breadcrumb"},"inLanguage":"pt-BR","potentialAction":[{"@type":"ReadAction","target":["https:\/\/www.correiobraziliense.com.br\/cbradar\/por-que-esse-suco-natural-virou-tendencia-entre-medicos-para-fortalecer-o-coracao\/"]}]},{"@type":"ImageObject","inLanguage":"pt-BR","@id":"https:\/\/www.correiobraziliense.com.br\/cbradar\/por-que-esse-suco-natural-virou-tendencia-entre-medicos-para-fortalecer-o-coracao\/#primaryimage","url":"https:\/\/www.correiobraziliense.com.br\/cbradar\/wp-content\/uploads\/2025\/10\/suco-de-beterraba_1761257644417.jpg","contentUrl":"https:\/\/www.correiobraziliense.com.br\/cbradar\/wp-content\/uploads\/2025\/10\/suco-de-beterraba_1761257644417.jpg","width":1280,"height":720,"caption":"suco de beterraba. Cr\u00e9ditos: depositphotos.com \/ umochka111"},{"@type":"BreadcrumbList","@id":"https:\/\/www.correiobraziliense.com.br\/cbradar\/por-que-esse-suco-natural-virou-tendencia-entre-medicos-para-fortalecer-o-coracao\/#breadcrumb","itemListElement":[{"@type":"ListItem","position":1,"name":"In\u00edcio","item":"https:\/\/www.correiobraziliense.com.br\/cbradar\/"},{"@type":"ListItem","position":2,"name":"Por que esse suco natural virou tend\u00eancia entre m\u00e9dicos para fortalecer o cora\u00e7\u00e3o"}]},{"@type":"WebSite","@id":"https:\/\/www.correiobraziliense.com.br\/cbradar\/#website","url":"https:\/\/www.correiobraziliense.com.br\/cbradar\/","name":"Correio Braziliense - Radar","description":"Acompanhe as \u00faltimas not\u00edcias e fique bem informado sobre tudo o que acontece no Brasil e no mundo.","potentialAction":[{"@type":"SearchAction","target":{"@type":"EntryPoint","urlTemplate":"https:\/\/www.correiobraziliense.com.br\/cbradar\/?s={search_term_string}"},"query-input":{"@type":"PropertyValueSpecification","valueRequired":true,"valueName":"search_term_string"}}],"inLanguage":"pt-BR"},{"@type":"Person","@id":"https:\/\/www.correiobraziliense.com.br\/cbradar\/#\/schema\/person\/58422787644df994b53a19d3e56c1513","name":"Larissa Carvalho","image":{"@type":"ImageObject","inLanguage":"pt-BR","@id":"https:\/\/www.correiobraziliense.com.br\/cbradar\/#\/schema\/person\/image\/","url":"https:\/\/secure.gravatar.com\/avatar\/fe4f91a0de32b52a838d0d612abdc1aa?s=96&d=mm&r=g","contentUrl":"https:\/\/secure.gravatar.com\/avatar\/fe4f91a0de32b52a838d0d612abdc1aa?s=96&d=mm&r=g","caption":"Larissa Carvalho"},"url":"https:\/\/www.correiobraziliense.com.br\/cbradar\/author\/larissamyth\/"}]}},"_links":{"self":[{"href":"https:\/\/www.correiobraziliense.com.br\/cbradar\/wp-json\/wp\/v2\/posts\/124358","targetHints":{"allow":["GET"]}}],"collection":[{"href":"https:\/\/www.correiobraziliense.com.br\/cbradar\/wp-json\/wp\/v2\/posts"}],"about":[{"href":"https:\/\/www.correiobraziliense.com.br\/cbradar\/wp-json\/wp\/v2\/types\/post"}],"author":[{"embeddable":true,"href":"https:\/\/www.correiobraziliense.com.br\/cbradar\/wp-json\/wp\/v2\/users\/3"}],"replies":[{"embeddable":true,"href":"https:\/\/www.correiobraziliense.com.br\/cbradar\/wp-json\/wp\/v2\/comments?post=124358"}],"version-history":[{"count":2,"href":"https:\/\/www.correiobraziliense.com.br\/cbradar\/wp-json\/wp\/v2\/posts\/124358\/revisions"}],"predecessor-version":[{"id":124362,"href":"https:\/\/www.correiobraziliense.com.br\/cbradar\/wp-json\/wp\/v2\/posts\/124358\/revisions\/124362"}],"wp:featuredmedia":[{"embeddable":true,"href":"https:\/\/www.correiobraziliense.com.br\/cbradar\/wp-json\/wp\/v2\/media\/124360"}],"wp:attachment":[{"href":"https:\/\/www.correiobraziliense.com.br\/cbradar\/wp-json\/wp\/v2\/media?parent=124358"}],"wp:term":[{"taxonomy":"category","embeddable":true,"href":"https:\/\/www.correiobraziliense.com.br\/cbradar\/wp-json\/wp\/v2\/categories?post=124358"},{"taxonomy":"post_tag","embeddable":true,"href":"https:\/\/www.correiobraziliense.com.br\/cbradar\/wp-json\/wp\/v2\/tags?post=124358"}],"curies":[{"name":"wp","href":"https:\/\/api.w.org\/{rel}","templated":true}]}}