{"id":124416,"date":"2025-10-25T06:05:00","date_gmt":"2025-10-25T09:05:00","guid":{"rendered":"https:\/\/www.correiobraziliense.com.br\/cbradar\/?p=124416"},"modified":"2025-10-23T21:29:24","modified_gmt":"2025-10-24T00:29:24","slug":"descoberto-beneficios-surpreendente-da-nespera-no-organismo","status":"publish","type":"post","link":"https:\/\/www.correiobraziliense.com.br\/cbradar\/descoberto-beneficios-surpreendente-da-nespera-no-organismo\/","title":{"rendered":"Descoberto benef\u00edcios surpreendente da N\u00easpera no organismo"},"content":{"rendered":"\n<p>A <strong>N\u00easpera<\/strong>, conhecida cientificamente como\u00a0<em>Eriobotrya japonica<\/em>, \u00e9 uma fruta que atrai n\u00e3o apenas pela apar\u00eancia vibrante e atrativa, mas tamb\u00e9m por seu sabor \u00fanico que combina do\u00e7ura e um toque de acidez. Origin\u00e1ria do sudeste asi\u00e1tico, a fruta tropical encontra popularidade em v\u00e1rias regi\u00f5es do mundo, incluindo o Brasil, onde o clima geralmente favorece o seu cultivo. Al\u00e9m de suas caracter\u00edsticas gustativas, a N\u00easpera oferece uma variedade de benef\u00edcios para a sa\u00fade, tornando-se uma excelente escolha tanto para jardinagem quanto para alimenta\u00e7\u00e3o saud\u00e1vel.<\/p>\n\n\n\n<p>Riqu\u00edssima em vitamina C, a N\u00easpera desempenha um papel significativo no fortalecimento do sistema imunol\u00f3gico. Seus antioxidantes ajudam a neutralizar radicais livres, prevenindo o envelhecimento precoce e contribuindo para a manuten\u00e7\u00e3o da sa\u00fade da pele. Adicionalmente, a fruta \u00e9 uma boa fonte de fibras, elementos essenciais para apoiar a digest\u00e3o e favorecer um tr\u00e2nsito intestinal regular. Assim, o consumo da N\u00easpera n\u00e3o apenas satisfaz o paladar, mas tamb\u00e9m promove uma nutri\u00e7\u00e3o equilibrada.<\/p>\n\n\n\n<h2 class=\"wp-block-heading\">Como garantir o cultivo eficaz da N\u00easpera?<\/h2>\n\n\n\n<p>Para aqueles interessados no cultivo da N\u00easpera, \u00e9 essencial selecionar um local que ofere\u00e7a ampla exposi\u00e7\u00e3o ao sol, crucial para o desenvolvimento da planta. Embora a N\u00easpera se adapte melhor a climas quentes, tamb\u00e9m pode prosperar em regi\u00f5es de temperaturas moderadas, desde que se ofere\u00e7am os cuidados apropriados. Isso inclui proteger a planta de ventos fortes e estabelecer um regime de irriga\u00e7\u00e3o adequado, especialmente durante per\u00edodos de seca. Tais precau\u00e7\u00f5es asseguram que a n\u00easpera cres\u00e7a saud\u00e1vel e produza frutos saborosos.<\/p>\n\n\n<div class=\"wp-block-image\">\n<figure class=\"aligncenter size-large\"><img decoding=\"async\" width=\"1024\" height=\"576\" src=\"https:\/\/www.correiobraziliense.com.br\/cbradar\/wp-content\/uploads\/2025\/08\/loquat_1756132379949-1024x576.jpg\" alt=\"\" class=\"wp-image-92945\" srcset=\"https:\/\/www.correiobraziliense.com.br\/cbradar\/wp-content\/uploads\/2025\/08\/loquat_1756132379949-1024x576.jpg 1024w, https:\/\/www.correiobraziliense.com.br\/cbradar\/wp-content\/uploads\/2025\/08\/loquat_1756132379949-300x169.jpg 300w, https:\/\/www.correiobraziliense.com.br\/cbradar\/wp-content\/uploads\/2025\/08\/loquat_1756132379949-768x432.jpg 768w, https:\/\/www.correiobraziliense.com.br\/cbradar\/wp-content\/uploads\/2025\/08\/loquat_1756132379949-750x422.jpg 750w, https:\/\/www.correiobraziliense.com.br\/cbradar\/wp-content\/uploads\/2025\/08\/loquat_1756132379949-1140x641.jpg 1140w, https:\/\/www.correiobraziliense.com.br\/cbradar\/wp-content\/uploads\/2025\/08\/loquat_1756132379949.jpg 1280w\" sizes=\"(max-width: 1024px) 100vw, 1024px\" \/><figcaption class=\"wp-element-caption\">N\u00easpera &#8211; Cr\u00e9ditos: depositphotos.com \/ francescomoufotografo<\/figcaption><\/figure><\/div>\n\n\n<h2 class=\"wp-block-heading\">Como o solo afeta o crescimento da N\u00easpera?<\/h2>\n\n\n\n<p>A composi\u00e7\u00e3o do solo desempenha um papel cr\u00edtico no cultivo da N\u00easpera. Um substrato bem drenado e rico em mat\u00e9ria org\u00e2nica \u00e9 fundamental para que a planta absorva nutrientes suficientes. Nesse contexto, o uso de compostagem surge como uma pr\u00e1tica recomendada, uma vez que enriquece o solo e estimula um crescimento mais vigoroso. Al\u00e9m disso, \u00e9 importante manter o espa\u00e7o ao redor da \u00e1rvore livre de ervas daninhas para assegurar que n\u00e3o haja competi\u00e7\u00e3o por nutrientes e que a planta se desenvolva em um ambiente organizado.<\/p>\n\n\n\n<h2 class=\"wp-block-heading\">Por que incorporar a N\u00easpera na rotina alimentar?<\/h2>\n\n\n\n<p>A N\u00easpera oferece sabor e nutri\u00e7\u00e3o em igual medida, tornando-se uma op\u00e7\u00e3o inspiradora na culin\u00e1ria di\u00e1ria. Al\u00e9m de poder ser consumida fresca, \u00e9 largamente utilizada na prepara\u00e7\u00e3o de geleias, compotas e sobremesas, agregando um toque ex\u00f3tico e saud\u00e1vel \u00e0s receitas. Cultivar essa fruta em casa n\u00e3o apenas garante acesso a um ingrediente fresco e nutritivo, mas tamb\u00e9m proporciona a satisfa\u00e7\u00e3o do cultivo e colheita pessoal. Transformar o quintal em um espa\u00e7o produtivo com N\u00easpera pode, assim, enriquecer as experi\u00eancias gastron\u00f4micas e de jardinagem ao longo de todo o ano.<\/p>\n\n\n\n<p>Assim como qualquer pr\u00e1tica de cultivo, a jardinagem de n\u00easperas requer dedica\u00e7\u00e3o e paci\u00eancia, mas as recompensas s\u00e3o vastas. Ao seguir as diretrizes mencionadas para o cultivo e manuten\u00e7\u00e3o da planta, qualquer entusiasta poder\u00e1 transformar seu jardim em um o\u00e1sis verde e proveitoso, colhendo frutos e sabores \u00fanicos. A N\u00easpera, com seu perfil gustativo e benef\u00edcios \u00e0 <a href=\"https:\/\/www.correiobraziliense.com.br\/cbradar\/como-a-corrida-pode-ajudar-com-a-dieta-e-ansiedade\/\" target=\"_blank\" rel=\"noreferrer noopener\">sa\u00fade<\/a>, certamente posiciona-se como uma adi\u00e7\u00e3o valiosa em hortas dom\u00e9sticas.<\/p>\n\n\n<a href=\"https:\/\/www.instagram.com\/dra.annaluisabf\/\" target=\"_blank\" rel=\"noopener\" style=\"text-decoration: none; color: inherit;\">\n    <span style=\"display: inline-block; border: 1px solid #ccc; border-radius: 10px; padding: 15px; max-width: 550px; font-family: sans-serif; box-shadow: 0 2px 5px rgba(0,0,0,0.1); width: 100%;\">\n\n      <!-- T\u00edtulo -->\n      <span style=\"display: block; margin: 0 0 15px 0; font-weight: bold; color: #2c3e50; text-align: center;\">\n        Entre em contato:\n      <\/span>\n\n      <!-- Linha do perfil -->\n      <span style=\"display: flex; align-items: center; gap: 15px;\">\n        <img decoding=\"async\"\n          src=\"https:\/\/www.correiobraziliense.com.br\/cbradar\/wp-content\/uploads\/2025\/08\/dra_anna_luisa.jpeg\"\n          alt=\"Foto da Dra. Anna Lu\u00edsa\"\n          style=\"border-radius: 50%; width: 80px; height: 80px; object-fit: cover;\"\n        \/>\n        <span style=\"display: flex; flex-direction: column;\">\n          <span style=\"font-size: 18px; font-weight: 700; color: #2c3e50;\">Dra. Anna Lu\u00edsa Barbosa Fernandes<\/span>\n          <span style=\"color: #555;\">CRM-GO 33.271<\/span>\n        <\/span>\n      <\/span>\n\n      <!-- Redes -->\n      <span style=\"display: flex; align-items: center; gap: 10px; margin-top: 12px;\">\n        <img decoding=\"async\" src=\"https:\/\/cdn-icons-png.flaticon.com\/24\/1384\/1384063.png\" alt=\"Instagram\" width=\"24\" height=\"24\" \/>\n        <span style=\"text-decoration: underline; color: #2c3e50;\">@dra.annaluisabf<\/span>\n      <\/span>\n\n    <\/span>\n  <\/a>","protected":false},"excerpt":{"rendered":"<p>A N\u00easpera, conhecida cientificamente como\u00a0Eriobotrya japonica, \u00e9 uma fruta que atrai n\u00e3o apenas pela apar\u00eancia vibrante e atrativa, mas tamb\u00e9m por seu sabor \u00fanico que combina do\u00e7ura e um toque de acidez. Origin\u00e1ria do sudeste asi\u00e1tico, a fruta tropical encontra popularidade em v\u00e1rias regi\u00f5es do mundo, incluindo o Brasil, onde o clima geralmente favorece o [&hellip;]<\/p>\n","protected":false},"author":14,"featured_media":100414,"comment_status":"open","ping_status":"open","sticky":false,"template":"","format":"standard","meta":{"_yoast_wpseo_focuskw":"N\u00easpera","_yoast_wpseo_title":"","_yoast_wpseo_metadesc":"A n\u00easpera \u00e9 rica em vitamina C, antioxidantes e fibras. Veja como cultivar em casa e aproveite seus benef\u00edcios para a sa\u00fade e o paladar.","jnews-multi-image_gallery":[],"jnews_single_post":{"format":"standard"},"jnews_primary_category":[],"jnews_social_meta":[],"jnews_override_counter":[],"footnotes":""},"categories":[4404],"post_tag":[281,1423,120,565],"class_list":["post-124416","post","type-post","status-publish","format-standard","has-post-thumbnail","hentry","category-saude","tag-alimentacao","tag-alimentos","tag-bem-estar","tag-saude"],"yoast_head":"<!-- This site is optimized with the Yoast SEO plugin v24.6 - https:\/\/yoast.com\/wordpress\/plugins\/seo\/ -->\n<title>Descoberto benef\u00edcios surpreendente da N\u00easpera no organismo - Correio Braziliense - Radar<\/title>\n<meta name=\"description\" content=\"A n\u00easpera \u00e9 rica em vitamina C, antioxidantes e fibras. Veja como cultivar em casa e aproveite seus benef\u00edcios para a sa\u00fade e o paladar.\" \/>\n<meta name=\"robots\" content=\"index, follow, max-snippet:-1, max-image-preview:large, max-video-preview:-1\" \/>\n<link rel=\"canonical\" href=\"https:\/\/www.correiobraziliense.com.br\/cbradar\/descoberto-beneficios-surpreendente-da-nespera-no-organismo\/\" \/>\n<meta property=\"og:locale\" content=\"pt_BR\" \/>\n<meta property=\"og:type\" content=\"article\" \/>\n<meta property=\"og:title\" content=\"Descoberto benef\u00edcios surpreendente da N\u00easpera no organismo - Correio Braziliense - Radar\" \/>\n<meta property=\"og:description\" content=\"A n\u00easpera \u00e9 rica em vitamina C, antioxidantes e fibras. Veja como cultivar em casa e aproveite seus benef\u00edcios para a sa\u00fade e o paladar.\" \/>\n<meta property=\"og:url\" content=\"https:\/\/www.correiobraziliense.com.br\/cbradar\/descoberto-beneficios-surpreendente-da-nespera-no-organismo\/\" \/>\n<meta property=\"og:site_name\" content=\"Correio Braziliense - Radar\" \/>\n<meta property=\"article:published_time\" content=\"2025-10-25T09:05:00+00:00\" \/>\n<meta property=\"og:image\" content=\"https:\/\/www.correiobraziliense.com.br\/cbradar\/wp-content\/uploads\/2025\/09\/loquat_1757288697693.jpg\" \/>\n\t<meta property=\"og:image:width\" content=\"1280\" \/>\n\t<meta property=\"og:image:height\" content=\"720\" \/>\n\t<meta property=\"og:image:type\" content=\"image\/jpeg\" \/>\n<meta name=\"author\" content=\"guilherme_saude\" \/>\n<meta name=\"twitter:card\" content=\"summary_large_image\" \/>\n<meta name=\"twitter:label1\" content=\"Escrito por\" \/>\n\t<meta name=\"twitter:data1\" content=\"guilherme_saude\" \/>\n\t<meta name=\"twitter:label2\" content=\"Est. tempo de leitura\" \/>\n\t<meta name=\"twitter:data2\" content=\"4 minutos\" \/>\n<!-- \/ Yoast SEO plugin. -->","yoast_head_json":{"title":"Descoberto benef\u00edcios surpreendente da N\u00easpera no organismo - Correio Braziliense - Radar","description":"A n\u00easpera \u00e9 rica em vitamina C, antioxidantes e fibras. Veja como cultivar em casa e aproveite seus benef\u00edcios para a sa\u00fade e o paladar.","robots":{"index":"index","follow":"follow","max-snippet":"max-snippet:-1","max-image-preview":"max-image-preview:large","max-video-preview":"max-video-preview:-1"},"canonical":"https:\/\/www.correiobraziliense.com.br\/cbradar\/descoberto-beneficios-surpreendente-da-nespera-no-organismo\/","og_locale":"pt_BR","og_type":"article","og_title":"Descoberto benef\u00edcios surpreendente da N\u00easpera no organismo - Correio Braziliense - Radar","og_description":"A n\u00easpera \u00e9 rica em vitamina C, antioxidantes e fibras. Veja como cultivar em casa e aproveite seus benef\u00edcios para a sa\u00fade e o paladar.","og_url":"https:\/\/www.correiobraziliense.com.br\/cbradar\/descoberto-beneficios-surpreendente-da-nespera-no-organismo\/","og_site_name":"Correio Braziliense - Radar","article_published_time":"2025-10-25T09:05:00+00:00","og_image":[{"width":1280,"height":720,"url":"https:\/\/www.correiobraziliense.com.br\/cbradar\/wp-content\/uploads\/2025\/09\/loquat_1757288697693.jpg","type":"image\/jpeg"}],"author":"guilherme_saude","twitter_card":"summary_large_image","twitter_misc":{"Escrito por":"guilherme_saude","Est. tempo de leitura":"4 minutos"},"schema":{"@context":"https:\/\/schema.org","@graph":[{"@type":"WebPage","@id":"https:\/\/www.correiobraziliense.com.br\/cbradar\/descoberto-beneficios-surpreendente-da-nespera-no-organismo\/","url":"https:\/\/www.correiobraziliense.com.br\/cbradar\/descoberto-beneficios-surpreendente-da-nespera-no-organismo\/","name":"Descoberto benef\u00edcios surpreendente da N\u00easpera no organismo - Correio Braziliense - Radar","isPartOf":{"@id":"https:\/\/www.correiobraziliense.com.br\/cbradar\/#website"},"primaryImageOfPage":{"@id":"https:\/\/www.correiobraziliense.com.br\/cbradar\/descoberto-beneficios-surpreendente-da-nespera-no-organismo\/#primaryimage"},"image":{"@id":"https:\/\/www.correiobraziliense.com.br\/cbradar\/descoberto-beneficios-surpreendente-da-nespera-no-organismo\/#primaryimage"},"thumbnailUrl":"https:\/\/www.correiobraziliense.com.br\/cbradar\/wp-content\/uploads\/2025\/09\/loquat_1757288697693.jpg","datePublished":"2025-10-25T09:05:00+00:00","author":{"@id":"https:\/\/www.correiobraziliense.com.br\/cbradar\/#\/schema\/person\/5aa4bf3c8fa699c267933611de12978b"},"description":"A n\u00easpera \u00e9 rica em vitamina C, antioxidantes e fibras. Veja como cultivar em casa e aproveite seus benef\u00edcios para a sa\u00fade e o paladar.","breadcrumb":{"@id":"https:\/\/www.correiobraziliense.com.br\/cbradar\/descoberto-beneficios-surpreendente-da-nespera-no-organismo\/#breadcrumb"},"inLanguage":"pt-BR","potentialAction":[{"@type":"ReadAction","target":["https:\/\/www.correiobraziliense.com.br\/cbradar\/descoberto-beneficios-surpreendente-da-nespera-no-organismo\/"]}]},{"@type":"ImageObject","inLanguage":"pt-BR","@id":"https:\/\/www.correiobraziliense.com.br\/cbradar\/descoberto-beneficios-surpreendente-da-nespera-no-organismo\/#primaryimage","url":"https:\/\/www.correiobraziliense.com.br\/cbradar\/wp-content\/uploads\/2025\/09\/loquat_1757288697693.jpg","contentUrl":"https:\/\/www.correiobraziliense.com.br\/cbradar\/wp-content\/uploads\/2025\/09\/loquat_1757288697693.jpg","width":1280,"height":720,"caption":"N\u00easpera - Cr\u00e9ditos: depositphotos.com \/ membio"},{"@type":"BreadcrumbList","@id":"https:\/\/www.correiobraziliense.com.br\/cbradar\/descoberto-beneficios-surpreendente-da-nespera-no-organismo\/#breadcrumb","itemListElement":[{"@type":"ListItem","position":1,"name":"In\u00edcio","item":"https:\/\/www.correiobraziliense.com.br\/cbradar\/"},{"@type":"ListItem","position":2,"name":"Descoberto benef\u00edcios surpreendente da N\u00easpera no organismo"}]},{"@type":"WebSite","@id":"https:\/\/www.correiobraziliense.com.br\/cbradar\/#website","url":"https:\/\/www.correiobraziliense.com.br\/cbradar\/","name":"Correio Braziliense - Radar","description":"Acompanhe as \u00faltimas not\u00edcias e fique bem informado sobre tudo o que acontece no Brasil e no mundo.","potentialAction":[{"@type":"SearchAction","target":{"@type":"EntryPoint","urlTemplate":"https:\/\/www.correiobraziliense.com.br\/cbradar\/?s={search_term_string}"},"query-input":{"@type":"PropertyValueSpecification","valueRequired":true,"valueName":"search_term_string"}}],"inLanguage":"pt-BR"},{"@type":"Person","@id":"https:\/\/www.correiobraziliense.com.br\/cbradar\/#\/schema\/person\/5aa4bf3c8fa699c267933611de12978b","name":"guilherme_saude","image":{"@type":"ImageObject","inLanguage":"pt-BR","@id":"https:\/\/www.correiobraziliense.com.br\/cbradar\/#\/schema\/person\/image\/","url":"https:\/\/secure.gravatar.com\/avatar\/df9adfb835d344bc0af109d41756253f?s=96&d=mm&r=g","contentUrl":"https:\/\/secure.gravatar.com\/avatar\/df9adfb835d344bc0af109d41756253f?s=96&d=mm&r=g","caption":"guilherme_saude"},"url":"https:\/\/www.correiobraziliense.com.br\/cbradar\/author\/guilherme_saude\/"}]}},"_links":{"self":[{"href":"https:\/\/www.correiobraziliense.com.br\/cbradar\/wp-json\/wp\/v2\/posts\/124416","targetHints":{"allow":["GET"]}}],"collection":[{"href":"https:\/\/www.correiobraziliense.com.br\/cbradar\/wp-json\/wp\/v2\/posts"}],"about":[{"href":"https:\/\/www.correiobraziliense.com.br\/cbradar\/wp-json\/wp\/v2\/types\/post"}],"author":[{"embeddable":true,"href":"https:\/\/www.correiobraziliense.com.br\/cbradar\/wp-json\/wp\/v2\/users\/14"}],"replies":[{"embeddable":true,"href":"https:\/\/www.correiobraziliense.com.br\/cbradar\/wp-json\/wp\/v2\/comments?post=124416"}],"version-history":[{"count":1,"href":"https:\/\/www.correiobraziliense.com.br\/cbradar\/wp-json\/wp\/v2\/posts\/124416\/revisions"}],"predecessor-version":[{"id":124417,"href":"https:\/\/www.correiobraziliense.com.br\/cbradar\/wp-json\/wp\/v2\/posts\/124416\/revisions\/124417"}],"wp:featuredmedia":[{"embeddable":true,"href":"https:\/\/www.correiobraziliense.com.br\/cbradar\/wp-json\/wp\/v2\/media\/100414"}],"wp:attachment":[{"href":"https:\/\/www.correiobraziliense.com.br\/cbradar\/wp-json\/wp\/v2\/media?parent=124416"}],"wp:term":[{"taxonomy":"category","embeddable":true,"href":"https:\/\/www.correiobraziliense.com.br\/cbradar\/wp-json\/wp\/v2\/categories?post=124416"},{"taxonomy":"post_tag","embeddable":true,"href":"https:\/\/www.correiobraziliense.com.br\/cbradar\/wp-json\/wp\/v2\/post_tag?post=124416"}],"curies":[{"name":"wp","href":"https:\/\/api.w.org\/{rel}","templated":true}]}}