{"id":124422,"date":"2025-10-24T13:15:00","date_gmt":"2025-10-24T16:15:00","guid":{"rendered":"https:\/\/www.correiobraziliense.com.br\/cbradar\/?p=124422"},"modified":"2025-10-23T21:08:19","modified_gmt":"2025-10-24T00:08:19","slug":"como-essa-folha-verde-fortalece-a-imunidade-e-ajuda-a-limpar-o-organismo","status":"publish","type":"post","link":"https:\/\/www.correiobraziliense.com.br\/cbradar\/como-essa-folha-verde-fortalece-a-imunidade-e-ajuda-a-limpar-o-organismo\/","title":{"rendered":"Como essa folha verde fortalece a imunidade e ajuda a limpar o organismo"},"content":{"rendered":"\n<p>A <strong>Couve-Manteiga<\/strong>, cientificamente conhecida como\u00a0<em>Brassica oleracea<\/em>\u00a0var.\u00a0<em>acephala<\/em>, \u00e9 uma hortali\u00e7a amplamente apreciada na gastronomia brasileira. Popular por seu sabor e versatilidade, este vegetal de folhas verdes escuras vem ganhando destaque devido aos seus benef\u00edcios nutricionais e terap\u00eauticos. Seu consumo regular pode influenciar positivamente v\u00e1rias fun\u00e7\u00f5es do corpo, gra\u00e7as aos compostos ativos que possui.<\/p>\n\n\n\n<p>Os nutrientes presentes na couve-manteiga proporcionam uma s\u00e9rie de benef\u00edcios para a <a href=\"https:\/\/www.correiobraziliense.com.br\/cbradar\/como-a-corrida-pode-ajudar-com-a-dieta-e-ansiedade\/\" target=\"_blank\" rel=\"noreferrer noopener\">sa\u00fade<\/a>. Rica em vitaminas e minerais, sua contribui\u00e7\u00e3o vai al\u00e9m do suporte nutricional b\u00e1sico, oferecendo propriedades que podem melhorar a qualidade de vida geral. Com a crescente busca por alimentos funcionais, a couve-manteiga se estabelece como uma valiosa aliada no card\u00e1pio di\u00e1rio.<\/p>\n\n\n\n<h2 class=\"wp-block-heading\">Qual \u00e9 a a\u00e7\u00e3o anti-inflamat\u00f3ria da couve-manteiga?<\/h2>\n\n\n\n<p>Entre os muitos benef\u00edcios da couve-manteiga, sua capacidade anti-inflamat\u00f3ria \u00e9 notoriamente significativa. Os compostos fen\u00f3licos presentes neste vegetal desempenham um papel central na modula\u00e7\u00e3o da inflama\u00e7\u00e3o no organismo. Esses elementos bioativos, ao interagir com as c\u00e9lulas corporais, ajudam a reduzir processos inflamat\u00f3rios que, se n\u00e3o controlados, podem desencadear doen\u00e7as cr\u00f4nicas.<\/p>\n\n\n<div class=\"wp-block-image\">\n<figure class=\"aligncenter size-large\"><img decoding=\"async\" width=\"1024\" height=\"576\" src=\"https:\/\/www.correiobraziliense.com.br\/cbradar\/wp-content\/uploads\/2025\/10\/couve-planta_1760052171163-1024x576.jpg\" alt=\"\" class=\"wp-image-116787\" srcset=\"https:\/\/www.correiobraziliense.com.br\/cbradar\/wp-content\/uploads\/2025\/10\/couve-planta_1760052171163-1024x576.jpg 1024w, https:\/\/www.correiobraziliense.com.br\/cbradar\/wp-content\/uploads\/2025\/10\/couve-planta_1760052171163-300x169.jpg 300w, https:\/\/www.correiobraziliense.com.br\/cbradar\/wp-content\/uploads\/2025\/10\/couve-planta_1760052171163-768x432.jpg 768w, https:\/\/www.correiobraziliense.com.br\/cbradar\/wp-content\/uploads\/2025\/10\/couve-planta_1760052171163-750x422.jpg 750w, https:\/\/www.correiobraziliense.com.br\/cbradar\/wp-content\/uploads\/2025\/10\/couve-planta_1760052171163-1140x641.jpg 1140w, https:\/\/www.correiobraziliense.com.br\/cbradar\/wp-content\/uploads\/2025\/10\/couve-planta_1760052171163.jpg 1280w\" sizes=\"(max-width: 1024px) 100vw, 1024px\" \/><figcaption class=\"wp-element-caption\">Couve &#8211; Cr\u00e9ditos: depositphotos.com \/ mariakarabella<\/figcaption><\/figure><\/div>\n\n\n<p>Al\u00e9m disso, os glicosinolatos, tamb\u00e9m presentes na couve, s\u00e3o transformados em isotiocianatos durante a digest\u00e3o. Estes compostos ajudam a estimular mecanismos naturais de desintoxica\u00e7\u00e3o no f\u00edgado, promovendo assim um melhor equil\u00edbrio interno. O consumo regular de couve-manteiga pode, portanto, contribuir para um sistema imunol\u00f3gico mais eficaz e uma menor incid\u00eancia de inflama\u00e7\u00f5es.<\/p>\n\n\n\n<h2 class=\"wp-block-heading\">Couve-manteiga como antioxidante natural<\/h2>\n\n\n\n<p>A capacidade antioxidante da couve-manteiga \u00e9 um dos fatores que mais atraem aqueles que buscam uma alimenta\u00e7\u00e3o saud\u00e1vel. Este vegetal \u00e9 uma fonte rica de antioxidantes como a vitamina C e carotenoides. Tais subst\u00e2ncias s\u00e3o essenciais para combater os radicais livres, mol\u00e9culas inst\u00e1veis que podem causar danos celulares e acelerar o envelhecimento.<\/p>\n\n\n\n<p>O papel protetor dos antioxidantes da couve-manteiga se estende \u00e0 preven\u00e7\u00e3o de v\u00e1rias doen\u00e7as degenerativas. O refor\u00e7o das defesas do organismo por meio de tais nutrientes \u00e9 uma estrat\u00e9gia eficaz para manter a sa\u00fade ao longo dos anos, prevenindo condi\u00e7\u00f5es que comprometem o bem-estar e vitalidade.<\/p>\n\n\n\n<h2 class=\"wp-block-heading\">Benef\u00edcios da couve-manteiga para os ossos e digest\u00e3o<\/h2>\n\n\n\n<p>A couve-manteiga tamb\u00e9m se destaca por seus benef\u00edcios para a sa\u00fade \u00f3ssea. Este vegetal \u00e9 uma rica fonte de c\u00e1lcio e vitamina K, elementos essenciais para a manuten\u00e7\u00e3o da densidade \u00f3ssea e preven\u00e7\u00e3o de condi\u00e7\u00f5es como a osteoporose. A vitamina K, em particular, \u00e9 crucial para a s\u00edntese de prote\u00ednas que regulam a mineraliza\u00e7\u00e3o dos ossos.<\/p>\n\n\n\n<p>No contexto digestivo, a alta quantidade de fibras presentes na couve-manteiga promove um melhor funcionamento intestinal. As fibras n\u00e3o s\u00f3 ajudam a prevenir a constipa\u00e7\u00e3o, mas tamb\u00e9m alimentam as bact\u00e9rias ben\u00e9ficas do intestino, contribuindo para uma microbiota saud\u00e1vel. Com esses aspectos nutricionais, a couve-manteiga surge como um alimento completo, que suporta tanto a sa\u00fade esquel\u00e9tica quanto digestiva.<\/p>\n\n\n\n<h2 class=\"wp-block-heading\">Incluindo a couve-manteiga na dieta<\/h2>\n\n\n\n<p>Para aproveitar todos os benef\u00edcios que a couve-manteiga oferece, \u00e9 importante saber como integr\u00e1-la adequadamente na dieta. Seu sabor vers\u00e1til a torna ideal para ser consumida de v\u00e1rias formas: refogada, em sucos, saladas ou mesmo em sopas. Preparos leves, como o cozimento no vapor, ajudam a preservar suas propriedades nutricionais e garantem que o m\u00e1ximo de benef\u00edcios seja obtido.<\/p>\n\n\n\n<p>Embora a couve-manteiga seja amplamente acess\u00edvel e f\u00e1cil de incorporar \u00e0 alimenta\u00e7\u00e3o di\u00e1ria, \u00e9 sempre recomend\u00e1vel consultar um profissional de sa\u00fade ou nutricionista para ajustar a ingest\u00e3o conforme as necessidades individuais. Dessa forma, \u00e9 poss\u00edvel garantir uma dieta equilibrada e maximizar os efeitos ben\u00e9ficos desse poderoso vegetal.<\/p>\n\n\n<a href=\"https:\/\/www.instagram.com\/dra.annaluisabf\/\" target=\"_blank\" rel=\"noopener\" style=\"text-decoration: none; color: inherit;\">\n    <span style=\"display: inline-block; border: 1px solid #ccc; border-radius: 10px; padding: 15px; max-width: 550px; font-family: sans-serif; box-shadow: 0 2px 5px rgba(0,0,0,0.1); width: 100%;\">\n\n      <!-- T\u00edtulo -->\n      <span style=\"display: block; margin: 0 0 15px 0; font-weight: bold; color: #2c3e50; text-align: center;\">\n        Entre em contato:\n      <\/span>\n\n      <!-- Linha do perfil -->\n      <span style=\"display: flex; align-items: center; gap: 15px;\">\n        <img decoding=\"async\"\n          src=\"https:\/\/www.correiobraziliense.com.br\/cbradar\/wp-content\/uploads\/2025\/08\/dra_anna_luisa.jpeg\"\n          alt=\"Foto da Dra. Anna Lu\u00edsa\"\n          style=\"border-radius: 50%; width: 80px; height: 80px; object-fit: cover;\"\n        \/>\n        <span style=\"display: flex; flex-direction: column;\">\n          <span style=\"font-size: 18px; font-weight: 700; color: #2c3e50;\">Dra. Anna Lu\u00edsa Barbosa Fernandes<\/span>\n          <span style=\"color: #555;\">CRM-GO 33.271<\/span>\n        <\/span>\n      <\/span>\n\n      <!-- Redes -->\n      <span style=\"display: flex; align-items: center; gap: 10px; margin-top: 12px;\">\n        <img decoding=\"async\" src=\"https:\/\/cdn-icons-png.flaticon.com\/24\/1384\/1384063.png\" alt=\"Instagram\" width=\"24\" height=\"24\" \/>\n        <span style=\"text-decoration: underline; color: #2c3e50;\">@dra.annaluisabf<\/span>\n      <\/span>\n\n    <\/span>\n  <\/a>","protected":false},"excerpt":{"rendered":"<p>A Couve-Manteiga, cientificamente conhecida como\u00a0Brassica oleracea\u00a0var.\u00a0acephala, \u00e9 uma hortali\u00e7a amplamente apreciada na gastronomia brasileira. Popular por seu sabor e versatilidade, este vegetal de folhas verdes escuras vem ganhando destaque devido aos seus benef\u00edcios nutricionais e terap\u00eauticos. Seu consumo regular pode influenciar positivamente v\u00e1rias fun\u00e7\u00f5es do corpo, gra\u00e7as aos compostos ativos que possui. Os nutrientes presentes [&hellip;]<\/p>\n","protected":false},"author":14,"featured_media":116786,"comment_status":"open","ping_status":"open","sticky":false,"template":"","format":"standard","meta":{"_yoast_wpseo_focuskw":"Couve-Manteiga","_yoast_wpseo_title":"","_yoast_wpseo_metadesc":"A couve-manteiga \u00e9 antioxidante, anti-inflamat\u00f3ria e fortalece ossos e intestino. Entenda por que esse vegetal deve entrar na sua dieta.","jnews-multi-image_gallery":[],"jnews_single_post":{"format":"standard"},"jnews_primary_category":[],"jnews_social_meta":[],"jnews_override_counter":[],"footnotes":""},"categories":[4404],"post_tag":[281,1423,120,1318],"class_list":["post-124422","post","type-post","status-publish","format-standard","has-post-thumbnail","hentry","category-saude","tag-alimentacao","tag-alimentos","tag-bem-estar","tag-saude-2"],"yoast_head":"<!-- This site is optimized with the Yoast SEO plugin v24.6 - https:\/\/yoast.com\/wordpress\/plugins\/seo\/ -->\n<title>Como essa folha verde fortalece a imunidade e ajuda a limpar o organismo - Correio Braziliense - Radar<\/title>\n<meta name=\"description\" content=\"A couve-manteiga \u00e9 antioxidante, anti-inflamat\u00f3ria e fortalece ossos e intestino. Entenda por que esse vegetal deve entrar na sua dieta.\" \/>\n<meta name=\"robots\" content=\"index, follow, max-snippet:-1, max-image-preview:large, max-video-preview:-1\" \/>\n<link rel=\"canonical\" href=\"https:\/\/www.correiobraziliense.com.br\/cbradar\/como-essa-folha-verde-fortalece-a-imunidade-e-ajuda-a-limpar-o-organismo\/\" \/>\n<meta property=\"og:locale\" content=\"pt_BR\" \/>\n<meta property=\"og:type\" content=\"article\" \/>\n<meta property=\"og:title\" content=\"Como essa folha verde fortalece a imunidade e ajuda a limpar o organismo - Correio Braziliense - Radar\" \/>\n<meta property=\"og:description\" content=\"A couve-manteiga \u00e9 antioxidante, anti-inflamat\u00f3ria e fortalece ossos e intestino. Entenda por que esse vegetal deve entrar na sua dieta.\" \/>\n<meta property=\"og:url\" content=\"https:\/\/www.correiobraziliense.com.br\/cbradar\/como-essa-folha-verde-fortalece-a-imunidade-e-ajuda-a-limpar-o-organismo\/\" \/>\n<meta property=\"og:site_name\" content=\"Correio Braziliense - Radar\" \/>\n<meta property=\"article:published_time\" content=\"2025-10-24T16:15:00+00:00\" \/>\n<meta property=\"og:image\" content=\"https:\/\/www.correiobraziliense.com.br\/cbradar\/wp-content\/uploads\/2025\/10\/couve-planta_1760052055212.jpg\" \/>\n\t<meta property=\"og:image:width\" content=\"1280\" \/>\n\t<meta property=\"og:image:height\" content=\"720\" \/>\n\t<meta property=\"og:image:type\" content=\"image\/jpeg\" \/>\n<meta name=\"author\" content=\"guilherme_saude\" \/>\n<meta name=\"twitter:card\" content=\"summary_large_image\" \/>\n<meta name=\"twitter:label1\" content=\"Escrito por\" \/>\n\t<meta name=\"twitter:data1\" content=\"guilherme_saude\" \/>\n\t<meta name=\"twitter:label2\" content=\"Est. tempo de leitura\" \/>\n\t<meta name=\"twitter:data2\" content=\"4 minutos\" \/>\n<!-- \/ Yoast SEO plugin. -->","yoast_head_json":{"title":"Como essa folha verde fortalece a imunidade e ajuda a limpar o organismo - Correio Braziliense - Radar","description":"A couve-manteiga \u00e9 antioxidante, anti-inflamat\u00f3ria e fortalece ossos e intestino. Entenda por que esse vegetal deve entrar na sua dieta.","robots":{"index":"index","follow":"follow","max-snippet":"max-snippet:-1","max-image-preview":"max-image-preview:large","max-video-preview":"max-video-preview:-1"},"canonical":"https:\/\/www.correiobraziliense.com.br\/cbradar\/como-essa-folha-verde-fortalece-a-imunidade-e-ajuda-a-limpar-o-organismo\/","og_locale":"pt_BR","og_type":"article","og_title":"Como essa folha verde fortalece a imunidade e ajuda a limpar o organismo - Correio Braziliense - Radar","og_description":"A couve-manteiga \u00e9 antioxidante, anti-inflamat\u00f3ria e fortalece ossos e intestino. Entenda por que esse vegetal deve entrar na sua dieta.","og_url":"https:\/\/www.correiobraziliense.com.br\/cbradar\/como-essa-folha-verde-fortalece-a-imunidade-e-ajuda-a-limpar-o-organismo\/","og_site_name":"Correio Braziliense - Radar","article_published_time":"2025-10-24T16:15:00+00:00","og_image":[{"width":1280,"height":720,"url":"https:\/\/www.correiobraziliense.com.br\/cbradar\/wp-content\/uploads\/2025\/10\/couve-planta_1760052055212.jpg","type":"image\/jpeg"}],"author":"guilherme_saude","twitter_card":"summary_large_image","twitter_misc":{"Escrito por":"guilherme_saude","Est. tempo de leitura":"4 minutos"},"schema":{"@context":"https:\/\/schema.org","@graph":[{"@type":"WebPage","@id":"https:\/\/www.correiobraziliense.com.br\/cbradar\/como-essa-folha-verde-fortalece-a-imunidade-e-ajuda-a-limpar-o-organismo\/","url":"https:\/\/www.correiobraziliense.com.br\/cbradar\/como-essa-folha-verde-fortalece-a-imunidade-e-ajuda-a-limpar-o-organismo\/","name":"Como essa folha verde fortalece a imunidade e ajuda a limpar o organismo - Correio Braziliense - Radar","isPartOf":{"@id":"https:\/\/www.correiobraziliense.com.br\/cbradar\/#website"},"primaryImageOfPage":{"@id":"https:\/\/www.correiobraziliense.com.br\/cbradar\/como-essa-folha-verde-fortalece-a-imunidade-e-ajuda-a-limpar-o-organismo\/#primaryimage"},"image":{"@id":"https:\/\/www.correiobraziliense.com.br\/cbradar\/como-essa-folha-verde-fortalece-a-imunidade-e-ajuda-a-limpar-o-organismo\/#primaryimage"},"thumbnailUrl":"https:\/\/www.correiobraziliense.com.br\/cbradar\/wp-content\/uploads\/2025\/10\/couve-planta_1760052055212.jpg","datePublished":"2025-10-24T16:15:00+00:00","author":{"@id":"https:\/\/www.correiobraziliense.com.br\/cbradar\/#\/schema\/person\/5aa4bf3c8fa699c267933611de12978b"},"description":"A couve-manteiga \u00e9 antioxidante, anti-inflamat\u00f3ria e fortalece ossos e intestino. Entenda por que esse vegetal deve entrar na sua dieta.","breadcrumb":{"@id":"https:\/\/www.correiobraziliense.com.br\/cbradar\/como-essa-folha-verde-fortalece-a-imunidade-e-ajuda-a-limpar-o-organismo\/#breadcrumb"},"inLanguage":"pt-BR","potentialAction":[{"@type":"ReadAction","target":["https:\/\/www.correiobraziliense.com.br\/cbradar\/como-essa-folha-verde-fortalece-a-imunidade-e-ajuda-a-limpar-o-organismo\/"]}]},{"@type":"ImageObject","inLanguage":"pt-BR","@id":"https:\/\/www.correiobraziliense.com.br\/cbradar\/como-essa-folha-verde-fortalece-a-imunidade-e-ajuda-a-limpar-o-organismo\/#primaryimage","url":"https:\/\/www.correiobraziliense.com.br\/cbradar\/wp-content\/uploads\/2025\/10\/couve-planta_1760052055212.jpg","contentUrl":"https:\/\/www.correiobraziliense.com.br\/cbradar\/wp-content\/uploads\/2025\/10\/couve-planta_1760052055212.jpg","width":1280,"height":720,"caption":"Couve - Cr\u00e9ditos: depositphotos.com \/ ilietus1000.gmail.com"},{"@type":"BreadcrumbList","@id":"https:\/\/www.correiobraziliense.com.br\/cbradar\/como-essa-folha-verde-fortalece-a-imunidade-e-ajuda-a-limpar-o-organismo\/#breadcrumb","itemListElement":[{"@type":"ListItem","position":1,"name":"In\u00edcio","item":"https:\/\/www.correiobraziliense.com.br\/cbradar\/"},{"@type":"ListItem","position":2,"name":"Como essa folha verde fortalece a imunidade e ajuda a limpar o organismo"}]},{"@type":"WebSite","@id":"https:\/\/www.correiobraziliense.com.br\/cbradar\/#website","url":"https:\/\/www.correiobraziliense.com.br\/cbradar\/","name":"Correio Braziliense - Radar","description":"Acompanhe as \u00faltimas not\u00edcias e fique bem informado sobre tudo o que acontece no Brasil e no mundo.","potentialAction":[{"@type":"SearchAction","target":{"@type":"EntryPoint","urlTemplate":"https:\/\/www.correiobraziliense.com.br\/cbradar\/?s={search_term_string}"},"query-input":{"@type":"PropertyValueSpecification","valueRequired":true,"valueName":"search_term_string"}}],"inLanguage":"pt-BR"},{"@type":"Person","@id":"https:\/\/www.correiobraziliense.com.br\/cbradar\/#\/schema\/person\/5aa4bf3c8fa699c267933611de12978b","name":"guilherme_saude","image":{"@type":"ImageObject","inLanguage":"pt-BR","@id":"https:\/\/www.correiobraziliense.com.br\/cbradar\/#\/schema\/person\/image\/","url":"https:\/\/secure.gravatar.com\/avatar\/df9adfb835d344bc0af109d41756253f?s=96&d=mm&r=g","contentUrl":"https:\/\/secure.gravatar.com\/avatar\/df9adfb835d344bc0af109d41756253f?s=96&d=mm&r=g","caption":"guilherme_saude"},"url":"https:\/\/www.correiobraziliense.com.br\/cbradar\/author\/guilherme_saude\/"}]}},"_links":{"self":[{"href":"https:\/\/www.correiobraziliense.com.br\/cbradar\/wp-json\/wp\/v2\/posts\/124422","targetHints":{"allow":["GET"]}}],"collection":[{"href":"https:\/\/www.correiobraziliense.com.br\/cbradar\/wp-json\/wp\/v2\/posts"}],"about":[{"href":"https:\/\/www.correiobraziliense.com.br\/cbradar\/wp-json\/wp\/v2\/types\/post"}],"author":[{"embeddable":true,"href":"https:\/\/www.correiobraziliense.com.br\/cbradar\/wp-json\/wp\/v2\/users\/14"}],"replies":[{"embeddable":true,"href":"https:\/\/www.correiobraziliense.com.br\/cbradar\/wp-json\/wp\/v2\/comments?post=124422"}],"version-history":[{"count":1,"href":"https:\/\/www.correiobraziliense.com.br\/cbradar\/wp-json\/wp\/v2\/posts\/124422\/revisions"}],"predecessor-version":[{"id":124424,"href":"https:\/\/www.correiobraziliense.com.br\/cbradar\/wp-json\/wp\/v2\/posts\/124422\/revisions\/124424"}],"wp:featuredmedia":[{"embeddable":true,"href":"https:\/\/www.correiobraziliense.com.br\/cbradar\/wp-json\/wp\/v2\/media\/116786"}],"wp:attachment":[{"href":"https:\/\/www.correiobraziliense.com.br\/cbradar\/wp-json\/wp\/v2\/media?parent=124422"}],"wp:term":[{"taxonomy":"category","embeddable":true,"href":"https:\/\/www.correiobraziliense.com.br\/cbradar\/wp-json\/wp\/v2\/categories?post=124422"},{"taxonomy":"post_tag","embeddable":true,"href":"https:\/\/www.correiobraziliense.com.br\/cbradar\/wp-json\/wp\/v2\/post_tag?post=124422"}],"curies":[{"name":"wp","href":"https:\/\/api.w.org\/{rel}","templated":true}]}}