{"id":124708,"date":"2025-10-25T16:55:00","date_gmt":"2025-10-25T19:55:00","guid":{"rendered":"https:\/\/www.correiobraziliense.com.br\/cbradar\/?p=124708"},"modified":"2025-10-24T15:27:11","modified_gmt":"2025-10-24T18:27:11","slug":"pequeno-habito-matinal-simples-que-aumenta-absorcao-de-nutrientes-e-voce-nem-imaginava","status":"publish","type":"post","link":"https:\/\/www.correiobraziliense.com.br\/cbradar\/pequeno-habito-matinal-simples-que-aumenta-absorcao-de-nutrientes-e-voce-nem-imaginava\/","title":{"rendered":"Pequeno h\u00e1bito matinal simples que aumenta absor\u00e7\u00e3o de nutrientes e voc\u00ea nem imaginava"},"content":{"rendered":"\n<p>Consumir nutrientes \u00e9 crucial, mas garantir que o corpo consiga absorv\u00ea-los \u00e9 igualmente importante. A biodisponibilidade dos alimentos pode ser influenciada por como eles s\u00e3o combinados. Um pequeno ajuste estrat\u00e9gico no caf\u00e9 da manh\u00e3 pode fazer uma grande diferen\u00e7a na forma como seu corpo aproveita o que voc\u00ea come.<\/p>\n\n\n\n<h2 class=\"wp-block-heading\">Por que a absor\u00e7\u00e3o \u00e9 t\u00e3o importante quanto o que comemos?<\/h2>\n\n\n\n<p>A absor\u00e7\u00e3o de nutrientes \u00e9 o processo pelo qual vitaminas e minerais passam pela parede intestinal e entram na corrente sangu\u00ednea. Sem uma absor\u00e7\u00e3o eficiente, mesmo os alimentos mais nutritivos podem n\u00e3o entregar seus benef\u00edcios completos ao organismo.<\/p>\n\n\n\n<p>O termo <strong>biodisponibilidade<\/strong> refere-se \u00e0 propor\u00e7\u00e3o de um nutriente que \u00e9 ingerido, absorvido e utilizado pelo corpo. Fatores como a sa\u00fade intestinal, a forma qu\u00edmica do nutriente e os alimentos consumidos simultaneamente afetam diretamente essa taxa.<\/p>\n\n\n\n<p>O caf\u00e9 da manh\u00e3 \u00e9 a primeira oportunidade do dia para fornecer &#8220;mat\u00e9ria-prima&#8221; ao corpo. Otimizar a absor\u00e7\u00e3o nesta refei\u00e7\u00e3o significa que voc\u00ea inicia o dia com o m\u00e1ximo de recursos dispon\u00edveis, ajudando a estabelecer uma base nutricional s\u00f3lida para as horas seguintes.<\/p>\n\n\n<div class=\"wp-block-image\">\n<figure class=\"aligncenter size-large\"><img decoding=\"async\" width=\"1024\" height=\"576\" src=\"https:\/\/www.correiobraziliense.com.br\/cbradar\/wp-content\/uploads\/2025\/05\/cafe-da-manha_1748232968941-1024x576.jpg\" alt=\"O que acontece se voc\u00ea beber \u00e1gua antes do caf\u00e9 da manh\u00e3?\" class=\"wp-image-43016\" srcset=\"https:\/\/www.correiobraziliense.com.br\/cbradar\/wp-content\/uploads\/2025\/05\/cafe-da-manha_1748232968941-1024x576.jpg 1024w, https:\/\/www.correiobraziliense.com.br\/cbradar\/wp-content\/uploads\/2025\/05\/cafe-da-manha_1748232968941-300x169.jpg 300w, https:\/\/www.correiobraziliense.com.br\/cbradar\/wp-content\/uploads\/2025\/05\/cafe-da-manha_1748232968941-768x432.jpg 768w, https:\/\/www.correiobraziliense.com.br\/cbradar\/wp-content\/uploads\/2025\/05\/cafe-da-manha_1748232968941-750x422.jpg 750w, https:\/\/www.correiobraziliense.com.br\/cbradar\/wp-content\/uploads\/2025\/05\/cafe-da-manha_1748232968941-1140x641.jpg 1140w, https:\/\/www.correiobraziliense.com.br\/cbradar\/wp-content\/uploads\/2025\/05\/cafe-da-manha_1748232968941.jpg 1280w\" sizes=\"(max-width: 1024px) 100vw, 1024px\" \/><figcaption class=\"wp-element-caption\">Luz da manh\u00e3 e rotina leve mostrando como um gesto simples transforma a forma como o corpo absorve energia &#8211; Cr\u00e9ditos: depositphotos.com \/ AntonMatyukha<\/figcaption><\/figure><\/div>\n\n\n<h2 class=\"wp-block-heading\">Qual \u00e9 o h\u00e1bito matinal que melhora essa absor\u00e7\u00e3o?<\/h2>\n\n\n\n<p>O h\u00e1bito mais eficaz n\u00e3o \u00e9 uma \u00fanica bebida ou alimento milagroso, mas sim a pr\u00e1tica da <strong>sinergia nutricional<\/strong>. Trata-se da decis\u00e3o consciente de combinar alimentos espec\u00edficos que trabalham juntos para melhorar a absor\u00e7\u00e3o m\u00fatua, transformando sua refei\u00e7\u00e3o matinal.<\/p>\n\n\n\n<p>Este conceito baseia-se na ci\u00eancia de que certos compostos nos alimentos podem aumentar drasticamente a absor\u00e7\u00e3o de outros. Por exemplo, um nutriente pode alterar as condi\u00e7\u00f5es do intestino ou converter outro nutriente em uma forma qu\u00edmica mais f\u00e1cil de absorver.<\/p>\n\n\n\n<p>Implementar esta estrat\u00e9gia pela manh\u00e3 transforma o caf\u00e9 da manh\u00e3 de uma simples refei\u00e7\u00e3o em uma a\u00e7\u00e3o proativa de sa\u00fade. \u00c9 um pequeno ajuste de planejamento que pode contribuir para um melhor estado nutricional ao longo do tempo, aproveitando ao m\u00e1ximo os alimentos que voc\u00ea j\u00e1 consome.<\/p>\n\n\n\n<p>Leia tamb\u00e9m: <a href=\"https:\/\/www.correiobraziliense.com.br\/cbradar\/como-a-saude-do-figado-influencia-a-qualidade-e-regularidade-do-sono\" target=\"_blank\" rel=\"noreferrer noopener\">Como a sa\u00fade do f\u00edgado influencia a qualidade e regularidade do sono<\/a><\/p>\n\n\n\n<h2 class=\"wp-block-heading\">Como funciona a sinergia entre vitamina C e ferro?<\/h2>\n\n\n\n<p>O <strong>ferro<\/strong> de origem vegetal (<strong>n\u00e3o-heme<\/strong>), encontrado em cereais integrais, sementes e folhas escuras, \u00e9 notoriamente mais dif\u00edcil para o corpo absorver. Ele \u00e9 muito mais sens\u00edvel a outros componentes da dieta do que o <strong>ferro-heme<\/strong> (de origem animal).<\/p>\n\n\n\n<p>A <strong>Vitamina C<\/strong> (\u00e1cido asc\u00f3rbico) \u00e9 um potente facilitador da absor\u00e7\u00e3o do <strong>ferro n\u00e3o-heme<\/strong>. O <strong>National Institutes of Health (NIH)<\/strong> dos EUA explica que a <a target=\"_blank\" rel=\"noreferrer noopener\" href=\"https:\/\/ods.od.nih.gov\/factsheets\/VitaminC-Consumer\/\">vitamina C captura o ferro<\/a> e o armazena em uma forma que \u00e9 muito mais facilmente absorvida pelas c\u00e9lulas intestinais.<\/p>\n\n\n\n<p>Na pr\u00e1tica, isso significa combinar fontes de ferro vegetal com fontes de vitamina C na mesma refei\u00e7\u00e3o matinal. A tabela abaixo ilustra exemplos simples dessa combina\u00e7\u00e3o:<\/p>\n\n\n<div class=\"wp-block-image\">\n<figure class=\"aligncenter size-large\"><img decoding=\"async\" width=\"1024\" height=\"576\" src=\"https:\/\/www.correiobraziliense.com.br\/cbradar\/wp-content\/uploads\/2025\/05\/Vitamina_1747224320525-1024x576.jpg\" alt=\"Como essa vitamina fortalece n\u00e3o s\u00f3 a imunidade, mas tamb\u00e9m a pele\" class=\"wp-image-36700\" srcset=\"https:\/\/www.correiobraziliense.com.br\/cbradar\/wp-content\/uploads\/2025\/05\/Vitamina_1747224320525-1024x576.jpg 1024w, https:\/\/www.correiobraziliense.com.br\/cbradar\/wp-content\/uploads\/2025\/05\/Vitamina_1747224320525-300x169.jpg 300w, https:\/\/www.correiobraziliense.com.br\/cbradar\/wp-content\/uploads\/2025\/05\/Vitamina_1747224320525-768x432.jpg 768w, https:\/\/www.correiobraziliense.com.br\/cbradar\/wp-content\/uploads\/2025\/05\/Vitamina_1747224320525-750x422.jpg 750w, https:\/\/www.correiobraziliense.com.br\/cbradar\/wp-content\/uploads\/2025\/05\/Vitamina_1747224320525-1140x641.jpg 1140w, https:\/\/www.correiobraziliense.com.br\/cbradar\/wp-content\/uploads\/2025\/05\/Vitamina_1747224320525.jpg 1280w\" sizes=\"(max-width: 1024px) 100vw, 1024px\" \/><figcaption class=\"wp-element-caption\">Luz da manh\u00e3 e rotina leve mostrando como um gesto simples transforma a forma como o corpo absorve energia &#8211; Cr\u00e9ditos: depositphotos.com \/ VadimVasenin<\/figcaption><\/figure><\/div>\n\n\n<figure class=\"wp-block-table\"><table class=\"has-fixed-layout\"><thead><tr><td><strong>Fonte de Ferro (N\u00e3o-Heme)<\/strong><\/td><td><strong>Fonte de Vitamina C<\/strong><\/td><td><strong>Exemplo de Refei\u00e7\u00e3o<\/strong><\/td><\/tr><\/thead><tbody><tr><td><strong>Aveia<\/strong> em flocos<\/td><td><strong>Morangos<\/strong> ou <strong>Kiwi<\/strong><\/td><td>Mingau de aveia com frutas<\/td><\/tr><tr><td><strong>Espinafre<\/strong><\/td><td>Suco de <strong>Laranja<\/strong><\/td><td>Vitamina verde ou omelete<\/td><\/tr><tr><td>P\u00e3o integral (fortificado)<\/td><td><strong>Mam\u00e3o<\/strong><\/td><td>Torrada acompanhada de mam\u00e3o<\/td><\/tr><\/tbody><\/table><\/figure>\n\n\n\n<h2 class=\"wp-block-heading\">E as vitaminas que precisam de gordura para serem absorvidas?<\/h2>\n\n\n\n<p>As vitaminas <strong>A<\/strong>, <strong>D<\/strong>, <strong>E<\/strong> e <strong>K<\/strong> s\u00e3o classificadas como <strong>lipossol\u00faveis<\/strong>. Isso significa que elas n\u00e3o se dissolvem em \u00e1gua e dependem de gorduras para serem adequadamente transportadas e absorvidas pelo organismo atrav\u00e9s do intestino.<\/p>\n\n\n\n<p>Quando voc\u00ea consome alimentos ricos nessas vitaminas (como cenoura ou folhas verdes escuras), elas precisam se ligar \u00e0s gorduras da refei\u00e7\u00e3o. Essas gorduras, ent\u00e3o, as transportam atrav\u00e9s da parede intestinal para o sistema linf\u00e1tico e, finalmente, para a corrente sangu\u00ednea.<\/p>\n\n\n\n<p>Um caf\u00e9 da manh\u00e3 que n\u00e3o cont\u00e9m nenhuma fonte de gordura pode limitar a absor\u00e7\u00e3o dessas vitaminas essenciais. Adicionar <strong>gorduras saud\u00e1veis<\/strong>, como as do <strong>abacate<\/strong>, <strong>nozes<\/strong>, <strong>sementes de chia<\/strong> ou <strong>ovos<\/strong>, pode <a href=\"https:\/\/nutritionsource.hsph.harvard.edu\/vitamins\" target=\"_blank\" rel=\"noreferrer noopener\">otimizar a absor\u00e7\u00e3o<\/a> desses nutrientes vitais presentes em outros alimentos da refei\u00e7\u00e3o.<\/p>\n\n\n\n<p>Leia tamb\u00e9m: <a href=\"https:\/\/www.correiobraziliense.com.br\/cbradar\/exercicios-para-experimentar-e-se-livrar-das-suas-dores-no-pescoco\" target=\"_blank\" rel=\"noreferrer noopener\">Exerc\u00edcios para experimentar e se livrar das suas dores no pesco\u00e7o<\/a><\/p>\n\n\n\n<h2 class=\"wp-block-heading\">Que outros fatores matinais impactam a absor\u00e7\u00e3o?<\/h2>\n\n\n\n<p>A <strong>hidrata\u00e7\u00e3o<\/strong> adequada \u00e9 fundamental. A \u00e1gua \u00e9 o solvente universal do corpo; ela \u00e9 necess\u00e1ria para decompor os alimentos e transportar os nutrientes sol\u00faveis em \u00e1gua (como a <strong>Vitamina C<\/strong> e as do <strong>Complexo B<\/strong>) pela corrente sangu\u00ednea.<\/p>\n\n\n\n<p>Cuidado com os <strong>antinutrientes<\/strong> no caf\u00e9 da manh\u00e3. Alguns compostos, embora parte de alimentos saud\u00e1veis, podem inibir a absor\u00e7\u00e3o de minerais espec\u00edficos quando consumidos em excesso ou na combina\u00e7\u00e3o errada:<\/p>\n\n\n\n<ul class=\"wp-block-list\">\n<li><strong>Fitatos<\/strong>: Presentes no farelo de cereais integrais, podem reduzir a absor\u00e7\u00e3o de ferro, zinco e c\u00e1lcio.<\/li>\n\n\n\n<li><strong>Taninos<\/strong>: Encontrados no <strong>ch\u00e1<\/strong> e <strong>caf\u00e9<\/strong>, podem se ligar ao ferro, tornando-o indispon\u00edvel.<\/li>\n<\/ul>\n\n\n\n<p>Isso n\u00e3o significa eliminar o caf\u00e9 ou os cereais integrais. O h\u00e1bito a ser considerado \u00e9 o <em>timing<\/em>: para otimizar a absor\u00e7\u00e3o de <strong>ferro<\/strong> de uma refei\u00e7\u00e3o ou suplemento, considere consumir seu <strong>caf\u00e9<\/strong> ou <strong>ch\u00e1<\/strong> pelo menos 30 a 60 minutos <em>antes<\/em> ou <em>depois<\/em> da refei\u00e7\u00e3o principal.<\/p>\n","protected":false},"excerpt":{"rendered":"<p>Consumir nutrientes \u00e9 crucial, mas garantir que o corpo consiga absorv\u00ea-los \u00e9 igualmente importante. A biodisponibilidade dos alimentos pode ser influenciada por como eles s\u00e3o combinados. Um pequeno ajuste estrat\u00e9gico no caf\u00e9 da manh\u00e3 pode fazer uma grande diferen\u00e7a na forma como seu corpo aproveita o que voc\u00ea come. Por que a absor\u00e7\u00e3o \u00e9 t\u00e3o [&hellip;]<\/p>\n","protected":false},"author":11,"featured_media":124717,"comment_status":"open","ping_status":"open","sticky":false,"template":"","format":"standard","meta":{"_yoast_wpseo_focuskw":"h\u00e1bito matinal nutrientes","_yoast_wpseo_title":"","_yoast_wpseo_metadesc":"H\u00e1bito simples praticado pela manh\u00e3 que potencializa a absor\u00e7\u00e3o de nutrientes e melhora o funcionamento do organismo","jnews-multi-image_gallery":[],"jnews_single_post":{"format":"standard"},"jnews_primary_category":[],"jnews_social_meta":[],"jnews_override_counter":[],"footnotes":""},"categories":[119],"post_tag":[281,1904,1318],"class_list":["post-124708","post","type-post","status-publish","format-standard","has-post-thumbnail","hentry","category-bem-estar","tag-alimentacao","tag-habitos","tag-saude-2"],"yoast_head":"<!-- This site is optimized with the Yoast SEO plugin v24.6 - https:\/\/yoast.com\/wordpress\/plugins\/seo\/ -->\n<title>Pequeno h\u00e1bito matinal simples que aumenta absor\u00e7\u00e3o de nutrientes e voc\u00ea nem imaginava - Correio Braziliense - Radar<\/title>\n<meta name=\"description\" content=\"H\u00e1bito simples praticado pela manh\u00e3 que potencializa a absor\u00e7\u00e3o de nutrientes e melhora o funcionamento do organismo\" \/>\n<meta name=\"robots\" content=\"index, follow, max-snippet:-1, max-image-preview:large, max-video-preview:-1\" \/>\n<link rel=\"canonical\" href=\"https:\/\/www.correiobraziliense.com.br\/cbradar\/pequeno-habito-matinal-simples-que-aumenta-absorcao-de-nutrientes-e-voce-nem-imaginava\/\" \/>\n<meta property=\"og:locale\" content=\"pt_BR\" \/>\n<meta property=\"og:type\" content=\"article\" \/>\n<meta property=\"og:title\" content=\"Pequeno h\u00e1bito matinal simples que aumenta absor\u00e7\u00e3o de nutrientes e voc\u00ea nem imaginava - Correio Braziliense - Radar\" \/>\n<meta property=\"og:description\" content=\"H\u00e1bito simples praticado pela manh\u00e3 que potencializa a absor\u00e7\u00e3o de nutrientes e melhora o funcionamento do organismo\" \/>\n<meta property=\"og:url\" content=\"https:\/\/www.correiobraziliense.com.br\/cbradar\/pequeno-habito-matinal-simples-que-aumenta-absorcao-de-nutrientes-e-voce-nem-imaginava\/\" \/>\n<meta property=\"og:site_name\" content=\"Correio Braziliense - Radar\" \/>\n<meta property=\"article:published_time\" content=\"2025-10-25T19:55:00+00:00\" \/>\n<meta property=\"og:image\" content=\"https:\/\/www.correiobraziliense.com.br\/cbradar\/wp-content\/uploads\/2025\/10\/mosaico_1761330294783.jpg\" \/>\n\t<meta property=\"og:image:width\" content=\"1280\" \/>\n\t<meta property=\"og:image:height\" content=\"720\" \/>\n\t<meta property=\"og:image:type\" content=\"image\/jpeg\" \/>\n<meta name=\"author\" content=\"Paulo Custodio\" \/>\n<meta name=\"twitter:card\" content=\"summary_large_image\" \/>\n<meta name=\"twitter:label1\" content=\"Escrito por\" \/>\n\t<meta name=\"twitter:data1\" content=\"Paulo Custodio\" \/>\n\t<meta name=\"twitter:label2\" content=\"Est. tempo de leitura\" \/>\n\t<meta name=\"twitter:data2\" content=\"6 minutos\" \/>\n<!-- \/ Yoast SEO plugin. -->","yoast_head_json":{"title":"Pequeno h\u00e1bito matinal simples que aumenta absor\u00e7\u00e3o de nutrientes e voc\u00ea nem imaginava - Correio Braziliense - Radar","description":"H\u00e1bito simples praticado pela manh\u00e3 que potencializa a absor\u00e7\u00e3o de nutrientes e melhora o funcionamento do organismo","robots":{"index":"index","follow":"follow","max-snippet":"max-snippet:-1","max-image-preview":"max-image-preview:large","max-video-preview":"max-video-preview:-1"},"canonical":"https:\/\/www.correiobraziliense.com.br\/cbradar\/pequeno-habito-matinal-simples-que-aumenta-absorcao-de-nutrientes-e-voce-nem-imaginava\/","og_locale":"pt_BR","og_type":"article","og_title":"Pequeno h\u00e1bito matinal simples que aumenta absor\u00e7\u00e3o de nutrientes e voc\u00ea nem imaginava - Correio Braziliense - Radar","og_description":"H\u00e1bito simples praticado pela manh\u00e3 que potencializa a absor\u00e7\u00e3o de nutrientes e melhora o funcionamento do organismo","og_url":"https:\/\/www.correiobraziliense.com.br\/cbradar\/pequeno-habito-matinal-simples-que-aumenta-absorcao-de-nutrientes-e-voce-nem-imaginava\/","og_site_name":"Correio Braziliense - Radar","article_published_time":"2025-10-25T19:55:00+00:00","og_image":[{"width":1280,"height":720,"url":"https:\/\/www.correiobraziliense.com.br\/cbradar\/wp-content\/uploads\/2025\/10\/mosaico_1761330294783.jpg","type":"image\/jpeg"}],"author":"Paulo Custodio","twitter_card":"summary_large_image","twitter_misc":{"Escrito por":"Paulo Custodio","Est. tempo de leitura":"6 minutos"},"schema":{"@context":"https:\/\/schema.org","@graph":[{"@type":"WebPage","@id":"https:\/\/www.correiobraziliense.com.br\/cbradar\/pequeno-habito-matinal-simples-que-aumenta-absorcao-de-nutrientes-e-voce-nem-imaginava\/","url":"https:\/\/www.correiobraziliense.com.br\/cbradar\/pequeno-habito-matinal-simples-que-aumenta-absorcao-de-nutrientes-e-voce-nem-imaginava\/","name":"Pequeno h\u00e1bito matinal simples que aumenta absor\u00e7\u00e3o de nutrientes e voc\u00ea nem imaginava - Correio Braziliense - Radar","isPartOf":{"@id":"https:\/\/www.correiobraziliense.com.br\/cbradar\/#website"},"primaryImageOfPage":{"@id":"https:\/\/www.correiobraziliense.com.br\/cbradar\/pequeno-habito-matinal-simples-que-aumenta-absorcao-de-nutrientes-e-voce-nem-imaginava\/#primaryimage"},"image":{"@id":"https:\/\/www.correiobraziliense.com.br\/cbradar\/pequeno-habito-matinal-simples-que-aumenta-absorcao-de-nutrientes-e-voce-nem-imaginava\/#primaryimage"},"thumbnailUrl":"https:\/\/www.correiobraziliense.com.br\/cbradar\/wp-content\/uploads\/2025\/10\/mosaico_1761330294783.jpg","datePublished":"2025-10-25T19:55:00+00:00","author":{"@id":"https:\/\/www.correiobraziliense.com.br\/cbradar\/#\/schema\/person\/4cec7857301a9a1a2ef249893cd908d3"},"description":"H\u00e1bito simples praticado pela manh\u00e3 que potencializa a absor\u00e7\u00e3o de nutrientes e melhora o funcionamento do organismo","breadcrumb":{"@id":"https:\/\/www.correiobraziliense.com.br\/cbradar\/pequeno-habito-matinal-simples-que-aumenta-absorcao-de-nutrientes-e-voce-nem-imaginava\/#breadcrumb"},"inLanguage":"pt-BR","potentialAction":[{"@type":"ReadAction","target":["https:\/\/www.correiobraziliense.com.br\/cbradar\/pequeno-habito-matinal-simples-que-aumenta-absorcao-de-nutrientes-e-voce-nem-imaginava\/"]}]},{"@type":"ImageObject","inLanguage":"pt-BR","@id":"https:\/\/www.correiobraziliense.com.br\/cbradar\/pequeno-habito-matinal-simples-que-aumenta-absorcao-de-nutrientes-e-voce-nem-imaginava\/#primaryimage","url":"https:\/\/www.correiobraziliense.com.br\/cbradar\/wp-content\/uploads\/2025\/10\/mosaico_1761330294783.jpg","contentUrl":"https:\/\/www.correiobraziliense.com.br\/cbradar\/wp-content\/uploads\/2025\/10\/mosaico_1761330294783.jpg","width":1280,"height":720,"caption":"Luz da manh\u00e3 e rotina leve mostrando como um gesto simples transforma a forma como o corpo absorve energia - Cr\u00e9ditos: depositphotos.com \/ Tharakorn - Cr\u00e9ditos: depositphotos.com \/ gpointstudio"},{"@type":"BreadcrumbList","@id":"https:\/\/www.correiobraziliense.com.br\/cbradar\/pequeno-habito-matinal-simples-que-aumenta-absorcao-de-nutrientes-e-voce-nem-imaginava\/#breadcrumb","itemListElement":[{"@type":"ListItem","position":1,"name":"In\u00edcio","item":"https:\/\/www.correiobraziliense.com.br\/cbradar\/"},{"@type":"ListItem","position":2,"name":"Pequeno h\u00e1bito matinal simples que aumenta absor\u00e7\u00e3o de nutrientes e voc\u00ea nem imaginava"}]},{"@type":"WebSite","@id":"https:\/\/www.correiobraziliense.com.br\/cbradar\/#website","url":"https:\/\/www.correiobraziliense.com.br\/cbradar\/","name":"Correio Braziliense - Radar","description":"Acompanhe as \u00faltimas not\u00edcias e fique bem informado sobre tudo o que acontece no Brasil e no mundo.","potentialAction":[{"@type":"SearchAction","target":{"@type":"EntryPoint","urlTemplate":"https:\/\/www.correiobraziliense.com.br\/cbradar\/?s={search_term_string}"},"query-input":{"@type":"PropertyValueSpecification","valueRequired":true,"valueName":"search_term_string"}}],"inLanguage":"pt-BR"},{"@type":"Person","@id":"https:\/\/www.correiobraziliense.com.br\/cbradar\/#\/schema\/person\/4cec7857301a9a1a2ef249893cd908d3","name":"Paulo Custodio","image":{"@type":"ImageObject","inLanguage":"pt-BR","@id":"https:\/\/www.correiobraziliense.com.br\/cbradar\/#\/schema\/person\/image\/","url":"https:\/\/secure.gravatar.com\/avatar\/bcd67168d1534e8fcf4f45c726a87cea?s=96&d=mm&r=g","contentUrl":"https:\/\/secure.gravatar.com\/avatar\/bcd67168d1534e8fcf4f45c726a87cea?s=96&d=mm&r=g","caption":"Paulo Custodio"},"sameAs":["https:\/\/www.correiobraziliense.com.br\/cbradar"],"url":"https:\/\/www.correiobraziliense.com.br\/cbradar\/author\/paulomyth\/"}]}},"_links":{"self":[{"href":"https:\/\/www.correiobraziliense.com.br\/cbradar\/wp-json\/wp\/v2\/posts\/124708","targetHints":{"allow":["GET"]}}],"collection":[{"href":"https:\/\/www.correiobraziliense.com.br\/cbradar\/wp-json\/wp\/v2\/posts"}],"about":[{"href":"https:\/\/www.correiobraziliense.com.br\/cbradar\/wp-json\/wp\/v2\/types\/post"}],"author":[{"embeddable":true,"href":"https:\/\/www.correiobraziliense.com.br\/cbradar\/wp-json\/wp\/v2\/users\/11"}],"replies":[{"embeddable":true,"href":"https:\/\/www.correiobraziliense.com.br\/cbradar\/wp-json\/wp\/v2\/comments?post=124708"}],"version-history":[{"count":1,"href":"https:\/\/www.correiobraziliense.com.br\/cbradar\/wp-json\/wp\/v2\/posts\/124708\/revisions"}],"predecessor-version":[{"id":124728,"href":"https:\/\/www.correiobraziliense.com.br\/cbradar\/wp-json\/wp\/v2\/posts\/124708\/revisions\/124728"}],"wp:featuredmedia":[{"embeddable":true,"href":"https:\/\/www.correiobraziliense.com.br\/cbradar\/wp-json\/wp\/v2\/media\/124717"}],"wp:attachment":[{"href":"https:\/\/www.correiobraziliense.com.br\/cbradar\/wp-json\/wp\/v2\/media?parent=124708"}],"wp:term":[{"taxonomy":"category","embeddable":true,"href":"https:\/\/www.correiobraziliense.com.br\/cbradar\/wp-json\/wp\/v2\/categories?post=124708"},{"taxonomy":"post_tag","embeddable":true,"href":"https:\/\/www.correiobraziliense.com.br\/cbradar\/wp-json\/wp\/v2\/post_tag?post=124708"}],"curies":[{"name":"wp","href":"https:\/\/api.w.org\/{rel}","templated":true}]}}