{"id":12482,"date":"2025-03-15T18:10:00","date_gmt":"2025-03-15T21:10:00","guid":{"rendered":"https:\/\/www.correiobraziliense.com.br\/cbradar\/?p=12482"},"modified":"2025-03-14T13:56:03","modified_gmt":"2025-03-14T16:56:03","slug":"paradise-quebra-mais-um-recorde-de-audiencia-com-episodio-final","status":"publish","type":"post","link":"https:\/\/www.correiobraziliense.com.br\/cbradar\/paradise-quebra-mais-um-recorde-de-audiencia-com-episodio-final\/","title":{"rendered":"Paradise quebra mais um recorde de audi\u00eancia com epis\u00f3dio final"},"content":{"rendered":"\n<p>O \u00faltimo epis\u00f3dio da primeira temporada da s\u00e9rie\u00a0<strong><em><a href=\"https:\/\/www.correiobraziliense.com.br\/cbradar\/paradise-sucesso-da-disney-tera-2a-temporada\/\" target=\"_blank\" rel=\"noreferrer noopener\">Paradise<\/a><\/em>\u00a0<\/strong>estabeleceu novos padr\u00f5es de audi\u00eancia em seu lan\u00e7amento na <a href=\"https:\/\/imprensa.disney.com.br\/press-kit\/paradise\" target=\"_blank\" rel=\"noreferrer noopener\">plataforma de streaming<\/a>. De acordo com o site <strong>Deadline<\/strong>, o epis\u00f3dio final atraiu mais de 6,3 milh\u00f5es de espectadores em apenas uma semana, marcando a maior audi\u00eancia j\u00e1 registrada pela s\u00e9rie em um per\u00edodo t\u00e3o curto.<\/p>\n\n\n\n<p>Desde o lan\u00e7amento, o epis\u00f3dio final acumulou mais de 17,6 milh\u00f5es de visualiza\u00e7\u00f5es globalmente, representando um aumento significativo de 151% em rela\u00e7\u00e3o aos n\u00fameros iniciais reportados. Este sucesso de audi\u00eancia destaca o crescente interesse e engajamento do p\u00fablico com a s\u00e9rie.<\/p>\n\n\n\n<h2 class=\"wp-block-heading\"><strong>O sucesso de &#8216;Paradise&#8217; e seus n\u00fameros impressionantes<\/strong><\/h2>\n\n\n\n<p>A s\u00e9rie&nbsp;<em>Paradise<\/em>&nbsp;j\u00e1 havia demonstrado seu potencial desde o in\u00edcio. O primeiro epis\u00f3dio alcan\u00e7ou 7 milh\u00f5es de visualiza\u00e7\u00f5es em apenas nove dias, conforme dados divulgados pela Disney. Este desempenho inicial promissor foi um indicativo do sucesso que a s\u00e9rie viria a alcan\u00e7ar com o desenrolar de sua trama.<\/p>\n\n\n\n<p>A confirma\u00e7\u00e3o de uma segunda temporada n\u00e3o surpreende, considerando o impacto e a popularidade da s\u00e9rie. As grava\u00e7\u00f5es da nova temporada est\u00e3o programadas para come\u00e7ar nos pr\u00f3ximos meses, prometendo manter o interesse dos f\u00e3s e atrair novos espectadores.<\/p>\n\n\n\n<figure class=\"wp-block-image size-large\"><img decoding=\"async\" width=\"1024\" height=\"576\" src=\"https:\/\/www.correiobraziliense.com.br\/cbradar\/wp-content\/uploads\/2025\/03\/Paradise-2-1024x576.png\" alt=\"Paradise quebra mais um recorde de audi\u00eancia com epis\u00f3dio final\" class=\"wp-image-12493\" srcset=\"https:\/\/www.correiobraziliense.com.br\/cbradar\/wp-content\/uploads\/2025\/03\/Paradise-2-1024x576.png 1024w, https:\/\/www.correiobraziliense.com.br\/cbradar\/wp-content\/uploads\/2025\/03\/Paradise-2-300x169.png 300w, https:\/\/www.correiobraziliense.com.br\/cbradar\/wp-content\/uploads\/2025\/03\/Paradise-2-768x432.png 768w, https:\/\/www.correiobraziliense.com.br\/cbradar\/wp-content\/uploads\/2025\/03\/Paradise-2-750x422.png 750w, https:\/\/www.correiobraziliense.com.br\/cbradar\/wp-content\/uploads\/2025\/03\/Paradise-2-1140x641.png 1140w, https:\/\/www.correiobraziliense.com.br\/cbradar\/wp-content\/uploads\/2025\/03\/Paradise-2.png 1280w\" sizes=\"(max-width: 1024px) 100vw, 1024px\" \/><figcaption class=\"wp-element-caption\">Paradise. Fonte: divulga\u00e7\u00e3o \/ Disney+<\/figcaption><\/figure>\n\n\n\n<h2 class=\"wp-block-heading\"><strong>Qual \u00e9 o enredo de &#8216;Paradise&#8217;?<\/strong><\/h2>\n\n\n\n<p>A trama de&nbsp;<em>Paradise<\/em>&nbsp;se desenrola em uma comunidade id\u00edlica, habitada por algumas das pessoas mais proeminentes do mundo. No entanto, a tranquilidade \u00e9 abalada por um assassinato, que desencadeia uma investiga\u00e7\u00e3o de alto risco. Este cen\u00e1rio intrigante e cheio de suspense tem sido um dos fatores que mant\u00eam os espectadores cativados.<\/p>\n\n\n\n<p>O elenco da s\u00e9rie conta com talentos renomados, como Sterling K. Brown, Julianne Nicholson e James Marsden, que contribuem para a profundidade e o apelo dos personagens.<\/p>\n\n\n\n<h2 class=\"wp-block-heading\"><strong>O que esperar da segunda temporada?<\/strong><\/h2>\n\n\n\n<p>Com a confirma\u00e7\u00e3o da segunda temporada, os f\u00e3s de&nbsp;<em>Paradise<\/em>&nbsp;podem esperar por mais mist\u00e9rios e reviravoltas. A produ\u00e7\u00e3o, criada por Dan Fogelman, conhecido por seu trabalho em&nbsp;<em>This Is Us<\/em>, promete continuar a explorar temas complexos e emocionantes, mantendo o p\u00fablico envolvido.<\/p>\n\n\n\n<p>No Brasil, a primeira temporada est\u00e1 dispon\u00edvel na plataforma Disney, permitindo que novos espectadores descubram a s\u00e9rie e se preparem para os pr\u00f3ximos cap\u00edtulos da hist\u00f3ria.<\/p>\n\n\n\n<iframe loading=\"lazy\" width=\"560\" height=\"315\" src=\"https:\/\/www.youtube.com\/embed\/YmG-sdsUILQ?si=H53abv2hrF5lyIwk\" title=\"YouTube video player\" frameborder=\"0\" allow=\"accelerometer; autoplay; clipboard-write; encrypted-media; gyroscope; picture-in-picture; web-share\" referrerpolicy=\"strict-origin-when-cross-origin\" allowfullscreen><\/iframe>\n\n\n\n<h2 class=\"wp-block-heading\"><strong>Por que &#8216;Paradise&#8217; conquistou tantos f\u00e3s?<\/strong><\/h2>\n\n\n\n<p>O sucesso de&nbsp;<em>Paradise<\/em>&nbsp;pode ser atribu\u00eddo a v\u00e1rios fatores. A combina\u00e7\u00e3o de um enredo envolvente, personagens bem desenvolvidos e um elenco talentoso criou uma experi\u00eancia de visualiza\u00e7\u00e3o irresist\u00edvel. Al\u00e9m disso, a habilidade da s\u00e9rie em misturar drama, suspense e mist\u00e9rio tem sido fundamental para manter o interesse do p\u00fablico.<\/p>\n\n\n\n<p>Com a continua\u00e7\u00e3o da s\u00e9rie, \u00e9 prov\u00e1vel que&nbsp;<em>Paradise<\/em>&nbsp;continue a quebrar recordes e a expandir sua base de f\u00e3s ao redor do mundo.<\/p>\n","protected":false},"excerpt":{"rendered":"<p>&#8220;Paradise&#8221; quebra recordes com 17,6 milh\u00f5es de visualiza\u00e7\u00f5es globais! Descubra o sucesso da s\u00e9rie e o que esperar da pr\u00f3xima temporada.<\/p>\n","protected":false},"author":3,"featured_media":12491,"comment_status":"open","ping_status":"open","sticky":false,"template":"","format":"standard","meta":{"_yoast_wpseo_focuskw":"Paradise audi\u00eancia","_yoast_wpseo_title":"%%title%%","_yoast_wpseo_metadesc":"\"Paradise\" quebra recordes com 17,6 milh\u00f5es de visualiza\u00e7\u00f5es globais! Descubra o sucesso da s\u00e9rie e o que esperar da pr\u00f3xima temporada.","jnews-multi-image_gallery":[],"jnews_single_post":{"format":"standard"},"jnews_primary_category":[],"jnews_social_meta":[],"jnews_override_counter":[],"footnotes":""},"categories":[140],"post_tag":[141,976,568],"class_list":["post-12482","post","type-post","status-publish","format-standard","has-post-thumbnail","hentry","category-entretenimento","tag-netflix","tag-paradise","tag-series-e-filmes"],"yoast_head":"<!-- This site is optimized with the Yoast SEO plugin v24.6 - https:\/\/yoast.com\/wordpress\/plugins\/seo\/ -->\n<title>Paradise quebra mais um recorde de audi\u00eancia com epis\u00f3dio final<\/title>\n<meta name=\"description\" content=\"&quot;Paradise&quot; quebra recordes com 17,6 milh\u00f5es de visualiza\u00e7\u00f5es globais! Descubra o sucesso da s\u00e9rie e o que esperar da pr\u00f3xima temporada.\" \/>\n<meta name=\"robots\" content=\"index, follow, max-snippet:-1, max-image-preview:large, max-video-preview:-1\" \/>\n<link rel=\"canonical\" href=\"https:\/\/www.correiobraziliense.com.br\/cbradar\/paradise-quebra-mais-um-recorde-de-audiencia-com-episodio-final\/\" \/>\n<meta property=\"og:locale\" content=\"pt_BR\" \/>\n<meta property=\"og:type\" content=\"article\" \/>\n<meta property=\"og:title\" content=\"Paradise quebra mais um recorde de audi\u00eancia com epis\u00f3dio final\" \/>\n<meta property=\"og:description\" content=\"&quot;Paradise&quot; quebra recordes com 17,6 milh\u00f5es de visualiza\u00e7\u00f5es globais! Descubra o sucesso da s\u00e9rie e o que esperar da pr\u00f3xima temporada.\" \/>\n<meta property=\"og:url\" content=\"https:\/\/www.correiobraziliense.com.br\/cbradar\/paradise-quebra-mais-um-recorde-de-audiencia-com-episodio-final\/\" \/>\n<meta property=\"og:site_name\" content=\"Correio Braziliense - Radar\" \/>\n<meta property=\"article:published_time\" content=\"2025-03-15T21:10:00+00:00\" \/>\n<meta property=\"og:image\" content=\"https:\/\/www.correiobraziliense.com.br\/cbradar\/wp-content\/uploads\/2025\/03\/Paradise.png\" \/>\n\t<meta property=\"og:image:width\" content=\"1280\" \/>\n\t<meta property=\"og:image:height\" content=\"720\" \/>\n\t<meta property=\"og:image:type\" content=\"image\/png\" \/>\n<meta name=\"author\" content=\"Larissa Carvalho\" \/>\n<meta name=\"twitter:card\" content=\"summary_large_image\" \/>\n<meta name=\"twitter:label1\" content=\"Escrito por\" \/>\n\t<meta name=\"twitter:data1\" content=\"Larissa Carvalho\" \/>\n\t<meta name=\"twitter:label2\" content=\"Est. tempo de leitura\" \/>\n\t<meta name=\"twitter:data2\" content=\"3 minutos\" \/>\n<!-- \/ Yoast SEO plugin. -->","yoast_head_json":{"title":"Paradise quebra mais um recorde de audi\u00eancia com epis\u00f3dio final","description":"\"Paradise\" quebra recordes com 17,6 milh\u00f5es de visualiza\u00e7\u00f5es globais! Descubra o sucesso da s\u00e9rie e o que esperar da pr\u00f3xima temporada.","robots":{"index":"index","follow":"follow","max-snippet":"max-snippet:-1","max-image-preview":"max-image-preview:large","max-video-preview":"max-video-preview:-1"},"canonical":"https:\/\/www.correiobraziliense.com.br\/cbradar\/paradise-quebra-mais-um-recorde-de-audiencia-com-episodio-final\/","og_locale":"pt_BR","og_type":"article","og_title":"Paradise quebra mais um recorde de audi\u00eancia com epis\u00f3dio final","og_description":"\"Paradise\" quebra recordes com 17,6 milh\u00f5es de visualiza\u00e7\u00f5es globais! Descubra o sucesso da s\u00e9rie e o que esperar da pr\u00f3xima temporada.","og_url":"https:\/\/www.correiobraziliense.com.br\/cbradar\/paradise-quebra-mais-um-recorde-de-audiencia-com-episodio-final\/","og_site_name":"Correio Braziliense - Radar","article_published_time":"2025-03-15T21:10:00+00:00","og_image":[{"width":1280,"height":720,"url":"https:\/\/www.correiobraziliense.com.br\/cbradar\/wp-content\/uploads\/2025\/03\/Paradise.png","type":"image\/png"}],"author":"Larissa Carvalho","twitter_card":"summary_large_image","twitter_misc":{"Escrito por":"Larissa Carvalho","Est. tempo de leitura":"3 minutos"},"schema":{"@context":"https:\/\/schema.org","@graph":[{"@type":"WebPage","@id":"https:\/\/www.correiobraziliense.com.br\/cbradar\/paradise-quebra-mais-um-recorde-de-audiencia-com-episodio-final\/","url":"https:\/\/www.correiobraziliense.com.br\/cbradar\/paradise-quebra-mais-um-recorde-de-audiencia-com-episodio-final\/","name":"Paradise quebra mais um recorde de audi\u00eancia com epis\u00f3dio final","isPartOf":{"@id":"https:\/\/www.correiobraziliense.com.br\/cbradar\/#website"},"primaryImageOfPage":{"@id":"https:\/\/www.correiobraziliense.com.br\/cbradar\/paradise-quebra-mais-um-recorde-de-audiencia-com-episodio-final\/#primaryimage"},"image":{"@id":"https:\/\/www.correiobraziliense.com.br\/cbradar\/paradise-quebra-mais-um-recorde-de-audiencia-com-episodio-final\/#primaryimage"},"thumbnailUrl":"https:\/\/www.correiobraziliense.com.br\/cbradar\/wp-content\/uploads\/2025\/03\/Paradise.png","datePublished":"2025-03-15T21:10:00+00:00","author":{"@id":"https:\/\/www.correiobraziliense.com.br\/cbradar\/#\/schema\/person\/58422787644df994b53a19d3e56c1513"},"description":"\"Paradise\" quebra recordes com 17,6 milh\u00f5es de visualiza\u00e7\u00f5es globais! Descubra o sucesso da s\u00e9rie e o que esperar da pr\u00f3xima temporada.","breadcrumb":{"@id":"https:\/\/www.correiobraziliense.com.br\/cbradar\/paradise-quebra-mais-um-recorde-de-audiencia-com-episodio-final\/#breadcrumb"},"inLanguage":"pt-BR","potentialAction":[{"@type":"ReadAction","target":["https:\/\/www.correiobraziliense.com.br\/cbradar\/paradise-quebra-mais-um-recorde-de-audiencia-com-episodio-final\/"]}]},{"@type":"ImageObject","inLanguage":"pt-BR","@id":"https:\/\/www.correiobraziliense.com.br\/cbradar\/paradise-quebra-mais-um-recorde-de-audiencia-com-episodio-final\/#primaryimage","url":"https:\/\/www.correiobraziliense.com.br\/cbradar\/wp-content\/uploads\/2025\/03\/Paradise.png","contentUrl":"https:\/\/www.correiobraziliense.com.br\/cbradar\/wp-content\/uploads\/2025\/03\/Paradise.png","width":1280,"height":720,"caption":"Paradise. Fonte: divulga\u00e7\u00e3o \/ Disney+"},{"@type":"BreadcrumbList","@id":"https:\/\/www.correiobraziliense.com.br\/cbradar\/paradise-quebra-mais-um-recorde-de-audiencia-com-episodio-final\/#breadcrumb","itemListElement":[{"@type":"ListItem","position":1,"name":"In\u00edcio","item":"https:\/\/www.correiobraziliense.com.br\/cbradar\/"},{"@type":"ListItem","position":2,"name":"Paradise quebra mais um recorde de audi\u00eancia com epis\u00f3dio final"}]},{"@type":"WebSite","@id":"https:\/\/www.correiobraziliense.com.br\/cbradar\/#website","url":"https:\/\/www.correiobraziliense.com.br\/cbradar\/","name":"Correio Braziliense - Radar","description":"Acompanhe as \u00faltimas not\u00edcias e fique bem informado sobre tudo o que acontece no Brasil e no mundo.","potentialAction":[{"@type":"SearchAction","target":{"@type":"EntryPoint","urlTemplate":"https:\/\/www.correiobraziliense.com.br\/cbradar\/?s={search_term_string}"},"query-input":{"@type":"PropertyValueSpecification","valueRequired":true,"valueName":"search_term_string"}}],"inLanguage":"pt-BR"},{"@type":"Person","@id":"https:\/\/www.correiobraziliense.com.br\/cbradar\/#\/schema\/person\/58422787644df994b53a19d3e56c1513","name":"Larissa Carvalho","image":{"@type":"ImageObject","inLanguage":"pt-BR","@id":"https:\/\/www.correiobraziliense.com.br\/cbradar\/#\/schema\/person\/image\/","url":"https:\/\/secure.gravatar.com\/avatar\/fe4f91a0de32b52a838d0d612abdc1aa?s=96&d=mm&r=g","contentUrl":"https:\/\/secure.gravatar.com\/avatar\/fe4f91a0de32b52a838d0d612abdc1aa?s=96&d=mm&r=g","caption":"Larissa Carvalho"},"url":"https:\/\/www.correiobraziliense.com.br\/cbradar\/author\/larissamyth\/"}]}},"_links":{"self":[{"href":"https:\/\/www.correiobraziliense.com.br\/cbradar\/wp-json\/wp\/v2\/posts\/12482","targetHints":{"allow":["GET"]}}],"collection":[{"href":"https:\/\/www.correiobraziliense.com.br\/cbradar\/wp-json\/wp\/v2\/posts"}],"about":[{"href":"https:\/\/www.correiobraziliense.com.br\/cbradar\/wp-json\/wp\/v2\/types\/post"}],"author":[{"embeddable":true,"href":"https:\/\/www.correiobraziliense.com.br\/cbradar\/wp-json\/wp\/v2\/users\/3"}],"replies":[{"embeddable":true,"href":"https:\/\/www.correiobraziliense.com.br\/cbradar\/wp-json\/wp\/v2\/comments?post=12482"}],"version-history":[{"count":1,"href":"https:\/\/www.correiobraziliense.com.br\/cbradar\/wp-json\/wp\/v2\/posts\/12482\/revisions"}],"predecessor-version":[{"id":12495,"href":"https:\/\/www.correiobraziliense.com.br\/cbradar\/wp-json\/wp\/v2\/posts\/12482\/revisions\/12495"}],"wp:featuredmedia":[{"embeddable":true,"href":"https:\/\/www.correiobraziliense.com.br\/cbradar\/wp-json\/wp\/v2\/media\/12491"}],"wp:attachment":[{"href":"https:\/\/www.correiobraziliense.com.br\/cbradar\/wp-json\/wp\/v2\/media?parent=12482"}],"wp:term":[{"taxonomy":"category","embeddable":true,"href":"https:\/\/www.correiobraziliense.com.br\/cbradar\/wp-json\/wp\/v2\/categories?post=12482"},{"taxonomy":"post_tag","embeddable":true,"href":"https:\/\/www.correiobraziliense.com.br\/cbradar\/wp-json\/wp\/v2\/post_tag?post=12482"}],"curies":[{"name":"wp","href":"https:\/\/api.w.org\/{rel}","templated":true}]}}