{"id":12509,"date":"2025-03-15T09:35:00","date_gmt":"2025-03-15T12:35:00","guid":{"rendered":"https:\/\/www.correiobraziliense.com.br\/cbradar\/?p=12509"},"modified":"2025-03-14T10:13:28","modified_gmt":"2025-03-14T13:13:28","slug":"como-plantar-alface-americana-em-vasos-e-ter-hortalicas-sempre-frescas","status":"publish","type":"post","link":"https:\/\/www.correiobraziliense.com.br\/cbradar\/como-plantar-alface-americana-em-vasos-e-ter-hortalicas-sempre-frescas\/","title":{"rendered":"Como Plantar Alface Americana em Vasos e Ter Hortali\u00e7as Sempre Frescas"},"content":{"rendered":"\n<p>A alface americana \u00e9 uma hortali\u00e7a popular, conhecida por suas folhas crocantes e sabor suave. \u00c9 amplamente utilizada em saladas e sandu\u00edches, sendo uma excelente op\u00e7\u00e3o para quem deseja cultivar vegetais frescos em casa. O cultivo da alface americana \u00e9 relativamente simples e pode ser realizado tanto em hortas quanto em vasos, tornando-se uma atividade acess\u00edvel para iniciantes na jardinagem.<\/p>\n\n\n\n<p>Origin\u00e1ria da Europa, a alface americana foi introduzida nos Estados Unidos, onde rapidamente ganhou popularidade devido \u00e0 sua resist\u00eancia e textura \u00fanica. Atualmente, \u00e9 uma das variedades de alface mais consumidas no mundo. Al\u00e9m de seu sabor agrad\u00e1vel, a alface americana \u00e9 rica em fibras, vitaminas A, C e K, e possui um alto teor de \u00e1gua, o que contribui para a hidrata\u00e7\u00e3o do organismo.<\/p>\n\n\n\n<h2 class=\"wp-block-heading\">Quais s\u00e3o os passos para plantar alface americana?<\/h2>\n\n\n\n<p>Para iniciar o <a href=\"https:\/\/www.correiobraziliense.com.br\/cbradar\/como-utilizar-menos-agua-na-jardinagem-sem-comprometer-as-plantas\/\" target=\"_blank\" rel=\"noreferrer noopener\">cultivo<\/a> da alface americana, \u00e9 importante seguir alguns passos b\u00e1sicos que garantem o desenvolvimento saud\u00e1vel da planta. A escolha do local, a prepara\u00e7\u00e3o do solo e os cuidados durante o crescimento s\u00e3o fundamentais para uma colheita bem-sucedida.<\/p>\n\n\n\n<h2 class=\"wp-block-heading\">Escolhendo o Local Ideal<\/h2>\n\n\n\n<p>A alface americana prefere temperaturas amenas, entre 10\u00b0C e 22\u00b0C. Em regi\u00f5es mais quentes, recomenda-se o uso de telas de sombreamento para proteger as plantas do sol intenso. O local escolhido deve receber de 4 a 6 horas de luz solar direta diariamente, garantindo o crescimento adequado das folhas.<\/p>\n\n\n\n<figure class=\"wp-block-gallery has-nested-images columns-default is-cropped wp-block-gallery-1 is-layout-flex wp-block-gallery-is-layout-flex\">\n<figure class=\"wp-block-image size-large\"><img decoding=\"async\" width=\"1024\" height=\"576\" data-id=\"12510\" src=\"https:\/\/www.correiobraziliense.com.br\/cbradar\/wp-content\/uploads\/2025\/03\/plantar-alface_1741956956329-1024x576.jpg\" alt=\"\" class=\"wp-image-12510\" srcset=\"https:\/\/www.correiobraziliense.com.br\/cbradar\/wp-content\/uploads\/2025\/03\/plantar-alface_1741956956329-1024x576.jpg 1024w, https:\/\/www.correiobraziliense.com.br\/cbradar\/wp-content\/uploads\/2025\/03\/plantar-alface_1741956956329-300x169.jpg 300w, https:\/\/www.correiobraziliense.com.br\/cbradar\/wp-content\/uploads\/2025\/03\/plantar-alface_1741956956329-768x432.jpg 768w, https:\/\/www.correiobraziliense.com.br\/cbradar\/wp-content\/uploads\/2025\/03\/plantar-alface_1741956956329-750x422.jpg 750w, https:\/\/www.correiobraziliense.com.br\/cbradar\/wp-content\/uploads\/2025\/03\/plantar-alface_1741956956329-1140x641.jpg 1140w, https:\/\/www.correiobraziliense.com.br\/cbradar\/wp-content\/uploads\/2025\/03\/plantar-alface_1741956956329.jpg 1280w\" sizes=\"(max-width: 1024px) 100vw, 1024px\" \/><figcaption class=\"wp-element-caption\">Cr\u00e9ditos: depositphotos.com \/ isampuntarat@gmail.com<\/figcaption><\/figure>\n<\/figure>\n\n\n\n<h2 class=\"wp-block-heading\">Preparando o Solo<\/h2>\n\n\n\n<p>O solo ideal para o cultivo da alface americana deve ser f\u00e9rtil, bem drenado e rico em mat\u00e9ria org\u00e2nica. Uma mistura de terra vegetal, h\u00famus de minhoca e esterco curtido proporciona os nutrientes necess\u00e1rios para o desenvolvimento da planta. A textura leve do solo tamb\u00e9m facilita a germina\u00e7\u00e3o das sementes e o crescimento das ra\u00edzes.<\/p>\n\n\n\n<h2 class=\"wp-block-heading\">Plantando as Sementes ou Mudas<\/h2>\n\n\n\n<p>As sementes de alface americana devem ser plantadas a uma profundidade de 0,5 cm, mantendo o solo \u00famido at\u00e9 a germina\u00e7\u00e3o, que ocorre entre 5 e 10 dias. Caso opte por mudas, \u00e9 importante respeitar um espa\u00e7amento de 30 cm entre cada planta, permitindo que elas se desenvolvam plenamente.<\/p>\n\n\n\n<h2 class=\"wp-block-heading\">Cuidados Durante o Crescimento<\/h2>\n\n\n\n<p>Regar a alface americana diariamente \u00e9 essencial, preferencialmente pela manh\u00e3 ou no final da tarde, evitando o encharcamento do solo. A aduba\u00e7\u00e3o a cada 15 dias com fertilizantes ricos em nitrog\u00eanio estimula o crescimento das folhas. Para proteger a planta de pragas, como pulg\u00f5es e lesmas, pode-se aplicar calda de fumo ou \u00f3leo de neem.<\/p>\n\n\n\n<h2 class=\"wp-block-heading\">Como Colher a Alface Americana?<\/h2>\n\n\n\n<p>A colheita da alface americana ocorre entre 60 e 75 dias ap\u00f3s o plantio. As folhas externas podem ser colhidas primeiro, permitindo que o miolo continue a crescer. Alternativamente, pode-se retirar o p\u00e9 inteiro quando atingir o tamanho desejado. \u00c9 importante evitar o cultivo durante o ver\u00e3o intenso, pois as altas temperaturas podem prejudicar o desenvolvimento da planta.<\/p>\n\n\n\n<h2 class=\"wp-block-heading\">Sugest\u00f5es de Consumo e Armazenamento<\/h2>\n\n\n\n<p>A alface americana \u00e9 vers\u00e1til na culin\u00e1ria, podendo ser utilizada em saladas, sandu\u00edches, wraps e sucos verdes. Para armazenar, mantenha as folhas na geladeira em sacos pl\u00e1sticos perfurados ou potes herm\u00e9ticos forrados com papel toalha, consumindo em at\u00e9 7 dias. Evite congelar, pois a textura da alface se altera com o congelamento.<\/p>\n\n\n\n<p>Com os cuidados adequados, o cultivo da alface americana pode ser uma atividade gratificante e produtiva, proporcionando folhas frescas e saud\u00e1veis para o consumo di\u00e1rio. Experimente iniciar sua pr\u00f3pria horta e desfrute dos benef\u00edcios dessa hortali\u00e7a crocante.<\/p>\n","protected":false},"excerpt":{"rendered":"<p>A alface americana \u00e9 uma hortali\u00e7a popular, conhecida por suas folhas crocantes e sabor suave. \u00c9 amplamente utilizada em saladas e sandu\u00edches, sendo uma excelente op\u00e7\u00e3o para quem deseja cultivar vegetais frescos em casa. <\/p>\n","protected":false},"author":4,"featured_media":12511,"comment_status":"open","ping_status":"open","sticky":false,"template":"","format":"standard","meta":{"_yoast_wpseo_focuskw":"Plantar Alface","_yoast_wpseo_title":"","_yoast_wpseo_metadesc":"A alface americana \u00e9 uma hortali\u00e7a popular, conhecida por suas folhas crocantes e sabor suave. \u00c9 amplamente utilizada em saladas e sandu\u00edches, sendo uma excelente op\u00e7\u00e3o para quem deseja cultivar vegetais frescos em casa.","jnews-multi-image_gallery":[],"jnews_single_post":{"format":"standard"},"jnews_primary_category":[],"jnews_social_meta":[],"jnews_override_counter":[],"footnotes":""},"categories":[136],"post_tag":[1939],"class_list":["post-12509","post","type-post","status-publish","format-standard","has-post-thumbnail","hentry","category-jardinagem","tag-alface-americana"],"yoast_head":"<!-- This site is optimized with the Yoast SEO plugin v24.6 - https:\/\/yoast.com\/wordpress\/plugins\/seo\/ -->\n<title>Como Plantar Alface Americana em Vasos e Ter Hortali\u00e7as Sempre Frescas - Correio Braziliense - Radar<\/title>\n<meta name=\"description\" content=\"A alface americana \u00e9 uma hortali\u00e7a popular, conhecida por suas folhas crocantes e sabor suave. \u00c9 amplamente utilizada em saladas e sandu\u00edches, sendo uma excelente op\u00e7\u00e3o para quem deseja cultivar vegetais frescos em casa.\" \/>\n<meta name=\"robots\" content=\"index, follow, max-snippet:-1, max-image-preview:large, max-video-preview:-1\" \/>\n<link rel=\"canonical\" href=\"https:\/\/www.correiobraziliense.com.br\/cbradar\/como-plantar-alface-americana-em-vasos-e-ter-hortalicas-sempre-frescas\/\" \/>\n<meta property=\"og:locale\" content=\"pt_BR\" \/>\n<meta property=\"og:type\" content=\"article\" \/>\n<meta property=\"og:title\" content=\"Como Plantar Alface Americana em Vasos e Ter Hortali\u00e7as Sempre Frescas - Correio Braziliense - Radar\" \/>\n<meta property=\"og:description\" content=\"A alface americana \u00e9 uma hortali\u00e7a popular, conhecida por suas folhas crocantes e sabor suave. \u00c9 amplamente utilizada em saladas e sandu\u00edches, sendo uma excelente op\u00e7\u00e3o para quem deseja cultivar vegetais frescos em casa.\" \/>\n<meta property=\"og:url\" content=\"https:\/\/www.correiobraziliense.com.br\/cbradar\/como-plantar-alface-americana-em-vasos-e-ter-hortalicas-sempre-frescas\/\" \/>\n<meta property=\"og:site_name\" content=\"Correio Braziliense - Radar\" \/>\n<meta property=\"article:published_time\" content=\"2025-03-15T12:35:00+00:00\" \/>\n<meta property=\"og:image\" content=\"https:\/\/www.correiobraziliense.com.br\/cbradar\/wp-content\/uploads\/2025\/03\/plantar-alface_1741956923490.jpg\" \/>\n\t<meta property=\"og:image:width\" content=\"1280\" \/>\n\t<meta property=\"og:image:height\" content=\"720\" \/>\n\t<meta property=\"og:image:type\" content=\"image\/jpeg\" \/>\n<meta name=\"author\" content=\"Guilherme Cremaschi\" \/>\n<meta name=\"twitter:card\" content=\"summary_large_image\" \/>\n<meta name=\"twitter:label1\" content=\"Escrito por\" \/>\n\t<meta name=\"twitter:data1\" content=\"Guilherme Cremaschi\" \/>\n\t<meta name=\"twitter:label2\" content=\"Est. tempo de leitura\" \/>\n\t<meta name=\"twitter:data2\" content=\"4 minutos\" \/>\n<!-- \/ Yoast SEO plugin. -->","yoast_head_json":{"title":"Como Plantar Alface Americana em Vasos e Ter Hortali\u00e7as Sempre Frescas - Correio Braziliense - Radar","description":"A alface americana \u00e9 uma hortali\u00e7a popular, conhecida por suas folhas crocantes e sabor suave. \u00c9 amplamente utilizada em saladas e sandu\u00edches, sendo uma excelente op\u00e7\u00e3o para quem deseja cultivar vegetais frescos em casa.","robots":{"index":"index","follow":"follow","max-snippet":"max-snippet:-1","max-image-preview":"max-image-preview:large","max-video-preview":"max-video-preview:-1"},"canonical":"https:\/\/www.correiobraziliense.com.br\/cbradar\/como-plantar-alface-americana-em-vasos-e-ter-hortalicas-sempre-frescas\/","og_locale":"pt_BR","og_type":"article","og_title":"Como Plantar Alface Americana em Vasos e Ter Hortali\u00e7as Sempre Frescas - Correio Braziliense - Radar","og_description":"A alface americana \u00e9 uma hortali\u00e7a popular, conhecida por suas folhas crocantes e sabor suave. \u00c9 amplamente utilizada em saladas e sandu\u00edches, sendo uma excelente op\u00e7\u00e3o para quem deseja cultivar vegetais frescos em casa.","og_url":"https:\/\/www.correiobraziliense.com.br\/cbradar\/como-plantar-alface-americana-em-vasos-e-ter-hortalicas-sempre-frescas\/","og_site_name":"Correio Braziliense - Radar","article_published_time":"2025-03-15T12:35:00+00:00","og_image":[{"width":1280,"height":720,"url":"https:\/\/www.correiobraziliense.com.br\/cbradar\/wp-content\/uploads\/2025\/03\/plantar-alface_1741956923490.jpg","type":"image\/jpeg"}],"author":"Guilherme Cremaschi","twitter_card":"summary_large_image","twitter_misc":{"Escrito por":"Guilherme Cremaschi","Est. tempo de leitura":"4 minutos"},"schema":{"@context":"https:\/\/schema.org","@graph":[{"@type":"WebPage","@id":"https:\/\/www.correiobraziliense.com.br\/cbradar\/como-plantar-alface-americana-em-vasos-e-ter-hortalicas-sempre-frescas\/","url":"https:\/\/www.correiobraziliense.com.br\/cbradar\/como-plantar-alface-americana-em-vasos-e-ter-hortalicas-sempre-frescas\/","name":"Como Plantar Alface Americana em Vasos e Ter Hortali\u00e7as Sempre Frescas - Correio Braziliense - Radar","isPartOf":{"@id":"https:\/\/www.correiobraziliense.com.br\/cbradar\/#website"},"primaryImageOfPage":{"@id":"https:\/\/www.correiobraziliense.com.br\/cbradar\/como-plantar-alface-americana-em-vasos-e-ter-hortalicas-sempre-frescas\/#primaryimage"},"image":{"@id":"https:\/\/www.correiobraziliense.com.br\/cbradar\/como-plantar-alface-americana-em-vasos-e-ter-hortalicas-sempre-frescas\/#primaryimage"},"thumbnailUrl":"https:\/\/www.correiobraziliense.com.br\/cbradar\/wp-content\/uploads\/2025\/03\/plantar-alface_1741956923490.jpg","datePublished":"2025-03-15T12:35:00+00:00","author":{"@id":"https:\/\/www.correiobraziliense.com.br\/cbradar\/#\/schema\/person\/4760856b25506e84ce34d5de2b0d95f1"},"description":"A alface americana \u00e9 uma hortali\u00e7a popular, conhecida por suas folhas crocantes e sabor suave. \u00c9 amplamente utilizada em saladas e sandu\u00edches, sendo uma excelente op\u00e7\u00e3o para quem deseja cultivar vegetais frescos em casa.","breadcrumb":{"@id":"https:\/\/www.correiobraziliense.com.br\/cbradar\/como-plantar-alface-americana-em-vasos-e-ter-hortalicas-sempre-frescas\/#breadcrumb"},"inLanguage":"pt-BR","potentialAction":[{"@type":"ReadAction","target":["https:\/\/www.correiobraziliense.com.br\/cbradar\/como-plantar-alface-americana-em-vasos-e-ter-hortalicas-sempre-frescas\/"]}]},{"@type":"ImageObject","inLanguage":"pt-BR","@id":"https:\/\/www.correiobraziliense.com.br\/cbradar\/como-plantar-alface-americana-em-vasos-e-ter-hortalicas-sempre-frescas\/#primaryimage","url":"https:\/\/www.correiobraziliense.com.br\/cbradar\/wp-content\/uploads\/2025\/03\/plantar-alface_1741956923490.jpg","contentUrl":"https:\/\/www.correiobraziliense.com.br\/cbradar\/wp-content\/uploads\/2025\/03\/plantar-alface_1741956923490.jpg","width":1280,"height":720,"caption":"Como Plantar Alface Americana em Vasos e Ter Hortali\u00e7as Sempre Frescas Cr\u00e9ditos: depositphotos.com \/ poringdown@gmail.com"},{"@type":"BreadcrumbList","@id":"https:\/\/www.correiobraziliense.com.br\/cbradar\/como-plantar-alface-americana-em-vasos-e-ter-hortalicas-sempre-frescas\/#breadcrumb","itemListElement":[{"@type":"ListItem","position":1,"name":"In\u00edcio","item":"https:\/\/www.correiobraziliense.com.br\/cbradar\/"},{"@type":"ListItem","position":2,"name":"Como Plantar Alface Americana em Vasos e Ter Hortali\u00e7as Sempre Frescas"}]},{"@type":"WebSite","@id":"https:\/\/www.correiobraziliense.com.br\/cbradar\/#website","url":"https:\/\/www.correiobraziliense.com.br\/cbradar\/","name":"Correio Braziliense - Radar","description":"Acompanhe as \u00faltimas not\u00edcias e fique bem informado sobre tudo o que acontece no Brasil e no mundo.","potentialAction":[{"@type":"SearchAction","target":{"@type":"EntryPoint","urlTemplate":"https:\/\/www.correiobraziliense.com.br\/cbradar\/?s={search_term_string}"},"query-input":{"@type":"PropertyValueSpecification","valueRequired":true,"valueName":"search_term_string"}}],"inLanguage":"pt-BR"},{"@type":"Person","@id":"https:\/\/www.correiobraziliense.com.br\/cbradar\/#\/schema\/person\/4760856b25506e84ce34d5de2b0d95f1","name":"Guilherme Cremaschi","image":{"@type":"ImageObject","inLanguage":"pt-BR","@id":"https:\/\/www.correiobraziliense.com.br\/cbradar\/#\/schema\/person\/image\/","url":"https:\/\/secure.gravatar.com\/avatar\/6a059d20d980bdeb1d1d6b0fa2b4633c?s=96&d=mm&r=g","contentUrl":"https:\/\/secure.gravatar.com\/avatar\/6a059d20d980bdeb1d1d6b0fa2b4633c?s=96&d=mm&r=g","caption":"Guilherme Cremaschi"},"sameAs":["https:\/\/www.correiobraziliense.com.br\/"],"url":"https:\/\/www.correiobraziliense.com.br\/cbradar\/author\/guilhermemyth\/"}]}},"_links":{"self":[{"href":"https:\/\/www.correiobraziliense.com.br\/cbradar\/wp-json\/wp\/v2\/posts\/12509","targetHints":{"allow":["GET"]}}],"collection":[{"href":"https:\/\/www.correiobraziliense.com.br\/cbradar\/wp-json\/wp\/v2\/posts"}],"about":[{"href":"https:\/\/www.correiobraziliense.com.br\/cbradar\/wp-json\/wp\/v2\/types\/post"}],"author":[{"embeddable":true,"href":"https:\/\/www.correiobraziliense.com.br\/cbradar\/wp-json\/wp\/v2\/users\/4"}],"replies":[{"embeddable":true,"href":"https:\/\/www.correiobraziliense.com.br\/cbradar\/wp-json\/wp\/v2\/comments?post=12509"}],"version-history":[{"count":3,"href":"https:\/\/www.correiobraziliense.com.br\/cbradar\/wp-json\/wp\/v2\/posts\/12509\/revisions"}],"predecessor-version":[{"id":12520,"href":"https:\/\/www.correiobraziliense.com.br\/cbradar\/wp-json\/wp\/v2\/posts\/12509\/revisions\/12520"}],"wp:featuredmedia":[{"embeddable":true,"href":"https:\/\/www.correiobraziliense.com.br\/cbradar\/wp-json\/wp\/v2\/media\/12511"}],"wp:attachment":[{"href":"https:\/\/www.correiobraziliense.com.br\/cbradar\/wp-json\/wp\/v2\/media?parent=12509"}],"wp:term":[{"taxonomy":"category","embeddable":true,"href":"https:\/\/www.correiobraziliense.com.br\/cbradar\/wp-json\/wp\/v2\/categories?post=12509"},{"taxonomy":"post_tag","embeddable":true,"href":"https:\/\/www.correiobraziliense.com.br\/cbradar\/wp-json\/wp\/v2\/post_tag?post=12509"}],"curies":[{"name":"wp","href":"https:\/\/api.w.org\/{rel}","templated":true}]}}