{"id":125372,"date":"2025-10-26T12:05:00","date_gmt":"2025-10-26T15:05:00","guid":{"rendered":"https:\/\/www.correiobraziliense.com.br\/cbradar\/?p=125372"},"modified":"2025-10-25T19:49:17","modified_gmt":"2025-10-25T22:49:17","slug":"dor-de-ouvido-em-criancas-preocupa-saiba-o-que-fazer","status":"publish","type":"post","link":"https:\/\/www.correiobraziliense.com.br\/cbradar\/dor-de-ouvido-em-criancas-preocupa-saiba-o-que-fazer\/","title":{"rendered":"Dor de ouvido em crian\u00e7as preocupa? Saiba o que fazer"},"content":{"rendered":"\n<p>A <strong>Dor de Ouvido<\/strong> \u00e9 um inc\u00f4modo comum que pode afetar pessoas de todas as idades. Este mal-estar pode manifestar-se de forma leve ou se transformar em uma dor intensa, impactando diretamente a qualidade de vida e as atividades di\u00e1rias. \u00c9 frequente que essa condi\u00e7\u00e3o leve indiv\u00edduos, especialmente crian\u00e7as, a buscar atendimento m\u00e9dico. Identificar corretamente a causa da dor \u00e9 crucial para garantir o tratamento adequado e eficaz.<\/p>\n\n\n\n<p>Caracterizada como otalgia, a Dor de Ouvido pode ser originada na pr\u00f3pria estrutura auditiva ou em \u00e1reas adjacentes, refletindo em desconforto no canal auditivo. Entre as causas mais comuns, destacam-se as otites, que podem ser externas, m\u00e9dias ou internas, geralmente resultantes de infec\u00e7\u00f5es bacterianas ou virais. Tamb\u00e9m podem causar o problema altera\u00e7\u00f5es na press\u00e3o atmosf\u00e9rica, ac\u00famulo de cera, infec\u00e7\u00f5es de garganta e problemas dent\u00e1rios.<\/p>\n\n\n\n<h2 class=\"wp-block-heading\">Quais s\u00e3o os sintomas associados?<\/h2>\n\n\n\n<p>Al\u00e9m da dor, outros sintomas podem acompanhar este problema, como febre, dificuldade auditiva, sensa\u00e7\u00e3o de press\u00e3o e at\u00e9 secre\u00e7\u00e3o. Identificar esses sinais ajuda a determinar a real gravidade do quadro. Em crian\u00e7as, a otite m\u00e9dia \u00e9 bastante recorrente devido \u00e0 anatomia do ouvido infantil, o que refor\u00e7a a necessidade de aten\u00e7\u00e3o redobrada dos pais e cuidadores aos sinais apresentados pelos pequenos.<\/p>\n\n\n\n<p>O reconhecimento precoce dos sintomas associados \u00e9 fundamental para buscar ajuda a tempo e garantir um tratamento eficaz. Em situa\u00e7\u00f5es mais graves, como infec\u00e7\u00f5es profundas, pode ocorrer febre alta, sa\u00edda de secre\u00e7\u00e3o amarelada ou com sangue e perda s\u00fabita da audi\u00e7\u00e3o, sintomas que s\u00e3o alarmantes e requerem avalia\u00e7\u00e3o m\u00e9dica urgente.<\/p>\n\n\n\n<h2 class=\"wp-block-heading\">Como Aliviar a Dor de Ouvido?<\/h2>\n\n\n\n<p>Para aliviar a dor de ouvido, \u00e9 essencial n\u00e3o introduzir objetos ou l\u00edquidos no canal auditivo sem orienta\u00e7\u00e3o m\u00e9dica. Algumas medidas podem ser eficazes para minimizar o desconforto temporariamente at\u00e9 o atendimento profissional ser poss\u00edvel. Aplicar uma compressa morna na \u00e1rea afetada pode oferecer al\u00edvio imediato, assim como manter a cabe\u00e7a erguida para facilitar o escoamento de secre\u00e7\u00f5es internas.<\/p>\n\n\n\n<p>Evitar barulhos intensos e temperaturas extremas pode ajudar a reduzir a dor, enquanto analg\u00e9sicos comuns devem ser utilizados somente sob orienta\u00e7\u00e3o m\u00e9dica. Persist\u00eancia dos sintomas ou a presen\u00e7a de secre\u00e7\u00f5es indicam a necessidade de <a href=\"https:\/\/www.correiobraziliense.com.br\/cbradar\/como-o-diabetes-pode-afetar-a-visao-e-causar-cegueira\/\" target=\"_blank\" rel=\"noreferrer noopener\">consulta <\/a>m\u00e9dica imediata para evitar complica\u00e7\u00f5es maiores.<\/p>\n\n\n\n<h2 class=\"wp-block-heading\">Quando procurar ajuda profissional?<\/h2>\n\n\n\n<p>Em algumas circunst\u00e2ncias, a dor de ouvido pode sinalizar um problema mais s\u00e9rio que requer aten\u00e7\u00e3o m\u00e9dica imediata. Os grupos mais vulner\u00e1veis, como crian\u00e7as pequenas, idosos e imunocomprometidos, precisam de cuidado especial. Sintomas como febre alta, secre\u00e7\u00e3o, perda auditiva s\u00fabita, tontura e n\u00e1usea indicam a necessidade de atendimento urgente.<\/p>\n\n\n\n<p>A identifica\u00e7\u00e3o e o tratamento precoce s\u00e3o essenciais para impedir a progress\u00e3o da infec\u00e7\u00e3o e prevenir complica\u00e7\u00f5es graves, como a perda auditiva permanente. A investiga\u00e7\u00e3o por um otorrinolaringologista \u00e9 indispens\u00e1vel para tratar adequadamente o problema, assegurando um manejo seguro e eficaz.<\/p>\n\n\n\n<h2 class=\"wp-block-heading\">Quais as medidas para prevenir a dor de ouvido?<\/h2>\n\n\n\n<p>Prevenir a dor de ouvido \u00e9 poss\u00edvel com algumas medidas simples. \u00c9 importante evitar introduzir objetos nos canais auditivos, bem como manter os ouvidos secos ap\u00f3s atividades aqu\u00e1ticas. Al\u00e9m disso, manter as vacina\u00e7\u00f5es em dia ajuda a prevenir infec\u00e7\u00f5es respirat\u00f3rias que podem afetar o ouvido m\u00e9dio.<\/p>\n\n\n\n<p>Outro ponto importante \u00e9 tratar adequadamente alergias e resfriados, j\u00e1 que estes podem contribuir para inflama\u00e7\u00f5es que levam \u00e0 dor de ouvido. Compreender as causas e reconhecer os sinais de alerta \u00e9 essencial para uma abordagem eficaz do problema, minimizando riscos e desconfortos. A avalia\u00e7\u00e3o m\u00e9dica especializada \u00e9 crucial sempre que os sintomas persistirem ou se intensificarem.<\/p>\n\n\n<a href=\"https:\/\/www.instagram.com\/dra.annaluisabf\/\" target=\"_blank\" rel=\"noopener\" style=\"text-decoration: none; color: inherit;\">\n    <span style=\"display: inline-block; border: 1px solid #ccc; border-radius: 10px; padding: 15px; max-width: 550px; font-family: sans-serif; box-shadow: 0 2px 5px rgba(0,0,0,0.1); width: 100%;\">\n\n      <!-- T\u00edtulo -->\n      <span style=\"display: block; margin: 0 0 15px 0; font-weight: bold; color: #2c3e50; text-align: center;\">\n        Entre em contato:\n      <\/span>\n\n      <!-- Linha do perfil -->\n      <span style=\"display: flex; align-items: center; gap: 15px;\">\n        <img decoding=\"async\"\n          src=\"https:\/\/www.correiobraziliense.com.br\/cbradar\/wp-content\/uploads\/2025\/08\/dra_anna_luisa.jpeg\"\n          alt=\"Foto da Dra. Anna Lu\u00edsa\"\n          style=\"border-radius: 50%; width: 80px; height: 80px; object-fit: cover;\"\n        \/>\n        <span style=\"display: flex; flex-direction: column;\">\n          <span style=\"font-size: 18px; font-weight: 700; color: #2c3e50;\">Dra. Anna Lu\u00edsa Barbosa Fernandes<\/span>\n          <span style=\"color: #555;\">CRM-GO 33.271<\/span>\n        <\/span>\n      <\/span>\n\n      <!-- Redes -->\n      <span style=\"display: flex; align-items: center; gap: 10px; margin-top: 12px;\">\n        <img decoding=\"async\" src=\"https:\/\/cdn-icons-png.flaticon.com\/24\/1384\/1384063.png\" alt=\"Instagram\" width=\"24\" height=\"24\" \/>\n        <span style=\"text-decoration: underline; color: #2c3e50;\">@dra.annaluisabf<\/span>\n      <\/span>\n\n    <\/span>\n  <\/a>","protected":false},"excerpt":{"rendered":"<p>A Dor de Ouvido \u00e9 um inc\u00f4modo comum que pode afetar pessoas de todas as idades. Este mal-estar pode manifestar-se de forma leve ou se transformar em uma dor intensa, impactando diretamente a qualidade de vida e as atividades di\u00e1rias. \u00c9 frequente que essa condi\u00e7\u00e3o leve indiv\u00edduos, especialmente crian\u00e7as, a buscar atendimento m\u00e9dico. Identificar corretamente [&hellip;]<\/p>\n","protected":false},"author":14,"featured_media":121798,"comment_status":"open","ping_status":"open","sticky":false,"template":"","format":"standard","meta":{"_yoast_wpseo_focuskw":"Dor de Ouvido","_yoast_wpseo_title":"","_yoast_wpseo_metadesc":"Febre, secre\u00e7\u00e3o ou perda auditiva? Esses sinais associados \u00e0 dor de ouvido pedem aten\u00e7\u00e3o. Saiba como agir e quando procurar um especialista","jnews-multi-image_gallery":[],"jnews_single_post":{"format":"standard"},"jnews_primary_category":[],"jnews_social_meta":[],"jnews_override_counter":[],"footnotes":""},"categories":[4404],"tags":[120,247,1318],"class_list":["post-125372","post","type-post","status-publish","format-standard","has-post-thumbnail","hentry","category-saude","tag-bem-estar","tag-qualidade-de-vida","tag-saude-2"],"yoast_head":"<!-- This site is optimized with the Yoast SEO plugin v24.6 - https:\/\/yoast.com\/wordpress\/plugins\/seo\/ -->\n<title>Dor de ouvido em crian\u00e7as preocupa? Saiba o que fazer - Correio Braziliense - Radar<\/title>\n<meta name=\"description\" content=\"Febre, secre\u00e7\u00e3o ou perda auditiva? Esses sinais associados \u00e0 dor de ouvido pedem aten\u00e7\u00e3o. Saiba como agir e quando procurar um especialista\" \/>\n<meta name=\"robots\" content=\"index, follow, max-snippet:-1, max-image-preview:large, max-video-preview:-1\" \/>\n<link rel=\"canonical\" href=\"https:\/\/www.correiobraziliense.com.br\/cbradar\/dor-de-ouvido-em-criancas-preocupa-saiba-o-que-fazer\/\" \/>\n<meta property=\"og:locale\" content=\"pt_BR\" \/>\n<meta property=\"og:type\" content=\"article\" \/>\n<meta property=\"og:title\" content=\"Dor de ouvido em crian\u00e7as preocupa? Saiba o que fazer - Correio Braziliense - Radar\" \/>\n<meta property=\"og:description\" content=\"Febre, secre\u00e7\u00e3o ou perda auditiva? Esses sinais associados \u00e0 dor de ouvido pedem aten\u00e7\u00e3o. Saiba como agir e quando procurar um especialista\" \/>\n<meta property=\"og:url\" content=\"https:\/\/www.correiobraziliense.com.br\/cbradar\/dor-de-ouvido-em-criancas-preocupa-saiba-o-que-fazer\/\" \/>\n<meta property=\"og:site_name\" content=\"Correio Braziliense - Radar\" \/>\n<meta property=\"article:published_time\" content=\"2025-10-26T15:05:00+00:00\" \/>\n<meta property=\"og:image\" content=\"https:\/\/www.correiobraziliense.com.br\/cbradar\/wp-content\/uploads\/2025\/10\/Dor-de-Ouvido_1760824871513.jpg\" \/>\n\t<meta property=\"og:image:width\" content=\"1280\" \/>\n\t<meta property=\"og:image:height\" content=\"720\" \/>\n\t<meta property=\"og:image:type\" content=\"image\/jpeg\" \/>\n<meta name=\"author\" content=\"guilherme_saude\" \/>\n<meta name=\"twitter:card\" content=\"summary_large_image\" \/>\n<meta name=\"twitter:label1\" content=\"Escrito por\" \/>\n\t<meta name=\"twitter:data1\" content=\"guilherme_saude\" \/>\n\t<meta name=\"twitter:label2\" content=\"Est. tempo de leitura\" \/>\n\t<meta name=\"twitter:data2\" content=\"7 minutos\" \/>\n<!-- \/ Yoast SEO plugin. -->","yoast_head_json":{"title":"Dor de ouvido em crian\u00e7as preocupa? Saiba o que fazer - Correio Braziliense - Radar","description":"Febre, secre\u00e7\u00e3o ou perda auditiva? Esses sinais associados \u00e0 dor de ouvido pedem aten\u00e7\u00e3o. Saiba como agir e quando procurar um especialista","robots":{"index":"index","follow":"follow","max-snippet":"max-snippet:-1","max-image-preview":"max-image-preview:large","max-video-preview":"max-video-preview:-1"},"canonical":"https:\/\/www.correiobraziliense.com.br\/cbradar\/dor-de-ouvido-em-criancas-preocupa-saiba-o-que-fazer\/","og_locale":"pt_BR","og_type":"article","og_title":"Dor de ouvido em crian\u00e7as preocupa? Saiba o que fazer - Correio Braziliense - Radar","og_description":"Febre, secre\u00e7\u00e3o ou perda auditiva? Esses sinais associados \u00e0 dor de ouvido pedem aten\u00e7\u00e3o. Saiba como agir e quando procurar um especialista","og_url":"https:\/\/www.correiobraziliense.com.br\/cbradar\/dor-de-ouvido-em-criancas-preocupa-saiba-o-que-fazer\/","og_site_name":"Correio Braziliense - Radar","article_published_time":"2025-10-26T15:05:00+00:00","og_image":[{"width":1280,"height":720,"url":"https:\/\/www.correiobraziliense.com.br\/cbradar\/wp-content\/uploads\/2025\/10\/Dor-de-Ouvido_1760824871513.jpg","type":"image\/jpeg"}],"author":"guilherme_saude","twitter_card":"summary_large_image","twitter_misc":{"Escrito por":"guilherme_saude","Est. tempo de leitura":"7 minutos"},"schema":{"@context":"https:\/\/schema.org","@graph":[{"@type":"WebPage","@id":"https:\/\/www.correiobraziliense.com.br\/cbradar\/dor-de-ouvido-em-criancas-preocupa-saiba-o-que-fazer\/","url":"https:\/\/www.correiobraziliense.com.br\/cbradar\/dor-de-ouvido-em-criancas-preocupa-saiba-o-que-fazer\/","name":"Dor de ouvido em crian\u00e7as preocupa? Saiba o que fazer - Correio Braziliense - Radar","isPartOf":{"@id":"https:\/\/www.correiobraziliense.com.br\/cbradar\/#website"},"primaryImageOfPage":{"@id":"https:\/\/www.correiobraziliense.com.br\/cbradar\/dor-de-ouvido-em-criancas-preocupa-saiba-o-que-fazer\/#primaryimage"},"image":{"@id":"https:\/\/www.correiobraziliense.com.br\/cbradar\/dor-de-ouvido-em-criancas-preocupa-saiba-o-que-fazer\/#primaryimage"},"thumbnailUrl":"https:\/\/www.correiobraziliense.com.br\/cbradar\/wp-content\/uploads\/2025\/10\/Dor-de-Ouvido_1760824871513.jpg","datePublished":"2025-10-26T15:05:00+00:00","author":{"@id":"https:\/\/www.correiobraziliense.com.br\/cbradar\/#\/schema\/person\/5aa4bf3c8fa699c267933611de12978b"},"description":"Febre, secre\u00e7\u00e3o ou perda auditiva? Esses sinais associados \u00e0 dor de ouvido pedem aten\u00e7\u00e3o. Saiba como agir e quando procurar um especialista","breadcrumb":{"@id":"https:\/\/www.correiobraziliense.com.br\/cbradar\/dor-de-ouvido-em-criancas-preocupa-saiba-o-que-fazer\/#breadcrumb"},"inLanguage":"pt-BR","potentialAction":[{"@type":"ReadAction","target":["https:\/\/www.correiobraziliense.com.br\/cbradar\/dor-de-ouvido-em-criancas-preocupa-saiba-o-que-fazer\/"]}]},{"@type":"ImageObject","inLanguage":"pt-BR","@id":"https:\/\/www.correiobraziliense.com.br\/cbradar\/dor-de-ouvido-em-criancas-preocupa-saiba-o-que-fazer\/#primaryimage","url":"https:\/\/www.correiobraziliense.com.br\/cbradar\/wp-content\/uploads\/2025\/10\/Dor-de-Ouvido_1760824871513.jpg","contentUrl":"https:\/\/www.correiobraziliense.com.br\/cbradar\/wp-content\/uploads\/2025\/10\/Dor-de-Ouvido_1760824871513.jpg","width":1280,"height":720,"caption":"Dor de Ouvido - Cr\u00e9ditos: depositphotos.com \/ artem_furman"},{"@type":"BreadcrumbList","@id":"https:\/\/www.correiobraziliense.com.br\/cbradar\/dor-de-ouvido-em-criancas-preocupa-saiba-o-que-fazer\/#breadcrumb","itemListElement":[{"@type":"ListItem","position":1,"name":"In\u00edcio","item":"https:\/\/www.correiobraziliense.com.br\/cbradar\/"},{"@type":"ListItem","position":2,"name":"Dor de ouvido em crian\u00e7as preocupa? Saiba o que fazer"}]},{"@type":"WebSite","@id":"https:\/\/www.correiobraziliense.com.br\/cbradar\/#website","url":"https:\/\/www.correiobraziliense.com.br\/cbradar\/","name":"Correio Braziliense - Radar","description":"Acompanhe as \u00faltimas not\u00edcias e fique bem informado sobre tudo o que acontece no Brasil e no mundo.","potentialAction":[{"@type":"SearchAction","target":{"@type":"EntryPoint","urlTemplate":"https:\/\/www.correiobraziliense.com.br\/cbradar\/?s={search_term_string}"},"query-input":{"@type":"PropertyValueSpecification","valueRequired":true,"valueName":"search_term_string"}}],"inLanguage":"pt-BR"},{"@type":"Person","@id":"https:\/\/www.correiobraziliense.com.br\/cbradar\/#\/schema\/person\/5aa4bf3c8fa699c267933611de12978b","name":"guilherme_saude","image":{"@type":"ImageObject","inLanguage":"pt-BR","@id":"https:\/\/www.correiobraziliense.com.br\/cbradar\/#\/schema\/person\/image\/","url":"https:\/\/secure.gravatar.com\/avatar\/df9adfb835d344bc0af109d41756253f?s=96&d=mm&r=g","contentUrl":"https:\/\/secure.gravatar.com\/avatar\/df9adfb835d344bc0af109d41756253f?s=96&d=mm&r=g","caption":"guilherme_saude"},"url":"https:\/\/www.correiobraziliense.com.br\/cbradar\/author\/guilherme_saude\/"}]}},"_links":{"self":[{"href":"https:\/\/www.correiobraziliense.com.br\/cbradar\/wp-json\/wp\/v2\/posts\/125372","targetHints":{"allow":["GET"]}}],"collection":[{"href":"https:\/\/www.correiobraziliense.com.br\/cbradar\/wp-json\/wp\/v2\/posts"}],"about":[{"href":"https:\/\/www.correiobraziliense.com.br\/cbradar\/wp-json\/wp\/v2\/types\/post"}],"author":[{"embeddable":true,"href":"https:\/\/www.correiobraziliense.com.br\/cbradar\/wp-json\/wp\/v2\/users\/14"}],"replies":[{"embeddable":true,"href":"https:\/\/www.correiobraziliense.com.br\/cbradar\/wp-json\/wp\/v2\/comments?post=125372"}],"version-history":[{"count":1,"href":"https:\/\/www.correiobraziliense.com.br\/cbradar\/wp-json\/wp\/v2\/posts\/125372\/revisions"}],"predecessor-version":[{"id":125378,"href":"https:\/\/www.correiobraziliense.com.br\/cbradar\/wp-json\/wp\/v2\/posts\/125372\/revisions\/125378"}],"wp:featuredmedia":[{"embeddable":true,"href":"https:\/\/www.correiobraziliense.com.br\/cbradar\/wp-json\/wp\/v2\/media\/121798"}],"wp:attachment":[{"href":"https:\/\/www.correiobraziliense.com.br\/cbradar\/wp-json\/wp\/v2\/media?parent=125372"}],"wp:term":[{"taxonomy":"category","embeddable":true,"href":"https:\/\/www.correiobraziliense.com.br\/cbradar\/wp-json\/wp\/v2\/categories?post=125372"},{"taxonomy":"post_tag","embeddable":true,"href":"https:\/\/www.correiobraziliense.com.br\/cbradar\/wp-json\/wp\/v2\/tags?post=125372"}],"curies":[{"name":"wp","href":"https:\/\/api.w.org\/{rel}","templated":true}]}}