{"id":125385,"date":"2025-10-26T13:15:00","date_gmt":"2025-10-26T16:15:00","guid":{"rendered":"https:\/\/www.correiobraziliense.com.br\/cbradar\/?p=125385"},"modified":"2025-10-25T19:53:41","modified_gmt":"2025-10-25T22:53:41","slug":"o-simples-habito-que-pode-prevenir-doencas-cronicas","status":"publish","type":"post","link":"https:\/\/www.correiobraziliense.com.br\/cbradar\/o-simples-habito-que-pode-prevenir-doencas-cronicas\/","title":{"rendered":"O simples h\u00e1bito que pode prevenir doen\u00e7as cr\u00f4nicas"},"content":{"rendered":"\n<p>A import\u00e2ncia de <strong>Cozinhar em Casa<\/strong> frequentemente destaca-se em discuss\u00f5es sobre sa\u00fade e bem-estar, especialmente quando se trata de prevenir doen\u00e7as cr\u00f4nicas. Preparar refei\u00e7\u00f5es caseiras n\u00e3o s\u00f3 permite um maior controle sobre os ingredientes utilizados, mas tamb\u00e9m promove uma alimenta\u00e7\u00e3o balanceada, rica em nutrientes essenciais. Esse tipo de dieta tem sido amplamente associado \u00e0 melhora da sa\u00fade geral e \u00e0 diminui\u00e7\u00e3o do risco de desenvolver diversas condi\u00e7\u00f5es m\u00e9dicas.<\/p>\n\n\n\n<p>Especialistas em nutri\u00e7\u00e3o afirmam que uma dieta caseira baseada em alimentos naturais, como frutas, verduras, legumes, gr\u00e3os integrais e prote\u00ednas magras, desempenha um papel crucial na manuten\u00e7\u00e3o de um peso saud\u00e1vel, na redu\u00e7\u00e3o da press\u00e3o arterial e no controle dos n\u00edveis de glicose no sangue. Al\u00e9m disso, esse padr\u00e3o alimentar fornece uma abund\u00e2ncia de antioxidantes, vitaminas e minerais que auxiliam na prote\u00e7\u00e3o contra os danos dos radicais livres no organismo, potencialmente reduzindo o risco de doen\u00e7as como c\u00e2ncer, condi\u00e7\u00f5es cardiovasculares e desordens metab\u00f3licas.<\/p>\n\n\n\n<h2 class=\"wp-block-heading\">Quais doen\u00e7as podem ser evitadas com uma dieta caseira?<\/h2>\n\n\n\n<p>A alimenta\u00e7\u00e3o desempenha um papel fundamental na preven\u00e7\u00e3o de diversas doen\u00e7as cr\u00f4nicas. Evitar alimentos processados, bem como aqueles ricos em a\u00e7\u00facar, sal e gorduras saturadas, \u00e9 essencial para diminuir a incid\u00eancia dessas condi\u00e7\u00f5es. Segundo especialistas, o consumo regular de alimentos ricos em fibras auxilia no controle dos n\u00edveis de colesterol, enquanto os \u00e1cidos graxos \u00f4mega-3, presentes em peixes gordurosos como o salm\u00e3o, s\u00e3o ben\u00e9ficos na preven\u00e7\u00e3o de doen\u00e7as cerebrovasculares.<\/p>\n\n\n\n<p>Entre as doen\u00e7as que podem ser evitadas com uma dieta saud\u00e1vel est\u00e3o o diabetes tipo 2, as doen\u00e7as card\u00edacas, a hipertens\u00e3o arterial e a obesidade. Controlar a ingest\u00e3o de a\u00e7\u00facares simples e adotar alimentos com baixo \u00edndice glic\u00eamico ajuda a prevenir e controlar o diabetes tipo 2. A redu\u00e7\u00e3o do consumo de gorduras saturadas, colesterol e s\u00f3dio, junto ao aumento da ingest\u00e3o de fibras e alimentos integrais, diminui o risco de doen\u00e7as card\u00edacas. Al\u00e9m disso, n\u00edveis adequados de pot\u00e1ssio e c\u00e1lcio na dieta, acompanhados de um peso saud\u00e1vel, s\u00e3o essenciais para manejar a press\u00e3o arterial.<\/p>\n\n\n<div class=\"wp-block-image\">\n<figure class=\"aligncenter size-large\"><img decoding=\"async\" width=\"1024\" height=\"576\" src=\"https:\/\/www.correiobraziliense.com.br\/cbradar\/wp-content\/uploads\/2025\/10\/cozinhar-em-casa_1761432800615-1024x576.jpg\" alt=\"\" class=\"wp-image-125390\" srcset=\"https:\/\/www.correiobraziliense.com.br\/cbradar\/wp-content\/uploads\/2025\/10\/cozinhar-em-casa_1761432800615-1024x576.jpg 1024w, https:\/\/www.correiobraziliense.com.br\/cbradar\/wp-content\/uploads\/2025\/10\/cozinhar-em-casa_1761432800615-300x169.jpg 300w, https:\/\/www.correiobraziliense.com.br\/cbradar\/wp-content\/uploads\/2025\/10\/cozinhar-em-casa_1761432800615-768x432.jpg 768w, https:\/\/www.correiobraziliense.com.br\/cbradar\/wp-content\/uploads\/2025\/10\/cozinhar-em-casa_1761432800615-750x422.jpg 750w, https:\/\/www.correiobraziliense.com.br\/cbradar\/wp-content\/uploads\/2025\/10\/cozinhar-em-casa_1761432800615-1140x641.jpg 1140w, https:\/\/www.correiobraziliense.com.br\/cbradar\/wp-content\/uploads\/2025\/10\/cozinhar-em-casa_1761432800615.jpg 1280w\" sizes=\"(max-width: 1024px) 100vw, 1024px\" \/><figcaption class=\"wp-element-caption\">Cozinhar em Casa &#8211; Cr\u00e9ditos: depositphotos.com \/ VitalikRadko<\/figcaption><\/figure><\/div>\n\n\n<h2 class=\"wp-block-heading\">O que comp\u00f5e uma refei\u00e7\u00e3o saud\u00e1vel?<\/h2>\n\n\n\n<p>Para evitar doen\u00e7as cr\u00f4nicas, \u00e9 fundamental priorizar alimentos ricos em nutrientes e minimamente processados. A diversidade \u00e9 primordial; assim, um prato colorido tende a ser mais nutritivo. Uma refei\u00e7\u00e3o saud\u00e1vel deve ter uma fonte de prote\u00edna magra, como peixe ou frango, al\u00e9m de uma variedade de vegetais que fornecem fibras, vitaminas e <a href=\"https:\/\/www.correiobraziliense.com.br\/cbradar\/como-o-diabetes-pode-afetar-a-visao-e-causar-cegueira\/\" target=\"_blank\" rel=\"noreferrer noopener\">antioxidantes<\/a>.<\/p>\n\n\n\n<p>\u00c9 aconselh\u00e1vel incluir gr\u00e3os integrais, como arroz integral e quinoa, que s\u00e3o boas fontes de carboidratos complexos. As gorduras saud\u00e1veis, encontradas no azeite de oliva e em oleaginosas, tamb\u00e9m s\u00e3o importantes. A hidrata\u00e7\u00e3o adequada e o consumo de alimentos fermentados, como iogurtes probi\u00f3ticos, incentivam a sa\u00fade intestinal.<\/p>\n\n\n\n<h2 class=\"wp-block-heading\">Como melhorar a rotina alimentar familiar?<\/h2>\n\n\n\n<p>Adotar uma alimenta\u00e7\u00e3o saud\u00e1vel em fam\u00edlia pode ser facilitado por algumas pr\u00e1ticas. Planejar refei\u00e7\u00f5es e fazer listas de compras ajuda a evitar escolhas alimentares inadequadas. Incorporar alimentos sazonais e experimentar novas receitas tamb\u00e9m contribui para uma dieta nutritiva e variada.<\/p>\n\n\n\n<p>Envolver todos os membros da fam\u00edlia na prepara\u00e7\u00e3o das refei\u00e7\u00f5es promove uma atmosfera colaborativa e educacional. Preparar refei\u00e7\u00f5es em grande quantidade e congelar por\u00e7\u00f5es \u00e9 uma estrat\u00e9gia eficiente para economizar tempo. Importante tamb\u00e9m \u00e9 mudar a rela\u00e7\u00e3o com a comida, evitando vilanizar ou superestimar certos alimentos e focando no equil\u00edbrio.<\/p>\n\n\n\n<h2 class=\"wp-block-heading\">Por que priorizar refei\u00e7\u00f5es em fam\u00edlia?<\/h2>\n\n\n\n<p>Compartilhar refei\u00e7\u00f5es em fam\u00edlia n\u00e3o apenas promove uma conex\u00e3o social, mas tamb\u00e9m incentiva h\u00e1bitos alimentares saud\u00e1veis. O ambiente familiar pode ser um \u00f3timo suporte para a introdu\u00e7\u00e3o e manuten\u00e7\u00e3o de h\u00e1bitos alimentares melhores. Come\u00e7ar com pequenas metas, como cozinhar juntos uma vez por semana, pode criar h\u00e1bitos duradouros saud\u00e1veis.<\/p>\n\n\n\n<p>Assim, Cozinhar em Casa n\u00e3o \u00e9 apenas uma forma de nutrir o corpo com alimentos saud\u00e1veis, mas tamb\u00e9m um ato de cuidado e preven\u00e7\u00e3o, promovendo uma vida mais longa e saud\u00e1vel.<\/p>\n\n\n<a href=\"https:\/\/www.instagram.com\/dra.annaluisabf\/\" target=\"_blank\" rel=\"noopener\" style=\"text-decoration: none; color: inherit;\">\n    <span style=\"display: inline-block; border: 1px solid #ccc; border-radius: 10px; padding: 15px; max-width: 550px; font-family: sans-serif; box-shadow: 0 2px 5px rgba(0,0,0,0.1); width: 100%;\">\n\n      <!-- T\u00edtulo -->\n      <span style=\"display: block; margin: 0 0 15px 0; font-weight: bold; color: #2c3e50; text-align: center;\">\n        Entre em contato:\n      <\/span>\n\n      <!-- Linha do perfil -->\n      <span style=\"display: flex; align-items: center; gap: 15px;\">\n        <img decoding=\"async\"\n          src=\"https:\/\/www.correiobraziliense.com.br\/cbradar\/wp-content\/uploads\/2025\/08\/dra_anna_luisa.jpeg\"\n          alt=\"Foto da Dra. Anna Lu\u00edsa\"\n          style=\"border-radius: 50%; width: 80px; height: 80px; object-fit: cover;\"\n        \/>\n        <span style=\"display: flex; flex-direction: column;\">\n          <span style=\"font-size: 18px; font-weight: 700; color: #2c3e50;\">Dra. Anna Lu\u00edsa Barbosa Fernandes<\/span>\n          <span style=\"color: #555;\">CRM-GO 33.271<\/span>\n        <\/span>\n      <\/span>\n\n      <!-- Redes -->\n      <span style=\"display: flex; align-items: center; gap: 10px; margin-top: 12px;\">\n        <img decoding=\"async\" src=\"https:\/\/cdn-icons-png.flaticon.com\/24\/1384\/1384063.png\" alt=\"Instagram\" width=\"24\" height=\"24\" \/>\n        <span style=\"text-decoration: underline; color: #2c3e50;\">@dra.annaluisabf<\/span>\n      <\/span>\n\n    <\/span>\n  <\/a>","protected":false},"excerpt":{"rendered":"<p>A import\u00e2ncia de Cozinhar em Casa frequentemente destaca-se em discuss\u00f5es sobre sa\u00fade e bem-estar, especialmente quando se trata de prevenir doen\u00e7as cr\u00f4nicas. Preparar refei\u00e7\u00f5es caseiras n\u00e3o s\u00f3 permite um maior controle sobre os ingredientes utilizados, mas tamb\u00e9m promove uma alimenta\u00e7\u00e3o balanceada, rica em nutrientes essenciais. Esse tipo de dieta tem sido amplamente associado \u00e0 melhora [&hellip;]<\/p>\n","protected":false},"author":14,"featured_media":125388,"comment_status":"open","ping_status":"open","sticky":false,"template":"","format":"standard","meta":{"_yoast_wpseo_focuskw":"Cozinhar em Casa","_yoast_wpseo_title":"","_yoast_wpseo_metadesc":"Voc\u00ea sabia que cozinhar em casa pode reduzir o risco de doen\u00e7as graves? Veja os benef\u00edcios e como tornar sua rotina alimentar mais saud\u00e1vel","jnews-multi-image_gallery":[],"jnews_single_post":{"format":"standard"},"jnews_primary_category":[],"jnews_social_meta":[],"jnews_override_counter":[],"footnotes":""},"categories":[4404],"tags":[281,1423,120,1318],"class_list":["post-125385","post","type-post","status-publish","format-standard","has-post-thumbnail","hentry","category-saude","tag-alimentacao","tag-alimentos","tag-bem-estar","tag-saude-2"],"yoast_head":"<!-- This site is optimized with the Yoast SEO plugin v24.6 - https:\/\/yoast.com\/wordpress\/plugins\/seo\/ -->\n<title>O simples h\u00e1bito que pode prevenir doen\u00e7as cr\u00f4nicas - Correio Braziliense - Radar<\/title>\n<meta name=\"description\" content=\"Voc\u00ea sabia que cozinhar em casa pode reduzir o risco de doen\u00e7as graves? Veja os benef\u00edcios e como tornar sua rotina alimentar mais saud\u00e1vel\" \/>\n<meta name=\"robots\" content=\"index, follow, max-snippet:-1, max-image-preview:large, max-video-preview:-1\" \/>\n<link rel=\"canonical\" href=\"https:\/\/www.correiobraziliense.com.br\/cbradar\/o-simples-habito-que-pode-prevenir-doencas-cronicas\/\" \/>\n<meta property=\"og:locale\" content=\"pt_BR\" \/>\n<meta property=\"og:type\" content=\"article\" \/>\n<meta property=\"og:title\" content=\"O simples h\u00e1bito que pode prevenir doen\u00e7as cr\u00f4nicas - Correio Braziliense - Radar\" \/>\n<meta property=\"og:description\" content=\"Voc\u00ea sabia que cozinhar em casa pode reduzir o risco de doen\u00e7as graves? Veja os benef\u00edcios e como tornar sua rotina alimentar mais saud\u00e1vel\" \/>\n<meta property=\"og:url\" content=\"https:\/\/www.correiobraziliense.com.br\/cbradar\/o-simples-habito-que-pode-prevenir-doencas-cronicas\/\" \/>\n<meta property=\"og:site_name\" content=\"Correio Braziliense - Radar\" \/>\n<meta property=\"article:published_time\" content=\"2025-10-26T16:15:00+00:00\" \/>\n<meta property=\"og:image\" content=\"https:\/\/www.correiobraziliense.com.br\/cbradar\/wp-content\/uploads\/2025\/10\/cozinhar-em-casa_1761432719107.jpg\" \/>\n\t<meta property=\"og:image:width\" content=\"1280\" \/>\n\t<meta property=\"og:image:height\" content=\"720\" \/>\n\t<meta property=\"og:image:type\" content=\"image\/jpeg\" \/>\n<meta name=\"author\" content=\"guilherme_saude\" \/>\n<meta name=\"twitter:card\" content=\"summary_large_image\" \/>\n<meta name=\"twitter:label1\" content=\"Escrito por\" \/>\n\t<meta name=\"twitter:data1\" content=\"guilherme_saude\" \/>\n\t<meta name=\"twitter:label2\" content=\"Est. tempo de leitura\" \/>\n\t<meta name=\"twitter:data2\" content=\"5 minutos\" \/>\n<!-- \/ Yoast SEO plugin. -->","yoast_head_json":{"title":"O simples h\u00e1bito que pode prevenir doen\u00e7as cr\u00f4nicas - Correio Braziliense - Radar","description":"Voc\u00ea sabia que cozinhar em casa pode reduzir o risco de doen\u00e7as graves? Veja os benef\u00edcios e como tornar sua rotina alimentar mais saud\u00e1vel","robots":{"index":"index","follow":"follow","max-snippet":"max-snippet:-1","max-image-preview":"max-image-preview:large","max-video-preview":"max-video-preview:-1"},"canonical":"https:\/\/www.correiobraziliense.com.br\/cbradar\/o-simples-habito-que-pode-prevenir-doencas-cronicas\/","og_locale":"pt_BR","og_type":"article","og_title":"O simples h\u00e1bito que pode prevenir doen\u00e7as cr\u00f4nicas - Correio Braziliense - Radar","og_description":"Voc\u00ea sabia que cozinhar em casa pode reduzir o risco de doen\u00e7as graves? Veja os benef\u00edcios e como tornar sua rotina alimentar mais saud\u00e1vel","og_url":"https:\/\/www.correiobraziliense.com.br\/cbradar\/o-simples-habito-que-pode-prevenir-doencas-cronicas\/","og_site_name":"Correio Braziliense - Radar","article_published_time":"2025-10-26T16:15:00+00:00","og_image":[{"width":1280,"height":720,"url":"https:\/\/www.correiobraziliense.com.br\/cbradar\/wp-content\/uploads\/2025\/10\/cozinhar-em-casa_1761432719107.jpg","type":"image\/jpeg"}],"author":"guilherme_saude","twitter_card":"summary_large_image","twitter_misc":{"Escrito por":"guilherme_saude","Est. tempo de leitura":"5 minutos"},"schema":{"@context":"https:\/\/schema.org","@graph":[{"@type":"WebPage","@id":"https:\/\/www.correiobraziliense.com.br\/cbradar\/o-simples-habito-que-pode-prevenir-doencas-cronicas\/","url":"https:\/\/www.correiobraziliense.com.br\/cbradar\/o-simples-habito-que-pode-prevenir-doencas-cronicas\/","name":"O simples h\u00e1bito que pode prevenir doen\u00e7as cr\u00f4nicas - Correio Braziliense - Radar","isPartOf":{"@id":"https:\/\/www.correiobraziliense.com.br\/cbradar\/#website"},"primaryImageOfPage":{"@id":"https:\/\/www.correiobraziliense.com.br\/cbradar\/o-simples-habito-que-pode-prevenir-doencas-cronicas\/#primaryimage"},"image":{"@id":"https:\/\/www.correiobraziliense.com.br\/cbradar\/o-simples-habito-que-pode-prevenir-doencas-cronicas\/#primaryimage"},"thumbnailUrl":"https:\/\/www.correiobraziliense.com.br\/cbradar\/wp-content\/uploads\/2025\/10\/cozinhar-em-casa_1761432719107.jpg","datePublished":"2025-10-26T16:15:00+00:00","author":{"@id":"https:\/\/www.correiobraziliense.com.br\/cbradar\/#\/schema\/person\/5aa4bf3c8fa699c267933611de12978b"},"description":"Voc\u00ea sabia que cozinhar em casa pode reduzir o risco de doen\u00e7as graves? Veja os benef\u00edcios e como tornar sua rotina alimentar mais saud\u00e1vel","breadcrumb":{"@id":"https:\/\/www.correiobraziliense.com.br\/cbradar\/o-simples-habito-que-pode-prevenir-doencas-cronicas\/#breadcrumb"},"inLanguage":"pt-BR","potentialAction":[{"@type":"ReadAction","target":["https:\/\/www.correiobraziliense.com.br\/cbradar\/o-simples-habito-que-pode-prevenir-doencas-cronicas\/"]}]},{"@type":"ImageObject","inLanguage":"pt-BR","@id":"https:\/\/www.correiobraziliense.com.br\/cbradar\/o-simples-habito-que-pode-prevenir-doencas-cronicas\/#primaryimage","url":"https:\/\/www.correiobraziliense.com.br\/cbradar\/wp-content\/uploads\/2025\/10\/cozinhar-em-casa_1761432719107.jpg","contentUrl":"https:\/\/www.correiobraziliense.com.br\/cbradar\/wp-content\/uploads\/2025\/10\/cozinhar-em-casa_1761432719107.jpg","width":1280,"height":720,"caption":"Cozinhar em Casa - Cr\u00e9ditos: depositphotos.com \/ IgorVetushko"},{"@type":"BreadcrumbList","@id":"https:\/\/www.correiobraziliense.com.br\/cbradar\/o-simples-habito-que-pode-prevenir-doencas-cronicas\/#breadcrumb","itemListElement":[{"@type":"ListItem","position":1,"name":"In\u00edcio","item":"https:\/\/www.correiobraziliense.com.br\/cbradar\/"},{"@type":"ListItem","position":2,"name":"O simples h\u00e1bito que pode prevenir doen\u00e7as cr\u00f4nicas"}]},{"@type":"WebSite","@id":"https:\/\/www.correiobraziliense.com.br\/cbradar\/#website","url":"https:\/\/www.correiobraziliense.com.br\/cbradar\/","name":"Correio Braziliense - Radar","description":"Acompanhe as \u00faltimas not\u00edcias e fique bem informado sobre tudo o que acontece no Brasil e no mundo.","potentialAction":[{"@type":"SearchAction","target":{"@type":"EntryPoint","urlTemplate":"https:\/\/www.correiobraziliense.com.br\/cbradar\/?s={search_term_string}"},"query-input":{"@type":"PropertyValueSpecification","valueRequired":true,"valueName":"search_term_string"}}],"inLanguage":"pt-BR"},{"@type":"Person","@id":"https:\/\/www.correiobraziliense.com.br\/cbradar\/#\/schema\/person\/5aa4bf3c8fa699c267933611de12978b","name":"guilherme_saude","image":{"@type":"ImageObject","inLanguage":"pt-BR","@id":"https:\/\/www.correiobraziliense.com.br\/cbradar\/#\/schema\/person\/image\/","url":"https:\/\/secure.gravatar.com\/avatar\/df9adfb835d344bc0af109d41756253f?s=96&d=mm&r=g","contentUrl":"https:\/\/secure.gravatar.com\/avatar\/df9adfb835d344bc0af109d41756253f?s=96&d=mm&r=g","caption":"guilherme_saude"},"url":"https:\/\/www.correiobraziliense.com.br\/cbradar\/author\/guilherme_saude\/"}]}},"_links":{"self":[{"href":"https:\/\/www.correiobraziliense.com.br\/cbradar\/wp-json\/wp\/v2\/posts\/125385","targetHints":{"allow":["GET"]}}],"collection":[{"href":"https:\/\/www.correiobraziliense.com.br\/cbradar\/wp-json\/wp\/v2\/posts"}],"about":[{"href":"https:\/\/www.correiobraziliense.com.br\/cbradar\/wp-json\/wp\/v2\/types\/post"}],"author":[{"embeddable":true,"href":"https:\/\/www.correiobraziliense.com.br\/cbradar\/wp-json\/wp\/v2\/users\/14"}],"replies":[{"embeddable":true,"href":"https:\/\/www.correiobraziliense.com.br\/cbradar\/wp-json\/wp\/v2\/comments?post=125385"}],"version-history":[{"count":1,"href":"https:\/\/www.correiobraziliense.com.br\/cbradar\/wp-json\/wp\/v2\/posts\/125385\/revisions"}],"predecessor-version":[{"id":125391,"href":"https:\/\/www.correiobraziliense.com.br\/cbradar\/wp-json\/wp\/v2\/posts\/125385\/revisions\/125391"}],"wp:featuredmedia":[{"embeddable":true,"href":"https:\/\/www.correiobraziliense.com.br\/cbradar\/wp-json\/wp\/v2\/media\/125388"}],"wp:attachment":[{"href":"https:\/\/www.correiobraziliense.com.br\/cbradar\/wp-json\/wp\/v2\/media?parent=125385"}],"wp:term":[{"taxonomy":"category","embeddable":true,"href":"https:\/\/www.correiobraziliense.com.br\/cbradar\/wp-json\/wp\/v2\/categories?post=125385"},{"taxonomy":"post_tag","embeddable":true,"href":"https:\/\/www.correiobraziliense.com.br\/cbradar\/wp-json\/wp\/v2\/tags?post=125385"}],"curies":[{"name":"wp","href":"https:\/\/api.w.org\/{rel}","templated":true}]}}