{"id":125397,"date":"2025-10-27T15:55:01","date_gmt":"2025-10-27T18:55:01","guid":{"rendered":"https:\/\/www.correiobraziliense.com.br\/cbradar\/?p=125397"},"modified":"2025-10-26T19:13:24","modified_gmt":"2025-10-26T22:13:24","slug":"voce-pode-ter-pressao-alta-e-nem-desconfiar-disso","status":"publish","type":"post","link":"https:\/\/www.correiobraziliense.com.br\/cbradar\/voce-pode-ter-pressao-alta-e-nem-desconfiar-disso\/","title":{"rendered":"Voc\u00ea pode ter press\u00e3o alta e nem desconfiar disso"},"content":{"rendered":"\n<p>A <strong>Hipertens\u00e3o Arterial<\/strong>, amplamente conhecida como press\u00e3o alta, \u00e9 uma condi\u00e7\u00e3o m\u00e9dica que imp\u00f5e um desafio silencioso \u00e0 sa\u00fade p\u00fablica. Ela se caracteriza pelo aumento persistente da for\u00e7a que o sangue exerce contra as paredes das art\u00e9rias. Seu impacto se estende a diversos \u00f3rg\u00e3os vitais, como cora\u00e7\u00e3o, c\u00e9rebro e rins, elevando o risco de doen\u00e7as fatais. A aus\u00eancia de sintomas evidentes torna a hipertens\u00e3o uma doen\u00e7a trai\u00e7oeira, muitas vezes ignorada at\u00e9 que se manifestem complica\u00e7\u00f5es graves.<\/p>\n\n\n\n<p>Uma press\u00e3o arterial considerada ideal gira em torno de 120\/80 mmHg. No entanto, valores iguais ou superiores a 140\/90 mmHg s\u00e3o indicativos de hipertens\u00e3o. Al\u00e9m disso, \u00e9 preocupante o fato de que muitos casos permanecem sem diagn\u00f3stico devido \u00e0 falta de sintomas percept\u00edveis. Dados do Minist\u00e9rio da Sa\u00fade revelam que doen\u00e7as decorrentes da hipertens\u00e3o s\u00e3o respons\u00e1veis por uma expressiva parcela de mortes no Brasil. Entre essas, o acidente vascular cerebral (AVC) e o infarto agudo do mioc\u00e1rdio est\u00e3o no topo da lista.<\/p>\n\n\n\n<h2 class=\"wp-block-heading\">Quais s\u00e3o as estrat\u00e9gias eficazes para prevenir a hipertens\u00e3o?<\/h2>\n\n\n\n<p>O cardiologista Dr. Celso Amodeo sugere um conjunto de medidas pr\u00e1ticas para evitar o desenvolvimento da hipertens\u00e3o. Entre as principais recomenda\u00e7\u00f5es est\u00e3o a ado\u00e7\u00e3o de uma dieta equilibrada, com baixa ingest\u00e3o de sal, e a pr\u00e1tica regular de exerc\u00edcios f\u00edsicos. Al\u00e9m disso, abstin\u00eancia do tabaco e modera\u00e7\u00e3o no consumo de \u00e1lcool s\u00e3o cruciais. Dormir bem e com qualidade tamb\u00e9m se mostra essencial na preven\u00e7\u00e3o.<\/p>\n\n\n<div class=\"wp-block-image\">\n<figure class=\"aligncenter size-large\"><img decoding=\"async\" width=\"1024\" height=\"576\" src=\"https:\/\/www.correiobraziliense.com.br\/cbradar\/wp-content\/uploads\/2025\/06\/pressao-alta_1749661668424-1024x576.jpg\" alt=\"\" class=\"wp-image-51983\" srcset=\"https:\/\/www.correiobraziliense.com.br\/cbradar\/wp-content\/uploads\/2025\/06\/pressao-alta_1749661668424-1024x576.jpg 1024w, https:\/\/www.correiobraziliense.com.br\/cbradar\/wp-content\/uploads\/2025\/06\/pressao-alta_1749661668424-300x169.jpg 300w, https:\/\/www.correiobraziliense.com.br\/cbradar\/wp-content\/uploads\/2025\/06\/pressao-alta_1749661668424-768x432.jpg 768w, https:\/\/www.correiobraziliense.com.br\/cbradar\/wp-content\/uploads\/2025\/06\/pressao-alta_1749661668424-750x422.jpg 750w, https:\/\/www.correiobraziliense.com.br\/cbradar\/wp-content\/uploads\/2025\/06\/pressao-alta_1749661668424-1140x641.jpg 1140w, https:\/\/www.correiobraziliense.com.br\/cbradar\/wp-content\/uploads\/2025\/06\/pressao-alta_1749661668424.jpg 1280w\" sizes=\"(max-width: 1024px) 100vw, 1024px\" \/><figcaption class=\"wp-element-caption\">Press\u00e3o alta -Cr\u00e9ditos: depositphotos.com \/ VitalikRadko<\/figcaption><\/figure><\/div>\n\n\n<h2 class=\"wp-block-heading\">Os medicamentos desempenham um papel na preven\u00e7\u00e3o?<\/h2>\n\n\n\n<p>Outro aspecto relevante \u00e9 o uso cuidadoso de medicamentos. Anti-inflamat\u00f3rios n\u00e3o hormonais, por exemplo, devem ser utilizados apenas sob orienta\u00e7\u00e3o m\u00e9dica, devido ao seu potencial em afetar a press\u00e3o arterial. Da mesma forma, a restri\u00e7\u00e3o no uso de p\u00edlulas anticoncepcionais e sprays nasais com vasoconstritores pode ser essencial na preven\u00e7\u00e3o.<\/p>\n\n\n\n<h2 class=\"wp-block-heading\">Import\u00e2ncia do diagn\u00f3stico precoce<\/h2>\n\n\n\n<p>A identifica\u00e7\u00e3o precoce da hipertens\u00e3o \u00e9 chave para prevenir complica\u00e7\u00f5es. Por mais que se adotem todas as medidas preventivas, fatores gen\u00e9ticos e outras condi\u00e7\u00f5es subjacentes podem levar ao desenvolvimento da doen\u00e7a. Por isso, consultas m\u00e9dicas regulares e exames de rotina s\u00e3o essenciais para detectar precocemente qualquer altera\u00e7\u00e3o na press\u00e3o arterial.<\/p>\n\n\n\n<p>Os avan\u00e7os no tratamento da hipertens\u00e3o tamb\u00e9m contribuem significativamente para a melhoria da qualidade de vida dos pacientes. Terapias adaptadas, que muitas vezes envolvem a combina\u00e7\u00e3o de m\u00faltiplos medicamentos, s\u00e3o formuladas para abordar diferentes aspectos da condi\u00e7\u00e3o e, dessa forma, controlar efetivamente os n\u00edveis de press\u00e3o arterial.<\/p>\n\n\n\n<p>Em suma, a preven\u00e7\u00e3o e o monitoramento cont\u00ednuo s\u00e3o os pilares no combate \u00e0 hipertens\u00e3o. O envolvimento ativo em estrat\u00e9gias de sa\u00fade, aliadas a cuidados m\u00e9dicos consistentes, oferecem uma abordagem eficaz para mitigar os riscos associados a esta condi\u00e7\u00e3o de <a href=\"https:\/\/www.correiobraziliense.com.br\/cbradar\/como-o-diabetes-pode-afetar-a-visao-e-causar-cegueira\/\" target=\"_blank\" rel=\"noreferrer noopener\">sa\u00fade <\/a>prevalente.<\/p>\n\n\n<a href=\"https:\/\/www.instagram.com\/dra.annaluisabf\/\" target=\"_blank\" rel=\"noopener\" style=\"text-decoration: none; color: inherit;\">\n    <span style=\"display: inline-block; border: 1px solid #ccc; border-radius: 10px; padding: 15px; max-width: 550px; font-family: sans-serif; box-shadow: 0 2px 5px rgba(0,0,0,0.1); width: 100%;\">\n\n      <!-- T\u00edtulo -->\n      <span style=\"display: block; margin: 0 0 15px 0; font-weight: bold; color: #2c3e50; text-align: center;\">\n        Entre em contato:\n      <\/span>\n\n      <!-- Linha do perfil -->\n      <span style=\"display: flex; align-items: center; gap: 15px;\">\n        <img decoding=\"async\"\n          src=\"https:\/\/www.correiobraziliense.com.br\/cbradar\/wp-content\/uploads\/2025\/08\/dra_anna_luisa.jpeg\"\n          alt=\"Foto da Dra. Anna Lu\u00edsa\"\n          style=\"border-radius: 50%; width: 80px; height: 80px; object-fit: cover;\"\n        \/>\n        <span style=\"display: flex; flex-direction: column;\">\n          <span style=\"font-size: 18px; font-weight: 700; color: #2c3e50;\">Dra. Anna Lu\u00edsa Barbosa Fernandes<\/span>\n          <span style=\"color: #555;\">CRM-GO 33.271<\/span>\n        <\/span>\n      <\/span>\n\n      <!-- Redes -->\n      <span style=\"display: flex; align-items: center; gap: 10px; margin-top: 12px;\">\n        <img decoding=\"async\" src=\"https:\/\/cdn-icons-png.flaticon.com\/24\/1384\/1384063.png\" alt=\"Instagram\" width=\"24\" height=\"24\" \/>\n        <span style=\"text-decoration: underline; color: #2c3e50;\">@dra.annaluisabf<\/span>\n      <\/span>\n\n    <\/span>\n  <\/a>","protected":false},"excerpt":{"rendered":"<p>A Hipertens\u00e3o Arterial, amplamente conhecida como press\u00e3o alta, \u00e9 uma condi\u00e7\u00e3o m\u00e9dica que imp\u00f5e um desafio silencioso \u00e0 sa\u00fade p\u00fablica. Ela se caracteriza pelo aumento persistente da for\u00e7a que o sangue exerce contra as paredes das art\u00e9rias. Seu impacto se estende a diversos \u00f3rg\u00e3os vitais, como cora\u00e7\u00e3o, c\u00e9rebro e rins, elevando o risco de doen\u00e7as [&hellip;]<\/p>\n","protected":false},"author":14,"featured_media":81983,"comment_status":"open","ping_status":"open","sticky":false,"template":"","format":"standard","meta":{"_yoast_wpseo_focuskw":"Hipertens\u00e3o Arterial","_yoast_wpseo_title":"","_yoast_wpseo_metadesc":"","jnews-multi-image_gallery":[],"jnews_single_post":{"format":"standard"},"jnews_primary_category":[],"jnews_social_meta":[],"jnews_override_counter":[],"footnotes":""},"categories":[4404],"post_tag":[120,247,565],"class_list":["post-125397","post","type-post","status-publish","format-standard","has-post-thumbnail","hentry","category-saude","tag-bem-estar","tag-qualidade-de-vida","tag-saude"],"yoast_head":"<!-- This site is optimized with the Yoast SEO plugin v24.6 - https:\/\/yoast.com\/wordpress\/plugins\/seo\/ -->\n<title>Voc\u00ea pode ter press\u00e3o alta e nem desconfiar disso - Correio Braziliense - Radar<\/title>\n<meta name=\"robots\" content=\"index, follow, max-snippet:-1, max-image-preview:large, max-video-preview:-1\" \/>\n<link rel=\"canonical\" href=\"https:\/\/www.correiobraziliense.com.br\/cbradar\/voce-pode-ter-pressao-alta-e-nem-desconfiar-disso\/\" \/>\n<meta property=\"og:locale\" content=\"pt_BR\" \/>\n<meta property=\"og:type\" content=\"article\" \/>\n<meta property=\"og:title\" content=\"Voc\u00ea pode ter press\u00e3o alta e nem desconfiar disso - Correio Braziliense - Radar\" \/>\n<meta property=\"og:description\" content=\"A Hipertens\u00e3o Arterial, amplamente conhecida como press\u00e3o alta, \u00e9 uma condi\u00e7\u00e3o m\u00e9dica que imp\u00f5e um desafio silencioso \u00e0 sa\u00fade p\u00fablica. Ela se caracteriza pelo aumento persistente da for\u00e7a que o sangue exerce contra as paredes das art\u00e9rias. Seu impacto se estende a diversos \u00f3rg\u00e3os vitais, como cora\u00e7\u00e3o, c\u00e9rebro e rins, elevando o risco de doen\u00e7as [&hellip;]\" \/>\n<meta property=\"og:url\" content=\"https:\/\/www.correiobraziliense.com.br\/cbradar\/voce-pode-ter-pressao-alta-e-nem-desconfiar-disso\/\" \/>\n<meta property=\"og:site_name\" content=\"Correio Braziliense - Radar\" \/>\n<meta property=\"article:published_time\" content=\"2025-10-27T18:55:01+00:00\" \/>\n<meta property=\"og:image\" content=\"https:\/\/www.correiobraziliense.com.br\/cbradar\/wp-content\/uploads\/2025\/08\/Pressao-arterial_1754503683751.jpg\" \/>\n\t<meta property=\"og:image:width\" content=\"1280\" \/>\n\t<meta property=\"og:image:height\" content=\"720\" \/>\n\t<meta property=\"og:image:type\" content=\"image\/jpeg\" \/>\n<meta name=\"author\" content=\"guilherme_saude\" \/>\n<meta name=\"twitter:card\" content=\"summary_large_image\" \/>\n<meta name=\"twitter:label1\" content=\"Escrito por\" \/>\n\t<meta name=\"twitter:data1\" content=\"guilherme_saude\" \/>\n\t<meta name=\"twitter:label2\" content=\"Est. tempo de leitura\" \/>\n\t<meta name=\"twitter:data2\" content=\"4 minutos\" \/>\n<!-- \/ Yoast SEO plugin. -->","yoast_head_json":{"title":"Voc\u00ea pode ter press\u00e3o alta e nem desconfiar disso - Correio Braziliense - Radar","robots":{"index":"index","follow":"follow","max-snippet":"max-snippet:-1","max-image-preview":"max-image-preview:large","max-video-preview":"max-video-preview:-1"},"canonical":"https:\/\/www.correiobraziliense.com.br\/cbradar\/voce-pode-ter-pressao-alta-e-nem-desconfiar-disso\/","og_locale":"pt_BR","og_type":"article","og_title":"Voc\u00ea pode ter press\u00e3o alta e nem desconfiar disso - Correio Braziliense - Radar","og_description":"A Hipertens\u00e3o Arterial, amplamente conhecida como press\u00e3o alta, \u00e9 uma condi\u00e7\u00e3o m\u00e9dica que imp\u00f5e um desafio silencioso \u00e0 sa\u00fade p\u00fablica. Ela se caracteriza pelo aumento persistente da for\u00e7a que o sangue exerce contra as paredes das art\u00e9rias. Seu impacto se estende a diversos \u00f3rg\u00e3os vitais, como cora\u00e7\u00e3o, c\u00e9rebro e rins, elevando o risco de doen\u00e7as [&hellip;]","og_url":"https:\/\/www.correiobraziliense.com.br\/cbradar\/voce-pode-ter-pressao-alta-e-nem-desconfiar-disso\/","og_site_name":"Correio Braziliense - Radar","article_published_time":"2025-10-27T18:55:01+00:00","og_image":[{"width":1280,"height":720,"url":"https:\/\/www.correiobraziliense.com.br\/cbradar\/wp-content\/uploads\/2025\/08\/Pressao-arterial_1754503683751.jpg","type":"image\/jpeg"}],"author":"guilherme_saude","twitter_card":"summary_large_image","twitter_misc":{"Escrito por":"guilherme_saude","Est. tempo de leitura":"4 minutos"},"schema":{"@context":"https:\/\/schema.org","@graph":[{"@type":"WebPage","@id":"https:\/\/www.correiobraziliense.com.br\/cbradar\/voce-pode-ter-pressao-alta-e-nem-desconfiar-disso\/","url":"https:\/\/www.correiobraziliense.com.br\/cbradar\/voce-pode-ter-pressao-alta-e-nem-desconfiar-disso\/","name":"Voc\u00ea pode ter press\u00e3o alta e nem desconfiar disso - Correio Braziliense - Radar","isPartOf":{"@id":"https:\/\/www.correiobraziliense.com.br\/cbradar\/#website"},"primaryImageOfPage":{"@id":"https:\/\/www.correiobraziliense.com.br\/cbradar\/voce-pode-ter-pressao-alta-e-nem-desconfiar-disso\/#primaryimage"},"image":{"@id":"https:\/\/www.correiobraziliense.com.br\/cbradar\/voce-pode-ter-pressao-alta-e-nem-desconfiar-disso\/#primaryimage"},"thumbnailUrl":"https:\/\/www.correiobraziliense.com.br\/cbradar\/wp-content\/uploads\/2025\/08\/Pressao-arterial_1754503683751.jpg","datePublished":"2025-10-27T18:55:01+00:00","author":{"@id":"https:\/\/www.correiobraziliense.com.br\/cbradar\/#\/schema\/person\/5aa4bf3c8fa699c267933611de12978b"},"breadcrumb":{"@id":"https:\/\/www.correiobraziliense.com.br\/cbradar\/voce-pode-ter-pressao-alta-e-nem-desconfiar-disso\/#breadcrumb"},"inLanguage":"pt-BR","potentialAction":[{"@type":"ReadAction","target":["https:\/\/www.correiobraziliense.com.br\/cbradar\/voce-pode-ter-pressao-alta-e-nem-desconfiar-disso\/"]}]},{"@type":"ImageObject","inLanguage":"pt-BR","@id":"https:\/\/www.correiobraziliense.com.br\/cbradar\/voce-pode-ter-pressao-alta-e-nem-desconfiar-disso\/#primaryimage","url":"https:\/\/www.correiobraziliense.com.br\/cbradar\/wp-content\/uploads\/2025\/08\/Pressao-arterial_1754503683751.jpg","contentUrl":"https:\/\/www.correiobraziliense.com.br\/cbradar\/wp-content\/uploads\/2025\/08\/Pressao-arterial_1754503683751.jpg","width":1280,"height":720,"caption":"Press\u00e3o arterial - Cr\u00e9ditos: depositphotos.com \/ VitalikRadko"},{"@type":"BreadcrumbList","@id":"https:\/\/www.correiobraziliense.com.br\/cbradar\/voce-pode-ter-pressao-alta-e-nem-desconfiar-disso\/#breadcrumb","itemListElement":[{"@type":"ListItem","position":1,"name":"In\u00edcio","item":"https:\/\/www.correiobraziliense.com.br\/cbradar\/"},{"@type":"ListItem","position":2,"name":"Voc\u00ea pode ter press\u00e3o alta e nem desconfiar disso"}]},{"@type":"WebSite","@id":"https:\/\/www.correiobraziliense.com.br\/cbradar\/#website","url":"https:\/\/www.correiobraziliense.com.br\/cbradar\/","name":"Correio Braziliense - Radar","description":"Acompanhe as \u00faltimas not\u00edcias e fique bem informado sobre tudo o que acontece no Brasil e no mundo.","potentialAction":[{"@type":"SearchAction","target":{"@type":"EntryPoint","urlTemplate":"https:\/\/www.correiobraziliense.com.br\/cbradar\/?s={search_term_string}"},"query-input":{"@type":"PropertyValueSpecification","valueRequired":true,"valueName":"search_term_string"}}],"inLanguage":"pt-BR"},{"@type":"Person","@id":"https:\/\/www.correiobraziliense.com.br\/cbradar\/#\/schema\/person\/5aa4bf3c8fa699c267933611de12978b","name":"guilherme_saude","image":{"@type":"ImageObject","inLanguage":"pt-BR","@id":"https:\/\/www.correiobraziliense.com.br\/cbradar\/#\/schema\/person\/image\/","url":"https:\/\/secure.gravatar.com\/avatar\/df9adfb835d344bc0af109d41756253f?s=96&d=mm&r=g","contentUrl":"https:\/\/secure.gravatar.com\/avatar\/df9adfb835d344bc0af109d41756253f?s=96&d=mm&r=g","caption":"guilherme_saude"},"url":"https:\/\/www.correiobraziliense.com.br\/cbradar\/author\/guilherme_saude\/"}]}},"_links":{"self":[{"href":"https:\/\/www.correiobraziliense.com.br\/cbradar\/wp-json\/wp\/v2\/posts\/125397","targetHints":{"allow":["GET"]}}],"collection":[{"href":"https:\/\/www.correiobraziliense.com.br\/cbradar\/wp-json\/wp\/v2\/posts"}],"about":[{"href":"https:\/\/www.correiobraziliense.com.br\/cbradar\/wp-json\/wp\/v2\/types\/post"}],"author":[{"embeddable":true,"href":"https:\/\/www.correiobraziliense.com.br\/cbradar\/wp-json\/wp\/v2\/users\/14"}],"replies":[{"embeddable":true,"href":"https:\/\/www.correiobraziliense.com.br\/cbradar\/wp-json\/wp\/v2\/comments?post=125397"}],"version-history":[{"count":1,"href":"https:\/\/www.correiobraziliense.com.br\/cbradar\/wp-json\/wp\/v2\/posts\/125397\/revisions"}],"predecessor-version":[{"id":125402,"href":"https:\/\/www.correiobraziliense.com.br\/cbradar\/wp-json\/wp\/v2\/posts\/125397\/revisions\/125402"}],"wp:featuredmedia":[{"embeddable":true,"href":"https:\/\/www.correiobraziliense.com.br\/cbradar\/wp-json\/wp\/v2\/media\/81983"}],"wp:attachment":[{"href":"https:\/\/www.correiobraziliense.com.br\/cbradar\/wp-json\/wp\/v2\/media?parent=125397"}],"wp:term":[{"taxonomy":"category","embeddable":true,"href":"https:\/\/www.correiobraziliense.com.br\/cbradar\/wp-json\/wp\/v2\/categories?post=125397"},{"taxonomy":"post_tag","embeddable":true,"href":"https:\/\/www.correiobraziliense.com.br\/cbradar\/wp-json\/wp\/v2\/post_tag?post=125397"}],"curies":[{"name":"wp","href":"https:\/\/api.w.org\/{rel}","templated":true}]}}