{"id":125414,"date":"2025-10-27T21:45:00","date_gmt":"2025-10-28T00:45:00","guid":{"rendered":"https:\/\/www.correiobraziliense.com.br\/cbradar\/?p=125414"},"modified":"2025-10-26T19:08:17","modified_gmt":"2025-10-26T22:08:17","slug":"sinais-na-boca-que-podem-indicar-doencas-graves","status":"publish","type":"post","link":"https:\/\/www.correiobraziliense.com.br\/cbradar\/sinais-na-boca-que-podem-indicar-doencas-graves\/","title":{"rendered":"Sinais na boca que podem indicar doen\u00e7as graves"},"content":{"rendered":"\n<p>A boca desempenha um papel fundamental na sa\u00fade geral do corpo humano, sendo muitas vezes um reflexo do estado interno do organismo. Altera\u00e7\u00f5es nos dentes, gengivas e mucosas podem indicar problemas sist\u00eamicos, como diabetes e doen\u00e7as card\u00edacas. A <strong>Sa\u00fade Bucal<\/strong>, al\u00e9m de suas fun\u00e7\u00f5es prim\u00e1rias, pode ser um indicador precoce de diversas condi\u00e7\u00f5es cr\u00f4nicas.<\/p>\n\n\n\n<p>De acordo com a Organiza\u00e7\u00e3o Mundial da Sa\u00fade (OMS), uma quantidade significativa da popula\u00e7\u00e3o global enfrenta desafios relacionados \u00e0 Sa\u00fade Bucal. Destes, a c\u00e1rie dental \u00e9 um dos mais comuns. No Brasil, dados revelam que a perda dent\u00e1ria \u00e9 um problema prevalente entre adultos e idosos, com um n\u00famero consider\u00e1vel de pessoas necessitando de pr\u00f3teses dent\u00e1rias.<\/p>\n\n\n\n<h2 class=\"wp-block-heading\">Quais doen\u00e7as sist\u00eamicas podem ser detectadas pela Sa\u00fade Bucal?<\/h2>\n\n\n\n<p>A Sa\u00fade Bucal pode, muitas vezes, dar os primeiros sinais de doen\u00e7as sist\u00eamicas. Pacientes com diabetes, por exemplo, s\u00e3o mais suscet\u00edveis a inflama\u00e7\u00f5es gengivais devido ao comprometimento da imunidade causado pela glicose elevada. Isso n\u00e3o s\u00f3 aumenta o risco de infec\u00e7\u00f5es bucais, mas tamb\u00e9m dificulta a cicatriza\u00e7\u00e3o p\u00f3s-cir\u00fargica.<\/p>\n\n\n\n<p>Problemas cardiovasculares tamb\u00e9m podem ser associados a sintomas na boca. O sangramento gengival e o incha\u00e7o podem ser consequ\u00eancias diretas ou indiretas dos medicamentos utilizados ou, em alguns casos, agravar quadros de endocardite. J\u00e1 em casos de anemia, mudan\u00e7as como palidez na mucosa bucal e a presen\u00e7a de aftas frequentes s\u00e3o indicadores comuns.<\/p>\n\n\n\n<h2 class=\"wp-block-heading\">Como o estilo de vida impacta a Sa\u00fade Bucal?<\/h2>\n\n\n\n<p>Falando em estilo de vida, a alimenta\u00e7\u00e3o desempenha um papel crucial na sa\u00fade dos dentes e gengivas. O consumo excessivo de alimentos a\u00e7ucarados e refrigerantes alimenta a prolifera\u00e7\u00e3o de bact\u00e9rias que corroem o esmalte dental. Uma dieta equilibrada, rica em frutas, verduras e prote\u00ednas, contribui significativamente para a manuten\u00e7\u00e3o da Sa\u00fade Bucal.<\/p>\n\n\n\n<p>O tabagismo \u00e9 outro fator prejudicial, afetando diretamente a oxigena\u00e7\u00e3o dos tecidos e retardando a cicatriza\u00e7\u00e3o. Al\u00e9m disso, o h\u00e1bito de fumar est\u00e1 associado a um aumento no risco de c\u00e2ncer bucal. A qualidade do sono tamb\u00e9m n\u00e3o deve ser ignorada, pois um sono inadequado pode enfraquecer o sistema imunol\u00f3gico, facilitando a ocorr\u00eancia de infec\u00e7\u00f5es bucais.<\/p>\n\n\n\n<h2 class=\"wp-block-heading\">Por que \u00e9 essencial a consulta regular ao dentista?<\/h2>\n\n\n\n<p>Consultas regulares ao dentista s\u00e3o fundamentais para a preven\u00e7\u00e3o e diagn\u00f3stico precoce de doen\u00e7as bucais e sist\u00eamicas. Infelizmente, muitas pessoas s\u00f3 procuram assist\u00eancia odontol\u00f3gica em casos de dor. No entanto, exames peri\u00f3dicos permitem a detec\u00e7\u00e3o antecipada de c\u00e1ries, inflama\u00e7\u00f5es e at\u00e9 mesmo les\u00f5es que podem evoluir para condi\u00e7\u00f5es mais graves, como o c\u00e2ncer oral.<\/p>\n\n\n<div class=\"wp-block-image\">\n<figure class=\"aligncenter size-large\"><img decoding=\"async\" width=\"1024\" height=\"576\" src=\"https:\/\/www.correiobraziliense.com.br\/cbradar\/wp-content\/uploads\/2025\/10\/dentista_1760362788943-1024x576.jpg\" alt=\"\" class=\"wp-image-118582\" srcset=\"https:\/\/www.correiobraziliense.com.br\/cbradar\/wp-content\/uploads\/2025\/10\/dentista_1760362788943-1024x576.jpg 1024w, https:\/\/www.correiobraziliense.com.br\/cbradar\/wp-content\/uploads\/2025\/10\/dentista_1760362788943-300x169.jpg 300w, https:\/\/www.correiobraziliense.com.br\/cbradar\/wp-content\/uploads\/2025\/10\/dentista_1760362788943-768x432.jpg 768w, https:\/\/www.correiobraziliense.com.br\/cbradar\/wp-content\/uploads\/2025\/10\/dentista_1760362788943-750x422.jpg 750w, https:\/\/www.correiobraziliense.com.br\/cbradar\/wp-content\/uploads\/2025\/10\/dentista_1760362788943-1140x641.jpg 1140w, https:\/\/www.correiobraziliense.com.br\/cbradar\/wp-content\/uploads\/2025\/10\/dentista_1760362788943.jpg 1280w\" sizes=\"(max-width: 1024px) 100vw, 1024px\" \/><figcaption class=\"wp-element-caption\">dentista &#8211; Cr\u00e9ditos: depositphotos.com \/ Milkos<\/figcaption><\/figure><\/div>\n\n\n<p>Al\u00e9m disso, uma boa higiene bucal, que inclui escova\u00e7\u00e3o adequada, uso de fio dental e controle no consumo de a\u00e7\u00facar, contribui para a sa\u00fade integral do organismo. Os profissionais de odontologia est\u00e3o preparados para identificar e encaminhar pacientes para uma avalia\u00e7\u00e3o m\u00e9dica quando necess\u00e1rio, garantindo um tratamento abrangente e integrado.<\/p>\n\n\n\n<h2 class=\"wp-block-heading\">Quais s\u00e3o os cuidados b\u00e1sicos para uma boa Sa\u00fade Bucal?<\/h2>\n\n\n\n<p>Manter uma rotina de cuidados bucais \u00e9 crucial para prevenir doen\u00e7as e garantir uma melhor qualidade de vida. As receitas para um sorriso saud\u00e1vel incluem n\u00e3o apenas escovar os dentes ap\u00f3s as refei\u00e7\u00f5es e usar fio dental regularmente, mas tamb\u00e9m prestar aten\u00e7\u00e3o \u00e0s mudan\u00e7as nos h\u00e1bitos di\u00e1rios. O consumo consciente de alimentos, evitar o tabagismo e garantir uma boa noite de sono s\u00e3o pr\u00e1ticas que, quando aliadas aos cuidados odontol\u00f3gicos, promovem uma Sa\u00fade Bucal e sist\u00eamica s\u00f3lidas.<\/p>\n\n\n\n<p>Em resumo, a boca \u00e9 um portal para a sa\u00fade do corpo inteiro. Um cuidado atento e regular n\u00e3o s\u00f3 previne doen\u00e7as relacionadas aos dentes e gengivas, mas tamb\u00e9m contribui significativamente para o bem-estar geral e a qualidade de vida dos indiv\u00edduos.<\/p>\n\n\n<a href=\"https:\/\/www.instagram.com\/dra.annaluisabf\/\" target=\"_blank\" rel=\"noopener\" style=\"text-decoration: none; color: inherit;\">\n    <span style=\"display: inline-block; border: 1px solid #ccc; border-radius: 10px; padding: 15px; max-width: 550px; font-family: sans-serif; box-shadow: 0 2px 5px rgba(0,0,0,0.1); width: 100%;\">\n\n      <!-- T\u00edtulo -->\n      <span style=\"display: block; margin: 0 0 15px 0; font-weight: bold; color: #2c3e50; text-align: center;\">\n        Entre em contato:\n      <\/span>\n\n      <!-- Linha do perfil -->\n      <span style=\"display: flex; align-items: center; gap: 15px;\">\n        <img decoding=\"async\"\n          src=\"https:\/\/www.correiobraziliense.com.br\/cbradar\/wp-content\/uploads\/2025\/08\/dra_anna_luisa.jpeg\"\n          alt=\"Foto da Dra. Anna Lu\u00edsa\"\n          style=\"border-radius: 50%; width: 80px; height: 80px; object-fit: cover;\"\n        \/>\n        <span style=\"display: flex; flex-direction: column;\">\n          <span style=\"font-size: 18px; font-weight: 700; color: #2c3e50;\">Dra. Anna Lu\u00edsa Barbosa Fernandes<\/span>\n          <span style=\"color: #555;\">CRM-GO 33.271<\/span>\n        <\/span>\n      <\/span>\n\n      <!-- Redes -->\n      <span style=\"display: flex; align-items: center; gap: 10px; margin-top: 12px;\">\n        <img decoding=\"async\" src=\"https:\/\/cdn-icons-png.flaticon.com\/24\/1384\/1384063.png\" alt=\"Instagram\" width=\"24\" height=\"24\" \/>\n        <span style=\"text-decoration: underline; color: #2c3e50;\">@dra.annaluisabf<\/span>\n      <\/span>\n\n    <\/span>\n  <\/a>","protected":false},"excerpt":{"rendered":"<p>A boca desempenha um papel fundamental na sa\u00fade geral do corpo humano, sendo muitas vezes um reflexo do estado interno do organismo. Altera\u00e7\u00f5es nos dentes, gengivas e mucosas podem indicar problemas sist\u00eamicos, como diabetes e doen\u00e7as card\u00edacas. A Sa\u00fade Bucal, al\u00e9m de suas fun\u00e7\u00f5es prim\u00e1rias, pode ser um indicador precoce de diversas condi\u00e7\u00f5es cr\u00f4nicas. De [&hellip;]<\/p>\n","protected":false},"author":14,"featured_media":108554,"comment_status":"open","ping_status":"open","sticky":false,"template":"","format":"standard","meta":{"_yoast_wpseo_focuskw":"Sa\u00fade Bucal","_yoast_wpseo_title":"","_yoast_wpseo_metadesc":"Gengivas sangrando, aftas e perda de dentes podem indicar algo mais s\u00e9rio. Veja como a sa\u00fade bucal reflete o estado do seu organismo","jnews-multi-image_gallery":[],"jnews_single_post":{"format":"standard"},"jnews_primary_category":[],"jnews_social_meta":[],"jnews_override_counter":[],"footnotes":""},"categories":[4404],"post_tag":[120,247,565],"class_list":["post-125414","post","type-post","status-publish","format-standard","has-post-thumbnail","hentry","category-saude","tag-bem-estar","tag-qualidade-de-vida","tag-saude"],"yoast_head":"<!-- This site is optimized with the Yoast SEO plugin v24.6 - https:\/\/yoast.com\/wordpress\/plugins\/seo\/ -->\n<title>Sinais na boca que podem indicar doen\u00e7as graves - Correio Braziliense - Radar<\/title>\n<meta name=\"description\" content=\"Gengivas sangrando, aftas e perda de dentes podem indicar algo mais s\u00e9rio. Veja como a sa\u00fade bucal reflete o estado do seu organismo\" \/>\n<meta name=\"robots\" content=\"index, follow, max-snippet:-1, max-image-preview:large, max-video-preview:-1\" \/>\n<link rel=\"canonical\" href=\"https:\/\/www.correiobraziliense.com.br\/cbradar\/sinais-na-boca-que-podem-indicar-doencas-graves\/\" \/>\n<meta property=\"og:locale\" content=\"pt_BR\" \/>\n<meta property=\"og:type\" content=\"article\" \/>\n<meta property=\"og:title\" content=\"Sinais na boca que podem indicar doen\u00e7as graves - Correio Braziliense - Radar\" \/>\n<meta property=\"og:description\" content=\"Gengivas sangrando, aftas e perda de dentes podem indicar algo mais s\u00e9rio. Veja como a sa\u00fade bucal reflete o estado do seu organismo\" \/>\n<meta property=\"og:url\" content=\"https:\/\/www.correiobraziliense.com.br\/cbradar\/sinais-na-boca-que-podem-indicar-doencas-graves\/\" \/>\n<meta property=\"og:site_name\" content=\"Correio Braziliense - Radar\" \/>\n<meta property=\"article:published_time\" content=\"2025-10-28T00:45:00+00:00\" \/>\n<meta property=\"og:image\" content=\"https:\/\/www.correiobraziliense.com.br\/cbradar\/wp-content\/uploads\/2025\/09\/Bacteria-boca_1758655358099.jpg\" \/>\n\t<meta property=\"og:image:width\" content=\"1280\" \/>\n\t<meta property=\"og:image:height\" content=\"720\" \/>\n\t<meta property=\"og:image:type\" content=\"image\/jpeg\" \/>\n<meta name=\"author\" content=\"guilherme_saude\" \/>\n<meta name=\"twitter:card\" content=\"summary_large_image\" \/>\n<meta name=\"twitter:label1\" content=\"Escrito por\" \/>\n\t<meta name=\"twitter:data1\" content=\"guilherme_saude\" \/>\n\t<meta name=\"twitter:label2\" content=\"Est. tempo de leitura\" \/>\n\t<meta name=\"twitter:data2\" content=\"5 minutos\" \/>\n<!-- \/ Yoast SEO plugin. -->","yoast_head_json":{"title":"Sinais na boca que podem indicar doen\u00e7as graves - Correio Braziliense - Radar","description":"Gengivas sangrando, aftas e perda de dentes podem indicar algo mais s\u00e9rio. Veja como a sa\u00fade bucal reflete o estado do seu organismo","robots":{"index":"index","follow":"follow","max-snippet":"max-snippet:-1","max-image-preview":"max-image-preview:large","max-video-preview":"max-video-preview:-1"},"canonical":"https:\/\/www.correiobraziliense.com.br\/cbradar\/sinais-na-boca-que-podem-indicar-doencas-graves\/","og_locale":"pt_BR","og_type":"article","og_title":"Sinais na boca que podem indicar doen\u00e7as graves - Correio Braziliense - Radar","og_description":"Gengivas sangrando, aftas e perda de dentes podem indicar algo mais s\u00e9rio. Veja como a sa\u00fade bucal reflete o estado do seu organismo","og_url":"https:\/\/www.correiobraziliense.com.br\/cbradar\/sinais-na-boca-que-podem-indicar-doencas-graves\/","og_site_name":"Correio Braziliense - Radar","article_published_time":"2025-10-28T00:45:00+00:00","og_image":[{"width":1280,"height":720,"url":"https:\/\/www.correiobraziliense.com.br\/cbradar\/wp-content\/uploads\/2025\/09\/Bacteria-boca_1758655358099.jpg","type":"image\/jpeg"}],"author":"guilherme_saude","twitter_card":"summary_large_image","twitter_misc":{"Escrito por":"guilherme_saude","Est. tempo de leitura":"5 minutos"},"schema":{"@context":"https:\/\/schema.org","@graph":[{"@type":"WebPage","@id":"https:\/\/www.correiobraziliense.com.br\/cbradar\/sinais-na-boca-que-podem-indicar-doencas-graves\/","url":"https:\/\/www.correiobraziliense.com.br\/cbradar\/sinais-na-boca-que-podem-indicar-doencas-graves\/","name":"Sinais na boca que podem indicar doen\u00e7as graves - Correio Braziliense - Radar","isPartOf":{"@id":"https:\/\/www.correiobraziliense.com.br\/cbradar\/#website"},"primaryImageOfPage":{"@id":"https:\/\/www.correiobraziliense.com.br\/cbradar\/sinais-na-boca-que-podem-indicar-doencas-graves\/#primaryimage"},"image":{"@id":"https:\/\/www.correiobraziliense.com.br\/cbradar\/sinais-na-boca-que-podem-indicar-doencas-graves\/#primaryimage"},"thumbnailUrl":"https:\/\/www.correiobraziliense.com.br\/cbradar\/wp-content\/uploads\/2025\/09\/Bacteria-boca_1758655358099.jpg","datePublished":"2025-10-28T00:45:00+00:00","author":{"@id":"https:\/\/www.correiobraziliense.com.br\/cbradar\/#\/schema\/person\/5aa4bf3c8fa699c267933611de12978b"},"description":"Gengivas sangrando, aftas e perda de dentes podem indicar algo mais s\u00e9rio. Veja como a sa\u00fade bucal reflete o estado do seu organismo","breadcrumb":{"@id":"https:\/\/www.correiobraziliense.com.br\/cbradar\/sinais-na-boca-que-podem-indicar-doencas-graves\/#breadcrumb"},"inLanguage":"pt-BR","potentialAction":[{"@type":"ReadAction","target":["https:\/\/www.correiobraziliense.com.br\/cbradar\/sinais-na-boca-que-podem-indicar-doencas-graves\/"]}]},{"@type":"ImageObject","inLanguage":"pt-BR","@id":"https:\/\/www.correiobraziliense.com.br\/cbradar\/sinais-na-boca-que-podem-indicar-doencas-graves\/#primaryimage","url":"https:\/\/www.correiobraziliense.com.br\/cbradar\/wp-content\/uploads\/2025\/09\/Bacteria-boca_1758655358099.jpg","contentUrl":"https:\/\/www.correiobraziliense.com.br\/cbradar\/wp-content\/uploads\/2025\/09\/Bacteria-boca_1758655358099.jpg","width":1280,"height":720,"caption":"Bact\u00e9rias na Boca - Cr\u00e9ditos: depositphotos.com \/ ezumeimages"},{"@type":"BreadcrumbList","@id":"https:\/\/www.correiobraziliense.com.br\/cbradar\/sinais-na-boca-que-podem-indicar-doencas-graves\/#breadcrumb","itemListElement":[{"@type":"ListItem","position":1,"name":"In\u00edcio","item":"https:\/\/www.correiobraziliense.com.br\/cbradar\/"},{"@type":"ListItem","position":2,"name":"Sinais na boca que podem indicar doen\u00e7as graves"}]},{"@type":"WebSite","@id":"https:\/\/www.correiobraziliense.com.br\/cbradar\/#website","url":"https:\/\/www.correiobraziliense.com.br\/cbradar\/","name":"Correio Braziliense - Radar","description":"Acompanhe as \u00faltimas not\u00edcias e fique bem informado sobre tudo o que acontece no Brasil e no mundo.","potentialAction":[{"@type":"SearchAction","target":{"@type":"EntryPoint","urlTemplate":"https:\/\/www.correiobraziliense.com.br\/cbradar\/?s={search_term_string}"},"query-input":{"@type":"PropertyValueSpecification","valueRequired":true,"valueName":"search_term_string"}}],"inLanguage":"pt-BR"},{"@type":"Person","@id":"https:\/\/www.correiobraziliense.com.br\/cbradar\/#\/schema\/person\/5aa4bf3c8fa699c267933611de12978b","name":"guilherme_saude","image":{"@type":"ImageObject","inLanguage":"pt-BR","@id":"https:\/\/www.correiobraziliense.com.br\/cbradar\/#\/schema\/person\/image\/","url":"https:\/\/secure.gravatar.com\/avatar\/df9adfb835d344bc0af109d41756253f?s=96&d=mm&r=g","contentUrl":"https:\/\/secure.gravatar.com\/avatar\/df9adfb835d344bc0af109d41756253f?s=96&d=mm&r=g","caption":"guilherme_saude"},"url":"https:\/\/www.correiobraziliense.com.br\/cbradar\/author\/guilherme_saude\/"}]}},"_links":{"self":[{"href":"https:\/\/www.correiobraziliense.com.br\/cbradar\/wp-json\/wp\/v2\/posts\/125414","targetHints":{"allow":["GET"]}}],"collection":[{"href":"https:\/\/www.correiobraziliense.com.br\/cbradar\/wp-json\/wp\/v2\/posts"}],"about":[{"href":"https:\/\/www.correiobraziliense.com.br\/cbradar\/wp-json\/wp\/v2\/types\/post"}],"author":[{"embeddable":true,"href":"https:\/\/www.correiobraziliense.com.br\/cbradar\/wp-json\/wp\/v2\/users\/14"}],"replies":[{"embeddable":true,"href":"https:\/\/www.correiobraziliense.com.br\/cbradar\/wp-json\/wp\/v2\/comments?post=125414"}],"version-history":[{"count":1,"href":"https:\/\/www.correiobraziliense.com.br\/cbradar\/wp-json\/wp\/v2\/posts\/125414\/revisions"}],"predecessor-version":[{"id":125415,"href":"https:\/\/www.correiobraziliense.com.br\/cbradar\/wp-json\/wp\/v2\/posts\/125414\/revisions\/125415"}],"wp:featuredmedia":[{"embeddable":true,"href":"https:\/\/www.correiobraziliense.com.br\/cbradar\/wp-json\/wp\/v2\/media\/108554"}],"wp:attachment":[{"href":"https:\/\/www.correiobraziliense.com.br\/cbradar\/wp-json\/wp\/v2\/media?parent=125414"}],"wp:term":[{"taxonomy":"category","embeddable":true,"href":"https:\/\/www.correiobraziliense.com.br\/cbradar\/wp-json\/wp\/v2\/categories?post=125414"},{"taxonomy":"post_tag","embeddable":true,"href":"https:\/\/www.correiobraziliense.com.br\/cbradar\/wp-json\/wp\/v2\/post_tag?post=125414"}],"curies":[{"name":"wp","href":"https:\/\/api.w.org\/{rel}","templated":true}]}}