{"id":125417,"date":"2025-10-27T06:25:00","date_gmt":"2025-10-27T09:25:00","guid":{"rendered":"https:\/\/www.correiobraziliense.com.br\/cbradar\/?p=125417"},"modified":"2025-10-25T20:14:47","modified_gmt":"2025-10-25T23:14:47","slug":"a-simples-atitude-que-pode-salvar-seus-pulmoes","status":"publish","type":"post","link":"https:\/\/www.correiobraziliense.com.br\/cbradar\/a-simples-atitude-que-pode-salvar-seus-pulmoes\/","title":{"rendered":"A simples atitude que pode salvar seus pulm\u00f5es"},"content":{"rendered":"\n<p>Os <strong>Pulm\u00f5es <\/strong>desempenham um papel crucial no sistema respirat\u00f3rio humano, sendo respons\u00e1veis por captar oxig\u00eanio do ar e expelir o g\u00e1s carb\u00f4nico gerado pelo organismo. Este processo \u00e9 vital para o bom funcionamento celular e, por conseguinte, para a manuten\u00e7\u00e3o da vida. Em per\u00edodos de seca ou em \u00e1reas urbanas polu\u00eddas, a sa\u00fade pulmonar pode ser comprometida. Essas condi\u00e7\u00f5es criam um ambiente prop\u00edcio para o surgimento ou agravamento de problemas respirat\u00f3rios, como a doen\u00e7a pulmonar obstrutiva cr\u00f4nica (DPOC) e infec\u00e7\u00f5es respirat\u00f3rias.<\/p>\n\n\n\n<p>A preven\u00e7\u00e3o \u00e9 essencial para preservar a sa\u00fade dos Pulm\u00f5es. Segundo especialistas, muitos dos danos atuais que afetam o sistema respirat\u00f3rio poderiam ser prevenidos com medidas b\u00e1sicas de sa\u00fade. Por exemplo, o abandono do tabagismo \u00e9 uma das a\u00e7\u00f5es mais efetivas; o fumo \u00e9 respons\u00e1vel por cerca de 85% dos casos de c\u00e2ncer de pulm\u00e3o. Cabe destacar que fumantes passivos tamb\u00e9m est\u00e3o expostos a riscos, j\u00e1 que as subst\u00e2ncias t\u00f3xicas do cigarro podem causar inflama\u00e7\u00e3o e envelhecimento precoce dos Pulm\u00f5es.<\/p>\n\n\n\n<h2 class=\"wp-block-heading\">Como a atividade f\u00edsica beneficia o sistema respirat\u00f3rio?<\/h2>\n\n\n\n<p>A pr\u00e1tica regular de exerc\u00edcios f\u00edsicos \u00e9 recomendada para melhorar a oxigena\u00e7\u00e3o do corpo e fortalecer os m\u00fasculos respirat\u00f3rios. Atividades aer\u00f3bicas, como caminhada, ciclismo e nata\u00e7\u00e3o, promovem um funcionamento mais eficiente do sistema respirat\u00f3rio e contribuem para a sa\u00fade pulmonar em geral. Al\u00e9m disso, exames preventivos, como a espirometria e a tomografia de t\u00f3rax, desempenham um papel importante na detec\u00e7\u00e3o precoce de doen\u00e7as respirat\u00f3rias, aumentando assim as chances de tratamento e recupera\u00e7\u00e3o.<\/p>\n\n\n\n<h2 class=\"wp-block-heading\">Quais medidas prevenir infec\u00e7\u00f5es e polui\u00e7\u00e3o?<\/h2>\n\n\n\n<p>Manter o ambiente dom\u00e9stico livre de al\u00e9rgenos, como fungos e \u00e1caros, \u00e9 fundamental para preservar a <a href=\"https:\/\/www.correiobraziliense.com.br\/cbradar\/como-o-diabetes-pode-afetar-a-visao-e-causar-cegueira\/\" target=\"_blank\" rel=\"noreferrer noopener\">sa\u00fade <\/a>respirat\u00f3ria. A ventila\u00e7\u00e3o adequada de ambientes \u00famidos ajuda a evitar a prolifera\u00e7\u00e3o desses agentes nocivos. Em \u00e1reas urbanas, onde a polui\u00e7\u00e3o do ar \u00e9 mais evidente, \u00e9 aconselh\u00e1vel evitar hor\u00e1rios de pico e, se poss\u00edvel, utilizar purificadores de ar. Relat\u00f3rios da Organiza\u00e7\u00e3o Mundial da Sa\u00fade (OMS) indicam que a polui\u00e7\u00e3o do ar \u00e9 respons\u00e1vel por milh\u00f5es de mortes anuais, ressaltando a import\u00e2ncia de tomar medidas para minimizar a exposi\u00e7\u00e3o.<\/p>\n\n\n\n<h2 class=\"wp-block-heading\">Quais os benef\u00edcios da hidrata\u00e7\u00e3o e da vacina\u00e7\u00e3o?<\/h2>\n\n\n<div class=\"wp-block-image\">\n<figure class=\"aligncenter size-large\"><img decoding=\"async\" width=\"1024\" height=\"576\" src=\"https:\/\/www.correiobraziliense.com.br\/cbradar\/wp-content\/uploads\/2025\/06\/garrafa-agua_1750442942741-1024x576.jpg\" alt=\"\" class=\"wp-image-56411\" srcset=\"https:\/\/www.correiobraziliense.com.br\/cbradar\/wp-content\/uploads\/2025\/06\/garrafa-agua_1750442942741-1024x576.jpg 1024w, https:\/\/www.correiobraziliense.com.br\/cbradar\/wp-content\/uploads\/2025\/06\/garrafa-agua_1750442942741-300x169.jpg 300w, https:\/\/www.correiobraziliense.com.br\/cbradar\/wp-content\/uploads\/2025\/06\/garrafa-agua_1750442942741-768x432.jpg 768w, https:\/\/www.correiobraziliense.com.br\/cbradar\/wp-content\/uploads\/2025\/06\/garrafa-agua_1750442942741-750x422.jpg 750w, https:\/\/www.correiobraziliense.com.br\/cbradar\/wp-content\/uploads\/2025\/06\/garrafa-agua_1750442942741-1140x641.jpg 1140w, https:\/\/www.correiobraziliense.com.br\/cbradar\/wp-content\/uploads\/2025\/06\/garrafa-agua_1750442942741.jpg 1280w\" sizes=\"(max-width: 1024px) 100vw, 1024px\" \/><figcaption class=\"wp-element-caption\">Garrafas de \u00e1gua &#8211; Cr\u00e9ditos: depositphotos.com \/ Ischukigor<\/figcaption><\/figure><\/div>\n\n\n<p>A ingest\u00e3o regular de \u00e1gua \u00e9 essencial para manter as vias respirat\u00f3rias \u00famidas e facilitar a elimina\u00e7\u00e3o de secre\u00e7\u00f5es. A hidrata\u00e7\u00e3o ajuda na limpeza natural dos Pulm\u00f5es e \u00e9 uma pr\u00e1tica simples com grandes benef\u00edcios para o sistema respirat\u00f3rio. Outra medida preventiva relevante \u00e9 a vacina\u00e7\u00e3o contra gripe e pneumonia. As vacinas s\u00e3o eficazes na redu\u00e7\u00e3o de complica\u00e7\u00f5es respirat\u00f3rias, especialmente em popula\u00e7\u00f5es vulner\u00e1veis, como idosos e pessoas com comorbidades.<\/p>\n\n\n\n<p>Por fim, \u00e9 importante estar atento a quaisquer sinais de alerta, como tosse persistente ou cansa\u00e7o constante. Sintomas respirat\u00f3rios devem ser investigados para permitir um diagn\u00f3stico precoce e, assim, aumentar as chances de sucesso no tratamento. Embora os Pulm\u00f5es sejam \u00f3rg\u00e3os que geralmente n\u00e3o alertam com dor, como fez o Dr. Bernardo Pessoa, eles s\u00e3o suscet\u00edveis a danos di\u00e1rios causados por maus h\u00e1bitos e exposi\u00e7\u00f5es ambientais. Portanto, adotar pr\u00e1ticas saud\u00e1veis e evitar fatores de risco s\u00e3o fundamentais para preservar a capacidade respirat\u00f3ria e assegurar uma boa qualidade de vida.<\/p>\n\n\n<a href=\"https:\/\/www.instagram.com\/dra.annaluisabf\/\" target=\"_blank\" rel=\"noopener\" style=\"text-decoration: none; color: inherit;\">\n    <span style=\"display: inline-block; border: 1px solid #ccc; border-radius: 10px; padding: 15px; max-width: 550px; font-family: sans-serif; box-shadow: 0 2px 5px rgba(0,0,0,0.1); width: 100%;\">\n\n      <!-- T\u00edtulo -->\n      <span style=\"display: block; margin: 0 0 15px 0; font-weight: bold; color: #2c3e50; text-align: center;\">\n        Entre em contato:\n      <\/span>\n\n      <!-- Linha do perfil -->\n      <span style=\"display: flex; align-items: center; gap: 15px;\">\n        <img decoding=\"async\"\n          src=\"https:\/\/www.correiobraziliense.com.br\/cbradar\/wp-content\/uploads\/2025\/08\/dra_anna_luisa.jpeg\"\n          alt=\"Foto da Dra. Anna Lu\u00edsa\"\n          style=\"border-radius: 50%; width: 80px; height: 80px; object-fit: cover;\"\n        \/>\n        <span style=\"display: flex; flex-direction: column;\">\n          <span style=\"font-size: 18px; font-weight: 700; color: #2c3e50;\">Dra. Anna Lu\u00edsa Barbosa Fernandes<\/span>\n          <span style=\"color: #555;\">CRM-GO 33.271<\/span>\n        <\/span>\n      <\/span>\n\n      <!-- Redes -->\n      <span style=\"display: flex; align-items: center; gap: 10px; margin-top: 12px;\">\n        <img decoding=\"async\" src=\"https:\/\/cdn-icons-png.flaticon.com\/24\/1384\/1384063.png\" alt=\"Instagram\" width=\"24\" height=\"24\" \/>\n        <span style=\"text-decoration: underline; color: #2c3e50;\">@dra.annaluisabf<\/span>\n      <\/span>\n\n    <\/span>\n  <\/a>","protected":false},"excerpt":{"rendered":"<p>Os Pulm\u00f5es desempenham um papel crucial no sistema respirat\u00f3rio humano, sendo respons\u00e1veis por captar oxig\u00eanio do ar e expelir o g\u00e1s carb\u00f4nico gerado pelo organismo. Este processo \u00e9 vital para o bom funcionamento celular e, por conseguinte, para a manuten\u00e7\u00e3o da vida. Em per\u00edodos de seca ou em \u00e1reas urbanas polu\u00eddas, a sa\u00fade pulmonar pode [&hellip;]<\/p>\n","protected":false},"author":14,"featured_media":100882,"comment_status":"open","ping_status":"open","sticky":false,"template":"","format":"standard","meta":{"_yoast_wpseo_focuskw":"Pulm\u00f5es","_yoast_wpseo_title":"","_yoast_wpseo_metadesc":"Voc\u00ea sabia que h\u00e1bitos simples podem fortalecer seus pulm\u00f5es? Veja dicas eficazes para prevenir doen\u00e7as respirat\u00f3rias e viver com mais f\u00f4lego","jnews-multi-image_gallery":[],"jnews_single_post":{"format":"standard"},"jnews_primary_category":[],"jnews_social_meta":[],"jnews_override_counter":[],"footnotes":""},"categories":[4404],"post_tag":[120,225,1318],"class_list":["post-125417","post","type-post","status-publish","format-standard","has-post-thumbnail","hentry","category-saude","tag-bem-estar","tag-brasil","tag-saude-2"],"yoast_head":"<!-- This site is optimized with the Yoast SEO plugin v24.6 - https:\/\/yoast.com\/wordpress\/plugins\/seo\/ -->\n<title>A simples atitude que pode salvar seus pulm\u00f5es - Correio Braziliense - Radar<\/title>\n<meta name=\"description\" content=\"Voc\u00ea sabia que h\u00e1bitos simples podem fortalecer seus pulm\u00f5es? Veja dicas eficazes para prevenir doen\u00e7as respirat\u00f3rias e viver com mais f\u00f4lego\" \/>\n<meta name=\"robots\" content=\"index, follow, max-snippet:-1, max-image-preview:large, max-video-preview:-1\" \/>\n<link rel=\"canonical\" href=\"https:\/\/www.correiobraziliense.com.br\/cbradar\/a-simples-atitude-que-pode-salvar-seus-pulmoes\/\" \/>\n<meta property=\"og:locale\" content=\"pt_BR\" \/>\n<meta property=\"og:type\" content=\"article\" \/>\n<meta property=\"og:title\" content=\"A simples atitude que pode salvar seus pulm\u00f5es - Correio Braziliense - Radar\" \/>\n<meta property=\"og:description\" content=\"Voc\u00ea sabia que h\u00e1bitos simples podem fortalecer seus pulm\u00f5es? Veja dicas eficazes para prevenir doen\u00e7as respirat\u00f3rias e viver com mais f\u00f4lego\" \/>\n<meta property=\"og:url\" content=\"https:\/\/www.correiobraziliense.com.br\/cbradar\/a-simples-atitude-que-pode-salvar-seus-pulmoes\/\" \/>\n<meta property=\"og:site_name\" content=\"Correio Braziliense - Radar\" \/>\n<meta property=\"article:published_time\" content=\"2025-10-27T09:25:00+00:00\" \/>\n<meta property=\"og:image\" content=\"https:\/\/www.correiobraziliense.com.br\/cbradar\/wp-content\/uploads\/2025\/09\/infeccao-pulmonar_1757364625469.jpg\" \/>\n\t<meta property=\"og:image:width\" content=\"1280\" \/>\n\t<meta property=\"og:image:height\" content=\"720\" \/>\n\t<meta property=\"og:image:type\" content=\"image\/jpeg\" \/>\n<meta name=\"author\" content=\"guilherme_saude\" \/>\n<meta name=\"twitter:card\" content=\"summary_large_image\" \/>\n<meta name=\"twitter:label1\" content=\"Escrito por\" \/>\n\t<meta name=\"twitter:data1\" content=\"guilherme_saude\" \/>\n\t<meta name=\"twitter:label2\" content=\"Est. tempo de leitura\" \/>\n\t<meta name=\"twitter:data2\" content=\"4 minutos\" \/>\n<!-- \/ Yoast SEO plugin. -->","yoast_head_json":{"title":"A simples atitude que pode salvar seus pulm\u00f5es - Correio Braziliense - Radar","description":"Voc\u00ea sabia que h\u00e1bitos simples podem fortalecer seus pulm\u00f5es? Veja dicas eficazes para prevenir doen\u00e7as respirat\u00f3rias e viver com mais f\u00f4lego","robots":{"index":"index","follow":"follow","max-snippet":"max-snippet:-1","max-image-preview":"max-image-preview:large","max-video-preview":"max-video-preview:-1"},"canonical":"https:\/\/www.correiobraziliense.com.br\/cbradar\/a-simples-atitude-que-pode-salvar-seus-pulmoes\/","og_locale":"pt_BR","og_type":"article","og_title":"A simples atitude que pode salvar seus pulm\u00f5es - Correio Braziliense - Radar","og_description":"Voc\u00ea sabia que h\u00e1bitos simples podem fortalecer seus pulm\u00f5es? Veja dicas eficazes para prevenir doen\u00e7as respirat\u00f3rias e viver com mais f\u00f4lego","og_url":"https:\/\/www.correiobraziliense.com.br\/cbradar\/a-simples-atitude-que-pode-salvar-seus-pulmoes\/","og_site_name":"Correio Braziliense - Radar","article_published_time":"2025-10-27T09:25:00+00:00","og_image":[{"width":1280,"height":720,"url":"https:\/\/www.correiobraziliense.com.br\/cbradar\/wp-content\/uploads\/2025\/09\/infeccao-pulmonar_1757364625469.jpg","type":"image\/jpeg"}],"author":"guilherme_saude","twitter_card":"summary_large_image","twitter_misc":{"Escrito por":"guilherme_saude","Est. tempo de leitura":"4 minutos"},"schema":{"@context":"https:\/\/schema.org","@graph":[{"@type":"WebPage","@id":"https:\/\/www.correiobraziliense.com.br\/cbradar\/a-simples-atitude-que-pode-salvar-seus-pulmoes\/","url":"https:\/\/www.correiobraziliense.com.br\/cbradar\/a-simples-atitude-que-pode-salvar-seus-pulmoes\/","name":"A simples atitude que pode salvar seus pulm\u00f5es - Correio Braziliense - Radar","isPartOf":{"@id":"https:\/\/www.correiobraziliense.com.br\/cbradar\/#website"},"primaryImageOfPage":{"@id":"https:\/\/www.correiobraziliense.com.br\/cbradar\/a-simples-atitude-que-pode-salvar-seus-pulmoes\/#primaryimage"},"image":{"@id":"https:\/\/www.correiobraziliense.com.br\/cbradar\/a-simples-atitude-que-pode-salvar-seus-pulmoes\/#primaryimage"},"thumbnailUrl":"https:\/\/www.correiobraziliense.com.br\/cbradar\/wp-content\/uploads\/2025\/09\/infeccao-pulmonar_1757364625469.jpg","datePublished":"2025-10-27T09:25:00+00:00","author":{"@id":"https:\/\/www.correiobraziliense.com.br\/cbradar\/#\/schema\/person\/5aa4bf3c8fa699c267933611de12978b"},"description":"Voc\u00ea sabia que h\u00e1bitos simples podem fortalecer seus pulm\u00f5es? Veja dicas eficazes para prevenir doen\u00e7as respirat\u00f3rias e viver com mais f\u00f4lego","breadcrumb":{"@id":"https:\/\/www.correiobraziliense.com.br\/cbradar\/a-simples-atitude-que-pode-salvar-seus-pulmoes\/#breadcrumb"},"inLanguage":"pt-BR","potentialAction":[{"@type":"ReadAction","target":["https:\/\/www.correiobraziliense.com.br\/cbradar\/a-simples-atitude-que-pode-salvar-seus-pulmoes\/"]}]},{"@type":"ImageObject","inLanguage":"pt-BR","@id":"https:\/\/www.correiobraziliense.com.br\/cbradar\/a-simples-atitude-que-pode-salvar-seus-pulmoes\/#primaryimage","url":"https:\/\/www.correiobraziliense.com.br\/cbradar\/wp-content\/uploads\/2025\/09\/infeccao-pulmonar_1757364625469.jpg","contentUrl":"https:\/\/www.correiobraziliense.com.br\/cbradar\/wp-content\/uploads\/2025\/09\/infeccao-pulmonar_1757364625469.jpg","width":1280,"height":720,"caption":"infec\u00e7\u00e3o pulmonar - Cr\u00e9ditos: depositphotos.com \/ Axel_Kock"},{"@type":"BreadcrumbList","@id":"https:\/\/www.correiobraziliense.com.br\/cbradar\/a-simples-atitude-que-pode-salvar-seus-pulmoes\/#breadcrumb","itemListElement":[{"@type":"ListItem","position":1,"name":"In\u00edcio","item":"https:\/\/www.correiobraziliense.com.br\/cbradar\/"},{"@type":"ListItem","position":2,"name":"A simples atitude que pode salvar seus pulm\u00f5es"}]},{"@type":"WebSite","@id":"https:\/\/www.correiobraziliense.com.br\/cbradar\/#website","url":"https:\/\/www.correiobraziliense.com.br\/cbradar\/","name":"Correio Braziliense - Radar","description":"Acompanhe as \u00faltimas not\u00edcias e fique bem informado sobre tudo o que acontece no Brasil e no mundo.","potentialAction":[{"@type":"SearchAction","target":{"@type":"EntryPoint","urlTemplate":"https:\/\/www.correiobraziliense.com.br\/cbradar\/?s={search_term_string}"},"query-input":{"@type":"PropertyValueSpecification","valueRequired":true,"valueName":"search_term_string"}}],"inLanguage":"pt-BR"},{"@type":"Person","@id":"https:\/\/www.correiobraziliense.com.br\/cbradar\/#\/schema\/person\/5aa4bf3c8fa699c267933611de12978b","name":"guilherme_saude","image":{"@type":"ImageObject","inLanguage":"pt-BR","@id":"https:\/\/www.correiobraziliense.com.br\/cbradar\/#\/schema\/person\/image\/","url":"https:\/\/secure.gravatar.com\/avatar\/df9adfb835d344bc0af109d41756253f?s=96&d=mm&r=g","contentUrl":"https:\/\/secure.gravatar.com\/avatar\/df9adfb835d344bc0af109d41756253f?s=96&d=mm&r=g","caption":"guilherme_saude"},"url":"https:\/\/www.correiobraziliense.com.br\/cbradar\/author\/guilherme_saude\/"}]}},"_links":{"self":[{"href":"https:\/\/www.correiobraziliense.com.br\/cbradar\/wp-json\/wp\/v2\/posts\/125417","targetHints":{"allow":["GET"]}}],"collection":[{"href":"https:\/\/www.correiobraziliense.com.br\/cbradar\/wp-json\/wp\/v2\/posts"}],"about":[{"href":"https:\/\/www.correiobraziliense.com.br\/cbradar\/wp-json\/wp\/v2\/types\/post"}],"author":[{"embeddable":true,"href":"https:\/\/www.correiobraziliense.com.br\/cbradar\/wp-json\/wp\/v2\/users\/14"}],"replies":[{"embeddable":true,"href":"https:\/\/www.correiobraziliense.com.br\/cbradar\/wp-json\/wp\/v2\/comments?post=125417"}],"version-history":[{"count":1,"href":"https:\/\/www.correiobraziliense.com.br\/cbradar\/wp-json\/wp\/v2\/posts\/125417\/revisions"}],"predecessor-version":[{"id":125418,"href":"https:\/\/www.correiobraziliense.com.br\/cbradar\/wp-json\/wp\/v2\/posts\/125417\/revisions\/125418"}],"wp:featuredmedia":[{"embeddable":true,"href":"https:\/\/www.correiobraziliense.com.br\/cbradar\/wp-json\/wp\/v2\/media\/100882"}],"wp:attachment":[{"href":"https:\/\/www.correiobraziliense.com.br\/cbradar\/wp-json\/wp\/v2\/media?parent=125417"}],"wp:term":[{"taxonomy":"category","embeddable":true,"href":"https:\/\/www.correiobraziliense.com.br\/cbradar\/wp-json\/wp\/v2\/categories?post=125417"},{"taxonomy":"post_tag","embeddable":true,"href":"https:\/\/www.correiobraziliense.com.br\/cbradar\/wp-json\/wp\/v2\/post_tag?post=125417"}],"curies":[{"name":"wp","href":"https:\/\/api.w.org\/{rel}","templated":true}]}}