{"id":12560,"date":"2025-03-15T13:30:00","date_gmt":"2025-03-15T16:30:00","guid":{"rendered":"https:\/\/www.correiobraziliense.com.br\/cbradar\/?p=12560"},"modified":"2025-03-14T13:55:07","modified_gmt":"2025-03-14T16:55:07","slug":"guia-completo-para-o-cultivo-de-amendoim-veja-dicas","status":"publish","type":"post","link":"https:\/\/www.correiobraziliense.com.br\/cbradar\/guia-completo-para-o-cultivo-de-amendoim-veja-dicas\/","title":{"rendered":"Guia completo para o cultivo de amendoim, veja dicas"},"content":{"rendered":"\n<p>O amendoim, cientificamente conhecido como\u00a0<em><strong>Arachis hypogaea<\/strong><\/em>, \u00e9 uma leguminosa que compartilha a mesma fam\u00edlia da ervilha e do feij\u00e3o. No entanto, uma caracter\u00edstica \u00fanica distingue o amendoim: suas vagens se desenvolvem no subsolo. Este processo come\u00e7a quando a planta \u00e9 polinizada, levando o ped\u00fanculo floral a se curvar em dire\u00e7\u00e3o ao solo, onde o ov\u00e1rio da flor \u00e9 enterrado para o desenvolvimento das vagens.<\/p>\n\n\n\n<p>Para um cultivo bem-sucedido, o amendoim requer condi\u00e7\u00f5es clim\u00e1ticas espec\u00edficas. Regi\u00f5es com temperaturas elevadas, entre 20\u00b0C e 30\u00b0C, s\u00e3o ideais para o seu desenvolvimento. Em locais onde as temperaturas s\u00e3o mais baixas, o cultivo em estufas \u00e9 recomendado para garantir que as condi\u00e7\u00f5es clim\u00e1ticas sejam controladas. Al\u00e9m disso, a umidade relativa do ar elevada e solos excessivamente \u00famidos podem prejudicar o crescimento da planta, especialmente durante a flora\u00e7\u00e3o.<\/p>\n\n\n\n<h2 class=\"wp-block-heading\"><strong>Quais s\u00e3o as condi\u00e7\u00f5es ideais de solo para o cultivo de amendoim?<\/strong><\/h2>\n\n\n\n<p>O solo desempenha um papel crucial no cultivo de amendoim. Solos f\u00e9rteis, arenosos, profundos e bem drenados s\u00e3o os mais adequados, pois permitem que as vagens penetrem e se desenvolvam facilmente. A presen\u00e7a de mat\u00e9ria org\u00e2nica no solo tamb\u00e9m \u00e9 ben\u00e9fica, contribuindo para o crescimento saud\u00e1vel das plantas. A drenagem eficiente \u00e9 essencial para evitar o encharcamento, que pode ser prejudicial ao amendoim.<\/p>\n\n\n\n<figure class=\"wp-block-image size-large\"><img decoding=\"async\" width=\"1024\" height=\"576\" src=\"https:\/\/www.correiobraziliense.com.br\/cbradar\/wp-content\/uploads\/2025\/03\/Amendoim_1741958663606-1024x576.jpg\" alt=\"Guia Completo para o Cultivo de Amendoim: Dicas e Boas Pr\u00e1ticas\" class=\"wp-image-12570\" srcset=\"https:\/\/www.correiobraziliense.com.br\/cbradar\/wp-content\/uploads\/2025\/03\/Amendoim_1741958663606-1024x576.jpg 1024w, https:\/\/www.correiobraziliense.com.br\/cbradar\/wp-content\/uploads\/2025\/03\/Amendoim_1741958663606-300x169.jpg 300w, https:\/\/www.correiobraziliense.com.br\/cbradar\/wp-content\/uploads\/2025\/03\/Amendoim_1741958663606-768x432.jpg 768w, https:\/\/www.correiobraziliense.com.br\/cbradar\/wp-content\/uploads\/2025\/03\/Amendoim_1741958663606-750x422.jpg 750w, https:\/\/www.correiobraziliense.com.br\/cbradar\/wp-content\/uploads\/2025\/03\/Amendoim_1741958663606-1140x641.jpg 1140w, https:\/\/www.correiobraziliense.com.br\/cbradar\/wp-content\/uploads\/2025\/03\/Amendoim_1741958663606.jpg 1280w\" sizes=\"(max-width: 1024px) 100vw, 1024px\" \/><figcaption class=\"wp-element-caption\">Amendoim.Cr\u00e9ditos: depositphotos.com \/ Volurol<\/figcaption><\/figure>\n\n\n\n<p>A luminosidade \u00e9 outro fator importante. O amendoim necessita de luz solar direta e intensa durante v\u00e1rias horas do dia. A falta de luz solar pode comprometer o desenvolvimento da planta. A irriga\u00e7\u00e3o deve ser moderada, mantendo o solo \u00famido, mas nunca encharcado. M\u00e9todos como a irriga\u00e7\u00e3o por aspers\u00e3o ou gotejamento s\u00e3o eficazes, especialmente durante a flora\u00e7\u00e3o, pois utilizam a \u00e1gua de forma racional.<\/p>\n\n\n\n<h2 class=\"wp-block-heading\"><strong>Como \u00e9 realizado o plantio e a colheita do amendoim?<\/strong><\/h2>\n\n\n\n<p>O plantio do amendoim pode ser feito por meio de mudas ou sementes, em covas com aproximadamente 5 cent\u00edmetros de profundidade. O espa\u00e7amento adequado entre as plantas \u00e9 de 25 cent\u00edmetros, com 70 cent\u00edmetros entre as linhas, garantindo que cada planta tenha espa\u00e7o suficiente para se desenvolver sem competir por recursos.<\/p>\n\n\n\n<p>A colheita do amendoim ocorre cerca de 100 dias ap\u00f3s a germina\u00e7\u00e3o, quando as folhas come\u00e7am a amarelar. Quando 70% das folhas est\u00e3o amarelas, algumas vagens devem ser coletadas para avaliar a maturidade das sementes. Se estiverem maduras, o amendoim pode ser colhido. Ap\u00f3s a colheita, as vagens devem ser armazenadas em locais secos por cerca de duas semanas antes de serem ensacadas e armazenadas em galp\u00f5es livres de umidade.<\/p>\n\n\n\n<h2 class=\"wp-block-heading\"><strong>Quais s\u00e3o os cuidados p\u00f3s-colheita para o amendoim?<\/strong><\/h2>\n\n\n\n<p>Ap\u00f3s a colheita, \u00e9 crucial garantir que as vagens de amendoim sejam armazenadas adequadamente para evitar a deteriora\u00e7\u00e3o. Elas devem ser mantidas em locais secos e ventilados, longe do contato direto com o ch\u00e3o, utilizando paletes de madeira. Isso previne a absor\u00e7\u00e3o de umidade, que pode comprometer a qualidade do produto.<\/p>\n\n\n\n<p>O armazenamento correto n\u00e3o apenas preserva a qualidade do amendoim, mas tamb\u00e9m prolonga sua vida \u00fatil, garantindo que o produto chegue ao mercado em perfeitas condi\u00e7\u00f5es. Esses cuidados s\u00e3o essenciais para manter a integridade do amendoim at\u00e9 que ele seja processado ou comercializado.<\/p>\n\n\n\n<p>Em resumo, o cultivo de amendoim requer aten\u00e7\u00e3o a diversos fatores, desde a escolha do solo at\u00e9 o armazenamento p\u00f3s-colheita. Com as condi\u00e7\u00f5es adequadas, \u00e9 poss\u00edvel obter uma produ\u00e7\u00e3o de alta qualidade, aproveitando ao m\u00e1ximo os benef\u00edcios dessa valiosa leguminosa.<\/p>\n","protected":false},"excerpt":{"rendered":"<p>Aprenda sobre o cultivo de amendoim. Descubra as condi\u00e7\u00f5es ideais de solo, clima e armazenamento p\u00f3s-colheita.<\/p>\n","protected":false},"author":3,"featured_media":12568,"comment_status":"open","ping_status":"open","sticky":false,"template":"","format":"standard","meta":{"_yoast_wpseo_focuskw":"amendoim","_yoast_wpseo_title":"%%title%%","_yoast_wpseo_metadesc":"Aprenda sobre o cultivo de amendoim. Descubra as condi\u00e7\u00f5es ideais de solo, clima e armazenamento p\u00f3s-colheita.","jnews-multi-image_gallery":[],"jnews_single_post":{"format":"standard"},"jnews_primary_category":[],"jnews_social_meta":[],"jnews_override_counter":[],"footnotes":""},"categories":[136],"post_tag":[1417,137],"class_list":["post-12560","post","type-post","status-publish","format-standard","has-post-thumbnail","hentry","category-jardinagem","tag-amendoim","tag-como-plantar"],"yoast_head":"<!-- This site is optimized with the Yoast SEO plugin v24.6 - https:\/\/yoast.com\/wordpress\/plugins\/seo\/ -->\n<title>Guia completo para o cultivo de amendoim, veja dicas<\/title>\n<meta name=\"description\" content=\"Aprenda sobre o cultivo de amendoim. Descubra as condi\u00e7\u00f5es ideais de solo, clima e armazenamento p\u00f3s-colheita.\" \/>\n<meta name=\"robots\" content=\"index, follow, max-snippet:-1, max-image-preview:large, max-video-preview:-1\" \/>\n<link rel=\"canonical\" href=\"https:\/\/www.correiobraziliense.com.br\/cbradar\/guia-completo-para-o-cultivo-de-amendoim-veja-dicas\/\" \/>\n<meta property=\"og:locale\" content=\"pt_BR\" \/>\n<meta property=\"og:type\" content=\"article\" \/>\n<meta property=\"og:title\" content=\"Guia completo para o cultivo de amendoim, veja dicas\" \/>\n<meta property=\"og:description\" content=\"Aprenda sobre o cultivo de amendoim. Descubra as condi\u00e7\u00f5es ideais de solo, clima e armazenamento p\u00f3s-colheita.\" \/>\n<meta property=\"og:url\" content=\"https:\/\/www.correiobraziliense.com.br\/cbradar\/guia-completo-para-o-cultivo-de-amendoim-veja-dicas\/\" \/>\n<meta property=\"og:site_name\" content=\"Correio Braziliense - Radar\" \/>\n<meta property=\"article:published_time\" content=\"2025-03-15T16:30:00+00:00\" \/>\n<meta property=\"og:image\" content=\"https:\/\/www.correiobraziliense.com.br\/cbradar\/wp-content\/uploads\/2025\/03\/Amendoim_1741958598024.jpg\" \/>\n\t<meta property=\"og:image:width\" content=\"1280\" \/>\n\t<meta property=\"og:image:height\" content=\"720\" \/>\n\t<meta property=\"og:image:type\" content=\"image\/jpeg\" \/>\n<meta name=\"author\" content=\"Larissa Carvalho\" \/>\n<meta name=\"twitter:card\" content=\"summary_large_image\" \/>\n<meta name=\"twitter:label1\" content=\"Escrito por\" \/>\n\t<meta name=\"twitter:data1\" content=\"Larissa Carvalho\" \/>\n\t<meta name=\"twitter:label2\" content=\"Est. tempo de leitura\" \/>\n\t<meta name=\"twitter:data2\" content=\"4 minutos\" \/>\n<!-- \/ Yoast SEO plugin. -->","yoast_head_json":{"title":"Guia completo para o cultivo de amendoim, veja dicas","description":"Aprenda sobre o cultivo de amendoim. Descubra as condi\u00e7\u00f5es ideais de solo, clima e armazenamento p\u00f3s-colheita.","robots":{"index":"index","follow":"follow","max-snippet":"max-snippet:-1","max-image-preview":"max-image-preview:large","max-video-preview":"max-video-preview:-1"},"canonical":"https:\/\/www.correiobraziliense.com.br\/cbradar\/guia-completo-para-o-cultivo-de-amendoim-veja-dicas\/","og_locale":"pt_BR","og_type":"article","og_title":"Guia completo para o cultivo de amendoim, veja dicas","og_description":"Aprenda sobre o cultivo de amendoim. Descubra as condi\u00e7\u00f5es ideais de solo, clima e armazenamento p\u00f3s-colheita.","og_url":"https:\/\/www.correiobraziliense.com.br\/cbradar\/guia-completo-para-o-cultivo-de-amendoim-veja-dicas\/","og_site_name":"Correio Braziliense - Radar","article_published_time":"2025-03-15T16:30:00+00:00","og_image":[{"width":1280,"height":720,"url":"https:\/\/www.correiobraziliense.com.br\/cbradar\/wp-content\/uploads\/2025\/03\/Amendoim_1741958598024.jpg","type":"image\/jpeg"}],"author":"Larissa Carvalho","twitter_card":"summary_large_image","twitter_misc":{"Escrito por":"Larissa Carvalho","Est. tempo de leitura":"4 minutos"},"schema":{"@context":"https:\/\/schema.org","@graph":[{"@type":"WebPage","@id":"https:\/\/www.correiobraziliense.com.br\/cbradar\/guia-completo-para-o-cultivo-de-amendoim-veja-dicas\/","url":"https:\/\/www.correiobraziliense.com.br\/cbradar\/guia-completo-para-o-cultivo-de-amendoim-veja-dicas\/","name":"Guia completo para o cultivo de amendoim, veja dicas","isPartOf":{"@id":"https:\/\/www.correiobraziliense.com.br\/cbradar\/#website"},"primaryImageOfPage":{"@id":"https:\/\/www.correiobraziliense.com.br\/cbradar\/guia-completo-para-o-cultivo-de-amendoim-veja-dicas\/#primaryimage"},"image":{"@id":"https:\/\/www.correiobraziliense.com.br\/cbradar\/guia-completo-para-o-cultivo-de-amendoim-veja-dicas\/#primaryimage"},"thumbnailUrl":"https:\/\/www.correiobraziliense.com.br\/cbradar\/wp-content\/uploads\/2025\/03\/Amendoim_1741958598024.jpg","datePublished":"2025-03-15T16:30:00+00:00","author":{"@id":"https:\/\/www.correiobraziliense.com.br\/cbradar\/#\/schema\/person\/58422787644df994b53a19d3e56c1513"},"description":"Aprenda sobre o cultivo de amendoim. Descubra as condi\u00e7\u00f5es ideais de solo, clima e armazenamento p\u00f3s-colheita.","breadcrumb":{"@id":"https:\/\/www.correiobraziliense.com.br\/cbradar\/guia-completo-para-o-cultivo-de-amendoim-veja-dicas\/#breadcrumb"},"inLanguage":"pt-BR","potentialAction":[{"@type":"ReadAction","target":["https:\/\/www.correiobraziliense.com.br\/cbradar\/guia-completo-para-o-cultivo-de-amendoim-veja-dicas\/"]}]},{"@type":"ImageObject","inLanguage":"pt-BR","@id":"https:\/\/www.correiobraziliense.com.br\/cbradar\/guia-completo-para-o-cultivo-de-amendoim-veja-dicas\/#primaryimage","url":"https:\/\/www.correiobraziliense.com.br\/cbradar\/wp-content\/uploads\/2025\/03\/Amendoim_1741958598024.jpg","contentUrl":"https:\/\/www.correiobraziliense.com.br\/cbradar\/wp-content\/uploads\/2025\/03\/Amendoim_1741958598024.jpg","width":1280,"height":720,"caption":"Amendoim.Cr\u00e9ditos: depositphotos.com \/ leungchopan"},{"@type":"BreadcrumbList","@id":"https:\/\/www.correiobraziliense.com.br\/cbradar\/guia-completo-para-o-cultivo-de-amendoim-veja-dicas\/#breadcrumb","itemListElement":[{"@type":"ListItem","position":1,"name":"In\u00edcio","item":"https:\/\/www.correiobraziliense.com.br\/cbradar\/"},{"@type":"ListItem","position":2,"name":"Guia completo para o cultivo de amendoim, veja dicas"}]},{"@type":"WebSite","@id":"https:\/\/www.correiobraziliense.com.br\/cbradar\/#website","url":"https:\/\/www.correiobraziliense.com.br\/cbradar\/","name":"Correio Braziliense - Radar","description":"Acompanhe as \u00faltimas not\u00edcias e fique bem informado sobre tudo o que acontece no Brasil e no mundo.","potentialAction":[{"@type":"SearchAction","target":{"@type":"EntryPoint","urlTemplate":"https:\/\/www.correiobraziliense.com.br\/cbradar\/?s={search_term_string}"},"query-input":{"@type":"PropertyValueSpecification","valueRequired":true,"valueName":"search_term_string"}}],"inLanguage":"pt-BR"},{"@type":"Person","@id":"https:\/\/www.correiobraziliense.com.br\/cbradar\/#\/schema\/person\/58422787644df994b53a19d3e56c1513","name":"Larissa Carvalho","image":{"@type":"ImageObject","inLanguage":"pt-BR","@id":"https:\/\/www.correiobraziliense.com.br\/cbradar\/#\/schema\/person\/image\/","url":"https:\/\/secure.gravatar.com\/avatar\/fe4f91a0de32b52a838d0d612abdc1aa?s=96&d=mm&r=g","contentUrl":"https:\/\/secure.gravatar.com\/avatar\/fe4f91a0de32b52a838d0d612abdc1aa?s=96&d=mm&r=g","caption":"Larissa Carvalho"},"url":"https:\/\/www.correiobraziliense.com.br\/cbradar\/author\/larissamyth\/"}]}},"_links":{"self":[{"href":"https:\/\/www.correiobraziliense.com.br\/cbradar\/wp-json\/wp\/v2\/posts\/12560","targetHints":{"allow":["GET"]}}],"collection":[{"href":"https:\/\/www.correiobraziliense.com.br\/cbradar\/wp-json\/wp\/v2\/posts"}],"about":[{"href":"https:\/\/www.correiobraziliense.com.br\/cbradar\/wp-json\/wp\/v2\/types\/post"}],"author":[{"embeddable":true,"href":"https:\/\/www.correiobraziliense.com.br\/cbradar\/wp-json\/wp\/v2\/users\/3"}],"replies":[{"embeddable":true,"href":"https:\/\/www.correiobraziliense.com.br\/cbradar\/wp-json\/wp\/v2\/comments?post=12560"}],"version-history":[{"count":2,"href":"https:\/\/www.correiobraziliense.com.br\/cbradar\/wp-json\/wp\/v2\/posts\/12560\/revisions"}],"predecessor-version":[{"id":12736,"href":"https:\/\/www.correiobraziliense.com.br\/cbradar\/wp-json\/wp\/v2\/posts\/12560\/revisions\/12736"}],"wp:featuredmedia":[{"embeddable":true,"href":"https:\/\/www.correiobraziliense.com.br\/cbradar\/wp-json\/wp\/v2\/media\/12568"}],"wp:attachment":[{"href":"https:\/\/www.correiobraziliense.com.br\/cbradar\/wp-json\/wp\/v2\/media?parent=12560"}],"wp:term":[{"taxonomy":"category","embeddable":true,"href":"https:\/\/www.correiobraziliense.com.br\/cbradar\/wp-json\/wp\/v2\/categories?post=12560"},{"taxonomy":"post_tag","embeddable":true,"href":"https:\/\/www.correiobraziliense.com.br\/cbradar\/wp-json\/wp\/v2\/post_tag?post=12560"}],"curies":[{"name":"wp","href":"https:\/\/api.w.org\/{rel}","templated":true}]}}