{"id":12579,"date":"2025-03-16T18:30:00","date_gmt":"2025-03-16T21:30:00","guid":{"rendered":"https:\/\/www.correiobraziliense.com.br\/cbradar\/?p=12579"},"modified":"2025-03-14T14:07:48","modified_gmt":"2025-03-14T17:07:48","slug":"o-sol-nessa-cidade-nasce-no-oeste-entenda","status":"publish","type":"post","link":"https:\/\/www.correiobraziliense.com.br\/cbradar\/o-sol-nessa-cidade-nasce-no-oeste-entenda\/","title":{"rendered":"O sol nessa cidade nasce no Oeste, entenda"},"content":{"rendered":"\n<p>O nascer e o p\u00f4r do sol s\u00e3o naturais previs\u00edveis na maior parte do mundo: o sol nasce no leste e se p\u00f5e no oeste. Mas em <strong>Ilulissat<\/strong>, na Groenl\u00e2ndia, essa l\u00f3gica parece n\u00e3o funcionar da mesma maneira. Em certas \u00e9pocas do ano, o sol <strong>parece nascer no oeste e se p\u00f4r no leste<\/strong>, desafiando a percep\u00e7\u00e3o comum do ciclo solar.<\/p>\n\n\n\n<h2 class=\"wp-block-heading\"><strong>Por que o sol parece nascer no oeste em Ilulissat?<\/strong><\/h2>\n\n\n\n<p>O interesse curioso de Ilulissat ocorre devido \u00e0 sua localiza\u00e7\u00e3o extrema no <strong>C\u00edrculo Polar \u00c1rtico<\/strong>. Durante certas esta\u00e7\u00f5es, a orienta\u00e7\u00e3o da Terra e a refra\u00e7\u00e3o da luz causam <strong>efeitos \u00f3pticos<\/strong> que fazem com que o nascer e o p\u00f4r do sol parecem invertidos.<\/p>\n\n\n\n<p>Al\u00e9m disso, no ver\u00e3o, a regi\u00e3o experimenta o <strong>sol da meia-noite<\/strong>, um per\u00edodo em que o sol <strong>n\u00e3o se coloca<\/strong> por v\u00e1rias semanas, girando no c\u00e9u e confundindo a no\u00e7\u00e3o tradicional de dire\u00e7\u00e3o. J\u00e1 no inverno, ocorre o oposto: a <strong>noite polar<\/strong>, quando o sol desaparece completamente por meses.<\/p>\n\n\n\n<figure class=\"wp-block-image size-large\"><img decoding=\"async\" width=\"1024\" height=\"576\" src=\"https:\/\/www.correiobraziliense.com.br\/cbradar\/wp-content\/uploads\/2025\/03\/Ilulissat_1741959006276-1024x576.jpg\" alt=\"O sol nessa cidade nasce no Oeste, entenda\" class=\"wp-image-12583\" srcset=\"https:\/\/www.correiobraziliense.com.br\/cbradar\/wp-content\/uploads\/2025\/03\/Ilulissat_1741959006276-1024x576.jpg 1024w, https:\/\/www.correiobraziliense.com.br\/cbradar\/wp-content\/uploads\/2025\/03\/Ilulissat_1741959006276-300x169.jpg 300w, https:\/\/www.correiobraziliense.com.br\/cbradar\/wp-content\/uploads\/2025\/03\/Ilulissat_1741959006276-768x432.jpg 768w, https:\/\/www.correiobraziliense.com.br\/cbradar\/wp-content\/uploads\/2025\/03\/Ilulissat_1741959006276-750x422.jpg 750w, https:\/\/www.correiobraziliense.com.br\/cbradar\/wp-content\/uploads\/2025\/03\/Ilulissat_1741959006276-1140x642.jpg 1140w, https:\/\/www.correiobraziliense.com.br\/cbradar\/wp-content\/uploads\/2025\/03\/Ilulissat_1741959006276.jpg 1279w\" sizes=\"(max-width: 1024px) 100vw, 1024px\" \/><figcaption class=\"wp-element-caption\">Ilulissat. Cr\u00e9ditos: depositphotos.com \/ Fred49<\/figcaption><\/figure>\n\n\n\n<h2 class=\"wp-block-heading\"><strong>Como \u00e9 a vida em uma cidade com esse aspecto?<\/strong><\/h2>\n\n\n\n<p>Os moradores de Ilulissat est\u00e3o acostumados a lidar com as mudan\u00e7as extremas na luz do dia. No ver\u00e3o, pode passar as semanas sem ver a escurid\u00e3o, enquanto no inverno, a ilumina\u00e7\u00e3o artificial se torna essencial para manter o ritmo da vida cotidiana.<\/p>\n\n\n\n<p>Essa faz a adapta\u00e7\u00e3o com que os habitantes t\u00eam <strong>hor\u00e1rios flex\u00edveis<\/strong>, e muitos usam cortinas grossas para bloquear a luz e manter um ciclo de sono saud\u00e1vel.<\/p>\n\n\n\n<h2 class=\"wp-block-heading\"><strong>Curiosidades sobre Ilulissat<\/strong><\/h2>\n\n\n\n<ul class=\"wp-block-list\">\n<li><strong>Lar de um dos maiores icebergs do mundo<\/strong>: A cidade fica pr\u00f3xima ao Fiorde de Ilulissat, onde imensos blocos de gelo se desprendem e flutuam pelo oceano.<\/li>\n\n\n\n<li><strong>Patrim\u00f4nio da Humanidade<\/strong>: O fiorde \u00e9 um local reconhecido pela UNESCO por sua import\u00e2ncia geol\u00f3gica e beleza \u00fanica.<\/li>\n\n\n\n<li><strong>A cidade dos c\u00e3es de trem<\/strong>: H\u00e1 mais c\u00e3es de trem que vivem em Ilulissat, e eles s\u00e3o essenciais para o transporte durante o inverno.<\/li>\n\n\n\n<li><strong>Turismo do sol da meia-noite<\/strong>: Os visitantes viajam para Ilulissat s\u00f3 para ver as caracter\u00edsticas surreais do sol nunca se pondo no ver\u00e3o.<\/li>\n<\/ul>\n\n\n\n<h2 class=\"wp-block-heading\"><strong>Uma cidade onde o tempo desafia a l\u00f3gica<\/strong><\/h2>\n\n\n\n<p>Ilulissat \u00e9 um dos poucos lugares do mundo onde a posi\u00e7\u00e3o do sol pode rastrear at\u00e9 os rel\u00f3gios biol\u00f3gicos mais precisos. Esse espec\u00edfico, combinado com a paisagem de gelo e a cultura \u00fanica dos inu\u00edtes, faz dessa cidade um destino fascinante para quem deseja testemunhar os mist\u00e9rios do \u00c1rtico.<\/p>\n","protected":false},"excerpt":{"rendered":"<p>Existe um lugar onde o sol parece nascer no oeste e se p\u00f4r no leste, desafiando a l\u00f3gica comum. Descubra essa cidade curiosa na Groenl\u00e2ndia!<\/p>\n","protected":false},"author":3,"featured_media":12582,"comment_status":"open","ping_status":"open","sticky":false,"template":"","format":"standard","meta":{"_yoast_wpseo_focuskw":"cidade sol oeste","_yoast_wpseo_title":"%%title%%","_yoast_wpseo_metadesc":"Existe um lugar onde o sol parece nascer no oeste e se p\u00f4r no leste, desafiando a l\u00f3gica comum. Descubra essa cidade curiosa na Groenl\u00e2ndia!","jnews-multi-image_gallery":[],"jnews_single_post":{"format":"standard"},"jnews_primary_category":[],"jnews_social_meta":[],"jnews_override_counter":[],"footnotes":""},"categories":[108],"post_tag":[109],"class_list":["post-12579","post","type-post","status-publish","format-standard","has-post-thumbnail","hentry","category-cidades","tag-cidades"],"yoast_head":"<!-- This site is optimized with the Yoast SEO plugin v24.6 - https:\/\/yoast.com\/wordpress\/plugins\/seo\/ -->\n<title>O sol nessa cidade nasce no Oeste, entenda<\/title>\n<meta name=\"description\" content=\"Existe um lugar onde o sol parece nascer no oeste e se p\u00f4r no leste, desafiando a l\u00f3gica comum. Descubra essa cidade curiosa na Groenl\u00e2ndia!\" \/>\n<meta name=\"robots\" content=\"index, follow, max-snippet:-1, max-image-preview:large, max-video-preview:-1\" \/>\n<link rel=\"canonical\" href=\"https:\/\/www.correiobraziliense.com.br\/cbradar\/o-sol-nessa-cidade-nasce-no-oeste-entenda\/\" \/>\n<meta property=\"og:locale\" content=\"pt_BR\" \/>\n<meta property=\"og:type\" content=\"article\" \/>\n<meta property=\"og:title\" content=\"O sol nessa cidade nasce no Oeste, entenda\" \/>\n<meta property=\"og:description\" content=\"Existe um lugar onde o sol parece nascer no oeste e se p\u00f4r no leste, desafiando a l\u00f3gica comum. Descubra essa cidade curiosa na Groenl\u00e2ndia!\" \/>\n<meta property=\"og:url\" content=\"https:\/\/www.correiobraziliense.com.br\/cbradar\/o-sol-nessa-cidade-nasce-no-oeste-entenda\/\" \/>\n<meta property=\"og:site_name\" content=\"Correio Braziliense - Radar\" \/>\n<meta property=\"article:published_time\" content=\"2025-03-16T21:30:00+00:00\" \/>\n<meta property=\"og:image\" content=\"https:\/\/www.correiobraziliense.com.br\/cbradar\/wp-content\/uploads\/2025\/03\/Ilulissat_1741958977757.jpg\" \/>\n\t<meta property=\"og:image:width\" content=\"1280\" \/>\n\t<meta property=\"og:image:height\" content=\"720\" \/>\n\t<meta property=\"og:image:type\" content=\"image\/jpeg\" \/>\n<meta name=\"author\" content=\"Larissa Carvalho\" \/>\n<meta name=\"twitter:card\" content=\"summary_large_image\" \/>\n<meta name=\"twitter:label1\" content=\"Escrito por\" \/>\n\t<meta name=\"twitter:data1\" content=\"Larissa Carvalho\" \/>\n\t<meta name=\"twitter:label2\" content=\"Est. tempo de leitura\" \/>\n\t<meta name=\"twitter:data2\" content=\"3 minutos\" \/>\n<!-- \/ Yoast SEO plugin. -->","yoast_head_json":{"title":"O sol nessa cidade nasce no Oeste, entenda","description":"Existe um lugar onde o sol parece nascer no oeste e se p\u00f4r no leste, desafiando a l\u00f3gica comum. Descubra essa cidade curiosa na Groenl\u00e2ndia!","robots":{"index":"index","follow":"follow","max-snippet":"max-snippet:-1","max-image-preview":"max-image-preview:large","max-video-preview":"max-video-preview:-1"},"canonical":"https:\/\/www.correiobraziliense.com.br\/cbradar\/o-sol-nessa-cidade-nasce-no-oeste-entenda\/","og_locale":"pt_BR","og_type":"article","og_title":"O sol nessa cidade nasce no Oeste, entenda","og_description":"Existe um lugar onde o sol parece nascer no oeste e se p\u00f4r no leste, desafiando a l\u00f3gica comum. Descubra essa cidade curiosa na Groenl\u00e2ndia!","og_url":"https:\/\/www.correiobraziliense.com.br\/cbradar\/o-sol-nessa-cidade-nasce-no-oeste-entenda\/","og_site_name":"Correio Braziliense - Radar","article_published_time":"2025-03-16T21:30:00+00:00","og_image":[{"width":1280,"height":720,"url":"https:\/\/www.correiobraziliense.com.br\/cbradar\/wp-content\/uploads\/2025\/03\/Ilulissat_1741958977757.jpg","type":"image\/jpeg"}],"author":"Larissa Carvalho","twitter_card":"summary_large_image","twitter_misc":{"Escrito por":"Larissa Carvalho","Est. tempo de leitura":"3 minutos"},"schema":{"@context":"https:\/\/schema.org","@graph":[{"@type":"WebPage","@id":"https:\/\/www.correiobraziliense.com.br\/cbradar\/o-sol-nessa-cidade-nasce-no-oeste-entenda\/","url":"https:\/\/www.correiobraziliense.com.br\/cbradar\/o-sol-nessa-cidade-nasce-no-oeste-entenda\/","name":"O sol nessa cidade nasce no Oeste, entenda","isPartOf":{"@id":"https:\/\/www.correiobraziliense.com.br\/cbradar\/#website"},"primaryImageOfPage":{"@id":"https:\/\/www.correiobraziliense.com.br\/cbradar\/o-sol-nessa-cidade-nasce-no-oeste-entenda\/#primaryimage"},"image":{"@id":"https:\/\/www.correiobraziliense.com.br\/cbradar\/o-sol-nessa-cidade-nasce-no-oeste-entenda\/#primaryimage"},"thumbnailUrl":"https:\/\/www.correiobraziliense.com.br\/cbradar\/wp-content\/uploads\/2025\/03\/Ilulissat_1741958977757.jpg","datePublished":"2025-03-16T21:30:00+00:00","author":{"@id":"https:\/\/www.correiobraziliense.com.br\/cbradar\/#\/schema\/person\/58422787644df994b53a19d3e56c1513"},"description":"Existe um lugar onde o sol parece nascer no oeste e se p\u00f4r no leste, desafiando a l\u00f3gica comum. Descubra essa cidade curiosa na Groenl\u00e2ndia!","breadcrumb":{"@id":"https:\/\/www.correiobraziliense.com.br\/cbradar\/o-sol-nessa-cidade-nasce-no-oeste-entenda\/#breadcrumb"},"inLanguage":"pt-BR","potentialAction":[{"@type":"ReadAction","target":["https:\/\/www.correiobraziliense.com.br\/cbradar\/o-sol-nessa-cidade-nasce-no-oeste-entenda\/"]}]},{"@type":"ImageObject","inLanguage":"pt-BR","@id":"https:\/\/www.correiobraziliense.com.br\/cbradar\/o-sol-nessa-cidade-nasce-no-oeste-entenda\/#primaryimage","url":"https:\/\/www.correiobraziliense.com.br\/cbradar\/wp-content\/uploads\/2025\/03\/Ilulissat_1741958977757.jpg","contentUrl":"https:\/\/www.correiobraziliense.com.br\/cbradar\/wp-content\/uploads\/2025\/03\/Ilulissat_1741958977757.jpg","width":1280,"height":720,"caption":"Ilulissat. Cr\u00e9ditos: depositphotos.com \/ sugarek"},{"@type":"BreadcrumbList","@id":"https:\/\/www.correiobraziliense.com.br\/cbradar\/o-sol-nessa-cidade-nasce-no-oeste-entenda\/#breadcrumb","itemListElement":[{"@type":"ListItem","position":1,"name":"In\u00edcio","item":"https:\/\/www.correiobraziliense.com.br\/cbradar\/"},{"@type":"ListItem","position":2,"name":"O sol nessa cidade nasce no Oeste, entenda"}]},{"@type":"WebSite","@id":"https:\/\/www.correiobraziliense.com.br\/cbradar\/#website","url":"https:\/\/www.correiobraziliense.com.br\/cbradar\/","name":"Correio Braziliense - Radar","description":"Acompanhe as \u00faltimas not\u00edcias e fique bem informado sobre tudo o que acontece no Brasil e no mundo.","potentialAction":[{"@type":"SearchAction","target":{"@type":"EntryPoint","urlTemplate":"https:\/\/www.correiobraziliense.com.br\/cbradar\/?s={search_term_string}"},"query-input":{"@type":"PropertyValueSpecification","valueRequired":true,"valueName":"search_term_string"}}],"inLanguage":"pt-BR"},{"@type":"Person","@id":"https:\/\/www.correiobraziliense.com.br\/cbradar\/#\/schema\/person\/58422787644df994b53a19d3e56c1513","name":"Larissa Carvalho","image":{"@type":"ImageObject","inLanguage":"pt-BR","@id":"https:\/\/www.correiobraziliense.com.br\/cbradar\/#\/schema\/person\/image\/","url":"https:\/\/secure.gravatar.com\/avatar\/fe4f91a0de32b52a838d0d612abdc1aa?s=96&d=mm&r=g","contentUrl":"https:\/\/secure.gravatar.com\/avatar\/fe4f91a0de32b52a838d0d612abdc1aa?s=96&d=mm&r=g","caption":"Larissa Carvalho"},"url":"https:\/\/www.correiobraziliense.com.br\/cbradar\/author\/larissamyth\/"}]}},"_links":{"self":[{"href":"https:\/\/www.correiobraziliense.com.br\/cbradar\/wp-json\/wp\/v2\/posts\/12579","targetHints":{"allow":["GET"]}}],"collection":[{"href":"https:\/\/www.correiobraziliense.com.br\/cbradar\/wp-json\/wp\/v2\/posts"}],"about":[{"href":"https:\/\/www.correiobraziliense.com.br\/cbradar\/wp-json\/wp\/v2\/types\/post"}],"author":[{"embeddable":true,"href":"https:\/\/www.correiobraziliense.com.br\/cbradar\/wp-json\/wp\/v2\/users\/3"}],"replies":[{"embeddable":true,"href":"https:\/\/www.correiobraziliense.com.br\/cbradar\/wp-json\/wp\/v2\/comments?post=12579"}],"version-history":[{"count":1,"href":"https:\/\/www.correiobraziliense.com.br\/cbradar\/wp-json\/wp\/v2\/posts\/12579\/revisions"}],"predecessor-version":[{"id":12585,"href":"https:\/\/www.correiobraziliense.com.br\/cbradar\/wp-json\/wp\/v2\/posts\/12579\/revisions\/12585"}],"wp:featuredmedia":[{"embeddable":true,"href":"https:\/\/www.correiobraziliense.com.br\/cbradar\/wp-json\/wp\/v2\/media\/12582"}],"wp:attachment":[{"href":"https:\/\/www.correiobraziliense.com.br\/cbradar\/wp-json\/wp\/v2\/media?parent=12579"}],"wp:term":[{"taxonomy":"category","embeddable":true,"href":"https:\/\/www.correiobraziliense.com.br\/cbradar\/wp-json\/wp\/v2\/categories?post=12579"},{"taxonomy":"post_tag","embeddable":true,"href":"https:\/\/www.correiobraziliense.com.br\/cbradar\/wp-json\/wp\/v2\/post_tag?post=12579"}],"curies":[{"name":"wp","href":"https:\/\/api.w.org\/{rel}","templated":true}]}}