{"id":126022,"date":"2025-10-27T13:15:00","date_gmt":"2025-10-27T16:15:00","guid":{"rendered":"https:\/\/www.correiobraziliense.com.br\/cbradar\/?p=126022"},"modified":"2025-10-26T19:21:18","modified_gmt":"2025-10-26T22:21:18","slug":"voce-sabia-que-o-acai-faz-mais-que-dar-energia","status":"publish","type":"post","link":"https:\/\/www.correiobraziliense.com.br\/cbradar\/voce-sabia-que-o-acai-faz-mais-que-dar-energia\/","title":{"rendered":"Voc\u00ea sabia que o a\u00e7a\u00ed faz mais que dar energia?"},"content":{"rendered":"\n<p>Nascido nas exuberantes florestas da Amaz\u00f4nia, o <strong>A\u00e7a\u00ed <\/strong>\u00e9 um fruto que vem ganhando cada vez mais reconhecimento ao redor do mundo. Este pequeno fruto de cor roxa escura \u00e9 celebrado por suas ricas propriedades nutricionais e terap\u00eauticas. Gra\u00e7as \u00e0 elevada concentra\u00e7\u00e3o de antocianinas e polifen\u00f3is, o a\u00e7a\u00ed \u00e9 conhecido por suas habilidades antioxidantes e anti-inflamat\u00f3rias, contribuindo significantemente para a sa\u00fade do cora\u00e7\u00e3o e do c\u00e9rebro. Dentre os alimentos naturais, o a\u00e7a\u00ed se destaca por um poder antioxidante not\u00e1vel, o que o torna especialmente eficaz no combate ao estresse oxidativo.<\/p>\n\n\n\n<p>O crescente interesse pelo a\u00e7a\u00ed n\u00e3o \u00e9 por acaso. Estudos cient\u00edficos revelam que ele pode ser uma pe\u00e7a fundamental na preven\u00e7\u00e3o de v\u00e1rias condi\u00e7\u00f5es de sa\u00fade. Sua vasta composi\u00e7\u00e3o qu\u00edmica permite que o a\u00e7a\u00ed atue na prote\u00e7\u00e3o contra doen\u00e7as cardiovasculares e cr\u00f4nicas, promovendo, assim, um estilo de vida mais saud\u00e1vel. A introdu\u00e7\u00e3o deste fruto na dieta diaria pode ser uma estrat\u00e9gia inteligente para aqueles que buscam n\u00e3o apenas refor\u00e7ar seu aporte nutricional, mas tamb\u00e9m um aliado na redu\u00e7\u00e3o de inflama\u00e7\u00f5es e manuten\u00e7\u00e3o da <a href=\"https:\/\/www.correiobraziliense.com.br\/cbradar\/crises-epilepticas-sem-controle-entenda-os-sinais\/\" target=\"_blank\" rel=\"noreferrer noopener\">sa\u00fade <\/a>vascular.<\/p>\n\n\n\n<h2 class=\"wp-block-heading\">Quais s\u00e3o os mecanismos antioxidantes do a\u00e7a\u00ed?<\/h2>\n\n\n\n<p>O mecanismo antioxidante do a\u00e7a\u00ed est\u00e1 essencialmente ligado \u00e0 sua colora\u00e7\u00e3o vibrante. A intensa tonalidade roxa \u00e9 um indicativo da abund\u00e2ncia das antocianinas, compostos que desempenham um papel vital na neutraliza\u00e7\u00e3o dos radicais livres. Estes compostos inst\u00e1veis s\u00e3o notoriamente conhecidos por acelerar o processo de envelhecimento celular e contribuir para o desenvolvimento de doen\u00e7as cr\u00f4nicas. A habilidade do a\u00e7a\u00ed de combater estes radicais livres \u00e9 uma das raz\u00f5es pelas quais \u00e9 t\u00e3o apreciado na alimenta\u00e7\u00e3o saud\u00e1vel.<\/p>\n\n\n\n<p>O valor ORAC (Capacidade de Absor\u00e7\u00e3o de Radicais de Oxig\u00eanio) do a\u00e7a\u00ed \u00e9 frequentemente utilizado para medir sua efic\u00e1cia antioxidante. Este \u00edndice proporciona uma vis\u00e3o clara da capacidade do fruto de anular subst\u00e2ncias oxidativas no corpo, assumindo um papel protetor crucial contra danos celulares. Quando incorporado \u00e0 dieta regular, o a\u00e7a\u00ed se torna uma ferramenta poderosa na manuten\u00e7\u00e3o da vitalidade e integridade celular.<\/p>\n\n\n\n<figure class=\"wp-block-image size-large\"><img decoding=\"async\" width=\"1024\" height=\"576\" src=\"https:\/\/www.correiobraziliense.com.br\/cbradar\/wp-content\/uploads\/2025\/06\/suco-de-acai_1750074372331-1024x576.jpg\" alt=\"\" class=\"wp-image-54145\" srcset=\"https:\/\/www.correiobraziliense.com.br\/cbradar\/wp-content\/uploads\/2025\/06\/suco-de-acai_1750074372331-1024x576.jpg 1024w, https:\/\/www.correiobraziliense.com.br\/cbradar\/wp-content\/uploads\/2025\/06\/suco-de-acai_1750074372331-300x169.jpg 300w, https:\/\/www.correiobraziliense.com.br\/cbradar\/wp-content\/uploads\/2025\/06\/suco-de-acai_1750074372331-768x432.jpg 768w, https:\/\/www.correiobraziliense.com.br\/cbradar\/wp-content\/uploads\/2025\/06\/suco-de-acai_1750074372331-750x422.jpg 750w, https:\/\/www.correiobraziliense.com.br\/cbradar\/wp-content\/uploads\/2025\/06\/suco-de-acai_1750074372331-1140x641.jpg 1140w, https:\/\/www.correiobraziliense.com.br\/cbradar\/wp-content\/uploads\/2025\/06\/suco-de-acai_1750074372331.jpg 1280w\" sizes=\"(max-width: 1024px) 100vw, 1024px\" \/><figcaption class=\"wp-element-caption\">Suco de a\u00e7a\u00ed &#8211; Cr\u00e9ditos: depositphotos.com \/ diogoppr<\/figcaption><\/figure>\n\n\n\n<h2 class=\"wp-block-heading\">De que forma o a\u00e7a\u00ed beneficia a sa\u00fade cardiovascular?<\/h2>\n\n\n\n<p>No que tange \u00e0 sa\u00fade cardiovascular, o a\u00e7a\u00ed se afirma como um aliado vital. As antocianinas e \u00e1cidos graxos, como o \u00d4mega-9 presente no fruto, s\u00e3o conhecidos por reduzir os n\u00edveis de colesterol LDL oxidado. Este tipo de colesterol \u00e9 um culpado comum nos casos de aterosclerose, um problema que compromete significativamente a fun\u00e7\u00e3o vascular. Al\u00e9m de reduzir este tipo de colesterol, o a\u00e7a\u00ed promove melhorias na fun\u00e7\u00e3o endotelial, resultando em uma circula\u00e7\u00e3o sangu\u00ednea mais eficiente e saud\u00e1vel.<\/p>\n\n\n\n<p>V\u00e1rios estudiosos destacam o papel do a\u00e7a\u00ed como componente de dietas que se alinham aos princ\u00edpios mediterr\u00e2neos, onde os benef\u00edcios cardiovasculares s\u00e3o amplamente observados. Integrar o a\u00e7a\u00ed em refei\u00e7\u00f5es di\u00e1rias pode, portanto, ser parte de uma abordagem preventiva contra doen\u00e7as card\u00edacas, ao mesmo tempo que apoia o equil\u00edbrio lip\u00eddico do corpo.<\/p>\n\n\n\n<h2 class=\"wp-block-heading\">Como o a\u00e7a\u00ed atua como agente anti-inflamat\u00f3rio?<\/h2>\n\n\n\n<p>A propriedade anti-inflamat\u00f3ria do a\u00e7a\u00ed \u00e9 amplamente creditada aos seus compostos fen\u00f3licos diversos. Estes compostos naturais t\u00eam a capacidade de intervir em vias de sinaliza\u00e7\u00e3o celular que orientam respostas inflamat\u00f3rias. Ao inibir o fator nuclear NF-\u03baB, o a\u00e7a\u00ed ajuda a regular os processos inflamat\u00f3rios cr\u00f4nicos, impactando favoravelmente doen\u00e7as associadas \u00e0 inflama\u00e7\u00e3o excessiva.<\/p>\n\n\n\n<p>Consumos regulares de polpa de a\u00e7a\u00ed, sem adi\u00e7\u00e3o de a\u00e7\u00facares artificiais, real\u00e7am suas propriedades terap\u00eauticas. Sugerese combin\u00e1-lo com frutas ricas em vitamina C para potencializar ainda mais seu efeito ben\u00e9fico. Deste modo, al\u00e9m de exercer influ\u00eancia positiva no controle de inflama\u00e7\u00f5es, o a\u00e7a\u00ed promove o fortalecimento do sistema imunol\u00f3gico.<\/p>\n\n\n\n<h2 class=\"wp-block-heading\">Aplica\u00e7\u00f5es terap\u00eauticas do a\u00e7a\u00ed: mais do que energia<\/h2>\n\n\n\n<p>Mais do que um impulso energ\u00e9tico, o a\u00e7a\u00ed emerge como um alimento funcional com vasto potencial terap\u00eautico. Ao integrar a dieta contempor\u00e2nea, os consumidores est\u00e3o, na pr\u00e1tica, adotando uma barreira natural contra danos oxidativos e inflamat\u00f3rios, fatores centrais no desenvolvimento de v\u00e1rias condi\u00e7\u00f5es de sa\u00fade debilitantes. A constata\u00e7\u00e3o das virtudes do a\u00e7a\u00ed n\u00e3o \u00e9 apenas um aforismo da sabedoria tradicional amaz\u00f4nica, mas \u00e9 apoiada por um crescente volume de evid\u00eancias cient\u00edficas.<\/p>\n\n\n\n<p>Em resumo, o a\u00e7a\u00ed reafirma sua import\u00e2ncia, n\u00e3o s\u00f3 como superalimento rico em nutrientes, mas como um potente agente na prote\u00e7\u00e3o e melhoria da sa\u00fade p\u00fablica, revelando-se um verdadeiro presente da biodiversidade amaz\u00f4nica.<\/p>\n\n\n<a href=\"https:\/\/www.instagram.com\/dra.annaluisabf\/\" target=\"_blank\" rel=\"noopener\" style=\"text-decoration: none; color: inherit;\">\n    <span style=\"display: inline-block; border: 1px solid #ccc; border-radius: 10px; padding: 15px; max-width: 550px; font-family: sans-serif; box-shadow: 0 2px 5px rgba(0,0,0,0.1); width: 100%;\">\n\n      <!-- T\u00edtulo -->\n      <span style=\"display: block; margin: 0 0 15px 0; font-weight: bold; color: #2c3e50; text-align: center;\">\n        Entre em contato:\n      <\/span>\n\n      <!-- Linha do perfil -->\n      <span style=\"display: flex; align-items: center; gap: 15px;\">\n        <img decoding=\"async\"\n          src=\"https:\/\/www.correiobraziliense.com.br\/cbradar\/wp-content\/uploads\/2025\/08\/dra_anna_luisa.jpeg\"\n          alt=\"Foto da Dra. Anna Lu\u00edsa\"\n          style=\"border-radius: 50%; width: 80px; height: 80px; object-fit: cover;\"\n        \/>\n        <span style=\"display: flex; flex-direction: column;\">\n          <span style=\"font-size: 18px; font-weight: 700; color: #2c3e50;\">Dra. Anna Lu\u00edsa Barbosa Fernandes<\/span>\n          <span style=\"color: #555;\">CRM-GO 33.271<\/span>\n        <\/span>\n      <\/span>\n\n      <!-- Redes -->\n      <span style=\"display: flex; align-items: center; gap: 10px; margin-top: 12px;\">\n        <img decoding=\"async\" src=\"https:\/\/cdn-icons-png.flaticon.com\/24\/1384\/1384063.png\" alt=\"Instagram\" width=\"24\" height=\"24\" \/>\n        <span style=\"text-decoration: underline; color: #2c3e50;\">@dra.annaluisabf<\/span>\n      <\/span>\n\n    <\/span>\n  <\/a>","protected":false},"excerpt":{"rendered":"<p>Nascido nas exuberantes florestas da Amaz\u00f4nia, o A\u00e7a\u00ed \u00e9 um fruto que vem ganhando cada vez mais reconhecimento ao redor do mundo. Este pequeno fruto de cor roxa escura \u00e9 celebrado por suas ricas propriedades nutricionais e terap\u00eauticas. Gra\u00e7as \u00e0 elevada concentra\u00e7\u00e3o de antocianinas e polifen\u00f3is, o a\u00e7a\u00ed \u00e9 conhecido por suas habilidades antioxidantes e [&hellip;]<\/p>\n","protected":false},"author":14,"featured_media":114434,"comment_status":"open","ping_status":"open","sticky":false,"template":"","format":"standard","meta":{"_yoast_wpseo_focuskw":"A\u00e7a\u00ed","_yoast_wpseo_title":"","_yoast_wpseo_metadesc":"Rico em antocianinas e polifen\u00f3is, o a\u00e7a\u00ed ajuda a prevenir doen\u00e7as cr\u00f4nicas e melhora a sa\u00fade do c\u00e9rebro, do cora\u00e7\u00e3o e do sistema imunol\u00f3gico","jnews-multi-image_gallery":[],"jnews_single_post":{"format":"standard"},"jnews_primary_category":[],"jnews_social_meta":[],"jnews_override_counter":[],"footnotes":""},"categories":[4404],"tags":[281,1423,120,1318],"class_list":["post-126022","post","type-post","status-publish","format-standard","has-post-thumbnail","hentry","category-saude","tag-alimentacao","tag-alimentos","tag-bem-estar","tag-saude-2"],"yoast_head":"<!-- This site is optimized with the Yoast SEO plugin v24.6 - https:\/\/yoast.com\/wordpress\/plugins\/seo\/ -->\n<title>Voc\u00ea sabia que o a\u00e7a\u00ed faz mais que dar energia? - Correio Braziliense - Radar<\/title>\n<meta name=\"description\" content=\"Rico em antocianinas e polifen\u00f3is, o a\u00e7a\u00ed ajuda a prevenir doen\u00e7as cr\u00f4nicas e melhora a sa\u00fade do c\u00e9rebro, do cora\u00e7\u00e3o e do sistema imunol\u00f3gico\" \/>\n<meta name=\"robots\" content=\"index, follow, max-snippet:-1, max-image-preview:large, max-video-preview:-1\" \/>\n<link rel=\"canonical\" href=\"https:\/\/www.correiobraziliense.com.br\/cbradar\/voce-sabia-que-o-acai-faz-mais-que-dar-energia\/\" \/>\n<meta property=\"og:locale\" content=\"pt_BR\" \/>\n<meta property=\"og:type\" content=\"article\" \/>\n<meta property=\"og:title\" content=\"Voc\u00ea sabia que o a\u00e7a\u00ed faz mais que dar energia? - Correio Braziliense - Radar\" \/>\n<meta property=\"og:description\" content=\"Rico em antocianinas e polifen\u00f3is, o a\u00e7a\u00ed ajuda a prevenir doen\u00e7as cr\u00f4nicas e melhora a sa\u00fade do c\u00e9rebro, do cora\u00e7\u00e3o e do sistema imunol\u00f3gico\" \/>\n<meta property=\"og:url\" content=\"https:\/\/www.correiobraziliense.com.br\/cbradar\/voce-sabia-que-o-acai-faz-mais-que-dar-energia\/\" \/>\n<meta property=\"og:site_name\" content=\"Correio Braziliense - Radar\" \/>\n<meta property=\"article:published_time\" content=\"2025-10-27T16:15:00+00:00\" \/>\n<meta property=\"og:image\" content=\"https:\/\/www.correiobraziliense.com.br\/cbradar\/wp-content\/uploads\/2025\/10\/acai_1759692173422.jpg\" \/>\n\t<meta property=\"og:image:width\" content=\"1280\" \/>\n\t<meta property=\"og:image:height\" content=\"720\" \/>\n\t<meta property=\"og:image:type\" content=\"image\/jpeg\" \/>\n<meta name=\"author\" content=\"guilherme_saude\" \/>\n<meta name=\"twitter:card\" content=\"summary_large_image\" \/>\n<meta name=\"twitter:label1\" content=\"Escrito por\" \/>\n\t<meta name=\"twitter:data1\" content=\"guilherme_saude\" \/>\n\t<meta name=\"twitter:label2\" content=\"Est. tempo de leitura\" \/>\n\t<meta name=\"twitter:data2\" content=\"5 minutos\" \/>\n<!-- \/ Yoast SEO plugin. -->","yoast_head_json":{"title":"Voc\u00ea sabia que o a\u00e7a\u00ed faz mais que dar energia? - Correio Braziliense - Radar","description":"Rico em antocianinas e polifen\u00f3is, o a\u00e7a\u00ed ajuda a prevenir doen\u00e7as cr\u00f4nicas e melhora a sa\u00fade do c\u00e9rebro, do cora\u00e7\u00e3o e do sistema imunol\u00f3gico","robots":{"index":"index","follow":"follow","max-snippet":"max-snippet:-1","max-image-preview":"max-image-preview:large","max-video-preview":"max-video-preview:-1"},"canonical":"https:\/\/www.correiobraziliense.com.br\/cbradar\/voce-sabia-que-o-acai-faz-mais-que-dar-energia\/","og_locale":"pt_BR","og_type":"article","og_title":"Voc\u00ea sabia que o a\u00e7a\u00ed faz mais que dar energia? - Correio Braziliense - Radar","og_description":"Rico em antocianinas e polifen\u00f3is, o a\u00e7a\u00ed ajuda a prevenir doen\u00e7as cr\u00f4nicas e melhora a sa\u00fade do c\u00e9rebro, do cora\u00e7\u00e3o e do sistema imunol\u00f3gico","og_url":"https:\/\/www.correiobraziliense.com.br\/cbradar\/voce-sabia-que-o-acai-faz-mais-que-dar-energia\/","og_site_name":"Correio Braziliense - Radar","article_published_time":"2025-10-27T16:15:00+00:00","og_image":[{"width":1280,"height":720,"url":"https:\/\/www.correiobraziliense.com.br\/cbradar\/wp-content\/uploads\/2025\/10\/acai_1759692173422.jpg","type":"image\/jpeg"}],"author":"guilherme_saude","twitter_card":"summary_large_image","twitter_misc":{"Escrito por":"guilherme_saude","Est. tempo de leitura":"5 minutos"},"schema":{"@context":"https:\/\/schema.org","@graph":[{"@type":"WebPage","@id":"https:\/\/www.correiobraziliense.com.br\/cbradar\/voce-sabia-que-o-acai-faz-mais-que-dar-energia\/","url":"https:\/\/www.correiobraziliense.com.br\/cbradar\/voce-sabia-que-o-acai-faz-mais-que-dar-energia\/","name":"Voc\u00ea sabia que o a\u00e7a\u00ed faz mais que dar energia? - Correio Braziliense - Radar","isPartOf":{"@id":"https:\/\/www.correiobraziliense.com.br\/cbradar\/#website"},"primaryImageOfPage":{"@id":"https:\/\/www.correiobraziliense.com.br\/cbradar\/voce-sabia-que-o-acai-faz-mais-que-dar-energia\/#primaryimage"},"image":{"@id":"https:\/\/www.correiobraziliense.com.br\/cbradar\/voce-sabia-que-o-acai-faz-mais-que-dar-energia\/#primaryimage"},"thumbnailUrl":"https:\/\/www.correiobraziliense.com.br\/cbradar\/wp-content\/uploads\/2025\/10\/acai_1759692173422.jpg","datePublished":"2025-10-27T16:15:00+00:00","author":{"@id":"https:\/\/www.correiobraziliense.com.br\/cbradar\/#\/schema\/person\/5aa4bf3c8fa699c267933611de12978b"},"description":"Rico em antocianinas e polifen\u00f3is, o a\u00e7a\u00ed ajuda a prevenir doen\u00e7as cr\u00f4nicas e melhora a sa\u00fade do c\u00e9rebro, do cora\u00e7\u00e3o e do sistema imunol\u00f3gico","breadcrumb":{"@id":"https:\/\/www.correiobraziliense.com.br\/cbradar\/voce-sabia-que-o-acai-faz-mais-que-dar-energia\/#breadcrumb"},"inLanguage":"pt-BR","potentialAction":[{"@type":"ReadAction","target":["https:\/\/www.correiobraziliense.com.br\/cbradar\/voce-sabia-que-o-acai-faz-mais-que-dar-energia\/"]}]},{"@type":"ImageObject","inLanguage":"pt-BR","@id":"https:\/\/www.correiobraziliense.com.br\/cbradar\/voce-sabia-que-o-acai-faz-mais-que-dar-energia\/#primaryimage","url":"https:\/\/www.correiobraziliense.com.br\/cbradar\/wp-content\/uploads\/2025\/10\/acai_1759692173422.jpg","contentUrl":"https:\/\/www.correiobraziliense.com.br\/cbradar\/wp-content\/uploads\/2025\/10\/acai_1759692173422.jpg","width":1280,"height":720,"caption":"Por que esses alimentos ganharam fama de supernutritivos- Cr\u00e9ditos: depositphotos.com \/ MKPK"},{"@type":"BreadcrumbList","@id":"https:\/\/www.correiobraziliense.com.br\/cbradar\/voce-sabia-que-o-acai-faz-mais-que-dar-energia\/#breadcrumb","itemListElement":[{"@type":"ListItem","position":1,"name":"In\u00edcio","item":"https:\/\/www.correiobraziliense.com.br\/cbradar\/"},{"@type":"ListItem","position":2,"name":"Voc\u00ea sabia que o a\u00e7a\u00ed faz mais que dar energia?"}]},{"@type":"WebSite","@id":"https:\/\/www.correiobraziliense.com.br\/cbradar\/#website","url":"https:\/\/www.correiobraziliense.com.br\/cbradar\/","name":"Correio Braziliense - Radar","description":"Acompanhe as \u00faltimas not\u00edcias e fique bem informado sobre tudo o que acontece no Brasil e no mundo.","potentialAction":[{"@type":"SearchAction","target":{"@type":"EntryPoint","urlTemplate":"https:\/\/www.correiobraziliense.com.br\/cbradar\/?s={search_term_string}"},"query-input":{"@type":"PropertyValueSpecification","valueRequired":true,"valueName":"search_term_string"}}],"inLanguage":"pt-BR"},{"@type":"Person","@id":"https:\/\/www.correiobraziliense.com.br\/cbradar\/#\/schema\/person\/5aa4bf3c8fa699c267933611de12978b","name":"guilherme_saude","image":{"@type":"ImageObject","inLanguage":"pt-BR","@id":"https:\/\/www.correiobraziliense.com.br\/cbradar\/#\/schema\/person\/image\/","url":"https:\/\/secure.gravatar.com\/avatar\/df9adfb835d344bc0af109d41756253f?s=96&d=mm&r=g","contentUrl":"https:\/\/secure.gravatar.com\/avatar\/df9adfb835d344bc0af109d41756253f?s=96&d=mm&r=g","caption":"guilherme_saude"},"url":"https:\/\/www.correiobraziliense.com.br\/cbradar\/author\/guilherme_saude\/"}]}},"_links":{"self":[{"href":"https:\/\/www.correiobraziliense.com.br\/cbradar\/wp-json\/wp\/v2\/posts\/126022","targetHints":{"allow":["GET"]}}],"collection":[{"href":"https:\/\/www.correiobraziliense.com.br\/cbradar\/wp-json\/wp\/v2\/posts"}],"about":[{"href":"https:\/\/www.correiobraziliense.com.br\/cbradar\/wp-json\/wp\/v2\/types\/post"}],"author":[{"embeddable":true,"href":"https:\/\/www.correiobraziliense.com.br\/cbradar\/wp-json\/wp\/v2\/users\/14"}],"replies":[{"embeddable":true,"href":"https:\/\/www.correiobraziliense.com.br\/cbradar\/wp-json\/wp\/v2\/comments?post=126022"}],"version-history":[{"count":1,"href":"https:\/\/www.correiobraziliense.com.br\/cbradar\/wp-json\/wp\/v2\/posts\/126022\/revisions"}],"predecessor-version":[{"id":126026,"href":"https:\/\/www.correiobraziliense.com.br\/cbradar\/wp-json\/wp\/v2\/posts\/126022\/revisions\/126026"}],"wp:featuredmedia":[{"embeddable":true,"href":"https:\/\/www.correiobraziliense.com.br\/cbradar\/wp-json\/wp\/v2\/media\/114434"}],"wp:attachment":[{"href":"https:\/\/www.correiobraziliense.com.br\/cbradar\/wp-json\/wp\/v2\/media?parent=126022"}],"wp:term":[{"taxonomy":"category","embeddable":true,"href":"https:\/\/www.correiobraziliense.com.br\/cbradar\/wp-json\/wp\/v2\/categories?post=126022"},{"taxonomy":"post_tag","embeddable":true,"href":"https:\/\/www.correiobraziliense.com.br\/cbradar\/wp-json\/wp\/v2\/tags?post=126022"}],"curies":[{"name":"wp","href":"https:\/\/api.w.org\/{rel}","templated":true}]}}