{"id":126028,"date":"2025-10-27T17:15:00","date_gmt":"2025-10-27T20:15:00","guid":{"rendered":"https:\/\/www.correiobraziliense.com.br\/cbradar\/?p=126028"},"modified":"2025-10-26T19:26:57","modified_gmt":"2025-10-26T22:26:57","slug":"3-plantas-que-combatem-a-depressao-com-eficacia-cientifica","status":"publish","type":"post","link":"https:\/\/www.correiobraziliense.com.br\/cbradar\/3-plantas-que-combatem-a-depressao-com-eficacia-cientifica\/","title":{"rendered":"3 plantas que combatem a depress\u00e3o com efic\u00e1cia cient\u00edfica"},"content":{"rendered":"\n<p>A <strong>Depress\u00e3o <\/strong>\u00e9 um dist\u00farbio psicol\u00f3gico complexo que afeta milh\u00f5es de pessoas em todo o mundo. Embora as terapias tradicionais, como medicamentos e psicoterapia, sejam amplamente utilizadas, h\u00e1 um aumento no interesse por tratamentos alternativos, como a fitoterapia. Cada vez mais, plantas como a erva-de-s\u00e3o-jo\u00e3o, o a\u00e7afr\u00e3o e a ashwagandha ganham destaque por seus potenciais efeitos antidepressivos, sendo alvos de pesquisas cient\u00edficas que investigam seus mecanismos de a\u00e7\u00e3o.<\/p>\n\n\n\n<p>As terapias baseadas em plantas proporcionam uma op\u00e7\u00e3o natural que pode complementar os tratamentos convencionais, especialmente em casos leves a moderados de depress\u00e3o. Com compostos que atuam no sistema nervoso, essas plantas oferecem benef\u00edcios potenciais significativos, frequentemente associados a menos efeitos colaterais em compara\u00e7\u00e3o aos antidepressivos sint\u00e9ticos.<\/p>\n\n\n\n<h2 class=\"wp-block-heading\">Como a Erva-de-S\u00e3o-Jo\u00e3o auxilia no tratamento da Depress\u00e3o?<\/h2>\n\n\n\n<p>A erva-de-s\u00e3o-jo\u00e3o (Hypericum perforatum) \u00e9 uma das mais estudadas por seus efeitos potenciais no al\u00edvio da depress\u00e3o. Seus componentes ativos, como a hipericina e a hiperforina, s\u00e3o conhecidos por inibir a recapta\u00e7\u00e3o de neurotransmissores importantes como a serotonina, dopamina e noradrenalina. Este mecanismo \u00e9 similar ao de muitos medicamentos antidepressivos, e pesquisas mostram que sua efic\u00e1cia pode ser compar\u00e1vel, especialmente em depress\u00e3o leve a moderada, com o benef\u00edcio adicional de menores efeitos colaterais.<\/p>\n\n\n\n<p>Estudos evidenciam que essas subst\u00e2ncias exercem um efeito antidepressivo eficiente, proporcionando uma alternativa vi\u00e1vel e mais acess\u00edvel para muitos pacientes. No entanto, \u00e9 crucial a orienta\u00e7\u00e3o m\u00e9dica para evitar intera\u00e7\u00f5es medicamentosas, especialmente em tratamentos que incluem outros antidepressivos sint\u00e9ticos.<\/p>\n\n\n<div class=\"wp-block-image\">\n<figure class=\"aligncenter size-large\"><img decoding=\"async\" width=\"1024\" height=\"576\" src=\"https:\/\/www.correiobraziliense.com.br\/cbradar\/wp-content\/uploads\/2025\/07\/Antidepressivos-_1753990301787-1024x576.jpg\" alt=\"\" class=\"wp-image-78534\" srcset=\"https:\/\/www.correiobraziliense.com.br\/cbradar\/wp-content\/uploads\/2025\/07\/Antidepressivos-_1753990301787-1024x576.jpg 1024w, https:\/\/www.correiobraziliense.com.br\/cbradar\/wp-content\/uploads\/2025\/07\/Antidepressivos-_1753990301787-300x169.jpg 300w, https:\/\/www.correiobraziliense.com.br\/cbradar\/wp-content\/uploads\/2025\/07\/Antidepressivos-_1753990301787-768x432.jpg 768w, https:\/\/www.correiobraziliense.com.br\/cbradar\/wp-content\/uploads\/2025\/07\/Antidepressivos-_1753990301787-750x422.jpg 750w, https:\/\/www.correiobraziliense.com.br\/cbradar\/wp-content\/uploads\/2025\/07\/Antidepressivos-_1753990301787-1140x641.jpg 1140w, https:\/\/www.correiobraziliense.com.br\/cbradar\/wp-content\/uploads\/2025\/07\/Antidepressivos-_1753990301787.jpg 1280w\" sizes=\"(max-width: 1024px) 100vw, 1024px\" \/><figcaption class=\"wp-element-caption\">Antidepressivos &#8211; Cr\u00e9ditos: depositphotos.com \/ djedzura<\/figcaption><\/figure><\/div>\n\n\n<h2 class=\"wp-block-heading\">A especiaria a\u00e7afr\u00e3o \u00e9 um potente antidepressivo natural?<\/h2>\n\n\n\n<p>O a\u00e7afr\u00e3o (Crocus sativus) \u00e9 uma especiaria que, al\u00e9m de valorizada na culin\u00e1ria, tem revelado propriedades significativas na sa\u00fade mental. Composto principalmente por crocina e safranal, o a\u00e7afr\u00e3o tem demonstrado capacidades antidepressivas e ansiol\u00edticas. Estes compostos bioativos parecem atuar na modula\u00e7\u00e3o dos neurotransmissores e na prote\u00e7\u00e3o contra o estresse oxidativo no c\u00e9rebro.<\/p>\n\n\n\n<p>Pesquisas cl\u00ednicas indicam que o a\u00e7afr\u00e3o pode ser t\u00e3o eficaz quanto alguns antidepressivos convencionais, apresentando menos efeitos adversos. Isso o torna uma op\u00e7\u00e3o promissora para o tratamento da depress\u00e3o leve. N\u00e3o obstante, seu uso deve ser acompanhando de supervis\u00e3o m\u00e9dica para assegurar um tratamento seguro e eficaz.<\/p>\n\n\n\n<h2 class=\"wp-block-heading\">Ashwagandha: como este adapt\u00f3geno combate o estresse?<\/h2>\n\n\n\n<p>A ashwagandha (Withania somnifera) \u00e9 considerada uma planta adapt\u00f3gena, ou seja, ela ajuda o corpo a lidar com estresse f\u00edsico e mental. Seus princ\u00edpios ativos, os withanolides, s\u00e3o eficazes na redu\u00e7\u00e3o dos n\u00edveis de cortisol, o horm\u00f4nio do estresse, al\u00e9m de modularem neurotransmissores como a serotonina.<\/p>\n\n\n\n<p>Essa planta tem ganhado aten\u00e7\u00e3o por sua capacidade de restaurar o equil\u00edbrio do organismo, reduzindo sintomas de ansiedade que frequentemente acompanham a depress\u00e3o. Estudos corroboram seu efeito positivo na melhora do bem-estar mental, destacando-a como uma alternativa natural vi\u00e1vel em tratamentos complementares para a <a href=\"https:\/\/www.correiobraziliense.com.br\/cbradar\/crises-epilepticas-sem-controle-entenda-os-sinais\/\" target=\"_blank\" rel=\"noreferrer noopener\">sa\u00fade <\/a>mental.<\/p>\n\n\n\n<h2 class=\"wp-block-heading\">Qual a import\u00e2ncia da orienta\u00e7\u00e3o profissional na fitoterapia?<\/h2>\n\n\n\n<p>Apesar do potencial promissor das plantas medicinais no tratamento da depress\u00e3o, \u00e9 essencial que qualquer novo tratamento seja discutido com um profissional de sa\u00fade. A avalia\u00e7\u00e3o m\u00e9dica \u00e9 crucial, especialmente para evitar intera\u00e7\u00f5es medicamentosas e garantir a seguran\u00e7a do tratamento, principalmente em casos de depress\u00e3o grave.<\/p>\n\n\n\n<p>Al\u00e9m disso, embora a fitoterapia traga muitos benef\u00edcios, ela deve ser vista como uma parte de um plano de tratamento mais amplo, que inclui abordagens convencionais e integrativas, sempre com base em evid\u00eancias cient\u00edficas s\u00f3lidas. A busca constante por novas terapias confirma a import\u00e2ncia e o potencial das plantas medicinais na melhora do bem-estar mental.<\/p>\n\n\n<a href=\"https:\/\/www.instagram.com\/dra.annaluisabf\/\" target=\"_blank\" rel=\"noopener\" style=\"text-decoration: none; color: inherit;\">\n    <span style=\"display: inline-block; border: 1px solid #ccc; border-radius: 10px; padding: 15px; max-width: 550px; font-family: sans-serif; box-shadow: 0 2px 5px rgba(0,0,0,0.1); width: 100%;\">\n\n      <!-- T\u00edtulo -->\n      <span style=\"display: block; margin: 0 0 15px 0; font-weight: bold; color: #2c3e50; text-align: center;\">\n        Entre em contato:\n      <\/span>\n\n      <!-- Linha do perfil -->\n      <span style=\"display: flex; align-items: center; gap: 15px;\">\n        <img decoding=\"async\"\n          src=\"https:\/\/www.correiobraziliense.com.br\/cbradar\/wp-content\/uploads\/2025\/08\/dra_anna_luisa.jpeg\"\n          alt=\"Foto da Dra. Anna Lu\u00edsa\"\n          style=\"border-radius: 50%; width: 80px; height: 80px; object-fit: cover;\"\n        \/>\n        <span style=\"display: flex; flex-direction: column;\">\n          <span style=\"font-size: 18px; font-weight: 700; color: #2c3e50;\">Dra. Anna Lu\u00edsa Barbosa Fernandes<\/span>\n          <span style=\"color: #555;\">CRM-GO 33.271<\/span>\n        <\/span>\n      <\/span>\n\n      <!-- Redes -->\n      <span style=\"display: flex; align-items: center; gap: 10px; margin-top: 12px;\">\n        <img decoding=\"async\" src=\"https:\/\/cdn-icons-png.flaticon.com\/24\/1384\/1384063.png\" alt=\"Instagram\" width=\"24\" height=\"24\" \/>\n        <span style=\"text-decoration: underline; color: #2c3e50;\">@dra.annaluisabf<\/span>\n      <\/span>\n\n    <\/span>\n  <\/a>","protected":false},"excerpt":{"rendered":"<p>A Depress\u00e3o \u00e9 um dist\u00farbio psicol\u00f3gico complexo que afeta milh\u00f5es de pessoas em todo o mundo. Embora as terapias tradicionais, como medicamentos e psicoterapia, sejam amplamente utilizadas, h\u00e1 um aumento no interesse por tratamentos alternativos, como a fitoterapia. Cada vez mais, plantas como a erva-de-s\u00e3o-jo\u00e3o, o a\u00e7afr\u00e3o e a ashwagandha ganham destaque por seus potenciais [&hellip;]<\/p>\n","protected":false},"author":14,"featured_media":43897,"comment_status":"open","ping_status":"open","sticky":false,"template":"","format":"standard","meta":{"_yoast_wpseo_focuskw":"Depress\u00e3o","_yoast_wpseo_title":"","_yoast_wpseo_metadesc":"Descubra 3 plantas medicinais com a\u00e7\u00e3o antidepressiva natural e promissora. Uma delas j\u00e1 \u00e9 t\u00e3o eficaz quanto rem\u00e9dios tradicionais","jnews-multi-image_gallery":[],"jnews_single_post":{"format":"standard"},"jnews_primary_category":[],"jnews_social_meta":[],"jnews_override_counter":[],"footnotes":""},"categories":[4404],"post_tag":[120,404,1318],"class_list":["post-126028","post","type-post","status-publish","format-standard","has-post-thumbnail","hentry","category-saude","tag-bem-estar","tag-psicologia","tag-saude-2"],"yoast_head":"<!-- This site is optimized with the Yoast SEO plugin v24.6 - https:\/\/yoast.com\/wordpress\/plugins\/seo\/ -->\n<title>3 plantas que combatem a depress\u00e3o com efic\u00e1cia cient\u00edfica - Correio Braziliense - Radar<\/title>\n<meta name=\"description\" content=\"Descubra 3 plantas medicinais com a\u00e7\u00e3o antidepressiva natural e promissora. Uma delas j\u00e1 \u00e9 t\u00e3o eficaz quanto rem\u00e9dios tradicionais\" \/>\n<meta name=\"robots\" content=\"index, follow, max-snippet:-1, max-image-preview:large, max-video-preview:-1\" \/>\n<link rel=\"canonical\" href=\"https:\/\/www.correiobraziliense.com.br\/cbradar\/3-plantas-que-combatem-a-depressao-com-eficacia-cientifica\/\" \/>\n<meta property=\"og:locale\" content=\"pt_BR\" \/>\n<meta property=\"og:type\" content=\"article\" \/>\n<meta property=\"og:title\" content=\"3 plantas que combatem a depress\u00e3o com efic\u00e1cia cient\u00edfica - Correio Braziliense - Radar\" \/>\n<meta property=\"og:description\" content=\"Descubra 3 plantas medicinais com a\u00e7\u00e3o antidepressiva natural e promissora. Uma delas j\u00e1 \u00e9 t\u00e3o eficaz quanto rem\u00e9dios tradicionais\" \/>\n<meta property=\"og:url\" content=\"https:\/\/www.correiobraziliense.com.br\/cbradar\/3-plantas-que-combatem-a-depressao-com-eficacia-cientifica\/\" \/>\n<meta property=\"og:site_name\" content=\"Correio Braziliense - Radar\" \/>\n<meta property=\"article:published_time\" content=\"2025-10-27T20:15:00+00:00\" \/>\n<meta property=\"og:image\" content=\"https:\/\/www.correiobraziliense.com.br\/cbradar\/wp-content\/uploads\/2025\/05\/depressao_1748393572236.jpg\" \/>\n\t<meta property=\"og:image:width\" content=\"1280\" \/>\n\t<meta property=\"og:image:height\" content=\"720\" \/>\n\t<meta property=\"og:image:type\" content=\"image\/jpeg\" \/>\n<meta name=\"author\" content=\"guilherme_saude\" \/>\n<meta name=\"twitter:card\" content=\"summary_large_image\" \/>\n<meta name=\"twitter:label1\" content=\"Escrito por\" \/>\n\t<meta name=\"twitter:data1\" content=\"guilherme_saude\" \/>\n\t<meta name=\"twitter:label2\" content=\"Est. tempo de leitura\" \/>\n\t<meta name=\"twitter:data2\" content=\"4 minutos\" \/>\n<!-- \/ Yoast SEO plugin. -->","yoast_head_json":{"title":"3 plantas que combatem a depress\u00e3o com efic\u00e1cia cient\u00edfica - Correio Braziliense - Radar","description":"Descubra 3 plantas medicinais com a\u00e7\u00e3o antidepressiva natural e promissora. Uma delas j\u00e1 \u00e9 t\u00e3o eficaz quanto rem\u00e9dios tradicionais","robots":{"index":"index","follow":"follow","max-snippet":"max-snippet:-1","max-image-preview":"max-image-preview:large","max-video-preview":"max-video-preview:-1"},"canonical":"https:\/\/www.correiobraziliense.com.br\/cbradar\/3-plantas-que-combatem-a-depressao-com-eficacia-cientifica\/","og_locale":"pt_BR","og_type":"article","og_title":"3 plantas que combatem a depress\u00e3o com efic\u00e1cia cient\u00edfica - Correio Braziliense - Radar","og_description":"Descubra 3 plantas medicinais com a\u00e7\u00e3o antidepressiva natural e promissora. Uma delas j\u00e1 \u00e9 t\u00e3o eficaz quanto rem\u00e9dios tradicionais","og_url":"https:\/\/www.correiobraziliense.com.br\/cbradar\/3-plantas-que-combatem-a-depressao-com-eficacia-cientifica\/","og_site_name":"Correio Braziliense - Radar","article_published_time":"2025-10-27T20:15:00+00:00","og_image":[{"width":1280,"height":720,"url":"https:\/\/www.correiobraziliense.com.br\/cbradar\/wp-content\/uploads\/2025\/05\/depressao_1748393572236.jpg","type":"image\/jpeg"}],"author":"guilherme_saude","twitter_card":"summary_large_image","twitter_misc":{"Escrito por":"guilherme_saude","Est. tempo de leitura":"4 minutos"},"schema":{"@context":"https:\/\/schema.org","@graph":[{"@type":"WebPage","@id":"https:\/\/www.correiobraziliense.com.br\/cbradar\/3-plantas-que-combatem-a-depressao-com-eficacia-cientifica\/","url":"https:\/\/www.correiobraziliense.com.br\/cbradar\/3-plantas-que-combatem-a-depressao-com-eficacia-cientifica\/","name":"3 plantas que combatem a depress\u00e3o com efic\u00e1cia cient\u00edfica - Correio Braziliense - Radar","isPartOf":{"@id":"https:\/\/www.correiobraziliense.com.br\/cbradar\/#website"},"primaryImageOfPage":{"@id":"https:\/\/www.correiobraziliense.com.br\/cbradar\/3-plantas-que-combatem-a-depressao-com-eficacia-cientifica\/#primaryimage"},"image":{"@id":"https:\/\/www.correiobraziliense.com.br\/cbradar\/3-plantas-que-combatem-a-depressao-com-eficacia-cientifica\/#primaryimage"},"thumbnailUrl":"https:\/\/www.correiobraziliense.com.br\/cbradar\/wp-content\/uploads\/2025\/05\/depressao_1748393572236.jpg","datePublished":"2025-10-27T20:15:00+00:00","author":{"@id":"https:\/\/www.correiobraziliense.com.br\/cbradar\/#\/schema\/person\/5aa4bf3c8fa699c267933611de12978b"},"description":"Descubra 3 plantas medicinais com a\u00e7\u00e3o antidepressiva natural e promissora. Uma delas j\u00e1 \u00e9 t\u00e3o eficaz quanto rem\u00e9dios tradicionais","breadcrumb":{"@id":"https:\/\/www.correiobraziliense.com.br\/cbradar\/3-plantas-que-combatem-a-depressao-com-eficacia-cientifica\/#breadcrumb"},"inLanguage":"pt-BR","potentialAction":[{"@type":"ReadAction","target":["https:\/\/www.correiobraziliense.com.br\/cbradar\/3-plantas-que-combatem-a-depressao-com-eficacia-cientifica\/"]}]},{"@type":"ImageObject","inLanguage":"pt-BR","@id":"https:\/\/www.correiobraziliense.com.br\/cbradar\/3-plantas-que-combatem-a-depressao-com-eficacia-cientifica\/#primaryimage","url":"https:\/\/www.correiobraziliense.com.br\/cbradar\/wp-content\/uploads\/2025\/05\/depressao_1748393572236.jpg","contentUrl":"https:\/\/www.correiobraziliense.com.br\/cbradar\/wp-content\/uploads\/2025\/05\/depressao_1748393572236.jpg","width":1280,"height":720,"caption":"Depress\u00e3o- Cr\u00e9ditos: depositphotos.com \/ kwest"},{"@type":"BreadcrumbList","@id":"https:\/\/www.correiobraziliense.com.br\/cbradar\/3-plantas-que-combatem-a-depressao-com-eficacia-cientifica\/#breadcrumb","itemListElement":[{"@type":"ListItem","position":1,"name":"In\u00edcio","item":"https:\/\/www.correiobraziliense.com.br\/cbradar\/"},{"@type":"ListItem","position":2,"name":"3 plantas que combatem a depress\u00e3o com efic\u00e1cia cient\u00edfica"}]},{"@type":"WebSite","@id":"https:\/\/www.correiobraziliense.com.br\/cbradar\/#website","url":"https:\/\/www.correiobraziliense.com.br\/cbradar\/","name":"Correio Braziliense - Radar","description":"Acompanhe as \u00faltimas not\u00edcias e fique bem informado sobre tudo o que acontece no Brasil e no mundo.","potentialAction":[{"@type":"SearchAction","target":{"@type":"EntryPoint","urlTemplate":"https:\/\/www.correiobraziliense.com.br\/cbradar\/?s={search_term_string}"},"query-input":{"@type":"PropertyValueSpecification","valueRequired":true,"valueName":"search_term_string"}}],"inLanguage":"pt-BR"},{"@type":"Person","@id":"https:\/\/www.correiobraziliense.com.br\/cbradar\/#\/schema\/person\/5aa4bf3c8fa699c267933611de12978b","name":"guilherme_saude","image":{"@type":"ImageObject","inLanguage":"pt-BR","@id":"https:\/\/www.correiobraziliense.com.br\/cbradar\/#\/schema\/person\/image\/","url":"https:\/\/secure.gravatar.com\/avatar\/df9adfb835d344bc0af109d41756253f?s=96&d=mm&r=g","contentUrl":"https:\/\/secure.gravatar.com\/avatar\/df9adfb835d344bc0af109d41756253f?s=96&d=mm&r=g","caption":"guilherme_saude"},"url":"https:\/\/www.correiobraziliense.com.br\/cbradar\/author\/guilherme_saude\/"}]}},"_links":{"self":[{"href":"https:\/\/www.correiobraziliense.com.br\/cbradar\/wp-json\/wp\/v2\/posts\/126028","targetHints":{"allow":["GET"]}}],"collection":[{"href":"https:\/\/www.correiobraziliense.com.br\/cbradar\/wp-json\/wp\/v2\/posts"}],"about":[{"href":"https:\/\/www.correiobraziliense.com.br\/cbradar\/wp-json\/wp\/v2\/types\/post"}],"author":[{"embeddable":true,"href":"https:\/\/www.correiobraziliense.com.br\/cbradar\/wp-json\/wp\/v2\/users\/14"}],"replies":[{"embeddable":true,"href":"https:\/\/www.correiobraziliense.com.br\/cbradar\/wp-json\/wp\/v2\/comments?post=126028"}],"version-history":[{"count":1,"href":"https:\/\/www.correiobraziliense.com.br\/cbradar\/wp-json\/wp\/v2\/posts\/126028\/revisions"}],"predecessor-version":[{"id":126034,"href":"https:\/\/www.correiobraziliense.com.br\/cbradar\/wp-json\/wp\/v2\/posts\/126028\/revisions\/126034"}],"wp:featuredmedia":[{"embeddable":true,"href":"https:\/\/www.correiobraziliense.com.br\/cbradar\/wp-json\/wp\/v2\/media\/43897"}],"wp:attachment":[{"href":"https:\/\/www.correiobraziliense.com.br\/cbradar\/wp-json\/wp\/v2\/media?parent=126028"}],"wp:term":[{"taxonomy":"category","embeddable":true,"href":"https:\/\/www.correiobraziliense.com.br\/cbradar\/wp-json\/wp\/v2\/categories?post=126028"},{"taxonomy":"post_tag","embeddable":true,"href":"https:\/\/www.correiobraziliense.com.br\/cbradar\/wp-json\/wp\/v2\/post_tag?post=126028"}],"curies":[{"name":"wp","href":"https:\/\/api.w.org\/{rel}","templated":true}]}}