{"id":126036,"date":"2025-10-27T18:25:00","date_gmt":"2025-10-27T21:25:00","guid":{"rendered":"https:\/\/www.correiobraziliense.com.br\/cbradar\/?p=126036"},"modified":"2025-10-26T19:32:08","modified_gmt":"2025-10-26T22:32:08","slug":"3-bebidas-naturais-que-fortalecem-seu-figado","status":"publish","type":"post","link":"https:\/\/www.correiobraziliense.com.br\/cbradar\/3-bebidas-naturais-que-fortalecem-seu-figado\/","title":{"rendered":"3 bebidas naturais que fortalecem seu f\u00edgado"},"content":{"rendered":"\n<p>O <strong>F\u00edgado <\/strong>desempenha um papel fundamental no funcionamento humano, sendo essencial em in\u00fameras fun\u00e7\u00f5es metab\u00f3licas e processos de desintoxica\u00e7\u00e3o. A manuten\u00e7\u00e3o da sa\u00fade hep\u00e1tica pode ser potencializada com a ajuda de bebidas naturais, simples de integrar \u00e0 dieta di\u00e1ria. Entre elas, o ch\u00e1 verde, o suco de beterraba e o caf\u00e9 destacam-se por oferecerem significativos benef\u00edcios ao F\u00edgado, conforme diversas pesquisas apontam.<\/p>\n\n\n\n<h2 class=\"wp-block-heading\">Qual a rela\u00e7\u00e3o entre o ch\u00e1 verde e a sa\u00fade hep\u00e1tica?<\/h2>\n\n\n\n<p>O ch\u00e1 verde possui compostos bioativos que est\u00e3o associados \u00e0 prote\u00e7\u00e3o do F\u00edgado. Estudos apontam que ele pode reduzir o risco de doen\u00e7as hep\u00e1ticas, como a cirrose. Ao consumir essa bebida regularmente, \u00e9 poss\u00edvel aproveitar seus altos n\u00edveis de antioxidantes que combatem inflama\u00e7\u00f5es e o estresse oxidativo, fatores que comprometem a <a href=\"https:\/\/www.correiobraziliense.com.br\/cbradar\/crises-epilepticas-sem-controle-entenda-os-sinais\/\" target=\"_blank\" rel=\"noreferrer noopener\">sa\u00fade <\/a>hep\u00e1tica. Incorporar o ch\u00e1 verde em sua dieta pode ser um passo importante para a prote\u00e7\u00e3o do F\u00edgado.<\/p>\n\n\n\n<h2 class=\"wp-block-heading\">Como o suco de beterraba contribui para asa\u00fade do F\u00edgado?<\/h2>\n\n\n\n<p>Rico em nutrientes como pot\u00e1ssio e vitamina C, o suco de beterraba \u00e9 um poderoso aliado na manuten\u00e7\u00e3o do bem-estar do F\u00edgado. Estudos destacam seus antioxidantes naturais que t\u00eam a capacidade de proteger contra danos e inflama\u00e7\u00f5es. Essa bebida \u00e9 recomendada como parte de uma alimenta\u00e7\u00e3o equilibrada para aqueles que desejam fortalecer a sa\u00fade hep\u00e1tica e prevenir doen\u00e7as metab\u00f3licas.<\/p>\n\n\n\n<h2 class=\"wp-block-heading\">Caf\u00e9: um aliado inesperado para o F\u00edgado?<\/h2>\n\n\n\n<p>O caf\u00e9, quando consumido de forma moderada, \u00e9 reconhecido por seus efeitos positivos na sa\u00fade do F\u00edgado. Pesquisas indicam que de 3 a 4 x\u00edcaras di\u00e1rias podem contribuir para a redu\u00e7\u00e3o do risco de doen\u00e7as hep\u00e1ticas, incluindo a cirrose. Al\u00e9m disso, o caf\u00e9 pode auxiliar na diminui\u00e7\u00e3o do ac\u00famulo de gordura no F\u00edgado, combatendo a esteatose hep\u00e1tica n\u00e3o alco\u00f3lica. \u00c9 importante, no entanto, moderar seu consumo para aproveitar essas vantagens sem incorrer em efeitos adversos.<\/p>\n\n\n\n<h2 class=\"wp-block-heading\">Quais cuidados tomar para garantir a sa\u00fade hep\u00e1tica?<\/h2>\n\n\n\n<p>A manuten\u00e7\u00e3o da sa\u00fade do F\u00edgado n\u00e3o depende apenas do consumo de bebidas ben\u00e9ficas, mas tamb\u00e9m de uma alimenta\u00e7\u00e3o equilibrada e h\u00e1bitos saud\u00e1veis. Evitar o consumo excessivo de \u00e1lcool, alimentos ultraprocessados e a\u00e7\u00facares adicionados \u00e9 fundamental. Al\u00e9m disso, integrar o ch\u00e1 verde, o suco de beterraba e o caf\u00e9 na alimenta\u00e7\u00e3o di\u00e1ria pode potencializar a prote\u00e7\u00e3o do F\u00edgado, com o cuidado de sempre consultar um profissional antes de qualquer mudan\u00e7a significativa na dieta.<\/p>\n\n\n\n<p>O cuidado com o F\u00edgado \u00e9 essencial para o bem-estar geral do organismo. Adotar pr\u00e1ticas alimentares saud\u00e1veis e incluir bebidas naturais que favorecem a sa\u00fade hep\u00e1tica contribui para a preven\u00e7\u00e3o de doen\u00e7as e para um funcionamento corporal otimizado. Essas simples altera\u00e7\u00f5es na rotina podem ter um impacto profundo e positivo na sa\u00fade a longo prazo.<\/p>\n\n\n<a href=\"https:\/\/www.instagram.com\/dra.annaluisabf\/\" target=\"_blank\" rel=\"noopener\" style=\"text-decoration: none; color: inherit;\">\n    <span style=\"display: inline-block; border: 1px solid #ccc; border-radius: 10px; padding: 15px; max-width: 550px; font-family: sans-serif; box-shadow: 0 2px 5px rgba(0,0,0,0.1); width: 100%;\">\n\n      <!-- T\u00edtulo -->\n      <span style=\"display: block; margin: 0 0 15px 0; font-weight: bold; color: #2c3e50; text-align: center;\">\n        Entre em contato:\n      <\/span>\n\n      <!-- Linha do perfil -->\n      <span style=\"display: flex; align-items: center; gap: 15px;\">\n        <img decoding=\"async\"\n          src=\"https:\/\/www.correiobraziliense.com.br\/cbradar\/wp-content\/uploads\/2025\/08\/dra_anna_luisa.jpeg\"\n          alt=\"Foto da Dra. Anna Lu\u00edsa\"\n          style=\"border-radius: 50%; width: 80px; height: 80px; object-fit: cover;\"\n        \/>\n        <span style=\"display: flex; flex-direction: column;\">\n          <span style=\"font-size: 18px; font-weight: 700; color: #2c3e50;\">Dra. Anna Lu\u00edsa Barbosa Fernandes<\/span>\n          <span style=\"color: #555;\">CRM-GO 33.271<\/span>\n        <\/span>\n      <\/span>\n\n      <!-- Redes -->\n      <span style=\"display: flex; align-items: center; gap: 10px; margin-top: 12px;\">\n        <img decoding=\"async\" src=\"https:\/\/cdn-icons-png.flaticon.com\/24\/1384\/1384063.png\" alt=\"Instagram\" width=\"24\" height=\"24\" \/>\n        <span style=\"text-decoration: underline; color: #2c3e50;\">@dra.annaluisabf<\/span>\n      <\/span>\n\n    <\/span>\n  <\/a>","protected":false},"excerpt":{"rendered":"<p>O F\u00edgado desempenha um papel fundamental no funcionamento humano, sendo essencial em in\u00fameras fun\u00e7\u00f5es metab\u00f3licas e processos de desintoxica\u00e7\u00e3o. A manuten\u00e7\u00e3o da sa\u00fade hep\u00e1tica pode ser potencializada com a ajuda de bebidas naturais, simples de integrar \u00e0 dieta di\u00e1ria. Entre elas, o ch\u00e1 verde, o suco de beterraba e o caf\u00e9 destacam-se por oferecerem significativos [&hellip;]<\/p>\n","protected":false},"author":14,"featured_media":0,"comment_status":"open","ping_status":"open","sticky":false,"template":"","format":"standard","meta":{"_yoast_wpseo_focuskw":"F\u00edgado","_yoast_wpseo_title":"","_yoast_wpseo_metadesc":"Fortale\u00e7a seu f\u00edgado com bebidas naturais que combatem inflama\u00e7\u00f5es e gordura hep\u00e1tica. Descubra como o caf\u00e9 e o ch\u00e1 verde ajudam","jnews-multi-image_gallery":[],"jnews_single_post":{"format":"standard"},"jnews_primary_category":[],"jnews_social_meta":[],"jnews_override_counter":[],"footnotes":""},"categories":[4404],"tags":[120,4167,1318],"class_list":["post-126036","post","type-post","status-publish","format-standard","hentry","category-saude","tag-bem-estar","tag-figado","tag-saude-2"],"yoast_head":"<!-- This site is optimized with the Yoast SEO plugin v24.6 - https:\/\/yoast.com\/wordpress\/plugins\/seo\/ -->\n<title>3 bebidas naturais que fortalecem seu f\u00edgado - Correio Braziliense - Radar<\/title>\n<meta name=\"description\" content=\"Fortale\u00e7a seu f\u00edgado com bebidas naturais que combatem inflama\u00e7\u00f5es e gordura hep\u00e1tica. Descubra como o caf\u00e9 e o ch\u00e1 verde ajudam\" \/>\n<meta name=\"robots\" content=\"index, follow, max-snippet:-1, max-image-preview:large, max-video-preview:-1\" \/>\n<link rel=\"canonical\" href=\"https:\/\/www.correiobraziliense.com.br\/cbradar\/3-bebidas-naturais-que-fortalecem-seu-figado\/\" \/>\n<meta property=\"og:locale\" content=\"pt_BR\" \/>\n<meta property=\"og:type\" content=\"article\" \/>\n<meta property=\"og:title\" content=\"3 bebidas naturais que fortalecem seu f\u00edgado - Correio Braziliense - Radar\" \/>\n<meta property=\"og:description\" content=\"Fortale\u00e7a seu f\u00edgado com bebidas naturais que combatem inflama\u00e7\u00f5es e gordura hep\u00e1tica. Descubra como o caf\u00e9 e o ch\u00e1 verde ajudam\" \/>\n<meta property=\"og:url\" content=\"https:\/\/www.correiobraziliense.com.br\/cbradar\/3-bebidas-naturais-que-fortalecem-seu-figado\/\" \/>\n<meta property=\"og:site_name\" content=\"Correio Braziliense - Radar\" \/>\n<meta property=\"article:published_time\" content=\"2025-10-27T21:25:00+00:00\" \/>\n<meta name=\"author\" content=\"guilherme_saude\" \/>\n<meta name=\"twitter:card\" content=\"summary_large_image\" \/>\n<meta name=\"twitter:label1\" content=\"Escrito por\" \/>\n\t<meta name=\"twitter:data1\" content=\"guilherme_saude\" \/>\n\t<meta name=\"twitter:label2\" content=\"Est. tempo de leitura\" \/>\n\t<meta name=\"twitter:data2\" content=\"3 minutos\" \/>\n<!-- \/ Yoast SEO plugin. -->","yoast_head_json":{"title":"3 bebidas naturais que fortalecem seu f\u00edgado - Correio Braziliense - Radar","description":"Fortale\u00e7a seu f\u00edgado com bebidas naturais que combatem inflama\u00e7\u00f5es e gordura hep\u00e1tica. Descubra como o caf\u00e9 e o ch\u00e1 verde ajudam","robots":{"index":"index","follow":"follow","max-snippet":"max-snippet:-1","max-image-preview":"max-image-preview:large","max-video-preview":"max-video-preview:-1"},"canonical":"https:\/\/www.correiobraziliense.com.br\/cbradar\/3-bebidas-naturais-que-fortalecem-seu-figado\/","og_locale":"pt_BR","og_type":"article","og_title":"3 bebidas naturais que fortalecem seu f\u00edgado - Correio Braziliense - Radar","og_description":"Fortale\u00e7a seu f\u00edgado com bebidas naturais que combatem inflama\u00e7\u00f5es e gordura hep\u00e1tica. Descubra como o caf\u00e9 e o ch\u00e1 verde ajudam","og_url":"https:\/\/www.correiobraziliense.com.br\/cbradar\/3-bebidas-naturais-que-fortalecem-seu-figado\/","og_site_name":"Correio Braziliense - Radar","article_published_time":"2025-10-27T21:25:00+00:00","author":"guilherme_saude","twitter_card":"summary_large_image","twitter_misc":{"Escrito por":"guilherme_saude","Est. tempo de leitura":"3 minutos"},"schema":{"@context":"https:\/\/schema.org","@graph":[{"@type":"WebPage","@id":"https:\/\/www.correiobraziliense.com.br\/cbradar\/3-bebidas-naturais-que-fortalecem-seu-figado\/","url":"https:\/\/www.correiobraziliense.com.br\/cbradar\/3-bebidas-naturais-que-fortalecem-seu-figado\/","name":"3 bebidas naturais que fortalecem seu f\u00edgado - Correio Braziliense - Radar","isPartOf":{"@id":"https:\/\/www.correiobraziliense.com.br\/cbradar\/#website"},"datePublished":"2025-10-27T21:25:00+00:00","author":{"@id":"https:\/\/www.correiobraziliense.com.br\/cbradar\/#\/schema\/person\/5aa4bf3c8fa699c267933611de12978b"},"description":"Fortale\u00e7a seu f\u00edgado com bebidas naturais que combatem inflama\u00e7\u00f5es e gordura hep\u00e1tica. Descubra como o caf\u00e9 e o ch\u00e1 verde ajudam","breadcrumb":{"@id":"https:\/\/www.correiobraziliense.com.br\/cbradar\/3-bebidas-naturais-que-fortalecem-seu-figado\/#breadcrumb"},"inLanguage":"pt-BR","potentialAction":[{"@type":"ReadAction","target":["https:\/\/www.correiobraziliense.com.br\/cbradar\/3-bebidas-naturais-que-fortalecem-seu-figado\/"]}]},{"@type":"BreadcrumbList","@id":"https:\/\/www.correiobraziliense.com.br\/cbradar\/3-bebidas-naturais-que-fortalecem-seu-figado\/#breadcrumb","itemListElement":[{"@type":"ListItem","position":1,"name":"In\u00edcio","item":"https:\/\/www.correiobraziliense.com.br\/cbradar\/"},{"@type":"ListItem","position":2,"name":"3 bebidas naturais que fortalecem seu f\u00edgado"}]},{"@type":"WebSite","@id":"https:\/\/www.correiobraziliense.com.br\/cbradar\/#website","url":"https:\/\/www.correiobraziliense.com.br\/cbradar\/","name":"Correio Braziliense - Radar","description":"Acompanhe as \u00faltimas not\u00edcias e fique bem informado sobre tudo o que acontece no Brasil e no mundo.","potentialAction":[{"@type":"SearchAction","target":{"@type":"EntryPoint","urlTemplate":"https:\/\/www.correiobraziliense.com.br\/cbradar\/?s={search_term_string}"},"query-input":{"@type":"PropertyValueSpecification","valueRequired":true,"valueName":"search_term_string"}}],"inLanguage":"pt-BR"},{"@type":"Person","@id":"https:\/\/www.correiobraziliense.com.br\/cbradar\/#\/schema\/person\/5aa4bf3c8fa699c267933611de12978b","name":"guilherme_saude","image":{"@type":"ImageObject","inLanguage":"pt-BR","@id":"https:\/\/www.correiobraziliense.com.br\/cbradar\/#\/schema\/person\/image\/","url":"https:\/\/secure.gravatar.com\/avatar\/df9adfb835d344bc0af109d41756253f?s=96&d=mm&r=g","contentUrl":"https:\/\/secure.gravatar.com\/avatar\/df9adfb835d344bc0af109d41756253f?s=96&d=mm&r=g","caption":"guilherme_saude"},"url":"https:\/\/www.correiobraziliense.com.br\/cbradar\/author\/guilherme_saude\/"}]}},"_links":{"self":[{"href":"https:\/\/www.correiobraziliense.com.br\/cbradar\/wp-json\/wp\/v2\/posts\/126036","targetHints":{"allow":["GET"]}}],"collection":[{"href":"https:\/\/www.correiobraziliense.com.br\/cbradar\/wp-json\/wp\/v2\/posts"}],"about":[{"href":"https:\/\/www.correiobraziliense.com.br\/cbradar\/wp-json\/wp\/v2\/types\/post"}],"author":[{"embeddable":true,"href":"https:\/\/www.correiobraziliense.com.br\/cbradar\/wp-json\/wp\/v2\/users\/14"}],"replies":[{"embeddable":true,"href":"https:\/\/www.correiobraziliense.com.br\/cbradar\/wp-json\/wp\/v2\/comments?post=126036"}],"version-history":[{"count":1,"href":"https:\/\/www.correiobraziliense.com.br\/cbradar\/wp-json\/wp\/v2\/posts\/126036\/revisions"}],"predecessor-version":[{"id":126040,"href":"https:\/\/www.correiobraziliense.com.br\/cbradar\/wp-json\/wp\/v2\/posts\/126036\/revisions\/126040"}],"wp:attachment":[{"href":"https:\/\/www.correiobraziliense.com.br\/cbradar\/wp-json\/wp\/v2\/media?parent=126036"}],"wp:term":[{"taxonomy":"category","embeddable":true,"href":"https:\/\/www.correiobraziliense.com.br\/cbradar\/wp-json\/wp\/v2\/categories?post=126036"},{"taxonomy":"post_tag","embeddable":true,"href":"https:\/\/www.correiobraziliense.com.br\/cbradar\/wp-json\/wp\/v2\/tags?post=126036"}],"curies":[{"name":"wp","href":"https:\/\/api.w.org\/{rel}","templated":true}]}}