{"id":12627,"date":"2025-03-16T08:50:00","date_gmt":"2025-03-16T11:50:00","guid":{"rendered":"https:\/\/www.correiobraziliense.com.br\/cbradar\/?p=12627"},"modified":"2025-03-14T13:58:35","modified_gmt":"2025-03-14T16:58:35","slug":"por-que-os-cachorros-inclinam-a-cabeca-descubra-o-motivo","status":"publish","type":"post","link":"https:\/\/www.correiobraziliense.com.br\/cbradar\/por-que-os-cachorros-inclinam-a-cabeca-descubra-o-motivo\/","title":{"rendered":"Por que os cachorros inclinam a cabe\u00e7a? Descubra o motivo"},"content":{"rendered":"\n<p>\u00c9 uma cena comum e ador\u00e1vel: um cachorro inclina a cabe\u00e7a enquanto seu tutor fala com ele. Embora esse comportamento seja frequentemente visto como um gesto de curiosidade ou aten\u00e7\u00e3o, as raz\u00f5es por tr\u00e1s dessa a\u00e7\u00e3o ainda s\u00e3o objeto de estudo. Pesquisadores t\u00eam explorado diversas hip\u00f3teses para entender melhor esse comportamento canino.<\/p>\n\n\n\n<p>Uma das teorias mais conhecidas sugere que os c\u00e3es inclinam a cabe\u00e7a para ouvir melhor. No entanto, outros estudos indicam que essa inclina\u00e7\u00e3o pode estar relacionada \u00e0 vis\u00e3o ou \u00e0 intera\u00e7\u00e3o social. Vamos explorar algumas dessas teorias para entender melhor por que os cachorros inclinam a cabe\u00e7a.<\/p>\n\n\n\n<h2 class=\"wp-block-heading\"><strong>O papel do focinho na vis\u00e3o canina<\/strong><\/h2>\n\n\n\n<p>Em 2015, <strong>Stanley Coren<\/strong>, professor de <strong><a href=\"https:\/\/psychology.columbia.edu\/content\/psychology-major\" target=\"_blank\" rel=\"noreferrer noopener\">Psicologia da Universidade de Columbia<\/a><\/strong>, prop\u00f4s uma teoria interessante. Ele sugeriu que a inclina\u00e7\u00e3o da cabe\u00e7a nos c\u00e3es poderia estar relacionada \u00e0 vis\u00e3o, e n\u00e3o \u00e0 audi\u00e7\u00e3o. Segundo Coren, o focinho dos c\u00e3es pode obstruir parcialmente sua vis\u00e3o, especialmente quando tentam olhar diretamente para o rosto de uma pessoa.<\/p>\n\n\n\n<figure class=\"wp-block-image size-large\"><img decoding=\"async\" width=\"1024\" height=\"576\" src=\"https:\/\/www.correiobraziliense.com.br\/cbradar\/wp-content\/uploads\/2025\/03\/Cachorros-_1741961078253-1024x576.jpg\" alt=\"Por que os Cachorros Inclinam a Cabe\u00e7a? Descubra o Motivo!\" class=\"wp-image-12636\" srcset=\"https:\/\/www.correiobraziliense.com.br\/cbradar\/wp-content\/uploads\/2025\/03\/Cachorros-_1741961078253-1024x576.jpg 1024w, https:\/\/www.correiobraziliense.com.br\/cbradar\/wp-content\/uploads\/2025\/03\/Cachorros-_1741961078253-300x169.jpg 300w, https:\/\/www.correiobraziliense.com.br\/cbradar\/wp-content\/uploads\/2025\/03\/Cachorros-_1741961078253-768x432.jpg 768w, https:\/\/www.correiobraziliense.com.br\/cbradar\/wp-content\/uploads\/2025\/03\/Cachorros-_1741961078253-750x422.jpg 750w, https:\/\/www.correiobraziliense.com.br\/cbradar\/wp-content\/uploads\/2025\/03\/Cachorros-_1741961078253-1140x641.jpg 1140w, https:\/\/www.correiobraziliense.com.br\/cbradar\/wp-content\/uploads\/2025\/03\/Cachorros-_1741961078253.jpg 1280w\" sizes=\"(max-width: 1024px) 100vw, 1024px\" \/><figcaption class=\"wp-element-caption\">Cachorros .Cr\u00e9ditos: depositphotos.com \/ cynoclub<\/figcaption><\/figure>\n\n\n\n<p>Para testar essa hip\u00f3tese, Coren realizou um question\u00e1rio com 582 tutores de c\u00e3es. Ele descobriu que 71% dos c\u00e3es com focinhos mais longos inclinavam a cabe\u00e7a com mais frequ\u00eancia do que os c\u00e3es braquicef\u00e1licos, que t\u00eam focinhos mais curtos. Essa diferen\u00e7a sugere que a estrutura do focinho pode influenciar a necessidade de inclinar a cabe\u00e7a para obter uma vis\u00e3o mais clara.<\/p>\n\n\n\n<h2 class=\"wp-block-heading\"><strong>Inclina\u00e7\u00e3o da cabe\u00e7a como sinal de aten\u00e7\u00e3o<\/strong><\/h2>\n\n\n\n<p>Outro estudo, realizado por pesquisadores da Universidade de E\u00f6tv\u00f6s Lor\u00e1nd, na Hungria, explorou a inclina\u00e7\u00e3o da cabe\u00e7a como um sinal de aten\u00e7\u00e3o redobrada. Os pesquisadores trabalharam com 40 c\u00e3es da ra\u00e7a Border Collie, divididos em dois grupos: &#8220;aprendizes habilidosos de palavras&#8221; e &#8220;c\u00e3es t\u00edpicos&#8221;.<\/p>\n\n\n\n<p>Os resultados mostraram que os c\u00e3es considerados &#8220;aprendizes habilidosos&#8221; inclinavam a cabe\u00e7a com mais frequ\u00eancia ao ouvir comandos verbais, sugerindo que a inclina\u00e7\u00e3o pode ser um sinal de aten\u00e7\u00e3o especial a palavras que eles reconhecem. Isso indica que o gesto pode estar relacionado ao processamento de informa\u00e7\u00f5es significativas para o animal.<\/p>\n\n\n\n<h2 class=\"wp-block-heading\"><strong>Quais fatores influenciam a inclina\u00e7\u00e3o da cabe\u00e7a?<\/strong><\/h2>\n\n\n\n<p>Embora as teorias sobre vis\u00e3o e aten\u00e7\u00e3o ofere\u00e7am explica\u00e7\u00f5es plaus\u00edveis, \u00e9 importante considerar que a inclina\u00e7\u00e3o da cabe\u00e7a pode ser influenciada por m\u00faltiplos fatores. A intera\u00e7\u00e3o social, por exemplo, tamb\u00e9m pode desempenhar um papel importante. Os c\u00e3es podem ter aprendido que esse gesto provoca uma rea\u00e7\u00e3o positiva nos humanos, levando a mais intera\u00e7\u00f5es e recompensas.<\/p>\n\n\n\n<p>Al\u00e9m disso, as diferen\u00e7as entre ra\u00e7as e indiv\u00edduos sugerem que o comportamento pode variar amplamente. Estudos adicionais s\u00e3o necess\u00e1rios para explorar como diferentes ra\u00e7as e tipos de c\u00e3es respondem a est\u00edmulos verbais e visuais.<\/p>\n\n\n\n<h2 class=\"wp-block-heading\"><strong>Conclus\u00e3o natural<\/strong><\/h2>\n\n\n\n<p>Seja qual for a raz\u00e3o exata, a inclina\u00e7\u00e3o da cabe\u00e7a nos c\u00e3es continua a ser um comportamento fascinante e cativante. Enquanto a ci\u00eancia continua a explorar as nuances desse gesto, os tutores podem simplesmente apreciar o momento e retribuir com carinho e aten\u00e7\u00e3o. Afinal, essa intera\u00e7\u00e3o especial entre humanos e c\u00e3es \u00e9 uma das muitas raz\u00f5es pelas quais esses animais s\u00e3o t\u00e3o queridos.<\/p>\n","protected":false},"excerpt":{"rendered":"<p>Entenda o fascinate comportamento canino de inclinar a cabe\u00e7a. Cientistas exploram teorias sobre vis\u00e3o, audi\u00e7\u00e3o e intera\u00e7\u00e3o social canina.<\/p>\n","protected":false},"author":3,"featured_media":12632,"comment_status":"open","ping_status":"open","sticky":false,"template":"","format":"standard","meta":{"_yoast_wpseo_focuskw":"cachorro inclinam cabe\u00e7a","_yoast_wpseo_title":"%%title%%","_yoast_wpseo_metadesc":"Entenda o fascinate comportamento canino de inclinar a cabe\u00e7a. Cientistas exploram teorias sobre vis\u00e3o, audi\u00e7\u00e3o e intera\u00e7\u00e3o social canina.","jnews-multi-image_gallery":[],"jnews_single_post":{"format":"standard"},"jnews_primary_category":[],"jnews_social_meta":[],"jnews_override_counter":[],"footnotes":""},"categories":[112],"post_tag":[1977,378],"class_list":["post-12627","post","type-post","status-publish","format-standard","has-post-thumbnail","hentry","category-curiosidades","tag-animais-de-estimacao","tag-cachorro"],"yoast_head":"<!-- This site is optimized with the Yoast SEO plugin v24.6 - https:\/\/yoast.com\/wordpress\/plugins\/seo\/ -->\n<title>Por que os cachorros inclinam a cabe\u00e7a? Descubra o motivo<\/title>\n<meta name=\"description\" content=\"Entenda o fascinate comportamento canino de inclinar a cabe\u00e7a. Cientistas exploram teorias sobre vis\u00e3o, audi\u00e7\u00e3o e intera\u00e7\u00e3o social canina.\" \/>\n<meta name=\"robots\" content=\"index, follow, max-snippet:-1, max-image-preview:large, max-video-preview:-1\" \/>\n<link rel=\"canonical\" href=\"https:\/\/www.correiobraziliense.com.br\/cbradar\/por-que-os-cachorros-inclinam-a-cabeca-descubra-o-motivo\/\" \/>\n<meta property=\"og:locale\" content=\"pt_BR\" \/>\n<meta property=\"og:type\" content=\"article\" \/>\n<meta property=\"og:title\" content=\"Por que os cachorros inclinam a cabe\u00e7a? Descubra o motivo\" \/>\n<meta property=\"og:description\" content=\"Entenda o fascinate comportamento canino de inclinar a cabe\u00e7a. Cientistas exploram teorias sobre vis\u00e3o, audi\u00e7\u00e3o e intera\u00e7\u00e3o social canina.\" \/>\n<meta property=\"og:url\" content=\"https:\/\/www.correiobraziliense.com.br\/cbradar\/por-que-os-cachorros-inclinam-a-cabeca-descubra-o-motivo\/\" \/>\n<meta property=\"og:site_name\" content=\"Correio Braziliense - Radar\" \/>\n<meta property=\"article:published_time\" content=\"2025-03-16T11:50:00+00:00\" \/>\n<meta property=\"og:image\" content=\"https:\/\/www.correiobraziliense.com.br\/cbradar\/wp-content\/uploads\/2025\/03\/Cachorros-_1741961011527.jpg\" \/>\n\t<meta property=\"og:image:width\" content=\"1280\" \/>\n\t<meta property=\"og:image:height\" content=\"720\" \/>\n\t<meta property=\"og:image:type\" content=\"image\/jpeg\" \/>\n<meta name=\"author\" content=\"Larissa Carvalho\" \/>\n<meta name=\"twitter:card\" content=\"summary_large_image\" \/>\n<meta name=\"twitter:label1\" content=\"Escrito por\" \/>\n\t<meta name=\"twitter:data1\" content=\"Larissa Carvalho\" \/>\n\t<meta name=\"twitter:label2\" content=\"Est. tempo de leitura\" \/>\n\t<meta name=\"twitter:data2\" content=\"4 minutos\" \/>\n<!-- \/ Yoast SEO plugin. -->","yoast_head_json":{"title":"Por que os cachorros inclinam a cabe\u00e7a? Descubra o motivo","description":"Entenda o fascinate comportamento canino de inclinar a cabe\u00e7a. Cientistas exploram teorias sobre vis\u00e3o, audi\u00e7\u00e3o e intera\u00e7\u00e3o social canina.","robots":{"index":"index","follow":"follow","max-snippet":"max-snippet:-1","max-image-preview":"max-image-preview:large","max-video-preview":"max-video-preview:-1"},"canonical":"https:\/\/www.correiobraziliense.com.br\/cbradar\/por-que-os-cachorros-inclinam-a-cabeca-descubra-o-motivo\/","og_locale":"pt_BR","og_type":"article","og_title":"Por que os cachorros inclinam a cabe\u00e7a? Descubra o motivo","og_description":"Entenda o fascinate comportamento canino de inclinar a cabe\u00e7a. Cientistas exploram teorias sobre vis\u00e3o, audi\u00e7\u00e3o e intera\u00e7\u00e3o social canina.","og_url":"https:\/\/www.correiobraziliense.com.br\/cbradar\/por-que-os-cachorros-inclinam-a-cabeca-descubra-o-motivo\/","og_site_name":"Correio Braziliense - Radar","article_published_time":"2025-03-16T11:50:00+00:00","og_image":[{"width":1280,"height":720,"url":"https:\/\/www.correiobraziliense.com.br\/cbradar\/wp-content\/uploads\/2025\/03\/Cachorros-_1741961011527.jpg","type":"image\/jpeg"}],"author":"Larissa Carvalho","twitter_card":"summary_large_image","twitter_misc":{"Escrito por":"Larissa Carvalho","Est. tempo de leitura":"4 minutos"},"schema":{"@context":"https:\/\/schema.org","@graph":[{"@type":"WebPage","@id":"https:\/\/www.correiobraziliense.com.br\/cbradar\/por-que-os-cachorros-inclinam-a-cabeca-descubra-o-motivo\/","url":"https:\/\/www.correiobraziliense.com.br\/cbradar\/por-que-os-cachorros-inclinam-a-cabeca-descubra-o-motivo\/","name":"Por que os cachorros inclinam a cabe\u00e7a? Descubra o motivo","isPartOf":{"@id":"https:\/\/www.correiobraziliense.com.br\/cbradar\/#website"},"primaryImageOfPage":{"@id":"https:\/\/www.correiobraziliense.com.br\/cbradar\/por-que-os-cachorros-inclinam-a-cabeca-descubra-o-motivo\/#primaryimage"},"image":{"@id":"https:\/\/www.correiobraziliense.com.br\/cbradar\/por-que-os-cachorros-inclinam-a-cabeca-descubra-o-motivo\/#primaryimage"},"thumbnailUrl":"https:\/\/www.correiobraziliense.com.br\/cbradar\/wp-content\/uploads\/2025\/03\/Cachorros-_1741961011527.jpg","datePublished":"2025-03-16T11:50:00+00:00","author":{"@id":"https:\/\/www.correiobraziliense.com.br\/cbradar\/#\/schema\/person\/58422787644df994b53a19d3e56c1513"},"description":"Entenda o fascinate comportamento canino de inclinar a cabe\u00e7a. Cientistas exploram teorias sobre vis\u00e3o, audi\u00e7\u00e3o e intera\u00e7\u00e3o social canina.","breadcrumb":{"@id":"https:\/\/www.correiobraziliense.com.br\/cbradar\/por-que-os-cachorros-inclinam-a-cabeca-descubra-o-motivo\/#breadcrumb"},"inLanguage":"pt-BR","potentialAction":[{"@type":"ReadAction","target":["https:\/\/www.correiobraziliense.com.br\/cbradar\/por-que-os-cachorros-inclinam-a-cabeca-descubra-o-motivo\/"]}]},{"@type":"ImageObject","inLanguage":"pt-BR","@id":"https:\/\/www.correiobraziliense.com.br\/cbradar\/por-que-os-cachorros-inclinam-a-cabeca-descubra-o-motivo\/#primaryimage","url":"https:\/\/www.correiobraziliense.com.br\/cbradar\/wp-content\/uploads\/2025\/03\/Cachorros-_1741961011527.jpg","contentUrl":"https:\/\/www.correiobraziliense.com.br\/cbradar\/wp-content\/uploads\/2025\/03\/Cachorros-_1741961011527.jpg","width":1280,"height":720,"caption":"Cachorros Cr\u00e9ditos: depositphotos.com \/ cynoclub"},{"@type":"BreadcrumbList","@id":"https:\/\/www.correiobraziliense.com.br\/cbradar\/por-que-os-cachorros-inclinam-a-cabeca-descubra-o-motivo\/#breadcrumb","itemListElement":[{"@type":"ListItem","position":1,"name":"In\u00edcio","item":"https:\/\/www.correiobraziliense.com.br\/cbradar\/"},{"@type":"ListItem","position":2,"name":"Por que os cachorros inclinam a cabe\u00e7a? Descubra o motivo"}]},{"@type":"WebSite","@id":"https:\/\/www.correiobraziliense.com.br\/cbradar\/#website","url":"https:\/\/www.correiobraziliense.com.br\/cbradar\/","name":"Correio Braziliense - Radar","description":"Acompanhe as \u00faltimas not\u00edcias e fique bem informado sobre tudo o que acontece no Brasil e no mundo.","potentialAction":[{"@type":"SearchAction","target":{"@type":"EntryPoint","urlTemplate":"https:\/\/www.correiobraziliense.com.br\/cbradar\/?s={search_term_string}"},"query-input":{"@type":"PropertyValueSpecification","valueRequired":true,"valueName":"search_term_string"}}],"inLanguage":"pt-BR"},{"@type":"Person","@id":"https:\/\/www.correiobraziliense.com.br\/cbradar\/#\/schema\/person\/58422787644df994b53a19d3e56c1513","name":"Larissa Carvalho","image":{"@type":"ImageObject","inLanguage":"pt-BR","@id":"https:\/\/www.correiobraziliense.com.br\/cbradar\/#\/schema\/person\/image\/","url":"https:\/\/secure.gravatar.com\/avatar\/fe4f91a0de32b52a838d0d612abdc1aa?s=96&d=mm&r=g","contentUrl":"https:\/\/secure.gravatar.com\/avatar\/fe4f91a0de32b52a838d0d612abdc1aa?s=96&d=mm&r=g","caption":"Larissa Carvalho"},"url":"https:\/\/www.correiobraziliense.com.br\/cbradar\/author\/larissamyth\/"}]}},"_links":{"self":[{"href":"https:\/\/www.correiobraziliense.com.br\/cbradar\/wp-json\/wp\/v2\/posts\/12627","targetHints":{"allow":["GET"]}}],"collection":[{"href":"https:\/\/www.correiobraziliense.com.br\/cbradar\/wp-json\/wp\/v2\/posts"}],"about":[{"href":"https:\/\/www.correiobraziliense.com.br\/cbradar\/wp-json\/wp\/v2\/types\/post"}],"author":[{"embeddable":true,"href":"https:\/\/www.correiobraziliense.com.br\/cbradar\/wp-json\/wp\/v2\/users\/3"}],"replies":[{"embeddable":true,"href":"https:\/\/www.correiobraziliense.com.br\/cbradar\/wp-json\/wp\/v2\/comments?post=12627"}],"version-history":[{"count":2,"href":"https:\/\/www.correiobraziliense.com.br\/cbradar\/wp-json\/wp\/v2\/posts\/12627\/revisions"}],"predecessor-version":[{"id":12747,"href":"https:\/\/www.correiobraziliense.com.br\/cbradar\/wp-json\/wp\/v2\/posts\/12627\/revisions\/12747"}],"wp:featuredmedia":[{"embeddable":true,"href":"https:\/\/www.correiobraziliense.com.br\/cbradar\/wp-json\/wp\/v2\/media\/12632"}],"wp:attachment":[{"href":"https:\/\/www.correiobraziliense.com.br\/cbradar\/wp-json\/wp\/v2\/media?parent=12627"}],"wp:term":[{"taxonomy":"category","embeddable":true,"href":"https:\/\/www.correiobraziliense.com.br\/cbradar\/wp-json\/wp\/v2\/categories?post=12627"},{"taxonomy":"post_tag","embeddable":true,"href":"https:\/\/www.correiobraziliense.com.br\/cbradar\/wp-json\/wp\/v2\/post_tag?post=12627"}],"curies":[{"name":"wp","href":"https:\/\/api.w.org\/{rel}","templated":true}]}}