{"id":126751,"date":"2025-10-28T19:15:00","date_gmt":"2025-10-28T22:15:00","guid":{"rendered":"https:\/\/www.correiobraziliense.com.br\/cbradar\/?p=126751"},"modified":"2025-10-27T17:25:50","modified_gmt":"2025-10-27T20:25:50","slug":"a-cidade-do-rio-de-janeiro-perfeita-para-viver-tranquilo-e-confortavel","status":"publish","type":"post","link":"https:\/\/www.correiobraziliense.com.br\/cbradar\/a-cidade-do-rio-de-janeiro-perfeita-para-viver-tranquilo-e-confortavel\/","title":{"rendered":"A cidade do Rio de Janeiro perfeita para viver tranquilo e confort\u00e1vel"},"content":{"rendered":"\n<p><strong>Valen\u00e7a<\/strong>, no sul do <strong>Rio de Janeiro<\/strong>, <strong>Brasil<\/strong>, a 170 km do <strong>Rio de Janeiro<\/strong> e pr\u00f3xima a <strong>Vassouras<\/strong> e <strong>Barra do Pira\u00ed<\/strong>, \u00e9 conhecida como \u201cCapital do Vale do Caf\u00e9\u201d. Com passado ligado ao ciclo cafeeiro e natureza exuberante, <strong>Valen\u00e7a<\/strong> \u00e9 ideal para visitar. Conhe\u00e7a o que torna esta cidade um destino encantador.<\/p>\n\n\n\n<ul class=\"wp-block-list\">\n<li>Hist\u00f3ria preservada com fazendas hist\u00f3ricas do s\u00e9culo 19.<\/li>\n\n\n\n<li>Natureza exuberante com cachoeiras e parques.<\/li>\n\n\n\n<li>Cultura vibrante no distrito de <strong>Conservat\u00f3ria<\/strong>.<\/li>\n<\/ul>\n\n\n\n<h2 class=\"wp-block-heading\">Por que visitar Valen\u00e7a?<\/h2>\n\n\n\n<p><strong>Valen\u00e7a<\/strong> possui um IDH de 0,748, segundo o <strong><strong>Programa\u00a0das\u00a0Na\u00e7\u00f5es\u00a0Unidas\u00a0para\u00a0o\u00a0Desenvolvimento<\/strong><\/strong>. A economia combina agricultura, com\u00e9rcio e turismo, conforme a <a href=\"https:\/\/valenca.rj.gov.br\/\" target=\"_blank\" rel=\"noreferrer noopener\"><strong>Prefeitura de Valen\u00e7a<\/strong>.<\/a><\/p>\n\n\n\n<p>Com cerca de 68 mil habitantes, <strong><a href=\"https:\/\/www.ibge.gov.br\/cidades-e-estados\/rj\/valenca.html\" target=\"_blank\" rel=\"noreferrer noopener\">segundo o IBGE<\/a><\/strong>, a cidade mant\u00e9m charme interiorano. Ritmo tranquilo convida visitantes a desacelerar e apreciar paisagens.<\/p>\n\n\n\n<p>O custo de vida acess\u00edvel atrai turistas de or\u00e7amentos variados. Op\u00e7\u00f5es de hospedagem v\u00e3o desde pousadas familiares at\u00e9 hot\u00e9is-fazenda luxuosos.<\/p>\n\n\n\n<p>A proximidade com <strong>Rio de Janeiro<\/strong> facilita acesso. Rodovias como <strong>BR-393<\/strong> conectam capital fluminense, tornando <strong>Valen\u00e7a<\/strong> destino de fim de semana popular.<\/p>\n\n\n<div class=\"wp-block-image\">\n<figure class=\"aligncenter size-large\"><img decoding=\"async\" width=\"1024\" height=\"576\" src=\"https:\/\/www.correiobraziliense.com.br\/cbradar\/wp-content\/uploads\/2025\/10\/Design-sem-nome-24-1024x576.png\" alt=\"A beleza dessa cidade do Rio de Janeiro atrai visitantes de todo o pa\u00eds\" class=\"wp-image-115769\" srcset=\"https:\/\/www.correiobraziliense.com.br\/cbradar\/wp-content\/uploads\/2025\/10\/Design-sem-nome-24-1024x576.png 1024w, https:\/\/www.correiobraziliense.com.br\/cbradar\/wp-content\/uploads\/2025\/10\/Design-sem-nome-24-300x169.png 300w, https:\/\/www.correiobraziliense.com.br\/cbradar\/wp-content\/uploads\/2025\/10\/Design-sem-nome-24-768x432.png 768w, https:\/\/www.correiobraziliense.com.br\/cbradar\/wp-content\/uploads\/2025\/10\/Design-sem-nome-24-750x422.png 750w, https:\/\/www.correiobraziliense.com.br\/cbradar\/wp-content\/uploads\/2025\/10\/Design-sem-nome-24-1140x641.png 1140w, https:\/\/www.correiobraziliense.com.br\/cbradar\/wp-content\/uploads\/2025\/10\/Design-sem-nome-24.png 1280w\" sizes=\"(max-width: 1024px) 100vw, 1024px\" \/><figcaption class=\"wp-element-caption\">Entre montanhas e casar\u00f5es coloniais, Valen\u00e7a \u00e9 o ref\u00fagio perfeito para quem busca paz e conex\u00e3o com a natureza. \/\/ Cr\u00e9ditos: YouTube @IgorAlecsander<\/figcaption><\/figure><\/div>\n\n\n<h2 class=\"wp-block-heading\">Quais s\u00e3o as principais atra\u00e7\u00f5es tur\u00edsticas de Valen\u00e7a?<\/h2>\n\n\n\n<p>A <strong>Catedral de Nossa Senhora da Gl\u00f3ria<\/strong> impressiona com arquitetura neocl\u00e1ssica e colonial. Constru\u00edda no s\u00e9culo 19, abriga imagens sacras europeias e detalhes em talha dourada.<\/p>\n\n\n\n<p>O <strong>Mirante do Cruzeiro<\/strong> oferece vista panor\u00e2mica da cidade e serras. Cruz de 11 metros homenageia 150 anos da primeira missa, criando local perfeito para fotografias.<\/p>\n\n\n\n<p>As <strong>Fazendas Hist\u00f3ricas do Caf\u00e9<\/strong> contam hist\u00f3ria do ciclo cafeeiro. Propriedades como <strong>Fazenda da Bocaina<\/strong> e <strong>Fazenda Vista Alegre<\/strong> preservam arquitetura e m\u00f3veis originais.<\/p>\n\n\n\n<p>A <strong>Casa L\u00e9a Pentagna<\/strong> funciona como museu da Belle \u00c9poque. Constru\u00e7\u00e3o do s\u00e9culo 19 em estilo neocl\u00e1ssico exibe cole\u00e7\u00f5es de arte e decora\u00e7\u00e3o de \u00e9poca.<\/p>\n\n\n\n<p>O <strong>Parque Municipal do A\u00e7ude da Conc\u00f3rdia<\/strong> atrai amantes de natureza. Trilhas sinalizadas levam a cachoeiras, piscinas naturais e mirantes com vistas deslumbrantes.<\/p>\n\n\n\n<ul class=\"wp-block-list\">\n<li><strong>Catedral de Nossa Senhora da Gl\u00f3ria<\/strong>: Igreja hist\u00f3rica com arquitetura imponente do s\u00e9culo 19.<\/li>\n\n\n\n<li><strong>Mirante do Cruzeiro<\/strong>: Vista privilegiada das serras e cidade valenciana.<\/li>\n\n\n\n<li><strong>Fazendas Hist\u00f3ricas<\/strong>: Propriedades preservadas do per\u00edodo cafeeiro.<\/li>\n\n\n\n<li><strong>Casa L\u00e9a Pentagna<\/strong>: Museu com acervo da Belle \u00c9poque.<\/li>\n\n\n\n<li><strong>Parque do A\u00e7ude da Conc\u00f3rdia<\/strong>: \u00c1rea de preserva\u00e7\u00e3o com trilhas e cachoeiras.<\/li>\n\n\n\n<li><strong>Conservat\u00f3ria<\/strong>: Distrito conhecido como &#8220;Cidade das Serestas&#8221;.<\/li>\n<\/ul>\n\n\n\n<figure class=\"wp-block-embed aligncenter is-type-video is-provider-youtube wp-block-embed-youtube wp-embed-aspect-16-9 wp-has-aspect-ratio\"><div class=\"wp-block-embed__wrapper\">\n<div class=\"jeg_video_container jeg_video_content\"><iframe loading=\"lazy\" title=\"Drone phantom 4 voo na cidade...(Valen\u00e7a \/ RJ)\" width=\"500\" height=\"281\" src=\"https:\/\/www.youtube.com\/embed\/wJ8lowh9b98?start=3&#038;feature=oembed\" frameborder=\"0\" allow=\"accelerometer; autoplay; clipboard-write; encrypted-media; gyroscope; picture-in-picture; web-share\" referrerpolicy=\"strict-origin-when-cross-origin\" allowfullscreen><\/iframe><\/div>\n<\/div><figcaption class=\"wp-element-caption\">Valen\u00e7a \/\/ Cr\u00e9ditos: YouTube @meudrone4k369<\/figcaption><\/figure>\n\n\n\n<h2 class=\"wp-block-heading\">Como \u00e9 a vida cultural em Valen\u00e7a?<\/h2>\n\n\n\n<p><strong>Valen\u00e7a<\/strong> preserva tradi\u00e7\u00f5es culturais ligadas ao caf\u00e9. Monumentos hist\u00f3ricos como <strong>Pra\u00e7a XV de Novembro<\/strong> e <strong>Pra\u00e7a Visconde do Rio Preto<\/strong> exibem arquitetura colonial.<\/p>\n\n\n\n<p>O distrito de <strong>Conservat\u00f3ria<\/strong> ganha vida aos finais de semana. Seresteiros cantam nas ruas de paralelep\u00edpedos, encantando moradores e turistas com m\u00fasica rom\u00e2ntica.<\/p>\n\n\n\n<p>Museus como <strong>Museu do Trem<\/strong> e <strong>Memorial Afro-Valenciano<\/strong> preservam mem\u00f3ria. Exposi\u00e7\u00f5es contam hist\u00f3rias de diferentes per\u00edodos e comunidades que formaram identidade local.<\/p>\n\n\n\n<p>A gastronomia mineira prevalece em muitos estabelecimentos. Restaurantes servem comida caseira no fog\u00e3o a lenha, oferecendo experi\u00eancia aut\u00eantica do interior.<\/p>\n\n\n\n<h2 class=\"wp-block-heading\">Por que Valen\u00e7a \u00e9 refer\u00eancia em turismo hist\u00f3rico?<\/h2>\n\n\n\n<p><strong>Valen\u00e7a<\/strong> \u00e9 conhecida pelas fazendas do Vale do Caf\u00e9, segundo a <strong>Secretaria de Turismo do Rio de Janeiro<\/strong>. Propriedades abertas \u00e0 visita\u00e7\u00e3o formam circuito tur\u00edstico importante.<\/p>\n\n\n\n<p>O patrim\u00f4nio arquitet\u00f4nico do s\u00e9culo 19 est\u00e1 bem preservado. Casar\u00f5es, igrejas e esta\u00e7\u00e3o ferrovi\u00e1ria contam hist\u00f3ria de riqueza gerada pelo caf\u00e9.<\/p>\n\n\n\n<p><strong>Conservat\u00f3ria<\/strong> consolidou-se como destino cultural \u00fanico. Cidade das serestas mant\u00e9m tradi\u00e7\u00e3o musical viva, atraindo apreciadores de m\u00fasica brasileira cl\u00e1ssica.<\/p>\n\n\n<div class=\"wp-block-image\">\n<figure class=\"aligncenter size-large\"><img decoding=\"async\" width=\"1024\" height=\"576\" src=\"https:\/\/www.correiobraziliense.com.br\/cbradar\/wp-content\/uploads\/2025\/10\/Design-sem-nome-25-1024x576.png\" alt=\"A beleza dessa cidade do Rio de Janeiro atrai visitantes de todo o pa\u00eds\" class=\"wp-image-115768\" srcset=\"https:\/\/www.correiobraziliense.com.br\/cbradar\/wp-content\/uploads\/2025\/10\/Design-sem-nome-25-1024x576.png 1024w, https:\/\/www.correiobraziliense.com.br\/cbradar\/wp-content\/uploads\/2025\/10\/Design-sem-nome-25-300x169.png 300w, https:\/\/www.correiobraziliense.com.br\/cbradar\/wp-content\/uploads\/2025\/10\/Design-sem-nome-25-768x432.png 768w, https:\/\/www.correiobraziliense.com.br\/cbradar\/wp-content\/uploads\/2025\/10\/Design-sem-nome-25-750x422.png 750w, https:\/\/www.correiobraziliense.com.br\/cbradar\/wp-content\/uploads\/2025\/10\/Design-sem-nome-25-1140x641.png 1140w, https:\/\/www.correiobraziliense.com.br\/cbradar\/wp-content\/uploads\/2025\/10\/Design-sem-nome-25.png 1280w\" sizes=\"(max-width: 1024px) 100vw, 1024px\" \/><figcaption class=\"wp-element-caption\">Valen\u00e7a integra o Vale do Caf\u00e9, regi\u00e3o tur\u00edstica fluminense reconhecida pelo patrim\u00f4nio cultural e ecoturismo. \/\/ Cr\u00e9ditos: YouTube @IgorAlecsander<\/figcaption><\/figure><\/div>\n\n\n<h2 class=\"wp-block-heading\">O T\u00fanel que Chora e sua hist\u00f3ria<\/h2>\n\n\n\n<p><strong>Valen\u00e7a<\/strong> abriga o famoso <strong>T\u00fanel que Chora<\/strong>, constru\u00eddo por escravos. \u00c1gua que escorre das paredes simboliza l\u00e1grimas dos trabalhadores, segundo lenda local.<\/p>\n\n\n\n<p>A constru\u00e7\u00e3o faz parte da antiga ferrovia. Engenharia do s\u00e9culo 19 impressiona pela t\u00e9cnica utilizada em per\u00edodo de recursos limitados.<\/p>\n\n\n\n<p>Visitantes podem conhecer o t\u00fanel em passeios guiados. Hist\u00f3ria comovente torna local memorial importante da escravid\u00e3o na regi\u00e3o cafeeira fluminense.<\/p>\n\n\n\n<h2 class=\"wp-block-heading\">Melhor \u00e9poca para visitar Valen\u00e7a?<\/h2>\n\n\n\n<p>Entre <strong>abril e setembro<\/strong>, <strong>Valen\u00e7a<\/strong> tem temperaturas entre 15\u00b0C e 28\u00b0C, segundo o <strong>Climatempo<\/strong>. Inverno com menos chuvas favorece passeios pelas fazendas hist\u00f3ricas.<\/p>\n\n\n\n<p><strong>Maio a agosto<\/strong> \u00e9 ideal para visitar <strong>Conservat\u00f3ria<\/strong>. Noites frescas criam ambiente perfeito para apreciar serestas nas ruas do distrito hist\u00f3rico.<\/p>\n\n\n\n<p><strong>Outubro a dezembro<\/strong> oferece clima agrad\u00e1vel com temperatura amena. Primavera traz flora\u00e7\u00e3o nas \u00e1reas rurais, embelezando paisagens do Vale do Caf\u00e9.<\/p>\n\n\n\n<p>Evite <strong>janeiro a mar\u00e7o<\/strong> devido \u00e0s chuvas intensas. Precipita\u00e7\u00f5es podem dificultar acesso a algumas fazendas e trilhas em \u00e1reas naturais.<\/p>\n\n\n<div class=\"wp-block-image\">\n<figure class=\"aligncenter size-large\"><img decoding=\"async\" width=\"1024\" height=\"576\" src=\"https:\/\/www.correiobraziliense.com.br\/cbradar\/wp-content\/uploads\/2025\/10\/Design-sem-nome-22-1024x576.png\" alt=\"\" class=\"wp-image-115771\" srcset=\"https:\/\/www.correiobraziliense.com.br\/cbradar\/wp-content\/uploads\/2025\/10\/Design-sem-nome-22-1024x576.png 1024w, https:\/\/www.correiobraziliense.com.br\/cbradar\/wp-content\/uploads\/2025\/10\/Design-sem-nome-22-300x169.png 300w, https:\/\/www.correiobraziliense.com.br\/cbradar\/wp-content\/uploads\/2025\/10\/Design-sem-nome-22-768x432.png 768w, https:\/\/www.correiobraziliense.com.br\/cbradar\/wp-content\/uploads\/2025\/10\/Design-sem-nome-22-750x422.png 750w, https:\/\/www.correiobraziliense.com.br\/cbradar\/wp-content\/uploads\/2025\/10\/Design-sem-nome-22-1140x641.png 1140w, https:\/\/www.correiobraziliense.com.br\/cbradar\/wp-content\/uploads\/2025\/10\/Design-sem-nome-22.png 1280w\" sizes=\"(max-width: 1024px) 100vw, 1024px\" \/><figcaption class=\"wp-element-caption\">Valen\u00e7a vem atraindo novos moradores e turistas com seu ar hist\u00f3rico e estilo de vida mais calmo. \/\/ Cr\u00e9ditos: Wikimedia Commons<\/figcaption><\/figure><\/div>\n\n\n<p><strong>Leia tamb\u00e9m: <a href=\"https:\/\/www.correiobraziliense.com.br\/cbradar\/cidade-do-interior-de-sp-oferece-qualidade-de-vida-e-bons-empregos\/\" target=\"_blank\" rel=\"noreferrer noopener\">Cidade do interior de SP oferece qualidade de vida e bons empregos.<\/a><\/strong><\/p>\n\n\n\n<h2 class=\"wp-block-heading\">Vivencie Valen\u00e7a<\/h2>\n\n\n\n<p><strong>Valen\u00e7a<\/strong> une hist\u00f3ria, natureza e cultura no sul do <strong>Rio de Janeiro<\/strong>. Da <strong>Catedral de Nossa Senhora da Gl\u00f3ria<\/strong> ao <strong>T\u00fanel que Chora<\/strong>, \u00e9 um destino rico. Planeje sua viagem para vivenciar o charme da &#8220;Capital do Vale do Caf\u00e9&#8221;.<\/p>\n\n\n\n<ul class=\"wp-block-list\">\n<li>Hist\u00f3ria preservada em fazendas e casar\u00f5es centen\u00e1rios.<\/li>\n\n\n\n<li>Natureza exuberante com cachoeiras e serras.<\/li>\n\n\n\n<li>Cultura viva em <strong>Conservat\u00f3ria<\/strong> com serestas tradicionais.<\/li>\n<\/ul>\n","protected":false},"excerpt":{"rendered":"<p>Valen\u00e7a, no sul do Rio de Janeiro, Brasil, a 170 km do Rio de Janeiro e pr\u00f3xima a Vassouras e Barra do Pira\u00ed, \u00e9 conhecida como \u201cCapital do Vale do Caf\u00e9\u201d. Com passado ligado ao ciclo cafeeiro e natureza exuberante, Valen\u00e7a \u00e9 ideal para visitar. Conhe\u00e7a o que torna esta cidade um destino encantador. Por [&hellip;]<\/p>\n","protected":false},"author":8,"featured_media":115767,"comment_status":"open","ping_status":"open","sticky":false,"template":"","format":"standard","meta":{"_yoast_wpseo_focuskw":"cidade","_yoast_wpseo_title":"","_yoast_wpseo_metadesc":"Essa cidade do Rio de Janeiro combina charme colonial e vida tranquila. Descubra por que \u00e9 perfeita para quem busca sossego.","jnews-multi-image_gallery":[],"jnews_single_post":{"format":"standard"},"jnews_primary_category":[],"jnews_social_meta":[],"jnews_override_counter":[],"footnotes":""},"categories":[108,111],"tags":[304,10701],"class_list":["post-126751","post","type-post","status-publish","format-standard","has-post-thumbnail","hentry","category-cidades","category-turismo","tag-rio-de-janeiro","tag-valenca"],"yoast_head":"<!-- This site is optimized with the Yoast SEO plugin v24.6 - https:\/\/yoast.com\/wordpress\/plugins\/seo\/ -->\n<title>A cidade do Rio de Janeiro perfeita para viver tranquilo e confort\u00e1vel - Correio Braziliense - Radar<\/title>\n<meta name=\"description\" content=\"Essa cidade do Rio de Janeiro combina charme colonial e vida tranquila. Descubra por que \u00e9 perfeita para quem busca sossego.\" \/>\n<meta name=\"robots\" content=\"index, follow, max-snippet:-1, max-image-preview:large, max-video-preview:-1\" \/>\n<link rel=\"canonical\" href=\"https:\/\/www.correiobraziliense.com.br\/cbradar\/a-cidade-do-rio-de-janeiro-perfeita-para-viver-tranquilo-e-confortavel\/\" \/>\n<meta property=\"og:locale\" content=\"pt_BR\" \/>\n<meta property=\"og:type\" content=\"article\" \/>\n<meta property=\"og:title\" content=\"A cidade do Rio de Janeiro perfeita para viver tranquilo e confort\u00e1vel - Correio Braziliense - Radar\" \/>\n<meta property=\"og:description\" content=\"Essa cidade do Rio de Janeiro combina charme colonial e vida tranquila. Descubra por que \u00e9 perfeita para quem busca sossego.\" \/>\n<meta property=\"og:url\" content=\"https:\/\/www.correiobraziliense.com.br\/cbradar\/a-cidade-do-rio-de-janeiro-perfeita-para-viver-tranquilo-e-confortavel\/\" \/>\n<meta property=\"og:site_name\" content=\"Correio Braziliense - Radar\" \/>\n<meta property=\"article:published_time\" content=\"2025-10-28T22:15:00+00:00\" \/>\n<meta property=\"og:image\" content=\"https:\/\/www.correiobraziliense.com.br\/cbradar\/wp-content\/uploads\/2025\/10\/Design-sem-nome-26.png\" \/>\n\t<meta property=\"og:image:width\" content=\"1280\" \/>\n\t<meta property=\"og:image:height\" content=\"720\" \/>\n\t<meta property=\"og:image:type\" content=\"image\/png\" \/>\n<meta name=\"author\" content=\"Maura Pereira\" \/>\n<meta name=\"twitter:card\" content=\"summary_large_image\" \/>\n<meta name=\"twitter:label1\" content=\"Escrito por\" \/>\n\t<meta name=\"twitter:data1\" content=\"Maura Pereira\" \/>\n\t<meta name=\"twitter:label2\" content=\"Est. tempo de leitura\" \/>\n\t<meta name=\"twitter:data2\" content=\"6 minutos\" \/>\n<!-- \/ Yoast SEO plugin. -->","yoast_head_json":{"title":"A cidade do Rio de Janeiro perfeita para viver tranquilo e confort\u00e1vel - Correio Braziliense - Radar","description":"Essa cidade do Rio de Janeiro combina charme colonial e vida tranquila. Descubra por que \u00e9 perfeita para quem busca sossego.","robots":{"index":"index","follow":"follow","max-snippet":"max-snippet:-1","max-image-preview":"max-image-preview:large","max-video-preview":"max-video-preview:-1"},"canonical":"https:\/\/www.correiobraziliense.com.br\/cbradar\/a-cidade-do-rio-de-janeiro-perfeita-para-viver-tranquilo-e-confortavel\/","og_locale":"pt_BR","og_type":"article","og_title":"A cidade do Rio de Janeiro perfeita para viver tranquilo e confort\u00e1vel - Correio Braziliense - Radar","og_description":"Essa cidade do Rio de Janeiro combina charme colonial e vida tranquila. Descubra por que \u00e9 perfeita para quem busca sossego.","og_url":"https:\/\/www.correiobraziliense.com.br\/cbradar\/a-cidade-do-rio-de-janeiro-perfeita-para-viver-tranquilo-e-confortavel\/","og_site_name":"Correio Braziliense - Radar","article_published_time":"2025-10-28T22:15:00+00:00","og_image":[{"width":1280,"height":720,"url":"https:\/\/www.correiobraziliense.com.br\/cbradar\/wp-content\/uploads\/2025\/10\/Design-sem-nome-26.png","type":"image\/png"}],"author":"Maura Pereira","twitter_card":"summary_large_image","twitter_misc":{"Escrito por":"Maura Pereira","Est. tempo de leitura":"6 minutos"},"schema":{"@context":"https:\/\/schema.org","@graph":[{"@type":"WebPage","@id":"https:\/\/www.correiobraziliense.com.br\/cbradar\/a-cidade-do-rio-de-janeiro-perfeita-para-viver-tranquilo-e-confortavel\/","url":"https:\/\/www.correiobraziliense.com.br\/cbradar\/a-cidade-do-rio-de-janeiro-perfeita-para-viver-tranquilo-e-confortavel\/","name":"A cidade do Rio de Janeiro perfeita para viver tranquilo e confort\u00e1vel - Correio Braziliense - Radar","isPartOf":{"@id":"https:\/\/www.correiobraziliense.com.br\/cbradar\/#website"},"primaryImageOfPage":{"@id":"https:\/\/www.correiobraziliense.com.br\/cbradar\/a-cidade-do-rio-de-janeiro-perfeita-para-viver-tranquilo-e-confortavel\/#primaryimage"},"image":{"@id":"https:\/\/www.correiobraziliense.com.br\/cbradar\/a-cidade-do-rio-de-janeiro-perfeita-para-viver-tranquilo-e-confortavel\/#primaryimage"},"thumbnailUrl":"https:\/\/www.correiobraziliense.com.br\/cbradar\/wp-content\/uploads\/2025\/10\/Design-sem-nome-26.png","datePublished":"2025-10-28T22:15:00+00:00","author":{"@id":"https:\/\/www.correiobraziliense.com.br\/cbradar\/#\/schema\/person\/4053c651a9bfc785afc6f4cbc9032fd3"},"description":"Essa cidade do Rio de Janeiro combina charme colonial e vida tranquila. Descubra por que \u00e9 perfeita para quem busca sossego.","breadcrumb":{"@id":"https:\/\/www.correiobraziliense.com.br\/cbradar\/a-cidade-do-rio-de-janeiro-perfeita-para-viver-tranquilo-e-confortavel\/#breadcrumb"},"inLanguage":"pt-BR","potentialAction":[{"@type":"ReadAction","target":["https:\/\/www.correiobraziliense.com.br\/cbradar\/a-cidade-do-rio-de-janeiro-perfeita-para-viver-tranquilo-e-confortavel\/"]}]},{"@type":"ImageObject","inLanguage":"pt-BR","@id":"https:\/\/www.correiobraziliense.com.br\/cbradar\/a-cidade-do-rio-de-janeiro-perfeita-para-viver-tranquilo-e-confortavel\/#primaryimage","url":"https:\/\/www.correiobraziliense.com.br\/cbradar\/wp-content\/uploads\/2025\/10\/Design-sem-nome-26.png","contentUrl":"https:\/\/www.correiobraziliense.com.br\/cbradar\/wp-content\/uploads\/2025\/10\/Design-sem-nome-26.png","width":1280,"height":720,"caption":"Valen\u00e7a, no Rio de Janeiro, se destaca pelo charme hist\u00f3rico, natureza preservada e clima tranquilo do interior. \/\/ Cr\u00e9ditos: YouTube @IgorAlecsander"},{"@type":"BreadcrumbList","@id":"https:\/\/www.correiobraziliense.com.br\/cbradar\/a-cidade-do-rio-de-janeiro-perfeita-para-viver-tranquilo-e-confortavel\/#breadcrumb","itemListElement":[{"@type":"ListItem","position":1,"name":"In\u00edcio","item":"https:\/\/www.correiobraziliense.com.br\/cbradar\/"},{"@type":"ListItem","position":2,"name":"A cidade do Rio de Janeiro perfeita para viver tranquilo e confort\u00e1vel"}]},{"@type":"WebSite","@id":"https:\/\/www.correiobraziliense.com.br\/cbradar\/#website","url":"https:\/\/www.correiobraziliense.com.br\/cbradar\/","name":"Correio Braziliense - Radar","description":"Acompanhe as \u00faltimas not\u00edcias e fique bem informado sobre tudo o que acontece no Brasil e no mundo.","potentialAction":[{"@type":"SearchAction","target":{"@type":"EntryPoint","urlTemplate":"https:\/\/www.correiobraziliense.com.br\/cbradar\/?s={search_term_string}"},"query-input":{"@type":"PropertyValueSpecification","valueRequired":true,"valueName":"search_term_string"}}],"inLanguage":"pt-BR"},{"@type":"Person","@id":"https:\/\/www.correiobraziliense.com.br\/cbradar\/#\/schema\/person\/4053c651a9bfc785afc6f4cbc9032fd3","name":"Maura Pereira","image":{"@type":"ImageObject","inLanguage":"pt-BR","@id":"https:\/\/www.correiobraziliense.com.br\/cbradar\/#\/schema\/person\/image\/","url":"https:\/\/secure.gravatar.com\/avatar\/3effd6bdadfa447f15089c7f7144eaa6?s=96&d=mm&r=g","contentUrl":"https:\/\/secure.gravatar.com\/avatar\/3effd6bdadfa447f15089c7f7144eaa6?s=96&d=mm&r=g","caption":"Maura Pereira"},"sameAs":["https:\/\/www.correiobraziliense.com.br\/"],"url":"https:\/\/www.correiobraziliense.com.br\/cbradar\/author\/mauramyth\/"}]}},"_links":{"self":[{"href":"https:\/\/www.correiobraziliense.com.br\/cbradar\/wp-json\/wp\/v2\/posts\/126751","targetHints":{"allow":["GET"]}}],"collection":[{"href":"https:\/\/www.correiobraziliense.com.br\/cbradar\/wp-json\/wp\/v2\/posts"}],"about":[{"href":"https:\/\/www.correiobraziliense.com.br\/cbradar\/wp-json\/wp\/v2\/types\/post"}],"author":[{"embeddable":true,"href":"https:\/\/www.correiobraziliense.com.br\/cbradar\/wp-json\/wp\/v2\/users\/8"}],"replies":[{"embeddable":true,"href":"https:\/\/www.correiobraziliense.com.br\/cbradar\/wp-json\/wp\/v2\/comments?post=126751"}],"version-history":[{"count":14,"href":"https:\/\/www.correiobraziliense.com.br\/cbradar\/wp-json\/wp\/v2\/posts\/126751\/revisions"}],"predecessor-version":[{"id":127008,"href":"https:\/\/www.correiobraziliense.com.br\/cbradar\/wp-json\/wp\/v2\/posts\/126751\/revisions\/127008"}],"wp:featuredmedia":[{"embeddable":true,"href":"https:\/\/www.correiobraziliense.com.br\/cbradar\/wp-json\/wp\/v2\/media\/115767"}],"wp:attachment":[{"href":"https:\/\/www.correiobraziliense.com.br\/cbradar\/wp-json\/wp\/v2\/media?parent=126751"}],"wp:term":[{"taxonomy":"category","embeddable":true,"href":"https:\/\/www.correiobraziliense.com.br\/cbradar\/wp-json\/wp\/v2\/categories?post=126751"},{"taxonomy":"post_tag","embeddable":true,"href":"https:\/\/www.correiobraziliense.com.br\/cbradar\/wp-json\/wp\/v2\/tags?post=126751"}],"curies":[{"name":"wp","href":"https:\/\/api.w.org\/{rel}","templated":true}]}}