{"id":12696,"date":"2025-03-16T18:10:00","date_gmt":"2025-03-16T21:10:00","guid":{"rendered":"https:\/\/www.correiobraziliense.com.br\/cbradar\/?p=12696"},"modified":"2025-03-14T14:07:44","modified_gmt":"2025-03-14T17:07:44","slug":"o-que-tem-de-melhor-na-netflix-para-este-final-de-semana","status":"publish","type":"post","link":"https:\/\/www.correiobraziliense.com.br\/cbradar\/o-que-tem-de-melhor-na-netflix-para-este-final-de-semana\/","title":{"rendered":"O que tem de melhor na Netflix para este final de semana?"},"content":{"rendered":"\n<p>Com o final de semana se aproximando, muitos buscam op\u00e7\u00f5es de entretenimento para relaxar. A <strong><a href=\"https:\/\/www.netflix.com\/br\/\" target=\"_blank\" rel=\"noreferrer noopener\">Netflix<\/a><\/strong>, conhecida por seu vasto cat\u00e1logo, trouxe recentemente uma s\u00e9rie de lan\u00e7amentos que prometem agradar a todos os gostos. De filmes de a\u00e7\u00e3o a document\u00e1rios intrigantes, h\u00e1 op\u00e7\u00f5es para todos os tipos de espectadores.<\/p>\n\n\n\n<p>Para aqueles que est\u00e3o indecisos sobre o que assistir, uma sele\u00e7\u00e3o dos lan\u00e7amentos mais comentados pode ajudar a decidir. A seguir, s\u00e3o apresentados sete t\u00edtulos que est\u00e3o em alta na plataforma, cada um com suas particularidades e estilos \u00fanicos.<\/p>\n\n\n\n<h2 class=\"wp-block-heading\">Quais s\u00e3o os lan\u00e7amentos mais aguardados?<\/h2>\n\n\n\n<p>Entre os lan\u00e7amentos,&nbsp;<strong>The Electric State<\/strong>&nbsp;se destaca. Dirigido pelos renomados Irm\u00e3os Russo, o filme \u00e9 estrelado por Millie Bobby Brown, Chris Pratt e Ke Huy Quan. A trama gira em torno de uma adolescente \u00f3rf\u00e3 que, junto a um rob\u00f4 misterioso, embarca em uma jornada para encontrar seu irm\u00e3o desaparecido. A hist\u00f3ria promete uma mistura de aventura e emo\u00e7\u00e3o.<\/p>\n\n\n\n<iframe loading=\"lazy\" width=\"560\" height=\"315\" src=\"https:\/\/www.youtube.com\/embed\/QIw6ITiwgBU?si=Qbu1Ggd09tQAb8sh\" title=\"YouTube video player\" frameborder=\"0\" allow=\"accelerometer; autoplay; clipboard-write; encrypted-media; gyroscope; picture-in-picture; web-share\" referrerpolicy=\"strict-origin-when-cross-origin\" allowfullscreen><\/iframe>\n\n\n\n<p>Outro destaque \u00e9 a miniss\u00e9rie&nbsp;<strong>Adolesc\u00eancia<\/strong>, que traz um enredo denso e dram\u00e1tico. A s\u00e9rie aborda a hist\u00f3ria de um garoto de 13 anos acusado de assassinar uma colega de escola, levantando questionamentos sobre o que realmente aconteceu. Com apenas quatro epis\u00f3dios, \u00e9 uma op\u00e7\u00e3o ideal para maratonar.<\/p>\n\n\n\n<iframe loading=\"lazy\" width=\"560\" height=\"315\" src=\"https:\/\/www.youtube.com\/embed\/mh48KXaCSxM?si=2mrdtOXE9Erie7rH\" title=\"YouTube video player\" frameborder=\"0\" allow=\"accelerometer; autoplay; clipboard-write; encrypted-media; gyroscope; picture-in-picture; web-share\" referrerpolicy=\"strict-origin-when-cross-origin\" allowfullscreen><\/iframe>\n\n\n\n<h2 class=\"wp-block-heading\">Quais com\u00e9dias est\u00e3o dispon\u00edveis?<\/h2>\n\n\n\n<p>Para quem prefere uma abordagem mais leve,&nbsp;<strong>Bienvenidos a la Familia<\/strong>&nbsp;\u00e9 uma excelente escolha. Esta com\u00e9dia mexicana apresenta uma m\u00e3e solo que, junto com sua fam\u00edlia exc\u00eantrica, tenta enganar um chef\u00e3o da m\u00e1fia para escapar de uma d\u00edvida. O elenco conta com Marimar Vega, Erika Buenfil e Ana Layevska, prometendo boas risadas.<\/p>\n\n\n\n<iframe loading=\"lazy\" width=\"560\" height=\"315\" src=\"https:\/\/www.youtube.com\/embed\/w0YdL-zYYTo?si=DcDFEcobj_KQMnMy\" title=\"YouTube video player\" frameborder=\"0\" allow=\"accelerometer; autoplay; clipboard-write; encrypted-media; gyroscope; picture-in-picture; web-share\" referrerpolicy=\"strict-origin-when-cross-origin\" allowfullscreen><\/iframe>\n\n\n\n<p>J\u00e1\u00a0<strong>Renfield: Dando o Sangue Pelo Chefe<\/strong>\u00a0mistura terror e com\u00e9dia de forma \u00fanica. O filme segue Renfield, o ajudante de Dr\u00e1cula, que est\u00e1 cansado de sua vida de servid\u00e3o e busca uma nova dire\u00e7\u00e3o. Com Nicholas Hoult, Nicolas Cage e Awkwafina, a produ\u00e7\u00e3o promete entreter com seu humor peculiar.<\/p>\n\n\n\n<iframe loading=\"lazy\" width=\"560\" height=\"315\" src=\"https:\/\/www.youtube.com\/embed\/irFZ7y9HtcI?si=jolqOO7sTDqgsYjE\" title=\"YouTube video player\" frameborder=\"0\" allow=\"accelerometer; autoplay; clipboard-write; encrypted-media; gyroscope; picture-in-picture; web-share\" referrerpolicy=\"strict-origin-when-cross-origin\" allowfullscreen><\/iframe>\n\n\n\n<figure class=\"wp-block-image size-large\"><img decoding=\"async\" width=\"1024\" height=\"576\" src=\"https:\/\/www.correiobraziliense.com.br\/cbradar\/wp-content\/uploads\/2025\/03\/Netflix_1741965666177-1024x576.jpg\" alt=\"O que tem de melhor na Netflix para este final de semana?\" class=\"wp-image-12699\" srcset=\"https:\/\/www.correiobraziliense.com.br\/cbradar\/wp-content\/uploads\/2025\/03\/Netflix_1741965666177-1024x576.jpg 1024w, https:\/\/www.correiobraziliense.com.br\/cbradar\/wp-content\/uploads\/2025\/03\/Netflix_1741965666177-300x169.jpg 300w, https:\/\/www.correiobraziliense.com.br\/cbradar\/wp-content\/uploads\/2025\/03\/Netflix_1741965666177-768x432.jpg 768w, https:\/\/www.correiobraziliense.com.br\/cbradar\/wp-content\/uploads\/2025\/03\/Netflix_1741965666177-750x422.jpg 750w, https:\/\/www.correiobraziliense.com.br\/cbradar\/wp-content\/uploads\/2025\/03\/Netflix_1741965666177-1140x641.jpg 1140w, https:\/\/www.correiobraziliense.com.br\/cbradar\/wp-content\/uploads\/2025\/03\/Netflix_1741965666177.jpg 1280w\" sizes=\"(max-width: 1024px) 100vw, 1024px\" \/><figcaption class=\"wp-element-caption\">Netflix. Cr\u00e9ditos: depositphotos.com \/ sharafmaksumov<\/figcaption><\/figure>\n\n\n\n<h2 class=\"wp-block-heading\">O que h\u00e1 para os f\u00e3s de terror e document\u00e1rios?<\/h2>\n\n\n\n<p>Os f\u00e3s de terror podem revisitar o cl\u00e1ssico&nbsp;<strong>Eu Sei o que Voc\u00eas Fizeram no Ver\u00e3o Passado<\/strong>. O filme de 1997, repleto de suspense e reviravoltas, acompanha um grupo de adolescentes que, ap\u00f3s atropelar um estranho, enfrentam as consequ\u00eancias de suas a\u00e7\u00f5es um ano depois. O elenco inclui Jennifer Love Hewitt, Sarah Michelle Gellar e Ryan Phillippe.<\/p>\n\n\n\n<iframe loading=\"lazy\" width=\"560\" height=\"315\" src=\"https:\/\/www.youtube.com\/embed\/RaarQMP_1Yg?si=1OrZwprPx-Xkzt3y\" title=\"YouTube video player\" frameborder=\"0\" allow=\"accelerometer; autoplay; clipboard-write; encrypted-media; gyroscope; picture-in-picture; web-share\" referrerpolicy=\"strict-origin-when-cross-origin\" allowfullscreen><\/iframe>\n\n\n\n<p>Para os interessados em document\u00e1rios, a s\u00e9tima temporada de&nbsp;<strong>F1: Dirigir para Viver<\/strong>&nbsp;j\u00e1 est\u00e1 dispon\u00edvel. A s\u00e9rie documental oferece uma vis\u00e3o dos bastidores da F\u00f3rmula 1, mostrando as emo\u00e7\u00f5es dentro e fora das pistas. Al\u00e9m disso,&nbsp;<strong>Procurados \u2013 EUA: Osama Bin Laden<\/strong>&nbsp;mergulha na investiga\u00e7\u00e3o sobre o terrorista, oferecendo uma narrativa envolvente sobre a busca pelo fundador da Al-Qaeda.<\/p>\n\n\n\n<iframe loading=\"lazy\" width=\"560\" height=\"315\" src=\"https:\/\/www.youtube.com\/embed\/bSVKpLpCsos?si=uQESpXNQXitrmoub\" title=\"YouTube video player\" frameborder=\"0\" allow=\"accelerometer; autoplay; clipboard-write; encrypted-media; gyroscope; picture-in-picture; web-share\" referrerpolicy=\"strict-origin-when-cross-origin\" allowfullscreen><\/iframe>\n\n\n\n<p>Com tantas op\u00e7\u00f5es diversificadas, a Netflix continua a ser uma fonte rica de entretenimento para todos os gostos. Seja qual for a prefer\u00eancia, h\u00e1 sempre algo novo e interessante para descobrir.<\/p>\n","protected":false},"excerpt":{"rendered":"<p>Conhe\u00e7a as melhores produ\u00e7\u00f5es na Netflix. Temos sugest\u00f5es para todos os gostos, de filmes de a\u00e7\u00e3o a com\u00e9dias leves, e mais!<\/p>\n","protected":false},"author":3,"featured_media":12698,"comment_status":"open","ping_status":"open","sticky":false,"template":"","format":"standard","meta":{"_yoast_wpseo_focuskw":"Netflix","_yoast_wpseo_title":"%%title%%","_yoast_wpseo_metadesc":"Conhe\u00e7a as melhores produ\u00e7\u00f5es na Netflix. Temos sugest\u00f5es para todos os gostos, de filmes de a\u00e7\u00e3o a com\u00e9dias leves, e mais!","jnews-multi-image_gallery":[],"jnews_single_post":{"format":"standard"},"jnews_primary_category":[],"jnews_social_meta":[],"jnews_override_counter":[],"footnotes":""},"categories":[140],"post_tag":[141,568],"class_list":["post-12696","post","type-post","status-publish","format-standard","has-post-thumbnail","hentry","category-entretenimento","tag-netflix","tag-series-e-filmes"],"yoast_head":"<!-- This site is optimized with the Yoast SEO plugin v24.6 - https:\/\/yoast.com\/wordpress\/plugins\/seo\/ -->\n<title>O que tem de melhor na Netflix para este final de semana?<\/title>\n<meta name=\"description\" content=\"Conhe\u00e7a as melhores produ\u00e7\u00f5es na Netflix. Temos sugest\u00f5es para todos os gostos, de filmes de a\u00e7\u00e3o a com\u00e9dias leves, e mais!\" \/>\n<meta name=\"robots\" content=\"index, follow, max-snippet:-1, max-image-preview:large, max-video-preview:-1\" \/>\n<link rel=\"canonical\" href=\"https:\/\/www.correiobraziliense.com.br\/cbradar\/o-que-tem-de-melhor-na-netflix-para-este-final-de-semana\/\" \/>\n<meta property=\"og:locale\" content=\"pt_BR\" \/>\n<meta property=\"og:type\" content=\"article\" \/>\n<meta property=\"og:title\" content=\"O que tem de melhor na Netflix para este final de semana?\" \/>\n<meta property=\"og:description\" content=\"Conhe\u00e7a as melhores produ\u00e7\u00f5es na Netflix. Temos sugest\u00f5es para todos os gostos, de filmes de a\u00e7\u00e3o a com\u00e9dias leves, e mais!\" \/>\n<meta property=\"og:url\" content=\"https:\/\/www.correiobraziliense.com.br\/cbradar\/o-que-tem-de-melhor-na-netflix-para-este-final-de-semana\/\" \/>\n<meta property=\"og:site_name\" content=\"Correio Braziliense - Radar\" \/>\n<meta property=\"article:published_time\" content=\"2025-03-16T21:10:00+00:00\" \/>\n<meta property=\"og:image\" content=\"https:\/\/www.correiobraziliense.com.br\/cbradar\/wp-content\/uploads\/2025\/03\/Netflix_1741965637797.jpg\" \/>\n\t<meta property=\"og:image:width\" content=\"1280\" \/>\n\t<meta property=\"og:image:height\" content=\"720\" \/>\n\t<meta property=\"og:image:type\" content=\"image\/jpeg\" \/>\n<meta name=\"author\" content=\"Larissa Carvalho\" \/>\n<meta name=\"twitter:card\" content=\"summary_large_image\" \/>\n<meta name=\"twitter:label1\" content=\"Escrito por\" \/>\n\t<meta name=\"twitter:data1\" content=\"Larissa Carvalho\" \/>\n\t<meta name=\"twitter:label2\" content=\"Est. tempo de leitura\" \/>\n\t<meta name=\"twitter:data2\" content=\"4 minutos\" \/>\n<!-- \/ Yoast SEO plugin. -->","yoast_head_json":{"title":"O que tem de melhor na Netflix para este final de semana?","description":"Conhe\u00e7a as melhores produ\u00e7\u00f5es na Netflix. Temos sugest\u00f5es para todos os gostos, de filmes de a\u00e7\u00e3o a com\u00e9dias leves, e mais!","robots":{"index":"index","follow":"follow","max-snippet":"max-snippet:-1","max-image-preview":"max-image-preview:large","max-video-preview":"max-video-preview:-1"},"canonical":"https:\/\/www.correiobraziliense.com.br\/cbradar\/o-que-tem-de-melhor-na-netflix-para-este-final-de-semana\/","og_locale":"pt_BR","og_type":"article","og_title":"O que tem de melhor na Netflix para este final de semana?","og_description":"Conhe\u00e7a as melhores produ\u00e7\u00f5es na Netflix. Temos sugest\u00f5es para todos os gostos, de filmes de a\u00e7\u00e3o a com\u00e9dias leves, e mais!","og_url":"https:\/\/www.correiobraziliense.com.br\/cbradar\/o-que-tem-de-melhor-na-netflix-para-este-final-de-semana\/","og_site_name":"Correio Braziliense - Radar","article_published_time":"2025-03-16T21:10:00+00:00","og_image":[{"width":1280,"height":720,"url":"https:\/\/www.correiobraziliense.com.br\/cbradar\/wp-content\/uploads\/2025\/03\/Netflix_1741965637797.jpg","type":"image\/jpeg"}],"author":"Larissa Carvalho","twitter_card":"summary_large_image","twitter_misc":{"Escrito por":"Larissa Carvalho","Est. tempo de leitura":"4 minutos"},"schema":{"@context":"https:\/\/schema.org","@graph":[{"@type":"WebPage","@id":"https:\/\/www.correiobraziliense.com.br\/cbradar\/o-que-tem-de-melhor-na-netflix-para-este-final-de-semana\/","url":"https:\/\/www.correiobraziliense.com.br\/cbradar\/o-que-tem-de-melhor-na-netflix-para-este-final-de-semana\/","name":"O que tem de melhor na Netflix para este final de semana?","isPartOf":{"@id":"https:\/\/www.correiobraziliense.com.br\/cbradar\/#website"},"primaryImageOfPage":{"@id":"https:\/\/www.correiobraziliense.com.br\/cbradar\/o-que-tem-de-melhor-na-netflix-para-este-final-de-semana\/#primaryimage"},"image":{"@id":"https:\/\/www.correiobraziliense.com.br\/cbradar\/o-que-tem-de-melhor-na-netflix-para-este-final-de-semana\/#primaryimage"},"thumbnailUrl":"https:\/\/www.correiobraziliense.com.br\/cbradar\/wp-content\/uploads\/2025\/03\/Netflix_1741965637797.jpg","datePublished":"2025-03-16T21:10:00+00:00","author":{"@id":"https:\/\/www.correiobraziliense.com.br\/cbradar\/#\/schema\/person\/58422787644df994b53a19d3e56c1513"},"description":"Conhe\u00e7a as melhores produ\u00e7\u00f5es na Netflix. Temos sugest\u00f5es para todos os gostos, de filmes de a\u00e7\u00e3o a com\u00e9dias leves, e mais!","breadcrumb":{"@id":"https:\/\/www.correiobraziliense.com.br\/cbradar\/o-que-tem-de-melhor-na-netflix-para-este-final-de-semana\/#breadcrumb"},"inLanguage":"pt-BR","potentialAction":[{"@type":"ReadAction","target":["https:\/\/www.correiobraziliense.com.br\/cbradar\/o-que-tem-de-melhor-na-netflix-para-este-final-de-semana\/"]}]},{"@type":"ImageObject","inLanguage":"pt-BR","@id":"https:\/\/www.correiobraziliense.com.br\/cbradar\/o-que-tem-de-melhor-na-netflix-para-este-final-de-semana\/#primaryimage","url":"https:\/\/www.correiobraziliense.com.br\/cbradar\/wp-content\/uploads\/2025\/03\/Netflix_1741965637797.jpg","contentUrl":"https:\/\/www.correiobraziliense.com.br\/cbradar\/wp-content\/uploads\/2025\/03\/Netflix_1741965637797.jpg","width":1280,"height":720,"caption":"Netflix. Cr\u00e9ditos: depositphotos.com \/ AndrewLozovyi"},{"@type":"BreadcrumbList","@id":"https:\/\/www.correiobraziliense.com.br\/cbradar\/o-que-tem-de-melhor-na-netflix-para-este-final-de-semana\/#breadcrumb","itemListElement":[{"@type":"ListItem","position":1,"name":"In\u00edcio","item":"https:\/\/www.correiobraziliense.com.br\/cbradar\/"},{"@type":"ListItem","position":2,"name":"O que tem de melhor na Netflix para este final de semana?"}]},{"@type":"WebSite","@id":"https:\/\/www.correiobraziliense.com.br\/cbradar\/#website","url":"https:\/\/www.correiobraziliense.com.br\/cbradar\/","name":"Correio Braziliense - Radar","description":"Acompanhe as \u00faltimas not\u00edcias e fique bem informado sobre tudo o que acontece no Brasil e no mundo.","potentialAction":[{"@type":"SearchAction","target":{"@type":"EntryPoint","urlTemplate":"https:\/\/www.correiobraziliense.com.br\/cbradar\/?s={search_term_string}"},"query-input":{"@type":"PropertyValueSpecification","valueRequired":true,"valueName":"search_term_string"}}],"inLanguage":"pt-BR"},{"@type":"Person","@id":"https:\/\/www.correiobraziliense.com.br\/cbradar\/#\/schema\/person\/58422787644df994b53a19d3e56c1513","name":"Larissa Carvalho","image":{"@type":"ImageObject","inLanguage":"pt-BR","@id":"https:\/\/www.correiobraziliense.com.br\/cbradar\/#\/schema\/person\/image\/","url":"https:\/\/secure.gravatar.com\/avatar\/fe4f91a0de32b52a838d0d612abdc1aa?s=96&d=mm&r=g","contentUrl":"https:\/\/secure.gravatar.com\/avatar\/fe4f91a0de32b52a838d0d612abdc1aa?s=96&d=mm&r=g","caption":"Larissa Carvalho"},"url":"https:\/\/www.correiobraziliense.com.br\/cbradar\/author\/larissamyth\/"}]}},"_links":{"self":[{"href":"https:\/\/www.correiobraziliense.com.br\/cbradar\/wp-json\/wp\/v2\/posts\/12696","targetHints":{"allow":["GET"]}}],"collection":[{"href":"https:\/\/www.correiobraziliense.com.br\/cbradar\/wp-json\/wp\/v2\/posts"}],"about":[{"href":"https:\/\/www.correiobraziliense.com.br\/cbradar\/wp-json\/wp\/v2\/types\/post"}],"author":[{"embeddable":true,"href":"https:\/\/www.correiobraziliense.com.br\/cbradar\/wp-json\/wp\/v2\/users\/3"}],"replies":[{"embeddable":true,"href":"https:\/\/www.correiobraziliense.com.br\/cbradar\/wp-json\/wp\/v2\/comments?post=12696"}],"version-history":[{"count":1,"href":"https:\/\/www.correiobraziliense.com.br\/cbradar\/wp-json\/wp\/v2\/posts\/12696\/revisions"}],"predecessor-version":[{"id":12700,"href":"https:\/\/www.correiobraziliense.com.br\/cbradar\/wp-json\/wp\/v2\/posts\/12696\/revisions\/12700"}],"wp:featuredmedia":[{"embeddable":true,"href":"https:\/\/www.correiobraziliense.com.br\/cbradar\/wp-json\/wp\/v2\/media\/12698"}],"wp:attachment":[{"href":"https:\/\/www.correiobraziliense.com.br\/cbradar\/wp-json\/wp\/v2\/media?parent=12696"}],"wp:term":[{"taxonomy":"category","embeddable":true,"href":"https:\/\/www.correiobraziliense.com.br\/cbradar\/wp-json\/wp\/v2\/categories?post=12696"},{"taxonomy":"post_tag","embeddable":true,"href":"https:\/\/www.correiobraziliense.com.br\/cbradar\/wp-json\/wp\/v2\/post_tag?post=12696"}],"curies":[{"name":"wp","href":"https:\/\/api.w.org\/{rel}","templated":true}]}}