{"id":127036,"date":"2025-10-28T13:15:00","date_gmt":"2025-10-28T16:15:00","guid":{"rendered":"https:\/\/www.correiobraziliense.com.br\/cbradar\/?p=127036"},"modified":"2025-10-28T13:22:06","modified_gmt":"2025-10-28T16:22:06","slug":"a-chocante-relacao-entre-seu-intestino-e-o-seu-humor","status":"publish","type":"post","link":"https:\/\/www.correiobraziliense.com.br\/cbradar\/a-chocante-relacao-entre-seu-intestino-e-o-seu-humor\/","title":{"rendered":"A chocante rela\u00e7\u00e3o entre  seu intestino e o seu humor"},"content":{"rendered":"\n<p>O <strong>Intestino <\/strong>desempenha um papel essencial na sa\u00fade humana, ultrapassando a simples digest\u00e3o dos alimentos. Seu estado de sa\u00fade est\u00e1 diretamente ligado ao sistema imunol\u00f3gico, \u00e0 produ\u00e7\u00e3o de horm\u00f4nios e ao equil\u00edbrio do humor. A presen\u00e7a de uma microbiota intestinal diversa e equilibrada \u00e9 crucial, pois in\u00fameras bact\u00e9rias ben\u00e9ficas residem ali, auxiliando no fortalecimento da imunidade e at\u00e9 influenciando no bem-estar mental.<\/p>\n\n\n\n<p>Quando ocorre um desequil\u00edbrio na microbiota, chamado disbiose, diversas fun\u00e7\u00f5es do organismo podem ser afetadas, resultando em sintomas como gases, constipa\u00e7\u00e3o, al\u00e9m de impactar o sistema imunol\u00f3gico e o humor. Esse desequil\u00edbrio tamb\u00e9m pode manifestar-se em condi\u00e7\u00f5es como cansa\u00e7o persistente, irritabilidade, e uma s\u00e9rie de processos inflamat\u00f3rios que afetam a sa\u00fade geral.<\/p>\n\n\n\n<h2 class=\"wp-block-heading\">Como os h\u00e1bitos alimentares influenciam a sa\u00fade intestinal?<\/h2>\n\n\n\n<p>A alimenta\u00e7\u00e3o \u00e9 um fator determinante para a sa\u00fade intestinal. Alimentos ultraprocessados, como bolachas recheadas e refrigerantes, prejudicam significativamente a microbiota. O a\u00e7\u00facar em excesso proporciona um ambiente favor\u00e1vel para o desenvolvimento de bact\u00e9rias nocivas e fungos, enquanto as gorduras trans e frituras s\u00e3o inflamat\u00f3rias, agravando ainda mais a situa\u00e7\u00e3o. Al\u00e9m disso, o consumo exagerado de \u00e1lcool e ado\u00e7antes artificiais pode ter um impacto negativo na diversidade bacteriana do Intestino.<\/p>\n\n\n<div class=\"wp-block-image\">\n<figure class=\"aligncenter size-large\"><img decoding=\"async\" width=\"1024\" height=\"576\" src=\"https:\/\/www.correiobraziliense.com.br\/cbradar\/wp-content\/uploads\/2025\/07\/Cancer-intestino_1753056295644-1024x576.jpg\" alt=\"\" class=\"wp-image-73051\" srcset=\"https:\/\/www.correiobraziliense.com.br\/cbradar\/wp-content\/uploads\/2025\/07\/Cancer-intestino_1753056295644-1024x576.jpg 1024w, https:\/\/www.correiobraziliense.com.br\/cbradar\/wp-content\/uploads\/2025\/07\/Cancer-intestino_1753056295644-300x169.jpg 300w, https:\/\/www.correiobraziliense.com.br\/cbradar\/wp-content\/uploads\/2025\/07\/Cancer-intestino_1753056295644-768x432.jpg 768w, https:\/\/www.correiobraziliense.com.br\/cbradar\/wp-content\/uploads\/2025\/07\/Cancer-intestino_1753056295644-750x422.jpg 750w, https:\/\/www.correiobraziliense.com.br\/cbradar\/wp-content\/uploads\/2025\/07\/Cancer-intestino_1753056295644-1140x641.jpg 1140w, https:\/\/www.correiobraziliense.com.br\/cbradar\/wp-content\/uploads\/2025\/07\/Cancer-intestino_1753056295644.jpg 1280w\" sizes=\"(max-width: 1024px) 100vw, 1024px\" \/><figcaption class=\"wp-element-caption\">C\u00e2ncer intestino &#8211; Cr\u00e9ditos: depositphotos.com \/ benschonewille<\/figcaption><\/figure><\/div>\n\n\n<h2 class=\"wp-block-heading\">Quais alimentos fortalecem o Intestino?<\/h2>\n\n\n\n<p>Para promover a sa\u00fade intestinal, \u00e9 vital incorporar alimentos ricos em fibras e probi\u00f3ticos \u00e0 dieta. Frutas frescas, como laranja e kiwi, juntamente com cereais integrais, s\u00e3o excelentes para regular o tr\u00e2nsito intestinal e promover uma flora bacteriana saud\u00e1vel. Al\u00e9m disso, alimentos fermentados como iogurte natural e kombucha s\u00e3o fontes ricas de probi\u00f3ticos que ajudam a repovoar o Intestino com microrganismos ben\u00e9ficos, essenciais para o fortalecimento das defesas do organismo.<\/p>\n\n\n\n<h2 class=\"wp-block-heading\">Que h\u00e1bitos podem prejudicar a sa\u00fade intestinal?<\/h2>\n\n\n\n<p>A sa\u00fade do Intestino tamb\u00e9m \u00e9 influenciada por h\u00e1bitos di\u00e1rios. Dormir inadequadamente, manter-se sob constante estresse e um estilo de vida sedent\u00e1rio s\u00e3o prejudiciais ao equil\u00edbrio da microbiota. A priva\u00e7\u00e3o do sono e o estresse aumentam a produ\u00e7\u00e3o de cortisol, que, por sua vez, altera o funcionamento intestinal. Al\u00e9m disso, o uso frequente de antibi\u00f3ticos sem orienta\u00e7\u00e3o m\u00e9dica pode causar um desequil\u00edbrio nas bact\u00e9rias intestinais.<\/p>\n\n\n\n<h2 class=\"wp-block-heading\">Quais pr\u00e1ticas di\u00e1rias beneficiam a sa\u00fade intestinal?<\/h2>\n\n\n\n<p>Incorporar h\u00e1bitos saud\u00e1veis na rotina pode ser extremamente ben\u00e9fico para o Intestino. Mastigar adequadamente os alimentos e evitar longos per\u00edodos sem comer s\u00e3o pr\u00e1ticas importantes. A pr\u00e1tica regular de atividade f\u00edsica leve pode melhorar o movimento intestinal, enquanto uma boa noite de sono e t\u00e9cnicas de controle de estresse, como medita\u00e7\u00e3o, auxiliam na manuten\u00e7\u00e3o do equil\u00edbrio intestinal.<\/p>\n\n\n\n<p>Empenhar-se em alcan\u00e7ar um equil\u00edbrio saud\u00e1vel da microbiota atrav\u00e9s de escolhas alimentares conscientes e pr\u00e1ticas di\u00e1rias ben\u00e9ficas pode resultar em um efeito positivo no bem-estar geral, indo al\u00e9m da sa\u00fade intestinal e impactando positivamente diversos aspectos da sa\u00fade f\u00edsica e mental.<\/p>\n\n\n<a href=\"https:\/\/www.instagram.com\/dra.annaluisabf\/\" target=\"_blank\" rel=\"noopener\" style=\"text-decoration: none; color: inherit;\">\n    <span style=\"display: inline-block; border: 1px solid #ccc; border-radius: 10px; padding: 15px; max-width: 550px; font-family: sans-serif; box-shadow: 0 2px 5px rgba(0,0,0,0.1); width: 100%;\">\n\n      <!-- T\u00edtulo -->\n      <span style=\"display: block; margin: 0 0 15px 0; font-weight: bold; color: #2c3e50; text-align: center;\">\n        Entre em contato:\n      <\/span>\n\n      <!-- Linha do perfil -->\n      <span style=\"display: flex; align-items: center; gap: 15px;\">\n        <img decoding=\"async\"\n          src=\"https:\/\/www.correiobraziliense.com.br\/cbradar\/wp-content\/uploads\/2025\/08\/dra_anna_luisa.jpeg\"\n          alt=\"Foto da Dra. Anna Lu\u00edsa\"\n          style=\"border-radius: 50%; width: 80px; height: 80px; object-fit: cover;\"\n        \/>\n        <span style=\"display: flex; flex-direction: column;\">\n          <span style=\"font-size: 18px; font-weight: 700; color: #2c3e50;\">Dra. Anna Lu\u00edsa Barbosa Fernandes<\/span>\n          <span style=\"color: #555;\">CRM-GO 33.271<\/span>\n        <\/span>\n      <\/span>\n\n      <!-- Redes -->\n      <span style=\"display: flex; align-items: center; gap: 10px; margin-top: 12px;\">\n        <img decoding=\"async\" src=\"https:\/\/cdn-icons-png.flaticon.com\/24\/1384\/1384063.png\" alt=\"Instagram\" width=\"24\" height=\"24\" \/>\n        <span style=\"text-decoration: underline; color: #2c3e50;\">@dra.annaluisabf<\/span>\n      <\/span>\n\n    <\/span>\n  <\/a>","protected":false},"excerpt":{"rendered":"<p>O Intestino desempenha um papel essencial na sa\u00fade humana, ultrapassando a simples digest\u00e3o dos alimentos. Seu estado de sa\u00fade est\u00e1 diretamente ligado ao sistema imunol\u00f3gico, \u00e0 produ\u00e7\u00e3o de horm\u00f4nios e ao equil\u00edbrio do humor. A presen\u00e7a de uma microbiota intestinal diversa e equilibrada \u00e9 crucial, pois in\u00fameras bact\u00e9rias ben\u00e9ficas residem ali, auxiliando no fortalecimento da [&hellip;]<\/p>\n","protected":false},"author":14,"featured_media":64224,"comment_status":"open","ping_status":"open","sticky":false,"template":"","format":"standard","meta":{"_yoast_wpseo_focuskw":"Intestino","_yoast_wpseo_title":"","_yoast_wpseo_metadesc":"A sa\u00fade intestinal influencia muito mais do que a digest\u00e3o. Veja como evitar erros comuns e fortalecer sua imunidade e equil\u00edbrio emocional.","jnews-multi-image_gallery":[],"jnews_single_post":{"format":"standard"},"jnews_primary_category":[],"jnews_social_meta":[],"jnews_override_counter":[],"footnotes":""},"categories":[4404],"post_tag":[281,120,1318],"class_list":["post-127036","post","type-post","status-publish","format-standard","has-post-thumbnail","hentry","category-saude","tag-alimentacao","tag-bem-estar","tag-saude-2"],"yoast_head":"<!-- This site is optimized with the Yoast SEO plugin v24.6 - https:\/\/yoast.com\/wordpress\/plugins\/seo\/ -->\n<title>A chocante rela\u00e7\u00e3o entre seu intestino e o seu humor - Correio Braziliense - Radar<\/title>\n<meta name=\"description\" content=\"A sa\u00fade intestinal influencia muito mais do que a digest\u00e3o. Veja como evitar erros comuns e fortalecer sua imunidade e equil\u00edbrio emocional.\" \/>\n<meta name=\"robots\" content=\"index, follow, max-snippet:-1, max-image-preview:large, max-video-preview:-1\" \/>\n<link rel=\"canonical\" href=\"https:\/\/www.correiobraziliense.com.br\/cbradar\/a-chocante-relacao-entre-seu-intestino-e-o-seu-humor\/\" \/>\n<meta property=\"og:locale\" content=\"pt_BR\" \/>\n<meta property=\"og:type\" content=\"article\" \/>\n<meta property=\"og:title\" content=\"A chocante rela\u00e7\u00e3o entre seu intestino e o seu humor - Correio Braziliense - Radar\" \/>\n<meta property=\"og:description\" content=\"A sa\u00fade intestinal influencia muito mais do que a digest\u00e3o. Veja como evitar erros comuns e fortalecer sua imunidade e equil\u00edbrio emocional.\" \/>\n<meta property=\"og:url\" content=\"https:\/\/www.correiobraziliense.com.br\/cbradar\/a-chocante-relacao-entre-seu-intestino-e-o-seu-humor\/\" \/>\n<meta property=\"og:site_name\" content=\"Correio Braziliense - Radar\" \/>\n<meta property=\"article:published_time\" content=\"2025-10-28T16:15:00+00:00\" \/>\n<meta property=\"article:modified_time\" content=\"2025-10-28T16:22:06+00:00\" \/>\n<meta property=\"og:image\" content=\"https:\/\/www.correiobraziliense.com.br\/cbradar\/wp-content\/uploads\/2025\/07\/intestino_1751564732303.jpg\" \/>\n\t<meta property=\"og:image:width\" content=\"1280\" \/>\n\t<meta property=\"og:image:height\" content=\"720\" \/>\n\t<meta property=\"og:image:type\" content=\"image\/jpeg\" \/>\n<meta name=\"author\" content=\"guilherme_saude\" \/>\n<meta name=\"twitter:card\" content=\"summary_large_image\" \/>\n<meta name=\"twitter:label1\" content=\"Escrito por\" \/>\n\t<meta name=\"twitter:data1\" content=\"guilherme_saude\" \/>\n\t<meta name=\"twitter:label2\" content=\"Est. tempo de leitura\" \/>\n\t<meta name=\"twitter:data2\" content=\"1 minuto\" \/>\n<!-- \/ Yoast SEO plugin. -->","yoast_head_json":{"title":"A chocante rela\u00e7\u00e3o entre seu intestino e o seu humor - Correio Braziliense - Radar","description":"A sa\u00fade intestinal influencia muito mais do que a digest\u00e3o. Veja como evitar erros comuns e fortalecer sua imunidade e equil\u00edbrio emocional.","robots":{"index":"index","follow":"follow","max-snippet":"max-snippet:-1","max-image-preview":"max-image-preview:large","max-video-preview":"max-video-preview:-1"},"canonical":"https:\/\/www.correiobraziliense.com.br\/cbradar\/a-chocante-relacao-entre-seu-intestino-e-o-seu-humor\/","og_locale":"pt_BR","og_type":"article","og_title":"A chocante rela\u00e7\u00e3o entre seu intestino e o seu humor - Correio Braziliense - Radar","og_description":"A sa\u00fade intestinal influencia muito mais do que a digest\u00e3o. Veja como evitar erros comuns e fortalecer sua imunidade e equil\u00edbrio emocional.","og_url":"https:\/\/www.correiobraziliense.com.br\/cbradar\/a-chocante-relacao-entre-seu-intestino-e-o-seu-humor\/","og_site_name":"Correio Braziliense - Radar","article_published_time":"2025-10-28T16:15:00+00:00","article_modified_time":"2025-10-28T16:22:06+00:00","og_image":[{"width":1280,"height":720,"url":"https:\/\/www.correiobraziliense.com.br\/cbradar\/wp-content\/uploads\/2025\/07\/intestino_1751564732303.jpg","type":"image\/jpeg"}],"author":"guilherme_saude","twitter_card":"summary_large_image","twitter_misc":{"Escrito por":"guilherme_saude","Est. tempo de leitura":"1 minuto"},"schema":{"@context":"https:\/\/schema.org","@graph":[{"@type":"WebPage","@id":"https:\/\/www.correiobraziliense.com.br\/cbradar\/a-chocante-relacao-entre-seu-intestino-e-o-seu-humor\/","url":"https:\/\/www.correiobraziliense.com.br\/cbradar\/a-chocante-relacao-entre-seu-intestino-e-o-seu-humor\/","name":"A chocante rela\u00e7\u00e3o entre seu intestino e o seu humor - Correio Braziliense - Radar","isPartOf":{"@id":"https:\/\/www.correiobraziliense.com.br\/cbradar\/#website"},"primaryImageOfPage":{"@id":"https:\/\/www.correiobraziliense.com.br\/cbradar\/a-chocante-relacao-entre-seu-intestino-e-o-seu-humor\/#primaryimage"},"image":{"@id":"https:\/\/www.correiobraziliense.com.br\/cbradar\/a-chocante-relacao-entre-seu-intestino-e-o-seu-humor\/#primaryimage"},"thumbnailUrl":"https:\/\/www.correiobraziliense.com.br\/cbradar\/wp-content\/uploads\/2025\/07\/intestino_1751564732303.jpg","datePublished":"2025-10-28T16:15:00+00:00","dateModified":"2025-10-28T16:22:06+00:00","author":{"@id":"https:\/\/www.correiobraziliense.com.br\/cbradar\/#\/schema\/person\/5aa4bf3c8fa699c267933611de12978b"},"description":"A sa\u00fade intestinal influencia muito mais do que a digest\u00e3o. Veja como evitar erros comuns e fortalecer sua imunidade e equil\u00edbrio emocional.","breadcrumb":{"@id":"https:\/\/www.correiobraziliense.com.br\/cbradar\/a-chocante-relacao-entre-seu-intestino-e-o-seu-humor\/#breadcrumb"},"inLanguage":"pt-BR","potentialAction":[{"@type":"ReadAction","target":["https:\/\/www.correiobraziliense.com.br\/cbradar\/a-chocante-relacao-entre-seu-intestino-e-o-seu-humor\/"]}]},{"@type":"ImageObject","inLanguage":"pt-BR","@id":"https:\/\/www.correiobraziliense.com.br\/cbradar\/a-chocante-relacao-entre-seu-intestino-e-o-seu-humor\/#primaryimage","url":"https:\/\/www.correiobraziliense.com.br\/cbradar\/wp-content\/uploads\/2025\/07\/intestino_1751564732303.jpg","contentUrl":"https:\/\/www.correiobraziliense.com.br\/cbradar\/wp-content\/uploads\/2025\/07\/intestino_1751564732303.jpg","width":1280,"height":720,"caption":"Intestino - Cr\u00e9ditos: depositphotos.com \/ Tharakorn"},{"@type":"BreadcrumbList","@id":"https:\/\/www.correiobraziliense.com.br\/cbradar\/a-chocante-relacao-entre-seu-intestino-e-o-seu-humor\/#breadcrumb","itemListElement":[{"@type":"ListItem","position":1,"name":"In\u00edcio","item":"https:\/\/www.correiobraziliense.com.br\/cbradar\/"},{"@type":"ListItem","position":2,"name":"A chocante rela\u00e7\u00e3o entre seu intestino e o seu humor"}]},{"@type":"WebSite","@id":"https:\/\/www.correiobraziliense.com.br\/cbradar\/#website","url":"https:\/\/www.correiobraziliense.com.br\/cbradar\/","name":"Correio Braziliense - Radar","description":"Acompanhe as \u00faltimas not\u00edcias e fique bem informado sobre tudo o que acontece no Brasil e no mundo.","potentialAction":[{"@type":"SearchAction","target":{"@type":"EntryPoint","urlTemplate":"https:\/\/www.correiobraziliense.com.br\/cbradar\/?s={search_term_string}"},"query-input":{"@type":"PropertyValueSpecification","valueRequired":true,"valueName":"search_term_string"}}],"inLanguage":"pt-BR"},{"@type":"Person","@id":"https:\/\/www.correiobraziliense.com.br\/cbradar\/#\/schema\/person\/5aa4bf3c8fa699c267933611de12978b","name":"guilherme_saude","image":{"@type":"ImageObject","inLanguage":"pt-BR","@id":"https:\/\/www.correiobraziliense.com.br\/cbradar\/#\/schema\/person\/image\/","url":"https:\/\/secure.gravatar.com\/avatar\/df9adfb835d344bc0af109d41756253f?s=96&d=mm&r=g","contentUrl":"https:\/\/secure.gravatar.com\/avatar\/df9adfb835d344bc0af109d41756253f?s=96&d=mm&r=g","caption":"guilherme_saude"},"url":"https:\/\/www.correiobraziliense.com.br\/cbradar\/author\/guilherme_saude\/"}]}},"_links":{"self":[{"href":"https:\/\/www.correiobraziliense.com.br\/cbradar\/wp-json\/wp\/v2\/posts\/127036","targetHints":{"allow":["GET"]}}],"collection":[{"href":"https:\/\/www.correiobraziliense.com.br\/cbradar\/wp-json\/wp\/v2\/posts"}],"about":[{"href":"https:\/\/www.correiobraziliense.com.br\/cbradar\/wp-json\/wp\/v2\/types\/post"}],"author":[{"embeddable":true,"href":"https:\/\/www.correiobraziliense.com.br\/cbradar\/wp-json\/wp\/v2\/users\/14"}],"replies":[{"embeddable":true,"href":"https:\/\/www.correiobraziliense.com.br\/cbradar\/wp-json\/wp\/v2\/comments?post=127036"}],"version-history":[{"count":1,"href":"https:\/\/www.correiobraziliense.com.br\/cbradar\/wp-json\/wp\/v2\/posts\/127036\/revisions"}],"predecessor-version":[{"id":127038,"href":"https:\/\/www.correiobraziliense.com.br\/cbradar\/wp-json\/wp\/v2\/posts\/127036\/revisions\/127038"}],"wp:featuredmedia":[{"embeddable":true,"href":"https:\/\/www.correiobraziliense.com.br\/cbradar\/wp-json\/wp\/v2\/media\/64224"}],"wp:attachment":[{"href":"https:\/\/www.correiobraziliense.com.br\/cbradar\/wp-json\/wp\/v2\/media?parent=127036"}],"wp:term":[{"taxonomy":"category","embeddable":true,"href":"https:\/\/www.correiobraziliense.com.br\/cbradar\/wp-json\/wp\/v2\/categories?post=127036"},{"taxonomy":"post_tag","embeddable":true,"href":"https:\/\/www.correiobraziliense.com.br\/cbradar\/wp-json\/wp\/v2\/post_tag?post=127036"}],"curies":[{"name":"wp","href":"https:\/\/api.w.org\/{rel}","templated":true}]}}