{"id":127046,"date":"2025-10-28T17:15:00","date_gmt":"2025-10-28T20:15:00","guid":{"rendered":"https:\/\/www.correiobraziliense.com.br\/cbradar\/?p=127046"},"modified":"2025-10-27T18:51:52","modified_gmt":"2025-10-27T21:51:52","slug":"o-tratamento-auditivo-que-muda-vidas-em-qualquer-idade","status":"publish","type":"post","link":"https:\/\/www.correiobraziliense.com.br\/cbradar\/o-tratamento-auditivo-que-muda-vidas-em-qualquer-idade\/","title":{"rendered":"O tratamento auditivo que muda vidas em qualquer idade"},"content":{"rendered":"\n<p>A <strong>Perda Auditiva<\/strong> \u00e9 uma condi\u00e7\u00e3o que afeta milh\u00f5es de pessoas em todo o mundo, trazendo impactos significativos n\u00e3o apenas na capacidade de ouvir, mas tamb\u00e9m na qualidade de vida social e emocional dos indiv\u00edduos. Estudos recentes indicam que o uso de aparelhos auditivos e implantes cocleares pode fazer uma grande diferen\u00e7a na vida daqueles que sofrem com essa condi\u00e7\u00e3o. As pesquisas revelam que essas interven\u00e7\u00f5es n\u00e3o apenas melhoram a capacidade de ouvir, mas tamb\u00e9m t\u00eam efeitos positivos na intera\u00e7\u00e3o social e na confian\u00e7a pessoal.<\/p>\n\n\n\n<p>O uso de dispositivos auditivos tem mostrado resultados promissores no aumento da sociabilidade dos indiv\u00edduos, permitindo uma melhor participa\u00e7\u00e3o em conversas de grupo e maior conforto em ambientes ruidosos. Isso \u00e9 especialmente importante em contextos sociais onde a comunica\u00e7\u00e3o \u00e9 crucial. Os implantes cocleares, em particular, t\u00eam se destacado, oferecendo uma melhor restaura\u00e7\u00e3o da audi\u00e7\u00e3o, especialmente em casos severos. Esta tecnologia n\u00e3o apenas ajuda na audi\u00e7\u00e3o, mas tamb\u00e9m proporciona um aumento significativo na qualidade de vida social.<\/p>\n\n\n\n<h2 class=\"wp-block-heading\">Como o tratamento auditivo influencia a vida social?<\/h2>\n\n\n\n<p>Os benef\u00edcios sociais do tratamento auditivo v\u00e3o al\u00e9m da mera capacidade de ouvir sons novamente. Os indiv\u00edduos que utilizam aparelhos auditivos costumam relatar menores barreiras em intera\u00e7\u00f5es sociais, sentindo-se mais conectados e menos isolados. H\u00e1 evid\u00eancias que sugerem que o uso desses dispositivos pode levar \u00e0 redu\u00e7\u00e3o da solid\u00e3o, um problema comum entre aqueles que sofrem de Perda Auditiva n\u00e3o tratada. Este \u00e9 um passo importante para melhorar o bem-estar emocional e mental dos afetados.<\/p>\n\n\n<div class=\"wp-block-image\">\n<figure class=\"aligncenter size-large\"><img decoding=\"async\" width=\"1024\" height=\"576\" src=\"https:\/\/www.correiobraziliense.com.br\/cbradar\/wp-content\/uploads\/2025\/10\/Perda-Auditiva_1761601862559-1024x576.jpg\" alt=\"\" class=\"wp-image-127050\" srcset=\"https:\/\/www.correiobraziliense.com.br\/cbradar\/wp-content\/uploads\/2025\/10\/Perda-Auditiva_1761601862559-1024x576.jpg 1024w, https:\/\/www.correiobraziliense.com.br\/cbradar\/wp-content\/uploads\/2025\/10\/Perda-Auditiva_1761601862559-300x169.jpg 300w, https:\/\/www.correiobraziliense.com.br\/cbradar\/wp-content\/uploads\/2025\/10\/Perda-Auditiva_1761601862559-768x432.jpg 768w, https:\/\/www.correiobraziliense.com.br\/cbradar\/wp-content\/uploads\/2025\/10\/Perda-Auditiva_1761601862559-750x422.jpg 750w, https:\/\/www.correiobraziliense.com.br\/cbradar\/wp-content\/uploads\/2025\/10\/Perda-Auditiva_1761601862559-1140x641.jpg 1140w, https:\/\/www.correiobraziliense.com.br\/cbradar\/wp-content\/uploads\/2025\/10\/Perda-Auditiva_1761601862559.jpg 1280w\" sizes=\"(max-width: 1024px) 100vw, 1024px\" \/><figcaption class=\"wp-element-caption\">Perda Auditiva &#8211; Cr\u00e9ditos: depositphotos.com \/ HayDmitriy<\/figcaption><\/figure><\/div>\n\n\n<h2 class=\"wp-block-heading\">Existe uma liga\u00e7\u00e3o entre audi\u00e7\u00e3o e sa\u00fade cognitiva?<\/h2>\n\n\n\n<p>A estimula\u00e7\u00e3o auditiva regular tamb\u00e9m pode ter implica\u00e7\u00f5es positivas para a sa\u00fade cognitiva. Pesquisas indicam que manter o c\u00e9rebro ativo atrav\u00e9s da audi\u00e7\u00e3o adequada pode ajudar a preservar a <a href=\"https:\/\/www.correiobraziliense.com.br\/cbradar\/entenda-a-principal-causa-de-cegueira-irreversivel-em-pessoas-acima-de-50-anos\/\" target=\"_blank\" rel=\"noreferrer noopener\">sa\u00fade <\/a>cognitiva ao longo do tempo. Isso \u00e9 especialmente relevante diante de estudos que identificaram um menor risco de mortalidade entre adultos que fazem uso de aparelhos auditivos. A rela\u00e7\u00e3o entre Perda Auditiva e decl\u00ednio cognitivo est\u00e1 cada vez mais clara, e tratar a audi\u00e7\u00e3o pode ser uma forma eficaz de proteger a sa\u00fade cerebral.<\/p>\n\n\n\n<h2 class=\"wp-block-heading\">Por que a conscientiza\u00e7\u00e3o sobre a Perda Auditiva \u00e9 crucial?<\/h2>\n\n\n\n<p>Estimativas apontam que milh\u00f5es de adultos enfrentam Perda Auditiva e muitos ainda n\u00e3o buscam tratamento. Este n\u00famero alarmante destaca a necessidade de aumentar a conscientiza\u00e7\u00e3o sobre os benef\u00edcios do tratamento auditivo. Al\u00e9m dos ganhos na qualidade de vida social e reduzido risco de isolamento, os indiv\u00edduos que procuram aux\u00edlio auditivo podem estar investindo n\u00e3o apenas no presente, mas tamb\u00e9m na sa\u00fade futura.<\/p>\n\n\n\n<p>Promover a conscientiza\u00e7\u00e3o sobre a import\u00e2ncia do tratamento auditivo pode incentivar mais pessoas a buscarem solu\u00e7\u00f5es que melhorem significativamente sua qualidade de vida. A sa\u00fade auditiva integra aspectos cruciais do bem-estar geral e precisa ser abordada com a seriedade e aten\u00e7\u00e3o que merece. Com os avan\u00e7os tecnol\u00f3gicos atuais, como aparelhos auditivos mais sofisticados e implantes cocleares, as op\u00e7\u00f5es de tratamento oferecem esperan\u00e7a renovada para aqueles que enfrentam desafios auditivos. Dessa forma, buscar tratamento n\u00e3o \u00e9 apenas uma quest\u00e3o de ouvir melhor, mas sim de viver melhor.<\/p>\n\n\n<a href=\"https:\/\/www.instagram.com\/dra.annaluisabf\/\" target=\"_blank\" rel=\"noopener\" style=\"text-decoration: none; color: inherit;\">\n    <span style=\"display: inline-block; border: 1px solid #ccc; border-radius: 10px; padding: 15px; max-width: 550px; font-family: sans-serif; box-shadow: 0 2px 5px rgba(0,0,0,0.1); width: 100%;\">\n\n      <!-- T\u00edtulo -->\n      <span style=\"display: block; margin: 0 0 15px 0; font-weight: bold; color: #2c3e50; text-align: center;\">\n        Entre em contato:\n      <\/span>\n\n      <!-- Linha do perfil -->\n      <span style=\"display: flex; align-items: center; gap: 15px;\">\n        <img decoding=\"async\"\n          src=\"https:\/\/www.correiobraziliense.com.br\/cbradar\/wp-content\/uploads\/2025\/08\/dra_anna_luisa.jpeg\"\n          alt=\"Foto da Dra. Anna Lu\u00edsa\"\n          style=\"border-radius: 50%; width: 80px; height: 80px; object-fit: cover;\"\n        \/>\n        <span style=\"display: flex; flex-direction: column;\">\n          <span style=\"font-size: 18px; font-weight: 700; color: #2c3e50;\">Dra. Anna Lu\u00edsa Barbosa Fernandes<\/span>\n          <span style=\"color: #555;\">CRM-GO 33.271<\/span>\n        <\/span>\n      <\/span>\n\n      <!-- Redes -->\n      <span style=\"display: flex; align-items: center; gap: 10px; margin-top: 12px;\">\n        <img decoding=\"async\" src=\"https:\/\/cdn-icons-png.flaticon.com\/24\/1384\/1384063.png\" alt=\"Instagram\" width=\"24\" height=\"24\" \/>\n        <span style=\"text-decoration: underline; color: #2c3e50;\">@dra.annaluisabf<\/span>\n      <\/span>\n\n    <\/span>\n  <\/a>","protected":false},"excerpt":{"rendered":"<p>A Perda Auditiva \u00e9 uma condi\u00e7\u00e3o que afeta milh\u00f5es de pessoas em todo o mundo, trazendo impactos significativos n\u00e3o apenas na capacidade de ouvir, mas tamb\u00e9m na qualidade de vida social e emocional dos indiv\u00edduos. Estudos recentes indicam que o uso de aparelhos auditivos e implantes cocleares pode fazer uma grande diferen\u00e7a na vida daqueles [&hellip;]<\/p>\n","protected":false},"author":14,"featured_media":127048,"comment_status":"open","ping_status":"open","sticky":false,"template":"","format":"standard","meta":{"_yoast_wpseo_focuskw":"Perda Auditiva","_yoast_wpseo_title":"","_yoast_wpseo_metadesc":"A perda auditiva afeta mais que a audi\u00e7\u00e3o. Descubra como aparelhos auditivos ajudam no bem-estar emocional e previnem o isolamento social.","jnews-multi-image_gallery":[],"jnews_single_post":{"format":"standard"},"jnews_primary_category":[],"jnews_social_meta":[],"jnews_override_counter":[],"footnotes":""},"categories":[4404],"post_tag":[120,247,1318],"class_list":["post-127046","post","type-post","status-publish","format-standard","has-post-thumbnail","hentry","category-saude","tag-bem-estar","tag-qualidade-de-vida","tag-saude-2"],"yoast_head":"<!-- This site is optimized with the Yoast SEO plugin v24.6 - https:\/\/yoast.com\/wordpress\/plugins\/seo\/ -->\n<title>O tratamento auditivo que muda vidas em qualquer idade - Correio Braziliense - Radar<\/title>\n<meta name=\"description\" content=\"A perda auditiva afeta mais que a audi\u00e7\u00e3o. Descubra como aparelhos auditivos ajudam no bem-estar emocional e previnem o isolamento social.\" \/>\n<meta name=\"robots\" content=\"index, follow, max-snippet:-1, max-image-preview:large, max-video-preview:-1\" \/>\n<link rel=\"canonical\" href=\"https:\/\/www.correiobraziliense.com.br\/cbradar\/o-tratamento-auditivo-que-muda-vidas-em-qualquer-idade\/\" \/>\n<meta property=\"og:locale\" content=\"pt_BR\" \/>\n<meta property=\"og:type\" content=\"article\" \/>\n<meta property=\"og:title\" content=\"O tratamento auditivo que muda vidas em qualquer idade - Correio Braziliense - Radar\" \/>\n<meta property=\"og:description\" content=\"A perda auditiva afeta mais que a audi\u00e7\u00e3o. Descubra como aparelhos auditivos ajudam no bem-estar emocional e previnem o isolamento social.\" \/>\n<meta property=\"og:url\" content=\"https:\/\/www.correiobraziliense.com.br\/cbradar\/o-tratamento-auditivo-que-muda-vidas-em-qualquer-idade\/\" \/>\n<meta property=\"og:site_name\" content=\"Correio Braziliense - Radar\" \/>\n<meta property=\"article:published_time\" content=\"2025-10-28T20:15:00+00:00\" \/>\n<meta property=\"og:image\" content=\"https:\/\/www.correiobraziliense.com.br\/cbradar\/wp-content\/uploads\/2025\/10\/Perda-Auditiva_1761601794558.jpg\" \/>\n\t<meta property=\"og:image:width\" content=\"1280\" \/>\n\t<meta property=\"og:image:height\" content=\"720\" \/>\n\t<meta property=\"og:image:type\" content=\"image\/jpeg\" \/>\n<meta name=\"author\" content=\"guilherme_saude\" \/>\n<meta name=\"twitter:card\" content=\"summary_large_image\" \/>\n<meta name=\"twitter:label1\" content=\"Escrito por\" \/>\n\t<meta name=\"twitter:data1\" content=\"guilherme_saude\" \/>\n\t<meta name=\"twitter:label2\" content=\"Est. tempo de leitura\" \/>\n\t<meta name=\"twitter:data2\" content=\"4 minutos\" \/>\n<!-- \/ Yoast SEO plugin. -->","yoast_head_json":{"title":"O tratamento auditivo que muda vidas em qualquer idade - Correio Braziliense - Radar","description":"A perda auditiva afeta mais que a audi\u00e7\u00e3o. Descubra como aparelhos auditivos ajudam no bem-estar emocional e previnem o isolamento social.","robots":{"index":"index","follow":"follow","max-snippet":"max-snippet:-1","max-image-preview":"max-image-preview:large","max-video-preview":"max-video-preview:-1"},"canonical":"https:\/\/www.correiobraziliense.com.br\/cbradar\/o-tratamento-auditivo-que-muda-vidas-em-qualquer-idade\/","og_locale":"pt_BR","og_type":"article","og_title":"O tratamento auditivo que muda vidas em qualquer idade - Correio Braziliense - Radar","og_description":"A perda auditiva afeta mais que a audi\u00e7\u00e3o. Descubra como aparelhos auditivos ajudam no bem-estar emocional e previnem o isolamento social.","og_url":"https:\/\/www.correiobraziliense.com.br\/cbradar\/o-tratamento-auditivo-que-muda-vidas-em-qualquer-idade\/","og_site_name":"Correio Braziliense - Radar","article_published_time":"2025-10-28T20:15:00+00:00","og_image":[{"width":1280,"height":720,"url":"https:\/\/www.correiobraziliense.com.br\/cbradar\/wp-content\/uploads\/2025\/10\/Perda-Auditiva_1761601794558.jpg","type":"image\/jpeg"}],"author":"guilherme_saude","twitter_card":"summary_large_image","twitter_misc":{"Escrito por":"guilherme_saude","Est. tempo de leitura":"4 minutos"},"schema":{"@context":"https:\/\/schema.org","@graph":[{"@type":"WebPage","@id":"https:\/\/www.correiobraziliense.com.br\/cbradar\/o-tratamento-auditivo-que-muda-vidas-em-qualquer-idade\/","url":"https:\/\/www.correiobraziliense.com.br\/cbradar\/o-tratamento-auditivo-que-muda-vidas-em-qualquer-idade\/","name":"O tratamento auditivo que muda vidas em qualquer idade - Correio Braziliense - Radar","isPartOf":{"@id":"https:\/\/www.correiobraziliense.com.br\/cbradar\/#website"},"primaryImageOfPage":{"@id":"https:\/\/www.correiobraziliense.com.br\/cbradar\/o-tratamento-auditivo-que-muda-vidas-em-qualquer-idade\/#primaryimage"},"image":{"@id":"https:\/\/www.correiobraziliense.com.br\/cbradar\/o-tratamento-auditivo-que-muda-vidas-em-qualquer-idade\/#primaryimage"},"thumbnailUrl":"https:\/\/www.correiobraziliense.com.br\/cbradar\/wp-content\/uploads\/2025\/10\/Perda-Auditiva_1761601794558.jpg","datePublished":"2025-10-28T20:15:00+00:00","author":{"@id":"https:\/\/www.correiobraziliense.com.br\/cbradar\/#\/schema\/person\/5aa4bf3c8fa699c267933611de12978b"},"description":"A perda auditiva afeta mais que a audi\u00e7\u00e3o. Descubra como aparelhos auditivos ajudam no bem-estar emocional e previnem o isolamento social.","breadcrumb":{"@id":"https:\/\/www.correiobraziliense.com.br\/cbradar\/o-tratamento-auditivo-que-muda-vidas-em-qualquer-idade\/#breadcrumb"},"inLanguage":"pt-BR","potentialAction":[{"@type":"ReadAction","target":["https:\/\/www.correiobraziliense.com.br\/cbradar\/o-tratamento-auditivo-que-muda-vidas-em-qualquer-idade\/"]}]},{"@type":"ImageObject","inLanguage":"pt-BR","@id":"https:\/\/www.correiobraziliense.com.br\/cbradar\/o-tratamento-auditivo-que-muda-vidas-em-qualquer-idade\/#primaryimage","url":"https:\/\/www.correiobraziliense.com.br\/cbradar\/wp-content\/uploads\/2025\/10\/Perda-Auditiva_1761601794558.jpg","contentUrl":"https:\/\/www.correiobraziliense.com.br\/cbradar\/wp-content\/uploads\/2025\/10\/Perda-Auditiva_1761601794558.jpg","width":1280,"height":720,"caption":"Perda Auditiva - Cr\u00e9ditos: depositphotos.com \/ 9nong"},{"@type":"BreadcrumbList","@id":"https:\/\/www.correiobraziliense.com.br\/cbradar\/o-tratamento-auditivo-que-muda-vidas-em-qualquer-idade\/#breadcrumb","itemListElement":[{"@type":"ListItem","position":1,"name":"In\u00edcio","item":"https:\/\/www.correiobraziliense.com.br\/cbradar\/"},{"@type":"ListItem","position":2,"name":"O tratamento auditivo que muda vidas em qualquer idade"}]},{"@type":"WebSite","@id":"https:\/\/www.correiobraziliense.com.br\/cbradar\/#website","url":"https:\/\/www.correiobraziliense.com.br\/cbradar\/","name":"Correio Braziliense - Radar","description":"Acompanhe as \u00faltimas not\u00edcias e fique bem informado sobre tudo o que acontece no Brasil e no mundo.","potentialAction":[{"@type":"SearchAction","target":{"@type":"EntryPoint","urlTemplate":"https:\/\/www.correiobraziliense.com.br\/cbradar\/?s={search_term_string}"},"query-input":{"@type":"PropertyValueSpecification","valueRequired":true,"valueName":"search_term_string"}}],"inLanguage":"pt-BR"},{"@type":"Person","@id":"https:\/\/www.correiobraziliense.com.br\/cbradar\/#\/schema\/person\/5aa4bf3c8fa699c267933611de12978b","name":"guilherme_saude","image":{"@type":"ImageObject","inLanguage":"pt-BR","@id":"https:\/\/www.correiobraziliense.com.br\/cbradar\/#\/schema\/person\/image\/","url":"https:\/\/secure.gravatar.com\/avatar\/df9adfb835d344bc0af109d41756253f?s=96&d=mm&r=g","contentUrl":"https:\/\/secure.gravatar.com\/avatar\/df9adfb835d344bc0af109d41756253f?s=96&d=mm&r=g","caption":"guilherme_saude"},"url":"https:\/\/www.correiobraziliense.com.br\/cbradar\/author\/guilherme_saude\/"}]}},"_links":{"self":[{"href":"https:\/\/www.correiobraziliense.com.br\/cbradar\/wp-json\/wp\/v2\/posts\/127046","targetHints":{"allow":["GET"]}}],"collection":[{"href":"https:\/\/www.correiobraziliense.com.br\/cbradar\/wp-json\/wp\/v2\/posts"}],"about":[{"href":"https:\/\/www.correiobraziliense.com.br\/cbradar\/wp-json\/wp\/v2\/types\/post"}],"author":[{"embeddable":true,"href":"https:\/\/www.correiobraziliense.com.br\/cbradar\/wp-json\/wp\/v2\/users\/14"}],"replies":[{"embeddable":true,"href":"https:\/\/www.correiobraziliense.com.br\/cbradar\/wp-json\/wp\/v2\/comments?post=127046"}],"version-history":[{"count":1,"href":"https:\/\/www.correiobraziliense.com.br\/cbradar\/wp-json\/wp\/v2\/posts\/127046\/revisions"}],"predecessor-version":[{"id":127054,"href":"https:\/\/www.correiobraziliense.com.br\/cbradar\/wp-json\/wp\/v2\/posts\/127046\/revisions\/127054"}],"wp:featuredmedia":[{"embeddable":true,"href":"https:\/\/www.correiobraziliense.com.br\/cbradar\/wp-json\/wp\/v2\/media\/127048"}],"wp:attachment":[{"href":"https:\/\/www.correiobraziliense.com.br\/cbradar\/wp-json\/wp\/v2\/media?parent=127046"}],"wp:term":[{"taxonomy":"category","embeddable":true,"href":"https:\/\/www.correiobraziliense.com.br\/cbradar\/wp-json\/wp\/v2\/categories?post=127046"},{"taxonomy":"post_tag","embeddable":true,"href":"https:\/\/www.correiobraziliense.com.br\/cbradar\/wp-json\/wp\/v2\/post_tag?post=127046"}],"curies":[{"name":"wp","href":"https:\/\/api.w.org\/{rel}","templated":true}]}}