{"id":127095,"date":"2025-10-29T07:05:01","date_gmt":"2025-10-29T10:05:01","guid":{"rendered":"https:\/\/www.correiobraziliense.com.br\/cbradar\/?p=127095"},"modified":"2025-10-28T10:35:47","modified_gmt":"2025-10-28T13:35:47","slug":"estudos-alertam-sobre-o-uso-desse-cha-popular-para-gastrite","status":"publish","type":"post","link":"https:\/\/www.correiobraziliense.com.br\/cbradar\/estudos-alertam-sobre-o-uso-desse-cha-popular-para-gastrite\/","title":{"rendered":"Estudos alertam sobre o uso desse ch\u00e1 popular para gastrite"},"content":{"rendered":"\n<p>O <strong>ch\u00e1 de camomila<\/strong> costuma ser utilizado para ajudar no desconforto da <strong>gastrite<\/strong>, por\u00e9m as evid\u00eancias cient\u00edficas sobre sua efic\u00e1cia ainda s\u00e3o limitadas, e seus benef\u00edcios se baseiam, em grande parte, no uso tradicional para sintomas leves como <strong>gases<\/strong> e <strong>c\u00f3licas<\/strong>.<\/p>\n\n\n\n<h2 class=\"wp-block-heading\">Como preparar o ch\u00e1 de camomila de forma correta<\/h2>\n\n\n\n<p>O preparo do <strong>ch\u00e1 de camomila<\/strong> \u00e9 simples e r\u00e1pido, mas alguns detalhes ajudam a potencializar seu efeito <strong>calmante<\/strong> para desconfortos leves. A <strong>infus\u00e3o<\/strong> deve ser preparada utilizando <strong>flores secas<\/strong> e <strong>\u00e1gua aquecida<\/strong> para extrair os compostos ativos.<\/p>\n\n\n\n<p>Veja o passo a passo da prepara\u00e7\u00e3o recomendada:<\/p>\n\n\n\n<ul class=\"wp-block-list\">\n<li>Use 1 a 2 colheres de ch\u00e1 de <strong>flores secas de camomila<\/strong><\/li>\n\n\n\n<li>Adicione em cerca de <strong>150 ml de \u00e1gua quente<\/strong> (n\u00e3o fervente)<\/li>\n\n\n\n<li>Deixe em infus\u00e3o de <strong>5 a 10 minutos<\/strong><\/li>\n<\/ul>\n\n\n\n<blockquote class=\"tiktok-embed\" cite=\"https:\/\/www.tiktok.com\/@boldinhoaqui\/video\/7276570062469844229\" data-video-id=\"7276570062469844229\" style=\"max-width: 605px;min-width: 325px;\" > <section> <a target=\"_blank\" title=\"@boldinhoaqui\" href=\"https:\/\/www.tiktok.com\/@boldinhoaqui?refer=embed\">@boldinhoaqui<\/a> Esse aqui \u00e9 pra apagar profundamente \ud83d\ude34\ud83d\ude34 <a title=\"magianatural\" target=\"_blank\" href=\"https:\/\/www.tiktok.com\/tag\/magianatural?refer=embed\">#magianatural<\/a> <a title=\"witchtokbrasil\" target=\"_blank\" href=\"https:\/\/www.tiktok.com\/tag\/witchtokbrasil?refer=embed\">#witchtokbrasil<\/a> <a title=\"ervasmedicinais\" target=\"_blank\" href=\"https:\/\/www.tiktok.com\/tag\/ervasmedicinais?refer=embed\">#ervasmedicinais<\/a> <a title=\"autocuidado\" target=\"_blank\" href=\"https:\/\/www.tiktok.com\/tag\/autocuidado?refer=embed\">#autocuidado<\/a> <a title=\"receitasmagicas\" target=\"_blank\" href=\"https:\/\/www.tiktok.com\/tag\/receitasmagicas?refer=embed\">#receitasmagicas<\/a> <a title=\"receitasmagicas\" target=\"_blank\" href=\"https:\/\/www.tiktok.com\/tag\/receitasmagicas?refer=embed\">#receitasmagicas<\/a> <a title=\"ervasquecuram\" target=\"_blank\" href=\"https:\/\/www.tiktok.com\/tag\/ervasquecuram?refer=embed\">#ervasquecuram<\/a> <a target=\"_blank\" title=\"\u266c Could You Be Loved - Bob Marley &#38; The Wailers\" href=\"https:\/\/www.tiktok.com\/music\/Could-You-Be-Loved-6917193265045309442?refer=embed\">\u266c Could You Be Loved &#8211; Bob Marley &#38; The Wailers<\/a> <\/section> <\/blockquote> <script async src=\"https:\/\/www.tiktok.com\/embed.js\"><\/script>\n\n\n\n<h2 class=\"wp-block-heading\">O que dizem as autoridades de sa\u00fade sobre camomila para gastrite?<\/h2>\n\n\n\n<p><a href=\"https:\/\/www.nccih.nih.gov\/health\/chamomile?utm\" target=\"_blank\" rel=\"noreferrer noopener\">Institui\u00e7\u00f5es de sa\u00fade e \u00f3rg\u00e3os cient\u00edficos estrangeiros<\/a>, apontam que n\u00e3o h\u00e1 comprova\u00e7\u00e3o cl\u00ednica robusta de que o <strong>ch\u00e1 de camomila<\/strong> cure <strong>gastrite<\/strong>. Apesar disso, <strong>estudos preliminares<\/strong> sugerem que ele pode exercer certa a\u00e7\u00e3o <strong>protetora no est\u00f4mago<\/strong>.<\/p>\n\n\n\n<p>Essas institui\u00e7\u00f5es refor\u00e7am a necessidade de <strong>cautela<\/strong>, recomendando que o uso medicamentoso da <strong>camomila<\/strong> seja supervisionado por um profissional de sa\u00fade, especialmente em casos de <strong>doen\u00e7a persistente<\/strong> ou <strong>sintomas fortes<\/strong>. Al\u00e9m disso, novos estudos v\u00eam sendo conduzidos para avaliar os poss\u00edveis efeitos anti-inflamat\u00f3rios e antioxidantes da camomila.<\/p>\n\n\n\n<p>Leia tamb\u00e9m:&nbsp;<a href=\"https:\/\/www.correiobraziliense.com.br\/cbradar\/o-cha-mais-indicado-por-nutricionistas-para-quem-quer-regular-a-glicose\/\" target=\"_blank\" rel=\"noopener\">O ch\u00e1 mais indicado por nutricionistas para quem quer regular a glicose<\/a><\/p>\n\n\n\n<h2 class=\"wp-block-heading\">Quais s\u00e3o as principais contraindica\u00e7\u00f5es da camomila?<\/h2>\n\n\n\n<p>Embora a <strong>camomila<\/strong> seja considerada segura para a maioria das pessoas, nem todos podem utiliz\u00e1-la sem risco. Pessoas com <strong>alergia \u00e0 fam\u00edlia das Asteraceae<\/strong> ou que usam <strong>anticoagulantes<\/strong> precisam ter aten\u00e7\u00e3o redobrada.<\/p>\n\n\n\n<p>Confira algumas contraindica\u00e7\u00f5es e cuidados importantes a considerar ao consumir <strong>camomila<\/strong>:<\/p>\n\n\n\n<ul class=\"wp-block-list\">\n<li>Hist\u00f3rico de alergia a plantas como <strong>margarida<\/strong>, <strong>dente-de-le\u00e3o<\/strong> e <strong>cris\u00e2ntemo<\/strong>;<\/li>\n\n\n\n<li>Uso concomitante de <strong>anticoagulantes<\/strong> (maior risco de sangramentos);<\/li>\n\n\n\n<li>Poss\u00edveis <strong>intera\u00e7\u00f5es com outros medicamentos<\/strong>;<\/li>\n<\/ul>\n\n\n<div class=\"wp-block-image\">\n<figure class=\"aligncenter size-large\"><img decoding=\"async\" width=\"1024\" height=\"576\" src=\"https:\/\/www.correiobraziliense.com.br\/cbradar\/wp-content\/uploads\/2025\/07\/camomila-_1752010932165-1024x576.jpg\" alt=\"\u00d3leos essenciais que reduzem o estresse e ansiedade antes de dormir\" class=\"wp-image-66794\" srcset=\"https:\/\/www.correiobraziliense.com.br\/cbradar\/wp-content\/uploads\/2025\/07\/camomila-_1752010932165-1024x576.jpg 1024w, https:\/\/www.correiobraziliense.com.br\/cbradar\/wp-content\/uploads\/2025\/07\/camomila-_1752010932165-300x169.jpg 300w, https:\/\/www.correiobraziliense.com.br\/cbradar\/wp-content\/uploads\/2025\/07\/camomila-_1752010932165-768x432.jpg 768w, https:\/\/www.correiobraziliense.com.br\/cbradar\/wp-content\/uploads\/2025\/07\/camomila-_1752010932165-750x422.jpg 750w, https:\/\/www.correiobraziliense.com.br\/cbradar\/wp-content\/uploads\/2025\/07\/camomila-_1752010932165-1140x641.jpg 1140w, https:\/\/www.correiobraziliense.com.br\/cbradar\/wp-content\/uploads\/2025\/07\/camomila-_1752010932165.jpg 1280w\" sizes=\"(max-width: 1024px) 100vw, 1024px\" \/><figcaption class=\"wp-element-caption\">Suas folhas frescas s\u00e3o amplamente empregadas em infus\u00f5es, xaropes ou extratos &#8211; Cr\u00e9ditos: depositphotos.com \/ 13-Smile<\/figcaption><\/figure><\/div>\n\n\n<h2 class=\"wp-block-heading\">O ch\u00e1 de camomila pode substituir o tratamento convencional da gastrite?<\/h2>\n\n\n\n<p>Apesar de popular e de proporcionar al\u00edvio tempor\u00e1rio para desconfortos leves, o <strong>ch\u00e1 de camomila<\/strong> n\u00e3o substitui os <strong>tratamentos m\u00e9dicos<\/strong> estabelecidos para gastrite. Sua inclus\u00e3o deve ser <strong>complementar<\/strong> e feita com sabedoria.<\/p>\n\n\n\n<p>\u00c9 fundamental buscar <strong>orienta\u00e7\u00e3o m\u00e9dica<\/strong> antes de apostar unicamente em solu\u00e7\u00f5es naturais para sintomas g\u00e1stricos, valorizando sempre a <strong>seguran\u00e7a<\/strong> em primeiro lugar e garantindo o <strong>acompanhamento adequado<\/strong>, especialmente em casos persistentes. Ressalta-se tamb\u00e9m que, em situa\u00e7\u00f5es de agravamento dos sintomas ou aparecimento de sinais como v\u00f4mitos persistentes, perda de peso ou sangue nas fezes, \u00e9 imprescind\u00edvel procurar atendimento m\u00e9dico imediato.<\/p>\n","protected":false},"excerpt":{"rendered":"<p>O ch\u00e1 de camomila costuma ser utilizado para ajudar no desconforto da gastrite, por\u00e9m as evid\u00eancias cient\u00edficas sobre sua efic\u00e1cia ainda s\u00e3o limitadas, e seus benef\u00edcios se baseiam, em grande parte, no uso tradicional para sintomas leves como gases e c\u00f3licas. Como preparar o ch\u00e1 de camomila de forma correta O preparo do ch\u00e1 de [&hellip;]<\/p>\n","protected":false},"author":9,"featured_media":127180,"comment_status":"open","ping_status":"open","sticky":false,"template":"","format":"standard","meta":{"_yoast_wpseo_focuskw":"ch\u00e1 de camomila","_yoast_wpseo_title":"%%title%% %%page%%","_yoast_wpseo_metadesc":"Ch\u00e1 de camomila pode aliviar desconfortos da gastrite e acalmar o est\u00f4mago, mas seu uso deve ser complementar e com orienta\u00e7\u00e3o.","jnews-multi-image_gallery":[],"jnews_single_post":{"format":"standard"},"jnews_primary_category":[],"jnews_social_meta":[],"jnews_override_counter":[],"footnotes":""},"categories":[119,4404],"post_tag":[120,1360,565],"class_list":["post-127095","post","type-post","status-publish","format-standard","has-post-thumbnail","hentry","category-bem-estar","category-saude","tag-bem-estar","tag-camomila","tag-saude"],"yoast_head":"<!-- This site is optimized with the Yoast SEO plugin v24.6 - https:\/\/yoast.com\/wordpress\/plugins\/seo\/ -->\n<title>Estudos alertam sobre o uso desse ch\u00e1 popular para gastrite<\/title>\n<meta name=\"description\" content=\"Ch\u00e1 de camomila pode aliviar desconfortos da gastrite e acalmar o est\u00f4mago, mas seu uso deve ser complementar e com orienta\u00e7\u00e3o.\" \/>\n<meta name=\"robots\" content=\"index, follow, max-snippet:-1, max-image-preview:large, max-video-preview:-1\" \/>\n<link rel=\"canonical\" href=\"https:\/\/www.correiobraziliense.com.br\/cbradar\/estudos-alertam-sobre-o-uso-desse-cha-popular-para-gastrite\/\" \/>\n<meta property=\"og:locale\" content=\"pt_BR\" \/>\n<meta property=\"og:type\" content=\"article\" \/>\n<meta property=\"og:title\" content=\"Estudos alertam sobre o uso desse ch\u00e1 popular para gastrite\" \/>\n<meta property=\"og:description\" content=\"Ch\u00e1 de camomila pode aliviar desconfortos da gastrite e acalmar o est\u00f4mago, mas seu uso deve ser complementar e com orienta\u00e7\u00e3o.\" \/>\n<meta property=\"og:url\" content=\"https:\/\/www.correiobraziliense.com.br\/cbradar\/estudos-alertam-sobre-o-uso-desse-cha-popular-para-gastrite\/\" \/>\n<meta property=\"og:site_name\" content=\"Correio Braziliense - Radar\" \/>\n<meta property=\"article:published_time\" content=\"2025-10-29T10:05:01+00:00\" \/>\n<meta property=\"og:image\" content=\"https:\/\/www.correiobraziliense.com.br\/cbradar\/wp-content\/uploads\/2025\/10\/mosaico_1761656224975.jpg\" \/>\n\t<meta property=\"og:image:width\" content=\"1280\" \/>\n\t<meta property=\"og:image:height\" content=\"720\" \/>\n\t<meta property=\"og:image:type\" content=\"image\/jpeg\" \/>\n<meta name=\"author\" content=\"Daniely Cardoso\" \/>\n<meta name=\"twitter:card\" content=\"summary_large_image\" \/>\n<meta name=\"twitter:label1\" content=\"Escrito por\" \/>\n\t<meta name=\"twitter:data1\" content=\"Daniely Cardoso\" \/>\n\t<meta name=\"twitter:label2\" content=\"Est. tempo de leitura\" \/>\n\t<meta name=\"twitter:data2\" content=\"3 minutos\" \/>\n<!-- \/ Yoast SEO plugin. -->","yoast_head_json":{"title":"Estudos alertam sobre o uso desse ch\u00e1 popular para gastrite","description":"Ch\u00e1 de camomila pode aliviar desconfortos da gastrite e acalmar o est\u00f4mago, mas seu uso deve ser complementar e com orienta\u00e7\u00e3o.","robots":{"index":"index","follow":"follow","max-snippet":"max-snippet:-1","max-image-preview":"max-image-preview:large","max-video-preview":"max-video-preview:-1"},"canonical":"https:\/\/www.correiobraziliense.com.br\/cbradar\/estudos-alertam-sobre-o-uso-desse-cha-popular-para-gastrite\/","og_locale":"pt_BR","og_type":"article","og_title":"Estudos alertam sobre o uso desse ch\u00e1 popular para gastrite","og_description":"Ch\u00e1 de camomila pode aliviar desconfortos da gastrite e acalmar o est\u00f4mago, mas seu uso deve ser complementar e com orienta\u00e7\u00e3o.","og_url":"https:\/\/www.correiobraziliense.com.br\/cbradar\/estudos-alertam-sobre-o-uso-desse-cha-popular-para-gastrite\/","og_site_name":"Correio Braziliense - Radar","article_published_time":"2025-10-29T10:05:01+00:00","og_image":[{"width":1280,"height":720,"url":"https:\/\/www.correiobraziliense.com.br\/cbradar\/wp-content\/uploads\/2025\/10\/mosaico_1761656224975.jpg","type":"image\/jpeg"}],"author":"Daniely Cardoso","twitter_card":"summary_large_image","twitter_misc":{"Escrito por":"Daniely Cardoso","Est. tempo de leitura":"3 minutos"},"schema":{"@context":"https:\/\/schema.org","@graph":[{"@type":"WebPage","@id":"https:\/\/www.correiobraziliense.com.br\/cbradar\/estudos-alertam-sobre-o-uso-desse-cha-popular-para-gastrite\/","url":"https:\/\/www.correiobraziliense.com.br\/cbradar\/estudos-alertam-sobre-o-uso-desse-cha-popular-para-gastrite\/","name":"Estudos alertam sobre o uso desse ch\u00e1 popular para gastrite","isPartOf":{"@id":"https:\/\/www.correiobraziliense.com.br\/cbradar\/#website"},"primaryImageOfPage":{"@id":"https:\/\/www.correiobraziliense.com.br\/cbradar\/estudos-alertam-sobre-o-uso-desse-cha-popular-para-gastrite\/#primaryimage"},"image":{"@id":"https:\/\/www.correiobraziliense.com.br\/cbradar\/estudos-alertam-sobre-o-uso-desse-cha-popular-para-gastrite\/#primaryimage"},"thumbnailUrl":"https:\/\/www.correiobraziliense.com.br\/cbradar\/wp-content\/uploads\/2025\/10\/mosaico_1761656224975.jpg","datePublished":"2025-10-29T10:05:01+00:00","author":{"@id":"https:\/\/www.correiobraziliense.com.br\/cbradar\/#\/schema\/person\/7356666e12ec0ee53f348ee5db227032"},"description":"Ch\u00e1 de camomila pode aliviar desconfortos da gastrite e acalmar o est\u00f4mago, mas seu uso deve ser complementar e com orienta\u00e7\u00e3o.","breadcrumb":{"@id":"https:\/\/www.correiobraziliense.com.br\/cbradar\/estudos-alertam-sobre-o-uso-desse-cha-popular-para-gastrite\/#breadcrumb"},"inLanguage":"pt-BR","potentialAction":[{"@type":"ReadAction","target":["https:\/\/www.correiobraziliense.com.br\/cbradar\/estudos-alertam-sobre-o-uso-desse-cha-popular-para-gastrite\/"]}]},{"@type":"ImageObject","inLanguage":"pt-BR","@id":"https:\/\/www.correiobraziliense.com.br\/cbradar\/estudos-alertam-sobre-o-uso-desse-cha-popular-para-gastrite\/#primaryimage","url":"https:\/\/www.correiobraziliense.com.br\/cbradar\/wp-content\/uploads\/2025\/10\/mosaico_1761656224975.jpg","contentUrl":"https:\/\/www.correiobraziliense.com.br\/cbradar\/wp-content\/uploads\/2025\/10\/mosaico_1761656224975.jpg","width":1280,"height":720,"caption":"O ch\u00e1 de camomila costuma ser utilizado para ajudar no desconforto da gastrite - Cr\u00e9ditos: depositphotos.com \/ Sandralise \/ Cr\u00e9ditos: depositphotos.com \/ doucefleur"},{"@type":"BreadcrumbList","@id":"https:\/\/www.correiobraziliense.com.br\/cbradar\/estudos-alertam-sobre-o-uso-desse-cha-popular-para-gastrite\/#breadcrumb","itemListElement":[{"@type":"ListItem","position":1,"name":"In\u00edcio","item":"https:\/\/www.correiobraziliense.com.br\/cbradar\/"},{"@type":"ListItem","position":2,"name":"Estudos alertam sobre o uso desse ch\u00e1 popular para gastrite"}]},{"@type":"WebSite","@id":"https:\/\/www.correiobraziliense.com.br\/cbradar\/#website","url":"https:\/\/www.correiobraziliense.com.br\/cbradar\/","name":"Correio Braziliense - Radar","description":"Acompanhe as \u00faltimas not\u00edcias e fique bem informado sobre tudo o que acontece no Brasil e no mundo.","potentialAction":[{"@type":"SearchAction","target":{"@type":"EntryPoint","urlTemplate":"https:\/\/www.correiobraziliense.com.br\/cbradar\/?s={search_term_string}"},"query-input":{"@type":"PropertyValueSpecification","valueRequired":true,"valueName":"search_term_string"}}],"inLanguage":"pt-BR"},{"@type":"Person","@id":"https:\/\/www.correiobraziliense.com.br\/cbradar\/#\/schema\/person\/7356666e12ec0ee53f348ee5db227032","name":"Daniely Cardoso","image":{"@type":"ImageObject","inLanguage":"pt-BR","@id":"https:\/\/www.correiobraziliense.com.br\/cbradar\/#\/schema\/person\/image\/","url":"https:\/\/secure.gravatar.com\/avatar\/4b80ddbd124d1f071b626d52d62e5dff?s=96&d=mm&r=g","contentUrl":"https:\/\/secure.gravatar.com\/avatar\/4b80ddbd124d1f071b626d52d62e5dff?s=96&d=mm&r=g","caption":"Daniely Cardoso"},"description":"Redatora nos portais CB Radar e EM Foco, formada pela Universidade Federal de Goi\u00e1s, em Goi\u00e2nia. Apaixonada por comunica\u00e7\u00e3o, arte, decora\u00e7\u00e3o e tend\u00eancias, atuo na produ\u00e7\u00e3o de conte\u00fados envolventes sobre curiosidades, moda, beleza e paisagismo, sempre com um olhar atento \u00e0s novidades do momento.","sameAs":["https:\/\/www.correiobraziliense.com.br\/cbradar"],"url":"https:\/\/www.correiobraziliense.com.br\/cbradar\/author\/danielymyth\/"}]}},"_links":{"self":[{"href":"https:\/\/www.correiobraziliense.com.br\/cbradar\/wp-json\/wp\/v2\/posts\/127095","targetHints":{"allow":["GET"]}}],"collection":[{"href":"https:\/\/www.correiobraziliense.com.br\/cbradar\/wp-json\/wp\/v2\/posts"}],"about":[{"href":"https:\/\/www.correiobraziliense.com.br\/cbradar\/wp-json\/wp\/v2\/types\/post"}],"author":[{"embeddable":true,"href":"https:\/\/www.correiobraziliense.com.br\/cbradar\/wp-json\/wp\/v2\/users\/9"}],"replies":[{"embeddable":true,"href":"https:\/\/www.correiobraziliense.com.br\/cbradar\/wp-json\/wp\/v2\/comments?post=127095"}],"version-history":[{"count":2,"href":"https:\/\/www.correiobraziliense.com.br\/cbradar\/wp-json\/wp\/v2\/posts\/127095\/revisions"}],"predecessor-version":[{"id":127184,"href":"https:\/\/www.correiobraziliense.com.br\/cbradar\/wp-json\/wp\/v2\/posts\/127095\/revisions\/127184"}],"wp:featuredmedia":[{"embeddable":true,"href":"https:\/\/www.correiobraziliense.com.br\/cbradar\/wp-json\/wp\/v2\/media\/127180"}],"wp:attachment":[{"href":"https:\/\/www.correiobraziliense.com.br\/cbradar\/wp-json\/wp\/v2\/media?parent=127095"}],"wp:term":[{"taxonomy":"category","embeddable":true,"href":"https:\/\/www.correiobraziliense.com.br\/cbradar\/wp-json\/wp\/v2\/categories?post=127095"},{"taxonomy":"post_tag","embeddable":true,"href":"https:\/\/www.correiobraziliense.com.br\/cbradar\/wp-json\/wp\/v2\/post_tag?post=127095"}],"curies":[{"name":"wp","href":"https:\/\/api.w.org\/{rel}","templated":true}]}}