{"id":127186,"date":"2025-10-29T13:15:00","date_gmt":"2025-10-29T16:15:00","guid":{"rendered":"https:\/\/www.correiobraziliense.com.br\/cbradar\/?p=127186"},"modified":"2025-10-28T11:21:33","modified_gmt":"2025-10-28T14:21:33","slug":"o-que-acontece-ao-trocar-o-refrigerante-por-agua-com-gas","status":"publish","type":"post","link":"https:\/\/www.correiobraziliense.com.br\/cbradar\/o-que-acontece-ao-trocar-o-refrigerante-por-agua-com-gas\/","title":{"rendered":"O que acontece ao trocar o refrigerante por \u00e1gua com g\u00e1s"},"content":{"rendered":"\n<p>A substitui\u00e7\u00e3o do <strong>Refrigerante <\/strong>comum ou diet\u00e9tico pela \u00e1gua com g\u00e1s tem ganhado reconhecimento como uma das mudan\u00e7as mais ben\u00e9ficas no \u00e2mbito da nutri\u00e7\u00e3o moderna. O Refrigerante, conhecido por sua alta concentra\u00e7\u00e3o de a\u00e7\u00facares ou ado\u00e7antes artificiais, pode ser nocivo \u00e0 sa\u00fade quando consumido em excesso. Por outro lado, a \u00e1gua com g\u00e1s, al\u00e9m de refrescante, surge como uma alternativa que pode ser significativamente mais saud\u00e1vel. Este artigo examina os impactos dessa troca sobre o corpo humano, abordando melhorias na <a href=\"https:\/\/www.correiobraziliense.com.br\/cbradar\/essa-fruta-fortalece-ossos-e-musculos-na-terceira-idade\/\" target=\"_blank\" rel=\"noreferrer noopener\">sa\u00fade <\/a>metab\u00f3lica, dental e na ingest\u00e3o de l\u00edquidos.<\/p>\n\n\n\n<p>A elimina\u00e7\u00e3o do consumo de a\u00e7\u00facar l\u00edquido apresenta-se como o benef\u00edcio inicial mais evidente. O a\u00e7\u00facar presente em uma lata de Refrigerante, frequentemente entre 35 e 40 gramas, n\u00e3o s\u00f3 contribui para o ganho de peso indesejado como tamb\u00e9m afeta o metabolismo. Ao consumir essa quantidade de a\u00e7\u00facar, o organismo \u00e9 submetido a um r\u00e1pido aumento nos n\u00edveis de glicose e insulina no sangue, levando a uma poss\u00edvel resist\u00eancia insul\u00ednica ao longo do tempo. A substitui\u00e7\u00e3o pela \u00e1gua com g\u00e1s proporciona um al\u00edvio ao p\u00e2ncreas e contribui para a estabiliza\u00e7\u00e3o energ\u00e9tica, afastando riscos associados ao diabetes tipo 2.<\/p>\n\n\n\n<h2 class=\"wp-block-heading\">A troca do Refrigerante diet \u00e9 ben\u00e9fica?<\/h2>\n\n\n\n<p>Embora os refrigerantes diet\u00e9ticos n\u00e3o contenham calorias, a utiliza\u00e7\u00e3o de ado\u00e7antes artificiais pode ser motivo de preocupa\u00e7\u00e3o. Pesquisas modernas, incluindo estipula\u00e7\u00f5es da Organiza\u00e7\u00e3o Mundial da Sa\u00fade (OMS), indicam que os ado\u00e7antes podem impactar negativamente o microbioma intestinal. Al\u00e9m disso, ainda que sejam propostos como alternativas para o controle de peso, n\u00e3o se mostram eficazes a longo prazo, podendo at\u00e9 estimular o desejo por doces. Trocar essas bebidas por \u00e1gua com g\u00e1s, que n\u00e3o possui ado\u00e7antes, oferece um caminho mais seguro e natural.<\/p>\n\n\n\n<h2 class=\"wp-block-heading\">Como a \u00e1gua com g\u00e1s beneficia dentes e ossos?<\/h2>\n\n\n<div class=\"wp-block-image\">\n<figure class=\"aligncenter size-large\"><img decoding=\"async\" width=\"1024\" height=\"576\" src=\"https:\/\/www.correiobraziliense.com.br\/cbradar\/wp-content\/uploads\/2025\/08\/Agua-com-Gas_1754495052868-1024x576.jpg\" alt=\"\" class=\"wp-image-81868\" srcset=\"https:\/\/www.correiobraziliense.com.br\/cbradar\/wp-content\/uploads\/2025\/08\/Agua-com-Gas_1754495052868-1024x576.jpg 1024w, https:\/\/www.correiobraziliense.com.br\/cbradar\/wp-content\/uploads\/2025\/08\/Agua-com-Gas_1754495052868-300x169.jpg 300w, https:\/\/www.correiobraziliense.com.br\/cbradar\/wp-content\/uploads\/2025\/08\/Agua-com-Gas_1754495052868-768x432.jpg 768w, https:\/\/www.correiobraziliense.com.br\/cbradar\/wp-content\/uploads\/2025\/08\/Agua-com-Gas_1754495052868-750x422.jpg 750w, https:\/\/www.correiobraziliense.com.br\/cbradar\/wp-content\/uploads\/2025\/08\/Agua-com-Gas_1754495052868-1140x641.jpg 1140w, https:\/\/www.correiobraziliense.com.br\/cbradar\/wp-content\/uploads\/2025\/08\/Agua-com-Gas_1754495052868.jpg 1280w\" sizes=\"(max-width: 1024px) 100vw, 1024px\" \/><figcaption class=\"wp-element-caption\">\u00c1gua com G\u00e1s &#8211; Cr\u00e9ditos: depositphotos.com \/ danilum<\/figcaption><\/figure><\/div>\n\n\n<p>O impacto dos refrigerantes sobre a sa\u00fade dental \u00e9 amplamente documentado. A acidez presente, derivada de \u00e1cidos como o fosf\u00f3rico e o c\u00edtrico, \u00e9 corrosiva para o esmalte dental. Em contraste, a \u00e1gua com g\u00e1s apresenta uma acidez leve, causada pelo \u00e1cido carb\u00f4nico, sendo muito menos prejudicial. A American Dental Association (ADA) recomenda a redu\u00e7\u00e3o de bebidas \u00e1cidas e a\u00e7ucaradas como forma de proteger o esmalte dent\u00e1rio.<\/p>\n\n\n\n<h2 class=\"wp-block-heading\">Quais s\u00e3o os efeitos gerais dessa substitui\u00e7\u00e3o?<\/h2>\n\n\n\n<ul class=\"wp-block-list\">\n<li><strong>Redu\u00e7\u00e3o da ingest\u00e3o de a\u00e7\u00facar e calorias:<\/strong>\u00a0Contribui diretamente para o controle de peso.<\/li>\n\n\n\n<li><strong>Melhora da sa\u00fade metab\u00f3lica:<\/strong>\u00a0Auxilia na restaura\u00e7\u00e3o da sensibilidade \u00e0 insulina e diminui a carga sobre o f\u00edgado.<\/li>\n\n\n\n<li><strong>Prote\u00e7\u00e3o dos dentes e dos ossos:<\/strong>\u00a0Evita a exposi\u00e7\u00e3o a \u00e1cidos agressivos e fosfatos em excesso.<\/li>\n\n\n\n<li><strong>Melhora da hidrata\u00e7\u00e3o:<\/strong>\u00a0A \u00e1gua com g\u00e1s \u00e9 uma op\u00e7\u00e3o vi\u00e1vel para aumentar a ingest\u00e3o de l\u00edquidos, hidratando t\u00e3o eficazmente quanto a \u00e1gua comum.<\/li>\n<\/ul>\n\n\n\n<p>\u00c9 importante, no entanto, considerar que a \u00e1gua com g\u00e1s n\u00e3o \u00e9 completamente livre de riscos para todos. Pessoas com sistema digestivo sens\u00edvel podem experimentar incha\u00e7o devido \u00e0 carbonata\u00e7\u00e3o, e aqueles com refluxo gastroesof\u00e1gico podem sentir uma intensifica\u00e7\u00e3o dos sintomas. Embora a maioria das pessoas encontre na \u00e1gua com g\u00e1s uma escolha segura e ben\u00e9fica, \u00e9 sempre prudente consultar profissionais de sa\u00fade para uma avalia\u00e7\u00e3o e orienta\u00e7\u00e3o personalizadas, especialmente em casos de condi\u00e7\u00f5es metab\u00f3licas, digestivas ou de peso.<\/p>\n\n\n<a href=\"https:\/\/www.instagram.com\/dra.annaluisabf\/\" target=\"_blank\" rel=\"noopener\" style=\"text-decoration: none; color: inherit;\">\n    <span style=\"display: inline-block; border: 1px solid #ccc; border-radius: 10px; padding: 15px; max-width: 550px; font-family: sans-serif; box-shadow: 0 2px 5px rgba(0,0,0,0.1); width: 100%;\">\n\n      <!-- T\u00edtulo -->\n      <span style=\"display: block; margin: 0 0 15px 0; font-weight: bold; color: #2c3e50; text-align: center;\">\n        Entre em contato:\n      <\/span>\n\n      <!-- Linha do perfil -->\n      <span style=\"display: flex; align-items: center; gap: 15px;\">\n        <img decoding=\"async\"\n          src=\"https:\/\/www.correiobraziliense.com.br\/cbradar\/wp-content\/uploads\/2025\/08\/dra_anna_luisa.jpeg\"\n          alt=\"Foto da Dra. Anna Lu\u00edsa\"\n          style=\"border-radius: 50%; width: 80px; height: 80px; object-fit: cover;\"\n        \/>\n        <span style=\"display: flex; flex-direction: column;\">\n          <span style=\"font-size: 18px; font-weight: 700; color: #2c3e50;\">Dra. Anna Lu\u00edsa Barbosa Fernandes<\/span>\n          <span style=\"color: #555;\">CRM-GO 33.271<\/span>\n        <\/span>\n      <\/span>\n\n      <!-- Redes -->\n      <span style=\"display: flex; align-items: center; gap: 10px; margin-top: 12px;\">\n        <img decoding=\"async\" src=\"https:\/\/cdn-icons-png.flaticon.com\/24\/1384\/1384063.png\" alt=\"Instagram\" width=\"24\" height=\"24\" \/>\n        <span style=\"text-decoration: underline; color: #2c3e50;\">@dra.annaluisabf<\/span>\n      <\/span>\n\n    <\/span>\n  <\/a>","protected":false},"excerpt":{"rendered":"<p>A substitui\u00e7\u00e3o do Refrigerante comum ou diet\u00e9tico pela \u00e1gua com g\u00e1s tem ganhado reconhecimento como uma das mudan\u00e7as mais ben\u00e9ficas no \u00e2mbito da nutri\u00e7\u00e3o moderna. O Refrigerante, conhecido por sua alta concentra\u00e7\u00e3o de a\u00e7\u00facares ou ado\u00e7antes artificiais, pode ser nocivo \u00e0 sa\u00fade quando consumido em excesso. Por outro lado, a \u00e1gua com g\u00e1s, al\u00e9m de [&hellip;]<\/p>\n","protected":false},"author":14,"featured_media":100426,"comment_status":"open","ping_status":"open","sticky":false,"template":"","format":"standard","meta":{"_yoast_wpseo_focuskw":"Refrigerante","_yoast_wpseo_title":"","_yoast_wpseo_metadesc":"\u00c1gua com g\u00e1s substitui o refrigerante com vantagens: menos a\u00e7\u00facar, menos acidez e mais hidrata\u00e7\u00e3o. Veja como essa troca impacta sua sa\u00fade.","jnews-multi-image_gallery":[],"jnews_single_post":{"format":"standard"},"jnews_primary_category":[],"jnews_social_meta":[],"jnews_override_counter":[],"footnotes":""},"categories":[4404],"post_tag":[120,1318],"class_list":["post-127186","post","type-post","status-publish","format-standard","has-post-thumbnail","hentry","category-saude","tag-bem-estar","tag-saude-2"],"yoast_head":"<!-- This site is optimized with the Yoast SEO plugin v24.6 - https:\/\/yoast.com\/wordpress\/plugins\/seo\/ -->\n<title>O que acontece ao trocar o refrigerante por \u00e1gua com g\u00e1s - Correio Braziliense - Radar<\/title>\n<meta name=\"description\" content=\"\u00c1gua com g\u00e1s substitui o refrigerante com vantagens: menos a\u00e7\u00facar, menos acidez e mais hidrata\u00e7\u00e3o. Veja como essa troca impacta sua sa\u00fade.\" \/>\n<meta name=\"robots\" content=\"index, follow, max-snippet:-1, max-image-preview:large, max-video-preview:-1\" \/>\n<link rel=\"canonical\" href=\"https:\/\/www.correiobraziliense.com.br\/cbradar\/o-que-acontece-ao-trocar-o-refrigerante-por-agua-com-gas\/\" \/>\n<meta property=\"og:locale\" content=\"pt_BR\" \/>\n<meta property=\"og:type\" content=\"article\" \/>\n<meta property=\"og:title\" content=\"O que acontece ao trocar o refrigerante por \u00e1gua com g\u00e1s - Correio Braziliense - Radar\" \/>\n<meta property=\"og:description\" content=\"\u00c1gua com g\u00e1s substitui o refrigerante com vantagens: menos a\u00e7\u00facar, menos acidez e mais hidrata\u00e7\u00e3o. Veja como essa troca impacta sua sa\u00fade.\" \/>\n<meta property=\"og:url\" content=\"https:\/\/www.correiobraziliense.com.br\/cbradar\/o-que-acontece-ao-trocar-o-refrigerante-por-agua-com-gas\/\" \/>\n<meta property=\"og:site_name\" content=\"Correio Braziliense - Radar\" \/>\n<meta property=\"article:published_time\" content=\"2025-10-29T16:15:00+00:00\" \/>\n<meta property=\"og:image\" content=\"https:\/\/www.correiobraziliense.com.br\/cbradar\/wp-content\/uploads\/2025\/09\/refrigerante_1757289846523.jpg\" \/>\n\t<meta property=\"og:image:width\" content=\"1280\" \/>\n\t<meta property=\"og:image:height\" content=\"720\" \/>\n\t<meta property=\"og:image:type\" content=\"image\/jpeg\" \/>\n<meta name=\"author\" content=\"guilherme_saude\" \/>\n<meta name=\"twitter:card\" content=\"summary_large_image\" \/>\n<meta name=\"twitter:label1\" content=\"Escrito por\" \/>\n\t<meta name=\"twitter:data1\" content=\"guilherme_saude\" \/>\n\t<meta name=\"twitter:label2\" content=\"Est. tempo de leitura\" \/>\n\t<meta name=\"twitter:data2\" content=\"4 minutos\" \/>\n<!-- \/ Yoast SEO plugin. -->","yoast_head_json":{"title":"O que acontece ao trocar o refrigerante por \u00e1gua com g\u00e1s - Correio Braziliense - Radar","description":"\u00c1gua com g\u00e1s substitui o refrigerante com vantagens: menos a\u00e7\u00facar, menos acidez e mais hidrata\u00e7\u00e3o. Veja como essa troca impacta sua sa\u00fade.","robots":{"index":"index","follow":"follow","max-snippet":"max-snippet:-1","max-image-preview":"max-image-preview:large","max-video-preview":"max-video-preview:-1"},"canonical":"https:\/\/www.correiobraziliense.com.br\/cbradar\/o-que-acontece-ao-trocar-o-refrigerante-por-agua-com-gas\/","og_locale":"pt_BR","og_type":"article","og_title":"O que acontece ao trocar o refrigerante por \u00e1gua com g\u00e1s - Correio Braziliense - Radar","og_description":"\u00c1gua com g\u00e1s substitui o refrigerante com vantagens: menos a\u00e7\u00facar, menos acidez e mais hidrata\u00e7\u00e3o. Veja como essa troca impacta sua sa\u00fade.","og_url":"https:\/\/www.correiobraziliense.com.br\/cbradar\/o-que-acontece-ao-trocar-o-refrigerante-por-agua-com-gas\/","og_site_name":"Correio Braziliense - Radar","article_published_time":"2025-10-29T16:15:00+00:00","og_image":[{"width":1280,"height":720,"url":"https:\/\/www.correiobraziliense.com.br\/cbradar\/wp-content\/uploads\/2025\/09\/refrigerante_1757289846523.jpg","type":"image\/jpeg"}],"author":"guilherme_saude","twitter_card":"summary_large_image","twitter_misc":{"Escrito por":"guilherme_saude","Est. tempo de leitura":"4 minutos"},"schema":{"@context":"https:\/\/schema.org","@graph":[{"@type":"WebPage","@id":"https:\/\/www.correiobraziliense.com.br\/cbradar\/o-que-acontece-ao-trocar-o-refrigerante-por-agua-com-gas\/","url":"https:\/\/www.correiobraziliense.com.br\/cbradar\/o-que-acontece-ao-trocar-o-refrigerante-por-agua-com-gas\/","name":"O que acontece ao trocar o refrigerante por \u00e1gua com g\u00e1s - Correio Braziliense - Radar","isPartOf":{"@id":"https:\/\/www.correiobraziliense.com.br\/cbradar\/#website"},"primaryImageOfPage":{"@id":"https:\/\/www.correiobraziliense.com.br\/cbradar\/o-que-acontece-ao-trocar-o-refrigerante-por-agua-com-gas\/#primaryimage"},"image":{"@id":"https:\/\/www.correiobraziliense.com.br\/cbradar\/o-que-acontece-ao-trocar-o-refrigerante-por-agua-com-gas\/#primaryimage"},"thumbnailUrl":"https:\/\/www.correiobraziliense.com.br\/cbradar\/wp-content\/uploads\/2025\/09\/refrigerante_1757289846523.jpg","datePublished":"2025-10-29T16:15:00+00:00","author":{"@id":"https:\/\/www.correiobraziliense.com.br\/cbradar\/#\/schema\/person\/5aa4bf3c8fa699c267933611de12978b"},"description":"\u00c1gua com g\u00e1s substitui o refrigerante com vantagens: menos a\u00e7\u00facar, menos acidez e mais hidrata\u00e7\u00e3o. Veja como essa troca impacta sua sa\u00fade.","breadcrumb":{"@id":"https:\/\/www.correiobraziliense.com.br\/cbradar\/o-que-acontece-ao-trocar-o-refrigerante-por-agua-com-gas\/#breadcrumb"},"inLanguage":"pt-BR","potentialAction":[{"@type":"ReadAction","target":["https:\/\/www.correiobraziliense.com.br\/cbradar\/o-que-acontece-ao-trocar-o-refrigerante-por-agua-com-gas\/"]}]},{"@type":"ImageObject","inLanguage":"pt-BR","@id":"https:\/\/www.correiobraziliense.com.br\/cbradar\/o-que-acontece-ao-trocar-o-refrigerante-por-agua-com-gas\/#primaryimage","url":"https:\/\/www.correiobraziliense.com.br\/cbradar\/wp-content\/uploads\/2025\/09\/refrigerante_1757289846523.jpg","contentUrl":"https:\/\/www.correiobraziliense.com.br\/cbradar\/wp-content\/uploads\/2025\/09\/refrigerante_1757289846523.jpg","width":1280,"height":720,"caption":"Refrigerante - Cr\u00e9ditos: depositphotos.com \/ SergeBlack"},{"@type":"BreadcrumbList","@id":"https:\/\/www.correiobraziliense.com.br\/cbradar\/o-que-acontece-ao-trocar-o-refrigerante-por-agua-com-gas\/#breadcrumb","itemListElement":[{"@type":"ListItem","position":1,"name":"In\u00edcio","item":"https:\/\/www.correiobraziliense.com.br\/cbradar\/"},{"@type":"ListItem","position":2,"name":"O que acontece ao trocar o refrigerante por \u00e1gua com g\u00e1s"}]},{"@type":"WebSite","@id":"https:\/\/www.correiobraziliense.com.br\/cbradar\/#website","url":"https:\/\/www.correiobraziliense.com.br\/cbradar\/","name":"Correio Braziliense - Radar","description":"Acompanhe as \u00faltimas not\u00edcias e fique bem informado sobre tudo o que acontece no Brasil e no mundo.","potentialAction":[{"@type":"SearchAction","target":{"@type":"EntryPoint","urlTemplate":"https:\/\/www.correiobraziliense.com.br\/cbradar\/?s={search_term_string}"},"query-input":{"@type":"PropertyValueSpecification","valueRequired":true,"valueName":"search_term_string"}}],"inLanguage":"pt-BR"},{"@type":"Person","@id":"https:\/\/www.correiobraziliense.com.br\/cbradar\/#\/schema\/person\/5aa4bf3c8fa699c267933611de12978b","name":"guilherme_saude","image":{"@type":"ImageObject","inLanguage":"pt-BR","@id":"https:\/\/www.correiobraziliense.com.br\/cbradar\/#\/schema\/person\/image\/","url":"https:\/\/secure.gravatar.com\/avatar\/df9adfb835d344bc0af109d41756253f?s=96&d=mm&r=g","contentUrl":"https:\/\/secure.gravatar.com\/avatar\/df9adfb835d344bc0af109d41756253f?s=96&d=mm&r=g","caption":"guilherme_saude"},"url":"https:\/\/www.correiobraziliense.com.br\/cbradar\/author\/guilherme_saude\/"}]}},"_links":{"self":[{"href":"https:\/\/www.correiobraziliense.com.br\/cbradar\/wp-json\/wp\/v2\/posts\/127186","targetHints":{"allow":["GET"]}}],"collection":[{"href":"https:\/\/www.correiobraziliense.com.br\/cbradar\/wp-json\/wp\/v2\/posts"}],"about":[{"href":"https:\/\/www.correiobraziliense.com.br\/cbradar\/wp-json\/wp\/v2\/types\/post"}],"author":[{"embeddable":true,"href":"https:\/\/www.correiobraziliense.com.br\/cbradar\/wp-json\/wp\/v2\/users\/14"}],"replies":[{"embeddable":true,"href":"https:\/\/www.correiobraziliense.com.br\/cbradar\/wp-json\/wp\/v2\/comments?post=127186"}],"version-history":[{"count":1,"href":"https:\/\/www.correiobraziliense.com.br\/cbradar\/wp-json\/wp\/v2\/posts\/127186\/revisions"}],"predecessor-version":[{"id":127191,"href":"https:\/\/www.correiobraziliense.com.br\/cbradar\/wp-json\/wp\/v2\/posts\/127186\/revisions\/127191"}],"wp:featuredmedia":[{"embeddable":true,"href":"https:\/\/www.correiobraziliense.com.br\/cbradar\/wp-json\/wp\/v2\/media\/100426"}],"wp:attachment":[{"href":"https:\/\/www.correiobraziliense.com.br\/cbradar\/wp-json\/wp\/v2\/media?parent=127186"}],"wp:term":[{"taxonomy":"category","embeddable":true,"href":"https:\/\/www.correiobraziliense.com.br\/cbradar\/wp-json\/wp\/v2\/categories?post=127186"},{"taxonomy":"post_tag","embeddable":true,"href":"https:\/\/www.correiobraziliense.com.br\/cbradar\/wp-json\/wp\/v2\/post_tag?post=127186"}],"curies":[{"name":"wp","href":"https:\/\/api.w.org\/{rel}","templated":true}]}}