{"id":127199,"date":"2025-10-29T18:25:00","date_gmt":"2025-10-29T21:25:00","guid":{"rendered":"https:\/\/www.correiobraziliense.com.br\/cbradar\/?p=127199"},"modified":"2025-10-28T11:43:45","modified_gmt":"2025-10-28T14:43:45","slug":"beneficios-ocultios-do-cha-de-erva-doce-para-digestao-e-colicas","status":"publish","type":"post","link":"https:\/\/www.correiobraziliense.com.br\/cbradar\/beneficios-ocultios-do-cha-de-erva-doce-para-digestao-e-colicas\/","title":{"rendered":"Benef\u00edcios ocultios do ch\u00e1 de erva-doce para digest\u00e3o e c\u00f3licas"},"content":{"rendered":"\n<p>A <strong>Erva-Doce<\/strong>, conhecida cientificamente como\u00a0<strong>Pimpinella anisum<\/strong>, \u00e9 uma planta amplamente utilizada na culin\u00e1ria e na medicina tradicional devido \u00e0s suas propriedades arom\u00e1ticas e terap\u00eauticas. Popular por seu aroma doce e suave, frequentemente acontece de ser confundida com o funcho, apesar de ambas serem distintas. Elas pertencem \u00e0 mesma fam\u00edlia, a Apiaceae. A semente de Erva-Doce \u00e9 comumente utilizada para preparar ch\u00e1, que h\u00e1 tempos \u00e9 um rem\u00e9dio caseiro eficaz para aliviar desconfortos digestivos.<\/p>\n\n\n\n<p>O ch\u00e1 de Erva-Doce \u00e9 famoso na medicina popular por promover o relaxamento dos m\u00fasculos do sistema digestivo, facilitando a digest\u00e3o e aliviando gases. Apesar dos benef\u00edcios associados, \u00e9 importante lembrar que ele n\u00e3o substitui conselhos m\u00e9dicos profissionais, especialmente em casos de problemas de sa\u00fade mais graves ou persistentes.<\/p>\n\n\n\n<h2 class=\"wp-block-heading\">Quais os benef\u00edcios associados ao consumo de ch\u00e1 de Erva-Doce?<\/h2>\n\n\n\n<p>O ch\u00e1 de Erva-Doce conquistou seu espa\u00e7o principalmente devido a seus benef\u00edcios digestivos. \u00c9 conhecido por auxiliar na redu\u00e7\u00e3o de gases e facilitar a digest\u00e3o, aliviando tamb\u00e9m c\u00f3licas leves. Al\u00e9m disso, tem propriedades que suavizam inc\u00f4modos respirat\u00f3rios por atuar como um expectorante natural. Outro not\u00e1vel benef\u00edcio \u00e9 a presen\u00e7a de antioxidantes, que combatem os danos oxidativos no corpo.<\/p>\n\n\n\n<p>H\u00e1 relatos de que o ch\u00e1 auxilia no aumento da produ\u00e7\u00e3o de leite materno durante a amamenta\u00e7\u00e3o. No entanto, este uso deve ser estritamente monitorado por profissionais de <a href=\"https:\/\/www.correiobraziliense.com.br\/cbradar\/essa-fruta-fortalece-ossos-e-musculos-na-terceira-idade\/\" target=\"_blank\" rel=\"noreferrer noopener\">sa\u00fade<\/a>, pois envolve um contexto sens\u00edvel.<\/p>\n\n\n\n<h2 class=\"wp-block-heading\">Como preparar um ch\u00e1 de Erva-Doce perfeito?<\/h2>\n\n\n\n<p>Preparar o ch\u00e1 de Erva-Doce \u00e9 um processo simples. Primeiro, deve-se esmagar de uma a duas colheres de ch\u00e1 de sementes para liberar seus \u00f3leos essenciais. Essas sementes esmagadas s\u00e3o adicionadas a uma x\u00edcara de \u00e1gua fervente e deixadas em infus\u00e3o por cinco a dez minutos. Ap\u00f3s coar, o ch\u00e1 est\u00e1 pronto para ser consumido morno, preferencialmente ap\u00f3s as refei\u00e7\u00f5es, para auxiliar a digest\u00e3o.<\/p>\n\n\n<div class=\"wp-block-image\">\n<figure class=\"aligncenter size-large\"><img decoding=\"async\" width=\"1024\" height=\"576\" src=\"https:\/\/www.correiobraziliense.com.br\/cbradar\/wp-content\/uploads\/2025\/07\/cha_1751982472125-1024x576.jpg\" alt=\"\" class=\"wp-image-66611\" srcset=\"https:\/\/www.correiobraziliense.com.br\/cbradar\/wp-content\/uploads\/2025\/07\/cha_1751982472125-1024x576.jpg 1024w, https:\/\/www.correiobraziliense.com.br\/cbradar\/wp-content\/uploads\/2025\/07\/cha_1751982472125-300x169.jpg 300w, https:\/\/www.correiobraziliense.com.br\/cbradar\/wp-content\/uploads\/2025\/07\/cha_1751982472125-768x432.jpg 768w, https:\/\/www.correiobraziliense.com.br\/cbradar\/wp-content\/uploads\/2025\/07\/cha_1751982472125-750x422.jpg 750w, https:\/\/www.correiobraziliense.com.br\/cbradar\/wp-content\/uploads\/2025\/07\/cha_1751982472125-1140x641.jpg 1140w, https:\/\/www.correiobraziliense.com.br\/cbradar\/wp-content\/uploads\/2025\/07\/cha_1751982472125.jpg 1280w\" sizes=\"(max-width: 1024px) 100vw, 1024px\" \/><figcaption class=\"wp-element-caption\">Ch\u00e1 &#8211; Cr\u00e9ditos: depositphotos.com \/ TarasMalyarevich<\/figcaption><\/figure><\/div>\n\n\n<h2 class=\"wp-block-heading\">Quais as precau\u00e7\u00f5es ao consumir ch\u00e1 de Erva-Doce?<\/h2>\n\n\n\n<p>Embora o ch\u00e1 seja geralmente seguro, algumas precau\u00e7\u00f5es s\u00e3o aconselhadas. Alergias a plantas da fam\u00edlia Apiaceae, como aipo e cenoura, devem evitar seu consumo. Durante a gravidez, seu consumo n\u00e3o \u00e9 recomendado devido a poss\u00edveis efeitos hormonais. Mulheres lactantes devem us\u00e1-lo com cautela e supervis\u00e3o m\u00e9dica.<\/p>\n\n\n\n<p>A Erva-Doce pode interagir com medicamentos, como anticoagulantes e contraceptivos. Assim, \u00e9 importante buscar orienta\u00e7\u00e3o m\u00e9dica antes de incorporar o ch\u00e1 \u00e0 dieta di\u00e1ria, particularmente para indiv\u00edduos com condi\u00e7\u00f5es m\u00e9dicas espec\u00edficas.<\/p>\n\n\n\n<h2 class=\"wp-block-heading\">Quando \u00e9 necess\u00e1rio buscar assist\u00eancia m\u00e9dica?<\/h2>\n\n\n\n<p>Para problemas digestivos persistentes ou severos, \u00e9 essencial procurar um m\u00e9dico. Sintomas como dores abdominais intensas, incha\u00e7o persistente ou altera\u00e7\u00f5es nos h\u00e1bitos intestinais podem indicar problemas de sa\u00fade s\u00e9rios que exigem aten\u00e7\u00e3o m\u00e9dica imediata. Assim, qualquer mudan\u00e7a significativa ou sintoma persistente deve ser discutido com um profissional de sa\u00fade qualificado.<\/p>\n\n\n<a href=\"https:\/\/www.instagram.com\/dra.annaluisabf\/\" target=\"_blank\" rel=\"noopener\" style=\"text-decoration: none; color: inherit;\">\n    <span style=\"display: inline-block; border: 1px solid #ccc; border-radius: 10px; padding: 15px; max-width: 550px; font-family: sans-serif; box-shadow: 0 2px 5px rgba(0,0,0,0.1); width: 100%;\">\n\n      <!-- T\u00edtulo -->\n      <span style=\"display: block; margin: 0 0 15px 0; font-weight: bold; color: #2c3e50; text-align: center;\">\n        Entre em contato:\n      <\/span>\n\n      <!-- Linha do perfil -->\n      <span style=\"display: flex; align-items: center; gap: 15px;\">\n        <img decoding=\"async\"\n          src=\"https:\/\/www.correiobraziliense.com.br\/cbradar\/wp-content\/uploads\/2025\/08\/dra_anna_luisa.jpeg\"\n          alt=\"Foto da Dra. Anna Lu\u00edsa\"\n          style=\"border-radius: 50%; width: 80px; height: 80px; object-fit: cover;\"\n        \/>\n        <span style=\"display: flex; flex-direction: column;\">\n          <span style=\"font-size: 18px; font-weight: 700; color: #2c3e50;\">Dra. Anna Lu\u00edsa Barbosa Fernandes<\/span>\n          <span style=\"color: #555;\">CRM-GO 33.271<\/span>\n        <\/span>\n      <\/span>\n\n      <!-- Redes -->\n      <span style=\"display: flex; align-items: center; gap: 10px; margin-top: 12px;\">\n        <img decoding=\"async\" src=\"https:\/\/cdn-icons-png.flaticon.com\/24\/1384\/1384063.png\" alt=\"Instagram\" width=\"24\" height=\"24\" \/>\n        <span style=\"text-decoration: underline; color: #2c3e50;\">@dra.annaluisabf<\/span>\n      <\/span>\n\n    <\/span>\n  <\/a>","protected":false},"excerpt":{"rendered":"<p>A Erva-Doce, conhecida cientificamente como\u00a0Pimpinella anisum, \u00e9 uma planta amplamente utilizada na culin\u00e1ria e na medicina tradicional devido \u00e0s suas propriedades arom\u00e1ticas e terap\u00eauticas. Popular por seu aroma doce e suave, frequentemente acontece de ser confundida com o funcho, apesar de ambas serem distintas. Elas pertencem \u00e0 mesma fam\u00edlia, a Apiaceae. A semente de Erva-Doce [&hellip;]<\/p>\n","protected":false},"author":14,"featured_media":62054,"comment_status":"open","ping_status":"open","sticky":false,"template":"","format":"standard","meta":{"_yoast_wpseo_focuskw":"Erva-Doce","_yoast_wpseo_title":"","_yoast_wpseo_metadesc":"Alivia gases, c\u00f3licas e desconfortos digestivos. Veja os benef\u00edcios e como preparar o ch\u00e1 de erva-doce corretamente.","jnews-multi-image_gallery":[],"jnews_single_post":{"format":"standard"},"jnews_primary_category":[],"jnews_social_meta":[],"jnews_override_counter":[],"footnotes":""},"categories":[4404],"post_tag":[1423,120,1318],"class_list":["post-127199","post","type-post","status-publish","format-standard","has-post-thumbnail","hentry","category-saude","tag-alimentos","tag-bem-estar","tag-saude-2"],"yoast_head":"<!-- This site is optimized with the Yoast SEO plugin v24.6 - https:\/\/yoast.com\/wordpress\/plugins\/seo\/ -->\n<title>Benef\u00edcios ocultios do ch\u00e1 de erva-doce para digest\u00e3o e c\u00f3licas - Correio Braziliense - Radar<\/title>\n<meta name=\"description\" content=\"Alivia gases, c\u00f3licas e desconfortos digestivos. Veja os benef\u00edcios e como preparar o ch\u00e1 de erva-doce corretamente.\" \/>\n<meta name=\"robots\" content=\"index, follow, max-snippet:-1, max-image-preview:large, max-video-preview:-1\" \/>\n<link rel=\"canonical\" href=\"https:\/\/www.correiobraziliense.com.br\/cbradar\/beneficios-ocultios-do-cha-de-erva-doce-para-digestao-e-colicas\/\" \/>\n<meta property=\"og:locale\" content=\"pt_BR\" \/>\n<meta property=\"og:type\" content=\"article\" \/>\n<meta property=\"og:title\" content=\"Benef\u00edcios ocultios do ch\u00e1 de erva-doce para digest\u00e3o e c\u00f3licas - Correio Braziliense - Radar\" \/>\n<meta property=\"og:description\" content=\"Alivia gases, c\u00f3licas e desconfortos digestivos. Veja os benef\u00edcios e como preparar o ch\u00e1 de erva-doce corretamente.\" \/>\n<meta property=\"og:url\" content=\"https:\/\/www.correiobraziliense.com.br\/cbradar\/beneficios-ocultios-do-cha-de-erva-doce-para-digestao-e-colicas\/\" \/>\n<meta property=\"og:site_name\" content=\"Correio Braziliense - Radar\" \/>\n<meta property=\"article:published_time\" content=\"2025-10-29T21:25:00+00:00\" \/>\n<meta property=\"og:image\" content=\"https:\/\/www.correiobraziliense.com.br\/cbradar\/wp-content\/uploads\/2025\/06\/erva-doce_1751284344120.jpg\" \/>\n\t<meta property=\"og:image:width\" content=\"1280\" \/>\n\t<meta property=\"og:image:height\" content=\"720\" \/>\n\t<meta property=\"og:image:type\" content=\"image\/jpeg\" \/>\n<meta name=\"author\" content=\"guilherme_saude\" \/>\n<meta name=\"twitter:card\" content=\"summary_large_image\" \/>\n<meta name=\"twitter:label1\" content=\"Escrito por\" \/>\n\t<meta name=\"twitter:data1\" content=\"guilherme_saude\" \/>\n\t<meta name=\"twitter:label2\" content=\"Est. tempo de leitura\" \/>\n\t<meta name=\"twitter:data2\" content=\"4 minutos\" \/>\n<!-- \/ Yoast SEO plugin. -->","yoast_head_json":{"title":"Benef\u00edcios ocultios do ch\u00e1 de erva-doce para digest\u00e3o e c\u00f3licas - Correio Braziliense - Radar","description":"Alivia gases, c\u00f3licas e desconfortos digestivos. Veja os benef\u00edcios e como preparar o ch\u00e1 de erva-doce corretamente.","robots":{"index":"index","follow":"follow","max-snippet":"max-snippet:-1","max-image-preview":"max-image-preview:large","max-video-preview":"max-video-preview:-1"},"canonical":"https:\/\/www.correiobraziliense.com.br\/cbradar\/beneficios-ocultios-do-cha-de-erva-doce-para-digestao-e-colicas\/","og_locale":"pt_BR","og_type":"article","og_title":"Benef\u00edcios ocultios do ch\u00e1 de erva-doce para digest\u00e3o e c\u00f3licas - Correio Braziliense - Radar","og_description":"Alivia gases, c\u00f3licas e desconfortos digestivos. Veja os benef\u00edcios e como preparar o ch\u00e1 de erva-doce corretamente.","og_url":"https:\/\/www.correiobraziliense.com.br\/cbradar\/beneficios-ocultios-do-cha-de-erva-doce-para-digestao-e-colicas\/","og_site_name":"Correio Braziliense - Radar","article_published_time":"2025-10-29T21:25:00+00:00","og_image":[{"width":1280,"height":720,"url":"https:\/\/www.correiobraziliense.com.br\/cbradar\/wp-content\/uploads\/2025\/06\/erva-doce_1751284344120.jpg","type":"image\/jpeg"}],"author":"guilherme_saude","twitter_card":"summary_large_image","twitter_misc":{"Escrito por":"guilherme_saude","Est. tempo de leitura":"4 minutos"},"schema":{"@context":"https:\/\/schema.org","@graph":[{"@type":"WebPage","@id":"https:\/\/www.correiobraziliense.com.br\/cbradar\/beneficios-ocultios-do-cha-de-erva-doce-para-digestao-e-colicas\/","url":"https:\/\/www.correiobraziliense.com.br\/cbradar\/beneficios-ocultios-do-cha-de-erva-doce-para-digestao-e-colicas\/","name":"Benef\u00edcios ocultios do ch\u00e1 de erva-doce para digest\u00e3o e c\u00f3licas - Correio Braziliense - Radar","isPartOf":{"@id":"https:\/\/www.correiobraziliense.com.br\/cbradar\/#website"},"primaryImageOfPage":{"@id":"https:\/\/www.correiobraziliense.com.br\/cbradar\/beneficios-ocultios-do-cha-de-erva-doce-para-digestao-e-colicas\/#primaryimage"},"image":{"@id":"https:\/\/www.correiobraziliense.com.br\/cbradar\/beneficios-ocultios-do-cha-de-erva-doce-para-digestao-e-colicas\/#primaryimage"},"thumbnailUrl":"https:\/\/www.correiobraziliense.com.br\/cbradar\/wp-content\/uploads\/2025\/06\/erva-doce_1751284344120.jpg","datePublished":"2025-10-29T21:25:00+00:00","author":{"@id":"https:\/\/www.correiobraziliense.com.br\/cbradar\/#\/schema\/person\/5aa4bf3c8fa699c267933611de12978b"},"description":"Alivia gases, c\u00f3licas e desconfortos digestivos. Veja os benef\u00edcios e como preparar o ch\u00e1 de erva-doce corretamente.","breadcrumb":{"@id":"https:\/\/www.correiobraziliense.com.br\/cbradar\/beneficios-ocultios-do-cha-de-erva-doce-para-digestao-e-colicas\/#breadcrumb"},"inLanguage":"pt-BR","potentialAction":[{"@type":"ReadAction","target":["https:\/\/www.correiobraziliense.com.br\/cbradar\/beneficios-ocultios-do-cha-de-erva-doce-para-digestao-e-colicas\/"]}]},{"@type":"ImageObject","inLanguage":"pt-BR","@id":"https:\/\/www.correiobraziliense.com.br\/cbradar\/beneficios-ocultios-do-cha-de-erva-doce-para-digestao-e-colicas\/#primaryimage","url":"https:\/\/www.correiobraziliense.com.br\/cbradar\/wp-content\/uploads\/2025\/06\/erva-doce_1751284344120.jpg","contentUrl":"https:\/\/www.correiobraziliense.com.br\/cbradar\/wp-content\/uploads\/2025\/06\/erva-doce_1751284344120.jpg","width":1280,"height":720,"caption":"Erva-doce - Cr\u00e9ditos: depositphotos.com \/ VadimVasenin"},{"@type":"BreadcrumbList","@id":"https:\/\/www.correiobraziliense.com.br\/cbradar\/beneficios-ocultios-do-cha-de-erva-doce-para-digestao-e-colicas\/#breadcrumb","itemListElement":[{"@type":"ListItem","position":1,"name":"In\u00edcio","item":"https:\/\/www.correiobraziliense.com.br\/cbradar\/"},{"@type":"ListItem","position":2,"name":"Benef\u00edcios ocultios do ch\u00e1 de erva-doce para digest\u00e3o e c\u00f3licas"}]},{"@type":"WebSite","@id":"https:\/\/www.correiobraziliense.com.br\/cbradar\/#website","url":"https:\/\/www.correiobraziliense.com.br\/cbradar\/","name":"Correio Braziliense - Radar","description":"Acompanhe as \u00faltimas not\u00edcias e fique bem informado sobre tudo o que acontece no Brasil e no mundo.","potentialAction":[{"@type":"SearchAction","target":{"@type":"EntryPoint","urlTemplate":"https:\/\/www.correiobraziliense.com.br\/cbradar\/?s={search_term_string}"},"query-input":{"@type":"PropertyValueSpecification","valueRequired":true,"valueName":"search_term_string"}}],"inLanguage":"pt-BR"},{"@type":"Person","@id":"https:\/\/www.correiobraziliense.com.br\/cbradar\/#\/schema\/person\/5aa4bf3c8fa699c267933611de12978b","name":"guilherme_saude","image":{"@type":"ImageObject","inLanguage":"pt-BR","@id":"https:\/\/www.correiobraziliense.com.br\/cbradar\/#\/schema\/person\/image\/","url":"https:\/\/secure.gravatar.com\/avatar\/df9adfb835d344bc0af109d41756253f?s=96&d=mm&r=g","contentUrl":"https:\/\/secure.gravatar.com\/avatar\/df9adfb835d344bc0af109d41756253f?s=96&d=mm&r=g","caption":"guilherme_saude"},"url":"https:\/\/www.correiobraziliense.com.br\/cbradar\/author\/guilherme_saude\/"}]}},"_links":{"self":[{"href":"https:\/\/www.correiobraziliense.com.br\/cbradar\/wp-json\/wp\/v2\/posts\/127199","targetHints":{"allow":["GET"]}}],"collection":[{"href":"https:\/\/www.correiobraziliense.com.br\/cbradar\/wp-json\/wp\/v2\/posts"}],"about":[{"href":"https:\/\/www.correiobraziliense.com.br\/cbradar\/wp-json\/wp\/v2\/types\/post"}],"author":[{"embeddable":true,"href":"https:\/\/www.correiobraziliense.com.br\/cbradar\/wp-json\/wp\/v2\/users\/14"}],"replies":[{"embeddable":true,"href":"https:\/\/www.correiobraziliense.com.br\/cbradar\/wp-json\/wp\/v2\/comments?post=127199"}],"version-history":[{"count":1,"href":"https:\/\/www.correiobraziliense.com.br\/cbradar\/wp-json\/wp\/v2\/posts\/127199\/revisions"}],"predecessor-version":[{"id":127200,"href":"https:\/\/www.correiobraziliense.com.br\/cbradar\/wp-json\/wp\/v2\/posts\/127199\/revisions\/127200"}],"wp:featuredmedia":[{"embeddable":true,"href":"https:\/\/www.correiobraziliense.com.br\/cbradar\/wp-json\/wp\/v2\/media\/62054"}],"wp:attachment":[{"href":"https:\/\/www.correiobraziliense.com.br\/cbradar\/wp-json\/wp\/v2\/media?parent=127199"}],"wp:term":[{"taxonomy":"category","embeddable":true,"href":"https:\/\/www.correiobraziliense.com.br\/cbradar\/wp-json\/wp\/v2\/categories?post=127199"},{"taxonomy":"post_tag","embeddable":true,"href":"https:\/\/www.correiobraziliense.com.br\/cbradar\/wp-json\/wp\/v2\/post_tag?post=127199"}],"curies":[{"name":"wp","href":"https:\/\/api.w.org\/{rel}","templated":true}]}}