{"id":127208,"date":"2025-10-30T06:25:00","date_gmt":"2025-10-30T09:25:00","guid":{"rendered":"https:\/\/www.correiobraziliense.com.br\/cbradar\/?p=127208"},"modified":"2025-10-28T11:51:45","modified_gmt":"2025-10-28T14:51:45","slug":"3-bebidas-que-ajudam-a-proteger-o-figado-naturalmente","status":"publish","type":"post","link":"https:\/\/www.correiobraziliense.com.br\/cbradar\/3-bebidas-que-ajudam-a-proteger-o-figado-naturalmente\/","title":{"rendered":"3 bebidas que ajudam a proteger o f\u00edgado naturalmente"},"content":{"rendered":"\n<p>O <strong>F\u00edgado <\/strong>\u00e9 um \u00f3rg\u00e3o vital que realiza fun\u00e7\u00f5es essenciais para a manuten\u00e7\u00e3o da sa\u00fade, incluindo a filtragem de subst\u00e2ncias t\u00f3xicas e a produ\u00e7\u00e3o de prote\u00ednas vitais. Promover o bem-estar hep\u00e1tico \u00e9 crucial e pode ser facilitado pelo consumo de certas bebidas naturais que auxiliam na preserva\u00e7\u00e3o das suas fun\u00e7\u00f5es e na redu\u00e7\u00e3o do risco de doen\u00e7as hep\u00e1ticas.<\/p>\n\n\n\n<p>\u00c9 interessante observar como a ado\u00e7\u00e3o de bebidas espec\u00edficas pode ser ben\u00e9fica para o F\u00edgado. Entre essas bebidas, incluem-se o ch\u00e1 verde, suco de beterraba e caf\u00e9, cada uma com atributos \u00fanicos que favorecem a sa\u00fade do F\u00edgado de maneiras diferentes, todas elas acess\u00edveis como parte de uma dieta balanceada e saud\u00e1vel.<\/p>\n\n\n\n<h2 class=\"wp-block-heading\">Por que o ch\u00e1 verde \u00e9 ben\u00e9fico para o F\u00edgado?<\/h2>\n\n\n\n<p>O ch\u00e1 verde \u00e9 conhecido por sua riqueza em antioxidantes, especialmente as catequinas, que s\u00e3o eficazes na redu\u00e7\u00e3o de inflama\u00e7\u00f5es e na prote\u00e7\u00e3o celular. Seu consumo regular tem sido associado \u00e0 diminui\u00e7\u00e3o dos riscos de desenvolvimento de v\u00e1rias doen\u00e7as hep\u00e1ticas. Ao incluir o ch\u00e1 verde na dieta di\u00e1ria, \u00e9 poss\u00edvel melhorar as defesas do organismo contra danos oxidativos.<\/p>\n\n\n<div class=\"wp-block-image\">\n<figure class=\"aligncenter size-large\"><img decoding=\"async\" width=\"1024\" height=\"576\" src=\"https:\/\/www.correiobraziliense.com.br\/cbradar\/wp-content\/uploads\/2025\/10\/Cha-Verde_1761662772123-1024x576.jpg\" alt=\"\" class=\"wp-image-127205\" srcset=\"https:\/\/www.correiobraziliense.com.br\/cbradar\/wp-content\/uploads\/2025\/10\/Cha-Verde_1761662772123-1024x576.jpg 1024w, https:\/\/www.correiobraziliense.com.br\/cbradar\/wp-content\/uploads\/2025\/10\/Cha-Verde_1761662772123-300x169.jpg 300w, https:\/\/www.correiobraziliense.com.br\/cbradar\/wp-content\/uploads\/2025\/10\/Cha-Verde_1761662772123-768x432.jpg 768w, https:\/\/www.correiobraziliense.com.br\/cbradar\/wp-content\/uploads\/2025\/10\/Cha-Verde_1761662772123-750x422.jpg 750w, https:\/\/www.correiobraziliense.com.br\/cbradar\/wp-content\/uploads\/2025\/10\/Cha-Verde_1761662772123-1140x641.jpg 1140w, https:\/\/www.correiobraziliense.com.br\/cbradar\/wp-content\/uploads\/2025\/10\/Cha-Verde_1761662772123.jpg 1280w\" sizes=\"(max-width: 1024px) 100vw, 1024px\" \/><figcaption class=\"wp-element-caption\">Ch\u00e1-Verde &#8211; Cr\u00e9ditos: depositphotos.com \/ AntonMatyukha<\/figcaption><\/figure><\/div>\n\n\n<h2 class=\"wp-block-heading\">Como o suco de beterraba auxilia o F\u00edgado?<\/h2>\n\n\n\n<p>Rico em antioxidantes e nutrientes como a vitamina C e o pot\u00e1ssio, o suco de beterraba se destaca por suas propriedades protetoras para o F\u00edgado. Este suco ajuda a combater inflama\u00e7\u00f5es e protege as c\u00e9lulas hep\u00e1ticas dos danos causados por toxinas. Adicionar suco de beterraba \u00e0 rotina alimentar pode ser uma maneira eficaz de ajudar a manter a fun\u00e7\u00e3o hep\u00e1tica otimizada.<\/p>\n\n\n\n<h2 class=\"wp-block-heading\">Qual o papel do caf\u00e9 na sa\u00fade do F\u00edgado?<\/h2>\n\n\n\n<p>O caf\u00e9, consumido com modera\u00e7\u00e3o, pode beneficiar a <a href=\"https:\/\/www.correiobraziliense.com.br\/cbradar\/por-que-ir-ao-dentista-mesmo-sem-sintomas\/\" target=\"_blank\" rel=\"noreferrer noopener\">sa\u00fade <\/a>do F\u00edgado, reduzindo o risco de algumas condi\u00e7\u00f5es hep\u00e1ticas. Elementos presentes no caf\u00e9 t\u00eam a capacidade de diminuir o ac\u00famulo de gordura no F\u00edgado, o que \u00e9 crucial para prevenir doen\u00e7as como a esteatose hep\u00e1tica. Assim, incluir caf\u00e9 na dieta, dentro de limites saud\u00e1veis, pode proporcionar vantagens significativas.<\/p>\n\n\n\n<h2 class=\"wp-block-heading\">Como incorporar bebidas saud\u00e1veis na rotina di\u00e1ria?<\/h2>\n\n\n\n<p>Para tirar o m\u00e1ximo proveito dessas bebidas, \u00e9 importante integr\u00e1-las a um estilo de vida saud\u00e1vel, que inclua uma dieta rica em alimentos frescos e naturais. Reduzir o consumo de alimentos processados e bebidas alco\u00f3licas tamb\u00e9m \u00e9 essencial para manter o F\u00edgado saud\u00e1vel. Al\u00e9m disso, exerc\u00edcios f\u00edsicos regulares e uma hidrata\u00e7\u00e3o adequada s\u00e3o complementos necess\u00e1rios para otimizar a sa\u00fade hep\u00e1tica.<\/p>\n\n\n\n<p>Manter o F\u00edgado saud\u00e1vel por meio de escolhas alimentares conscientes e a inclus\u00e3o de bebidas ben\u00e9ficas pode ter um impacto positivo duradouro sobre a sa\u00fade geral e a qualidade de vida.<\/p>\n\n\n<a href=\"https:\/\/www.instagram.com\/dra.annaluisabf\/\" target=\"_blank\" rel=\"noopener\" style=\"text-decoration: none; color: inherit;\">\n    <span style=\"display: inline-block; border: 1px solid #ccc; border-radius: 10px; padding: 15px; max-width: 550px; font-family: sans-serif; box-shadow: 0 2px 5px rgba(0,0,0,0.1); width: 100%;\">\n\n      <!-- T\u00edtulo -->\n      <span style=\"display: block; margin: 0 0 15px 0; font-weight: bold; color: #2c3e50; text-align: center;\">\n        Entre em contato:\n      <\/span>\n\n      <!-- Linha do perfil -->\n      <span style=\"display: flex; align-items: center; gap: 15px;\">\n        <img decoding=\"async\"\n          src=\"https:\/\/www.correiobraziliense.com.br\/cbradar\/wp-content\/uploads\/2025\/08\/dra_anna_luisa.jpeg\"\n          alt=\"Foto da Dra. Anna Lu\u00edsa\"\n          style=\"border-radius: 50%; width: 80px; height: 80px; object-fit: cover;\"\n        \/>\n        <span style=\"display: flex; flex-direction: column;\">\n          <span style=\"font-size: 18px; font-weight: 700; color: #2c3e50;\">Dra. Anna Lu\u00edsa Barbosa Fernandes<\/span>\n          <span style=\"color: #555;\">CRM-GO 33.271<\/span>\n        <\/span>\n      <\/span>\n\n      <!-- Redes -->\n      <span style=\"display: flex; align-items: center; gap: 10px; margin-top: 12px;\">\n        <img decoding=\"async\" src=\"https:\/\/cdn-icons-png.flaticon.com\/24\/1384\/1384063.png\" alt=\"Instagram\" width=\"24\" height=\"24\" \/>\n        <span style=\"text-decoration: underline; color: #2c3e50;\">@dra.annaluisabf<\/span>\n      <\/span>\n\n    <\/span>\n  <\/a>","protected":false},"excerpt":{"rendered":"<p>O F\u00edgado \u00e9 um \u00f3rg\u00e3o vital que realiza fun\u00e7\u00f5es essenciais para a manuten\u00e7\u00e3o da sa\u00fade, incluindo a filtragem de subst\u00e2ncias t\u00f3xicas e a produ\u00e7\u00e3o de prote\u00ednas vitais. Promover o bem-estar hep\u00e1tico \u00e9 crucial e pode ser facilitado pelo consumo de certas bebidas naturais que auxiliam na preserva\u00e7\u00e3o das suas fun\u00e7\u00f5es e na redu\u00e7\u00e3o do risco [&hellip;]<\/p>\n","protected":false},"author":14,"featured_media":83079,"comment_status":"open","ping_status":"open","sticky":false,"template":"","format":"standard","meta":{"_yoast_wpseo_focuskw":"F\u00edgado","_yoast_wpseo_title":"","_yoast_wpseo_metadesc":"Proteja o seu f\u00edgado com bebidas acess\u00edveis como ch\u00e1 verde, suco de beterraba e caf\u00e9. Veja como inclu\u00ed-las na rotina.","jnews-multi-image_gallery":[],"jnews_single_post":{"format":"standard"},"jnews_primary_category":[],"jnews_social_meta":[],"jnews_override_counter":[],"footnotes":""},"categories":[4404],"post_tag":[120,4167,1318],"class_list":["post-127208","post","type-post","status-publish","format-standard","has-post-thumbnail","hentry","category-saude","tag-bem-estar","tag-figado","tag-saude-2"],"yoast_head":"<!-- This site is optimized with the Yoast SEO plugin v24.6 - https:\/\/yoast.com\/wordpress\/plugins\/seo\/ -->\n<title>3 bebidas que ajudam a proteger o f\u00edgado naturalmente - Correio Braziliense - Radar<\/title>\n<meta name=\"description\" content=\"Proteja o seu f\u00edgado com bebidas acess\u00edveis como ch\u00e1 verde, suco de beterraba e caf\u00e9. Veja como inclu\u00ed-las na rotina.\" \/>\n<meta name=\"robots\" content=\"index, follow, max-snippet:-1, max-image-preview:large, max-video-preview:-1\" \/>\n<link rel=\"canonical\" href=\"https:\/\/www.correiobraziliense.com.br\/cbradar\/3-bebidas-que-ajudam-a-proteger-o-figado-naturalmente\/\" \/>\n<meta property=\"og:locale\" content=\"pt_BR\" \/>\n<meta property=\"og:type\" content=\"article\" \/>\n<meta property=\"og:title\" content=\"3 bebidas que ajudam a proteger o f\u00edgado naturalmente - Correio Braziliense - Radar\" \/>\n<meta property=\"og:description\" content=\"Proteja o seu f\u00edgado com bebidas acess\u00edveis como ch\u00e1 verde, suco de beterraba e caf\u00e9. Veja como inclu\u00ed-las na rotina.\" \/>\n<meta property=\"og:url\" content=\"https:\/\/www.correiobraziliense.com.br\/cbradar\/3-bebidas-que-ajudam-a-proteger-o-figado-naturalmente\/\" \/>\n<meta property=\"og:site_name\" content=\"Correio Braziliense - Radar\" \/>\n<meta property=\"article:published_time\" content=\"2025-10-30T09:25:00+00:00\" \/>\n<meta property=\"og:image\" content=\"https:\/\/www.correiobraziliense.com.br\/cbradar\/wp-content\/uploads\/2025\/08\/transplante-de-figado_1754678024787.jpg\" \/>\n\t<meta property=\"og:image:width\" content=\"1280\" \/>\n\t<meta property=\"og:image:height\" content=\"720\" \/>\n\t<meta property=\"og:image:type\" content=\"image\/jpeg\" \/>\n<meta name=\"author\" content=\"guilherme_saude\" \/>\n<meta name=\"twitter:card\" content=\"summary_large_image\" \/>\n<meta name=\"twitter:label1\" content=\"Escrito por\" \/>\n\t<meta name=\"twitter:data1\" content=\"guilherme_saude\" \/>\n\t<meta name=\"twitter:label2\" content=\"Est. tempo de leitura\" \/>\n\t<meta name=\"twitter:data2\" content=\"4 minutos\" \/>\n<!-- \/ Yoast SEO plugin. -->","yoast_head_json":{"title":"3 bebidas que ajudam a proteger o f\u00edgado naturalmente - Correio Braziliense - Radar","description":"Proteja o seu f\u00edgado com bebidas acess\u00edveis como ch\u00e1 verde, suco de beterraba e caf\u00e9. Veja como inclu\u00ed-las na rotina.","robots":{"index":"index","follow":"follow","max-snippet":"max-snippet:-1","max-image-preview":"max-image-preview:large","max-video-preview":"max-video-preview:-1"},"canonical":"https:\/\/www.correiobraziliense.com.br\/cbradar\/3-bebidas-que-ajudam-a-proteger-o-figado-naturalmente\/","og_locale":"pt_BR","og_type":"article","og_title":"3 bebidas que ajudam a proteger o f\u00edgado naturalmente - Correio Braziliense - Radar","og_description":"Proteja o seu f\u00edgado com bebidas acess\u00edveis como ch\u00e1 verde, suco de beterraba e caf\u00e9. Veja como inclu\u00ed-las na rotina.","og_url":"https:\/\/www.correiobraziliense.com.br\/cbradar\/3-bebidas-que-ajudam-a-proteger-o-figado-naturalmente\/","og_site_name":"Correio Braziliense - Radar","article_published_time":"2025-10-30T09:25:00+00:00","og_image":[{"width":1280,"height":720,"url":"https:\/\/www.correiobraziliense.com.br\/cbradar\/wp-content\/uploads\/2025\/08\/transplante-de-figado_1754678024787.jpg","type":"image\/jpeg"}],"author":"guilherme_saude","twitter_card":"summary_large_image","twitter_misc":{"Escrito por":"guilherme_saude","Est. tempo de leitura":"4 minutos"},"schema":{"@context":"https:\/\/schema.org","@graph":[{"@type":"WebPage","@id":"https:\/\/www.correiobraziliense.com.br\/cbradar\/3-bebidas-que-ajudam-a-proteger-o-figado-naturalmente\/","url":"https:\/\/www.correiobraziliense.com.br\/cbradar\/3-bebidas-que-ajudam-a-proteger-o-figado-naturalmente\/","name":"3 bebidas que ajudam a proteger o f\u00edgado naturalmente - Correio Braziliense - Radar","isPartOf":{"@id":"https:\/\/www.correiobraziliense.com.br\/cbradar\/#website"},"primaryImageOfPage":{"@id":"https:\/\/www.correiobraziliense.com.br\/cbradar\/3-bebidas-que-ajudam-a-proteger-o-figado-naturalmente\/#primaryimage"},"image":{"@id":"https:\/\/www.correiobraziliense.com.br\/cbradar\/3-bebidas-que-ajudam-a-proteger-o-figado-naturalmente\/#primaryimage"},"thumbnailUrl":"https:\/\/www.correiobraziliense.com.br\/cbradar\/wp-content\/uploads\/2025\/08\/transplante-de-figado_1754678024787.jpg","datePublished":"2025-10-30T09:25:00+00:00","author":{"@id":"https:\/\/www.correiobraziliense.com.br\/cbradar\/#\/schema\/person\/5aa4bf3c8fa699c267933611de12978b"},"description":"Proteja o seu f\u00edgado com bebidas acess\u00edveis como ch\u00e1 verde, suco de beterraba e caf\u00e9. Veja como inclu\u00ed-las na rotina.","breadcrumb":{"@id":"https:\/\/www.correiobraziliense.com.br\/cbradar\/3-bebidas-que-ajudam-a-proteger-o-figado-naturalmente\/#breadcrumb"},"inLanguage":"pt-BR","potentialAction":[{"@type":"ReadAction","target":["https:\/\/www.correiobraziliense.com.br\/cbradar\/3-bebidas-que-ajudam-a-proteger-o-figado-naturalmente\/"]}]},{"@type":"ImageObject","inLanguage":"pt-BR","@id":"https:\/\/www.correiobraziliense.com.br\/cbradar\/3-bebidas-que-ajudam-a-proteger-o-figado-naturalmente\/#primaryimage","url":"https:\/\/www.correiobraziliense.com.br\/cbradar\/wp-content\/uploads\/2025\/08\/transplante-de-figado_1754678024787.jpg","contentUrl":"https:\/\/www.correiobraziliense.com.br\/cbradar\/wp-content\/uploads\/2025\/08\/transplante-de-figado_1754678024787.jpg","width":1280,"height":720,"caption":"Os \u00f3rg\u00e3os mais poderosos do corpo e por que proteg\u00ea-los - Cr\u00e9ditos: depositphotos.com \/ Shidlovski"},{"@type":"BreadcrumbList","@id":"https:\/\/www.correiobraziliense.com.br\/cbradar\/3-bebidas-que-ajudam-a-proteger-o-figado-naturalmente\/#breadcrumb","itemListElement":[{"@type":"ListItem","position":1,"name":"In\u00edcio","item":"https:\/\/www.correiobraziliense.com.br\/cbradar\/"},{"@type":"ListItem","position":2,"name":"3 bebidas que ajudam a proteger o f\u00edgado naturalmente"}]},{"@type":"WebSite","@id":"https:\/\/www.correiobraziliense.com.br\/cbradar\/#website","url":"https:\/\/www.correiobraziliense.com.br\/cbradar\/","name":"Correio Braziliense - Radar","description":"Acompanhe as \u00faltimas not\u00edcias e fique bem informado sobre tudo o que acontece no Brasil e no mundo.","potentialAction":[{"@type":"SearchAction","target":{"@type":"EntryPoint","urlTemplate":"https:\/\/www.correiobraziliense.com.br\/cbradar\/?s={search_term_string}"},"query-input":{"@type":"PropertyValueSpecification","valueRequired":true,"valueName":"search_term_string"}}],"inLanguage":"pt-BR"},{"@type":"Person","@id":"https:\/\/www.correiobraziliense.com.br\/cbradar\/#\/schema\/person\/5aa4bf3c8fa699c267933611de12978b","name":"guilherme_saude","image":{"@type":"ImageObject","inLanguage":"pt-BR","@id":"https:\/\/www.correiobraziliense.com.br\/cbradar\/#\/schema\/person\/image\/","url":"https:\/\/secure.gravatar.com\/avatar\/df9adfb835d344bc0af109d41756253f?s=96&d=mm&r=g","contentUrl":"https:\/\/secure.gravatar.com\/avatar\/df9adfb835d344bc0af109d41756253f?s=96&d=mm&r=g","caption":"guilherme_saude"},"url":"https:\/\/www.correiobraziliense.com.br\/cbradar\/author\/guilherme_saude\/"}]}},"_links":{"self":[{"href":"https:\/\/www.correiobraziliense.com.br\/cbradar\/wp-json\/wp\/v2\/posts\/127208","targetHints":{"allow":["GET"]}}],"collection":[{"href":"https:\/\/www.correiobraziliense.com.br\/cbradar\/wp-json\/wp\/v2\/posts"}],"about":[{"href":"https:\/\/www.correiobraziliense.com.br\/cbradar\/wp-json\/wp\/v2\/types\/post"}],"author":[{"embeddable":true,"href":"https:\/\/www.correiobraziliense.com.br\/cbradar\/wp-json\/wp\/v2\/users\/14"}],"replies":[{"embeddable":true,"href":"https:\/\/www.correiobraziliense.com.br\/cbradar\/wp-json\/wp\/v2\/comments?post=127208"}],"version-history":[{"count":1,"href":"https:\/\/www.correiobraziliense.com.br\/cbradar\/wp-json\/wp\/v2\/posts\/127208\/revisions"}],"predecessor-version":[{"id":127209,"href":"https:\/\/www.correiobraziliense.com.br\/cbradar\/wp-json\/wp\/v2\/posts\/127208\/revisions\/127209"}],"wp:featuredmedia":[{"embeddable":true,"href":"https:\/\/www.correiobraziliense.com.br\/cbradar\/wp-json\/wp\/v2\/media\/83079"}],"wp:attachment":[{"href":"https:\/\/www.correiobraziliense.com.br\/cbradar\/wp-json\/wp\/v2\/media?parent=127208"}],"wp:term":[{"taxonomy":"category","embeddable":true,"href":"https:\/\/www.correiobraziliense.com.br\/cbradar\/wp-json\/wp\/v2\/categories?post=127208"},{"taxonomy":"post_tag","embeddable":true,"href":"https:\/\/www.correiobraziliense.com.br\/cbradar\/wp-json\/wp\/v2\/post_tag?post=127208"}],"curies":[{"name":"wp","href":"https:\/\/api.w.org\/{rel}","templated":true}]}}