{"id":127260,"date":"2025-10-29T14:55:00","date_gmt":"2025-10-29T17:55:00","guid":{"rendered":"https:\/\/www.correiobraziliense.com.br\/cbradar\/?p=127260"},"modified":"2025-10-28T13:56:31","modified_gmt":"2025-10-28T16:56:31","slug":"por-que-voce-sempre-esquece-o-nome-das-pessoas-mesmo-tentando-lembrar-muito","status":"publish","type":"post","link":"https:\/\/www.correiobraziliense.com.br\/cbradar\/por-que-voce-sempre-esquece-o-nome-das-pessoas-mesmo-tentando-lembrar-muito\/","title":{"rendered":"Por que voc\u00ea sempre esquece o nome das pessoas mesmo tentando lembrar muito"},"content":{"rendered":"\n<p>Esquecer <strong>nomes<\/strong> de pessoas, algo frequente no cotidiano e que costuma gerar desconforto, n\u00e3o \u00e9 sinal de falha da <strong>mem\u00f3ria<\/strong>, mas um reflexo do funcionamento natural do <strong>c\u00e9rebro<\/strong>, que prioriza informa\u00e7\u00f5es consideradas mais relevantes em meio ao excesso de dados enfrentado diariamente.<\/p>\n\n\n\n<h2 class=\"wp-block-heading\">Por que nosso c\u00e9rebro tem dificuldade para lembrar nomes de pessoas?<\/h2>\n\n\n\n<p>Segundo a <strong>psicologia<\/strong>, <strong>nomes pr\u00f3prios<\/strong> s\u00e3o facilmente esquecidos porque normalmente n\u00e3o t\u00eam conex\u00e3o l\u00f3gica direta com refer\u00eancias familiares, profiss\u00f5es ou tra\u00e7os f\u00edsicos da pessoa. <a href=\"https:\/\/www.psychologytoday.com\/us\/contributors\/david-ludden-phd\" target=\"_blank\" rel=\"noopener\">O professor <strong>David Ludden<\/strong>, da revista <strong>Psychology Today<\/strong><\/a>, destaca que \u00e9 mais f\u00e1cil gravar dados que se relacionam a algum <strong>contexto<\/strong> significativo ou <strong>associa\u00e7\u00e3o<\/strong> direta.<\/p>\n\n\n\n<p>Isso acontece porque o <strong>c\u00e9rebro<\/strong> tende a armazenar com mais efici\u00eancia informa\u00e7\u00f5es com sentido claro, enquanto nomes, por falta dessa liga\u00e7\u00e3o l\u00f3gica, tendem a ser ofuscados por detalhes considerados mais \u00fateis no cotidiano, como caracter\u00edsticas f\u00edsicas ou situa\u00e7\u00f5es importantes vivenciadas.<\/p>\n\n\n<div class=\"wp-block-image\">\n<figure class=\"aligncenter size-large\"><img decoding=\"async\" width=\"1024\" height=\"576\" src=\"https:\/\/www.correiobraziliense.com.br\/cbradar\/wp-content\/uploads\/2025\/10\/Esquecimento-_1761670201916-1024x576.jpg\" alt=\"\" class=\"wp-image-127284\" srcset=\"https:\/\/www.correiobraziliense.com.br\/cbradar\/wp-content\/uploads\/2025\/10\/Esquecimento-_1761670201916-1024x576.jpg 1024w, https:\/\/www.correiobraziliense.com.br\/cbradar\/wp-content\/uploads\/2025\/10\/Esquecimento-_1761670201916-300x169.jpg 300w, https:\/\/www.correiobraziliense.com.br\/cbradar\/wp-content\/uploads\/2025\/10\/Esquecimento-_1761670201916-768x432.jpg 768w, https:\/\/www.correiobraziliense.com.br\/cbradar\/wp-content\/uploads\/2025\/10\/Esquecimento-_1761670201916-750x422.jpg 750w, https:\/\/www.correiobraziliense.com.br\/cbradar\/wp-content\/uploads\/2025\/10\/Esquecimento-_1761670201916-1140x641.jpg 1140w, https:\/\/www.correiobraziliense.com.br\/cbradar\/wp-content\/uploads\/2025\/10\/Esquecimento-_1761670201916.jpg 1280w\" sizes=\"(max-width: 1024px) 100vw, 1024px\" \/><figcaption class=\"wp-element-caption\">Dizer o nome da pessoa algumas vezes ao longo da conversa &#8211; Cr\u00e9ditos: depositphotos.com \/ SvetaZi<\/figcaption><\/figure><\/div>\n\n\n<h2 class=\"wp-block-heading\">Como a repeti\u00e7\u00e3o e a associa\u00e7\u00e3o ajudam a fortalecer a mem\u00f3ria?<\/h2>\n\n\n\n<p>Para lembrar <strong>nomes<\/strong> com mais facilidade, estrat\u00e9gias como a <strong>repeti\u00e7\u00e3o<\/strong> durante o di\u00e1logo e a cria\u00e7\u00e3o de <strong>associa\u00e7\u00f5es visuais<\/strong> ou contextuais s\u00e3o essenciais. Sem essas conex\u00f5es, o <strong>c\u00e9rebro<\/strong> pode descartar rapidamente informa\u00e7\u00f5es que n\u00e3o considera necess\u00e1rias de imediato.<\/p>\n\n\n\n<p>Confira alguns m\u00e9todos que ajudam o c\u00e9rebro a reter nomes:<\/p>\n\n\n\n<ul class=\"wp-block-list\">\n<li>Dizer o <strong>nome<\/strong> da pessoa algumas vezes ao longo da conversa<\/li>\n\n\n\n<li>Fazer <strong>associa\u00e7\u00f5es criativas<\/strong> entre o nome e uma caracter\u00edstica marcante<\/li>\n\n\n\n<li>Relacionar o nome a pessoas ou <strong>celebridades conhecidas<\/strong> com o mesmo nome<\/li>\n<\/ul>\n\n\n<div class=\"wp-block-image\">\n<figure class=\"aligncenter size-large\"><img decoding=\"async\" width=\"1024\" height=\"576\" src=\"https:\/\/www.correiobraziliense.com.br\/cbradar\/wp-content\/uploads\/2025\/10\/Esquecimento-_1761670253767-1-1024x576.jpg\" alt=\"\" class=\"wp-image-127289\" srcset=\"https:\/\/www.correiobraziliense.com.br\/cbradar\/wp-content\/uploads\/2025\/10\/Esquecimento-_1761670253767-1-1024x576.jpg 1024w, https:\/\/www.correiobraziliense.com.br\/cbradar\/wp-content\/uploads\/2025\/10\/Esquecimento-_1761670253767-1-300x169.jpg 300w, https:\/\/www.correiobraziliense.com.br\/cbradar\/wp-content\/uploads\/2025\/10\/Esquecimento-_1761670253767-1-768x432.jpg 768w, https:\/\/www.correiobraziliense.com.br\/cbradar\/wp-content\/uploads\/2025\/10\/Esquecimento-_1761670253767-1-750x422.jpg 750w, https:\/\/www.correiobraziliense.com.br\/cbradar\/wp-content\/uploads\/2025\/10\/Esquecimento-_1761670253767-1-1140x641.jpg 1140w, https:\/\/www.correiobraziliense.com.br\/cbradar\/wp-content\/uploads\/2025\/10\/Esquecimento-_1761670253767-1.jpg 1280w\" sizes=\"(max-width: 1024px) 100vw, 1024px\" \/><figcaption class=\"wp-element-caption\">Diante da enorme quantidade de dados recebidos diariamente, a mem\u00f3ria seletiva \u00e9 uma adapta\u00e7\u00e3o natural do c\u00e9rebro &#8211; Cr\u00e9ditos: depositphotos.com \/ F01photo<\/figcaption><\/figure><\/div>\n\n\n<h2 class=\"wp-block-heading\">Quais pr\u00e1ticas contribuem para n\u00e3o esquecer nomes facilmente?<\/h2>\n\n\n\n<p>Buscar formas de fixar <strong>nomes<\/strong> na mem\u00f3ria pode ser bastante eficaz no conv\u00edvio social. Usar estrat\u00e9gias pr\u00e1ticas apoia o <strong>c\u00e9rebro<\/strong> a construir v\u00ednculos mais duradouros entre o nome e o rosto da pessoa.<\/p>\n\n\n\n<p>Al\u00e9m da <strong>repeti\u00e7\u00e3o<\/strong> e <strong>associa\u00e7\u00e3o<\/strong>, manter <strong>aten\u00e7\u00e3o ativa<\/strong> durante a apresenta\u00e7\u00e3o e se interessar genuinamente pela pessoa pode criar <strong>mem\u00f3rias<\/strong> mais fortes e duradouras. Outra sugest\u00e3o \u00e9 registrar o nome anotando-o discretamente ou criando rimas que ajudem na reten\u00e7\u00e3o.<\/p>\n\n\n\n<p>Leia tamb\u00e9m:&nbsp;<a href=\"https:\/\/www.correiobraziliense.com.br\/cbradar\/o-que-significa-ficar-mais-em-paz-quando-esta-sozinho-do-que-com-alguem-segundo-a-psicologia\/\" target=\"_blank\" rel=\"noopener\">O que significa ficar mais em paz quando est\u00e1 sozinho do que com algu\u00e9m, segundo a psicologia<\/a><\/p>\n\n\n\n<h2 class=\"wp-block-heading\">Como o c\u00e9rebro seleciona o que lembrar diante do excesso de informa\u00e7\u00f5es?<\/h2>\n\n\n\n<p>Diante da enorme quantidade de <strong>dados<\/strong> recebidos diariamente, a <strong>mem\u00f3ria seletiva<\/strong> \u00e9 uma adapta\u00e7\u00e3o natural do <strong>c\u00e9rebro<\/strong>, que prioriza conte\u00fados relevantes. N\u00e3o lembrar nomes n\u00e3o deve gerar culpa, pois \u00e9 sinal da <strong>intelig\u00eancia adaptativa<\/strong> do nosso processamento cognitivo.<\/p>\n\n\n\n<p>Compreender que o <strong>esquecimento<\/strong> de nomes pr\u00f3prios \u00e9 comum proporciona al\u00edvio e respeito ao funcionamento intrincado do nosso <strong>c\u00e9rebro<\/strong>, al\u00e9m de incentivar o uso de t\u00e9cnicas que podem melhorar essa habilidade, como treinar a mem\u00f3ria social regularmente e praticar a escuta atenta.<\/p>\n","protected":false},"excerpt":{"rendered":"<p>Esquecer nomes de pessoas, algo frequente no cotidiano e que costuma gerar desconforto, n\u00e3o \u00e9 sinal de falha da mem\u00f3ria, mas um reflexo do funcionamento natural do c\u00e9rebro, que prioriza informa\u00e7\u00f5es consideradas mais relevantes em meio ao excesso de dados enfrentado diariamente. Por que nosso c\u00e9rebro tem dificuldade para lembrar nomes de pessoas? Segundo a [&hellip;]<\/p>\n","protected":false},"author":9,"featured_media":127281,"comment_status":"open","ping_status":"open","sticky":false,"template":"","format":"standard","meta":{"_yoast_wpseo_focuskw":"Esquecer nomes","_yoast_wpseo_title":"%%title%% %%page%%","_yoast_wpseo_metadesc":"Esquecer nomes \u00e9 comum e natural. Descubra como o c\u00e9rebro processa informa\u00e7\u00f5es e estrat\u00e9gias para lembrar nomes com mais facilidade.","jnews-multi-image_gallery":[],"jnews_single_post":{"format":"standard"},"jnews_primary_category":[],"jnews_social_meta":[],"jnews_override_counter":[],"footnotes":""},"categories":[112],"tags":[698,3273,11196],"class_list":["post-127260","post","type-post","status-publish","format-standard","has-post-thumbnail","hentry","category-curiosidades","tag-cerebro","tag-esquecer","tag-esquecer-nomes"],"yoast_head":"<!-- This site is optimized with the Yoast SEO plugin v24.6 - https:\/\/yoast.com\/wordpress\/plugins\/seo\/ -->\n<title>Por que voc\u00ea sempre esquece o nome das pessoas mesmo tentando lembrar muito<\/title>\n<meta name=\"description\" content=\"Esquecer nomes \u00e9 comum e natural. Descubra como o c\u00e9rebro processa informa\u00e7\u00f5es e estrat\u00e9gias para lembrar nomes com mais facilidade.\" \/>\n<meta name=\"robots\" content=\"index, follow, max-snippet:-1, max-image-preview:large, max-video-preview:-1\" \/>\n<link rel=\"canonical\" href=\"https:\/\/www.correiobraziliense.com.br\/cbradar\/por-que-voce-sempre-esquece-o-nome-das-pessoas-mesmo-tentando-lembrar-muito\/\" \/>\n<meta property=\"og:locale\" content=\"pt_BR\" \/>\n<meta property=\"og:type\" content=\"article\" \/>\n<meta property=\"og:title\" content=\"Por que voc\u00ea sempre esquece o nome das pessoas mesmo tentando lembrar muito\" \/>\n<meta property=\"og:description\" content=\"Esquecer nomes \u00e9 comum e natural. Descubra como o c\u00e9rebro processa informa\u00e7\u00f5es e estrat\u00e9gias para lembrar nomes com mais facilidade.\" \/>\n<meta property=\"og:url\" content=\"https:\/\/www.correiobraziliense.com.br\/cbradar\/por-que-voce-sempre-esquece-o-nome-das-pessoas-mesmo-tentando-lembrar-muito\/\" \/>\n<meta property=\"og:site_name\" content=\"Correio Braziliense - Radar\" \/>\n<meta property=\"article:published_time\" content=\"2025-10-29T17:55:00+00:00\" \/>\n<meta property=\"og:image\" content=\"https:\/\/www.correiobraziliense.com.br\/cbradar\/wp-content\/uploads\/2025\/10\/Esquecer-_1761669930616.jpg\" \/>\n\t<meta property=\"og:image:width\" content=\"1280\" \/>\n\t<meta property=\"og:image:height\" content=\"720\" \/>\n\t<meta property=\"og:image:type\" content=\"image\/jpeg\" \/>\n<meta name=\"author\" content=\"Daniely Cardoso\" \/>\n<meta name=\"twitter:card\" content=\"summary_large_image\" \/>\n<meta name=\"twitter:label1\" content=\"Escrito por\" \/>\n\t<meta name=\"twitter:data1\" content=\"Daniely Cardoso\" \/>\n\t<meta name=\"twitter:label2\" content=\"Est. tempo de leitura\" \/>\n\t<meta name=\"twitter:data2\" content=\"4 minutos\" \/>\n<!-- \/ Yoast SEO plugin. -->","yoast_head_json":{"title":"Por que voc\u00ea sempre esquece o nome das pessoas mesmo tentando lembrar muito","description":"Esquecer nomes \u00e9 comum e natural. Descubra como o c\u00e9rebro processa informa\u00e7\u00f5es e estrat\u00e9gias para lembrar nomes com mais facilidade.","robots":{"index":"index","follow":"follow","max-snippet":"max-snippet:-1","max-image-preview":"max-image-preview:large","max-video-preview":"max-video-preview:-1"},"canonical":"https:\/\/www.correiobraziliense.com.br\/cbradar\/por-que-voce-sempre-esquece-o-nome-das-pessoas-mesmo-tentando-lembrar-muito\/","og_locale":"pt_BR","og_type":"article","og_title":"Por que voc\u00ea sempre esquece o nome das pessoas mesmo tentando lembrar muito","og_description":"Esquecer nomes \u00e9 comum e natural. Descubra como o c\u00e9rebro processa informa\u00e7\u00f5es e estrat\u00e9gias para lembrar nomes com mais facilidade.","og_url":"https:\/\/www.correiobraziliense.com.br\/cbradar\/por-que-voce-sempre-esquece-o-nome-das-pessoas-mesmo-tentando-lembrar-muito\/","og_site_name":"Correio Braziliense - Radar","article_published_time":"2025-10-29T17:55:00+00:00","og_image":[{"width":1280,"height":720,"url":"https:\/\/www.correiobraziliense.com.br\/cbradar\/wp-content\/uploads\/2025\/10\/Esquecer-_1761669930616.jpg","type":"image\/jpeg"}],"author":"Daniely Cardoso","twitter_card":"summary_large_image","twitter_misc":{"Escrito por":"Daniely Cardoso","Est. tempo de leitura":"4 minutos"},"schema":{"@context":"https:\/\/schema.org","@graph":[{"@type":"WebPage","@id":"https:\/\/www.correiobraziliense.com.br\/cbradar\/por-que-voce-sempre-esquece-o-nome-das-pessoas-mesmo-tentando-lembrar-muito\/","url":"https:\/\/www.correiobraziliense.com.br\/cbradar\/por-que-voce-sempre-esquece-o-nome-das-pessoas-mesmo-tentando-lembrar-muito\/","name":"Por que voc\u00ea sempre esquece o nome das pessoas mesmo tentando lembrar muito","isPartOf":{"@id":"https:\/\/www.correiobraziliense.com.br\/cbradar\/#website"},"primaryImageOfPage":{"@id":"https:\/\/www.correiobraziliense.com.br\/cbradar\/por-que-voce-sempre-esquece-o-nome-das-pessoas-mesmo-tentando-lembrar-muito\/#primaryimage"},"image":{"@id":"https:\/\/www.correiobraziliense.com.br\/cbradar\/por-que-voce-sempre-esquece-o-nome-das-pessoas-mesmo-tentando-lembrar-muito\/#primaryimage"},"thumbnailUrl":"https:\/\/www.correiobraziliense.com.br\/cbradar\/wp-content\/uploads\/2025\/10\/Esquecer-_1761669930616.jpg","datePublished":"2025-10-29T17:55:00+00:00","author":{"@id":"https:\/\/www.correiobraziliense.com.br\/cbradar\/#\/schema\/person\/7356666e12ec0ee53f348ee5db227032"},"description":"Esquecer nomes \u00e9 comum e natural. Descubra como o c\u00e9rebro processa informa\u00e7\u00f5es e estrat\u00e9gias para lembrar nomes com mais facilidade.","breadcrumb":{"@id":"https:\/\/www.correiobraziliense.com.br\/cbradar\/por-que-voce-sempre-esquece-o-nome-das-pessoas-mesmo-tentando-lembrar-muito\/#breadcrumb"},"inLanguage":"pt-BR","potentialAction":[{"@type":"ReadAction","target":["https:\/\/www.correiobraziliense.com.br\/cbradar\/por-que-voce-sempre-esquece-o-nome-das-pessoas-mesmo-tentando-lembrar-muito\/"]}]},{"@type":"ImageObject","inLanguage":"pt-BR","@id":"https:\/\/www.correiobraziliense.com.br\/cbradar\/por-que-voce-sempre-esquece-o-nome-das-pessoas-mesmo-tentando-lembrar-muito\/#primaryimage","url":"https:\/\/www.correiobraziliense.com.br\/cbradar\/wp-content\/uploads\/2025\/10\/Esquecer-_1761669930616.jpg","contentUrl":"https:\/\/www.correiobraziliense.com.br\/cbradar\/wp-content\/uploads\/2025\/10\/Esquecer-_1761669930616.jpg","width":1280,"height":720,"caption":"sso acontece porque o c\u00e9rebro tende a armazenar com mais efici\u00eancia informa\u00e7\u00f5es com sentido claro - Cr\u00e9ditos: depositphotos.com \/ AndrewLozovyi"},{"@type":"BreadcrumbList","@id":"https:\/\/www.correiobraziliense.com.br\/cbradar\/por-que-voce-sempre-esquece-o-nome-das-pessoas-mesmo-tentando-lembrar-muito\/#breadcrumb","itemListElement":[{"@type":"ListItem","position":1,"name":"In\u00edcio","item":"https:\/\/www.correiobraziliense.com.br\/cbradar\/"},{"@type":"ListItem","position":2,"name":"Por que voc\u00ea sempre esquece o nome das pessoas mesmo tentando lembrar muito"}]},{"@type":"WebSite","@id":"https:\/\/www.correiobraziliense.com.br\/cbradar\/#website","url":"https:\/\/www.correiobraziliense.com.br\/cbradar\/","name":"Correio Braziliense - Radar","description":"Acompanhe as \u00faltimas not\u00edcias e fique bem informado sobre tudo o que acontece no Brasil e no mundo.","potentialAction":[{"@type":"SearchAction","target":{"@type":"EntryPoint","urlTemplate":"https:\/\/www.correiobraziliense.com.br\/cbradar\/?s={search_term_string}"},"query-input":{"@type":"PropertyValueSpecification","valueRequired":true,"valueName":"search_term_string"}}],"inLanguage":"pt-BR"},{"@type":"Person","@id":"https:\/\/www.correiobraziliense.com.br\/cbradar\/#\/schema\/person\/7356666e12ec0ee53f348ee5db227032","name":"Daniely Cardoso","image":{"@type":"ImageObject","inLanguage":"pt-BR","@id":"https:\/\/www.correiobraziliense.com.br\/cbradar\/#\/schema\/person\/image\/","url":"https:\/\/secure.gravatar.com\/avatar\/4b80ddbd124d1f071b626d52d62e5dff?s=96&d=mm&r=g","contentUrl":"https:\/\/secure.gravatar.com\/avatar\/4b80ddbd124d1f071b626d52d62e5dff?s=96&d=mm&r=g","caption":"Daniely Cardoso"},"description":"Redatora nos portais CB Radar e EM Foco, formada pela Universidade Federal de Goi\u00e1s, em Goi\u00e2nia. Apaixonada por comunica\u00e7\u00e3o, arte, decora\u00e7\u00e3o e tend\u00eancias, atuo na produ\u00e7\u00e3o de conte\u00fados envolventes sobre curiosidades, moda, beleza e paisagismo, sempre com um olhar atento \u00e0s novidades do momento.","sameAs":["https:\/\/www.correiobraziliense.com.br\/cbradar"],"url":"https:\/\/www.correiobraziliense.com.br\/cbradar\/author\/danielymyth\/"}]}},"_links":{"self":[{"href":"https:\/\/www.correiobraziliense.com.br\/cbradar\/wp-json\/wp\/v2\/posts\/127260","targetHints":{"allow":["GET"]}}],"collection":[{"href":"https:\/\/www.correiobraziliense.com.br\/cbradar\/wp-json\/wp\/v2\/posts"}],"about":[{"href":"https:\/\/www.correiobraziliense.com.br\/cbradar\/wp-json\/wp\/v2\/types\/post"}],"author":[{"embeddable":true,"href":"https:\/\/www.correiobraziliense.com.br\/cbradar\/wp-json\/wp\/v2\/users\/9"}],"replies":[{"embeddable":true,"href":"https:\/\/www.correiobraziliense.com.br\/cbradar\/wp-json\/wp\/v2\/comments?post=127260"}],"version-history":[{"count":2,"href":"https:\/\/www.correiobraziliense.com.br\/cbradar\/wp-json\/wp\/v2\/posts\/127260\/revisions"}],"predecessor-version":[{"id":127290,"href":"https:\/\/www.correiobraziliense.com.br\/cbradar\/wp-json\/wp\/v2\/posts\/127260\/revisions\/127290"}],"wp:featuredmedia":[{"embeddable":true,"href":"https:\/\/www.correiobraziliense.com.br\/cbradar\/wp-json\/wp\/v2\/media\/127281"}],"wp:attachment":[{"href":"https:\/\/www.correiobraziliense.com.br\/cbradar\/wp-json\/wp\/v2\/media?parent=127260"}],"wp:term":[{"taxonomy":"category","embeddable":true,"href":"https:\/\/www.correiobraziliense.com.br\/cbradar\/wp-json\/wp\/v2\/categories?post=127260"},{"taxonomy":"post_tag","embeddable":true,"href":"https:\/\/www.correiobraziliense.com.br\/cbradar\/wp-json\/wp\/v2\/tags?post=127260"}],"curies":[{"name":"wp","href":"https:\/\/api.w.org\/{rel}","templated":true}]}}