{"id":127295,"date":"2025-10-30T07:45:00","date_gmt":"2025-10-30T10:45:00","guid":{"rendered":"https:\/\/www.correiobraziliense.com.br\/cbradar\/?p=127295"},"modified":"2025-10-28T15:27:00","modified_gmt":"2025-10-28T18:27:00","slug":"por-que-a-lingua-fica-branca-veja-causas-e-prevencao","status":"publish","type":"post","link":"https:\/\/www.correiobraziliense.com.br\/cbradar\/por-que-a-lingua-fica-branca-veja-causas-e-prevencao\/","title":{"rendered":"Por que a l\u00edngua fica branca? Veja causas e preven\u00e7\u00e3o"},"content":{"rendered":"\n<p>A <strong>L\u00edngua Branca<\/strong> \u00e9 uma condi\u00e7\u00e3o que desperta curiosidade e preocupa\u00e7\u00e3o, sendo um sinal que pode indicar desde h\u00e1bitos de higiene inadequados at\u00e9 problemas mais significativos de sa\u00fade. Essa apar\u00eancia esbranqui\u00e7ada, frequentemente atribu\u00edda ao ac\u00famulo de bact\u00e9rias e c\u00e9lulas mortas entre as papilas gustativas, costuma ser benigna, mas n\u00e3o deve ser negligenciada.<\/p>\n\n\n\n<p>A origem mais comum dessa altera\u00e7\u00e3o \u00e9 uma higiene oral insatisfat\u00f3ria. Quando a l\u00edngua n\u00e3o \u00e9 escovada devidamente, res\u00edduos se acumulam, promovendo uma colora\u00e7\u00e3o branca. Fatores como a falta de ingest\u00e3o suficiente de \u00e1gua, consumo exacerbado de \u00e1lcool e tabaco contribuem significativamente para este quadro. Estes elementos, embora frequentemente inofensivos, tornam essencial a aten\u00e7\u00e3o cont\u00ednua \u00e0 <a href=\"https:\/\/www.correiobraziliense.com.br\/cbradar\/por-que-ir-ao-dentista-mesmo-sem-sintomas\/\" target=\"_blank\" rel=\"noreferrer noopener\">sa\u00fade <\/a>bucal.<\/p>\n\n\n\n<h2 class=\"wp-block-heading\">Por que a l\u00edngua fica branca?<\/h2>\n\n\n\n<p>A desidrata\u00e7\u00e3o \u00e9 uma das raz\u00f5es mais diretas e comuns para a L\u00edngua Branca. A ingest\u00e3o insuficiente de \u00e1gua pode causar a secura da boca, facilitando a acumula\u00e7\u00e3o de detritos na l\u00edngua. O consumo de tabaco e de bebidas alco\u00f3licas em excesso tamb\u00e9m afeta a sa\u00fade bucal, contribuindo para o desenvolvimento desta condi\u00e7\u00e3o.<\/p>\n\n\n\n<p>Em determinados casos, a L\u00edngua Branca pode ser o sintoma de condi\u00e7\u00f5es mais graves, como infec\u00e7\u00f5es f\u00fangicas orais, conhecidas como candid\u00edase. Al\u00e9m disso, pode estar associada a problemas digestivos ou sist\u00eamicos como doen\u00e7as autoimunes. Quem apresenta diabetes tamb\u00e9m deve estar atento, j\u00e1 que a doen\u00e7a aumenta o risco de infec\u00e7\u00f5es bucais, tornando essencial o acompanhamento m\u00e9dico ao persistir os sintomas.<\/p>\n\n\n\n<h2 class=\"wp-block-heading\">Quais medidas podem ser adotadas para prevenir a L\u00edngua Branca?<\/h2>\n\n\n\n<p>Prevenir a L\u00edngua Branca est\u00e1 intimamente ligado ao aprimoramento da higiene e h\u00e1bitos saud\u00e1veis. Manter uma boa hidrata\u00e7\u00e3o ao longo do dia \u00e9 crucial para evitar a desidrata\u00e7\u00e3o da boca. Adotar uma alimenta\u00e7\u00e3o equilibrada e evitar o consumo excessivo de \u00e1lcool e cigarro s\u00e3o medidas eficazes na preven\u00e7\u00e3o dessa condi\u00e7\u00e3o.<\/p>\n\n\n<div class=\"wp-block-image\">\n<figure class=\"aligncenter size-large\"><img decoding=\"async\" width=\"1024\" height=\"576\" src=\"https:\/\/www.correiobraziliense.com.br\/cbradar\/wp-content\/uploads\/2025\/10\/tongue_1760359965256-1024x576.jpg\" alt=\"\" class=\"wp-image-118568\" srcset=\"https:\/\/www.correiobraziliense.com.br\/cbradar\/wp-content\/uploads\/2025\/10\/tongue_1760359965256-1024x576.jpg 1024w, https:\/\/www.correiobraziliense.com.br\/cbradar\/wp-content\/uploads\/2025\/10\/tongue_1760359965256-300x169.jpg 300w, https:\/\/www.correiobraziliense.com.br\/cbradar\/wp-content\/uploads\/2025\/10\/tongue_1760359965256-768x432.jpg 768w, https:\/\/www.correiobraziliense.com.br\/cbradar\/wp-content\/uploads\/2025\/10\/tongue_1760359965256-750x422.jpg 750w, https:\/\/www.correiobraziliense.com.br\/cbradar\/wp-content\/uploads\/2025\/10\/tongue_1760359965256-1140x641.jpg 1140w, https:\/\/www.correiobraziliense.com.br\/cbradar\/wp-content\/uploads\/2025\/10\/tongue_1760359965256.jpg 1280w\" sizes=\"(max-width: 1024px) 100vw, 1024px\" \/><figcaption class=\"wp-element-caption\">L\u00edngua &#8211; Cr\u00e9ditos: depositphotos.com \/ ArenaCreative<\/figcaption><\/figure><\/div>\n\n\n<p>O uso regular de enxaguantes bucais antibacterianos pode ser extremamente ben\u00e9fico para reduzir a quantidade de bact\u00e9rias na boca. Adicionalmente, utilizar um raspador de l\u00edngua \u00e9 uma pr\u00e1tica recomendada para remover res\u00edduos de forma eficaz, ajudando a manter a l\u00edngua limpa e saud\u00e1vel. Muitos produtos de higiene oral j\u00e1 incorporam raspadores, facilitando sua utiliza\u00e7\u00e3o.<\/p>\n\n\n\n<h2 class=\"wp-block-heading\">A import\u00e2ncia de manter uma boa higiene bucal<\/h2>\n\n\n\n<p>A manuten\u00e7\u00e3o da higiene oral \u00e9 fundamental para evitar n\u00e3o s\u00f3 a L\u00edngua Branca, mas tamb\u00e9m outros problemas dent\u00e1rios mais s\u00e9rios, como c\u00e1ries e doen\u00e7as gengivais. A sa\u00fade da boca \u00e9 um reflexo da sa\u00fade geral do corpo; altera\u00e7\u00f5es na mucosa oral podem sinalizar problemas sist\u00eamicos que exigem aten\u00e7\u00e3o.<\/p>\n\n\n\n<p>Cuidar da l\u00edngua, assim como dos dentes, deve ser uma pr\u00e1tica di\u00e1ria. Simples mudan\u00e7as nos h\u00e1bitos di\u00e1rios s\u00e3o eficazes n\u00e3o apenas na mitiga\u00e7\u00e3o da L\u00edngua Branca, mas tamb\u00e9m na preven\u00e7\u00e3o de seu retorno. Consultas regulares com um dentista s\u00e3o essenciais para abordar quaisquer preocupa\u00e7\u00f5es rapidamente, permitindo o acesso a informa\u00e7\u00f5es e tratamentos espec\u00edficos que contribuem para uma sa\u00fade bucal ideal.<\/p>\n\n\n<a href=\"https:\/\/www.instagram.com\/dra.annaluisabf\/\" target=\"_blank\" rel=\"noopener\" style=\"text-decoration: none; color: inherit;\">\n    <span style=\"display: inline-block; border: 1px solid #ccc; border-radius: 10px; padding: 15px; max-width: 550px; font-family: sans-serif; box-shadow: 0 2px 5px rgba(0,0,0,0.1); width: 100%;\">\n\n      <!-- T\u00edtulo -->\n      <span style=\"display: block; margin: 0 0 15px 0; font-weight: bold; color: #2c3e50; text-align: center;\">\n        Entre em contato:\n      <\/span>\n\n      <!-- Linha do perfil -->\n      <span style=\"display: flex; align-items: center; gap: 15px;\">\n        <img decoding=\"async\"\n          src=\"https:\/\/www.correiobraziliense.com.br\/cbradar\/wp-content\/uploads\/2025\/08\/dra_anna_luisa.jpeg\"\n          alt=\"Foto da Dra. Anna Lu\u00edsa\"\n          style=\"border-radius: 50%; width: 80px; height: 80px; object-fit: cover;\"\n        \/>\n        <span style=\"display: flex; flex-direction: column;\">\n          <span style=\"font-size: 18px; font-weight: 700; color: #2c3e50;\">Dra. Anna Lu\u00edsa Barbosa Fernandes<\/span>\n          <span style=\"color: #555;\">CRM-GO 33.271<\/span>\n        <\/span>\n      <\/span>\n\n      <!-- Redes -->\n      <span style=\"display: flex; align-items: center; gap: 10px; margin-top: 12px;\">\n        <img decoding=\"async\" src=\"https:\/\/cdn-icons-png.flaticon.com\/24\/1384\/1384063.png\" alt=\"Instagram\" width=\"24\" height=\"24\" \/>\n        <span style=\"text-decoration: underline; color: #2c3e50;\">@dra.annaluisabf<\/span>\n      <\/span>\n\n    <\/span>\n  <\/a>","protected":false},"excerpt":{"rendered":"<p>A L\u00edngua Branca \u00e9 uma condi\u00e7\u00e3o que desperta curiosidade e preocupa\u00e7\u00e3o, sendo um sinal que pode indicar desde h\u00e1bitos de higiene inadequados at\u00e9 problemas mais significativos de sa\u00fade. Essa apar\u00eancia esbranqui\u00e7ada, frequentemente atribu\u00edda ao ac\u00famulo de bact\u00e9rias e c\u00e9lulas mortas entre as papilas gustativas, costuma ser benigna, mas n\u00e3o deve ser negligenciada. A origem mais [&hellip;]<\/p>\n","protected":false},"author":14,"featured_media":35884,"comment_status":"open","ping_status":"open","sticky":false,"template":"","format":"standard","meta":{"_yoast_wpseo_focuskw":"L\u00edngua Branca","_yoast_wpseo_title":"","_yoast_wpseo_metadesc":"L\u00edngua branca pode indicar m\u00e1 higiene ou doen\u00e7as. Entenda as causas, quando se preocupar e como prevenir com h\u00e1bitos simples e eficazes.","jnews-multi-image_gallery":[],"jnews_single_post":{"format":"standard"},"jnews_primary_category":[],"jnews_social_meta":[],"jnews_override_counter":[],"footnotes":""},"categories":[4404],"post_tag":[120,10310,1318],"class_list":["post-127295","post","type-post","status-publish","format-standard","has-post-thumbnail","hentry","category-saude","tag-bem-estar","tag-lingua-branca","tag-saude-2"],"yoast_head":"<!-- This site is optimized with the Yoast SEO plugin v24.6 - https:\/\/yoast.com\/wordpress\/plugins\/seo\/ -->\n<title>Por que a l\u00edngua fica branca? Veja causas e preven\u00e7\u00e3o - Correio Braziliense - Radar<\/title>\n<meta name=\"description\" content=\"L\u00edngua branca pode indicar m\u00e1 higiene ou doen\u00e7as. Entenda as causas, quando se preocupar e como prevenir com h\u00e1bitos simples e eficazes.\" \/>\n<meta name=\"robots\" content=\"index, follow, max-snippet:-1, max-image-preview:large, max-video-preview:-1\" \/>\n<link rel=\"canonical\" href=\"https:\/\/www.correiobraziliense.com.br\/cbradar\/por-que-a-lingua-fica-branca-veja-causas-e-prevencao\/\" \/>\n<meta property=\"og:locale\" content=\"pt_BR\" \/>\n<meta property=\"og:type\" content=\"article\" \/>\n<meta property=\"og:title\" content=\"Por que a l\u00edngua fica branca? Veja causas e preven\u00e7\u00e3o - Correio Braziliense - Radar\" \/>\n<meta property=\"og:description\" content=\"L\u00edngua branca pode indicar m\u00e1 higiene ou doen\u00e7as. Entenda as causas, quando se preocupar e como prevenir com h\u00e1bitos simples e eficazes.\" \/>\n<meta property=\"og:url\" content=\"https:\/\/www.correiobraziliense.com.br\/cbradar\/por-que-a-lingua-fica-branca-veja-causas-e-prevencao\/\" \/>\n<meta property=\"og:site_name\" content=\"Correio Braziliense - Radar\" \/>\n<meta property=\"article:published_time\" content=\"2025-10-30T10:45:00+00:00\" \/>\n<meta property=\"og:image\" content=\"https:\/\/www.correiobraziliense.com.br\/cbradar\/wp-content\/uploads\/2025\/05\/lingua_1747070654660.jpg\" \/>\n\t<meta property=\"og:image:width\" content=\"1280\" \/>\n\t<meta property=\"og:image:height\" content=\"720\" \/>\n\t<meta property=\"og:image:type\" content=\"image\/jpeg\" \/>\n<meta name=\"author\" content=\"guilherme_saude\" \/>\n<meta name=\"twitter:card\" content=\"summary_large_image\" \/>\n<meta name=\"twitter:label1\" content=\"Escrito por\" \/>\n\t<meta name=\"twitter:data1\" content=\"guilherme_saude\" \/>\n\t<meta name=\"twitter:label2\" content=\"Est. tempo de leitura\" \/>\n\t<meta name=\"twitter:data2\" content=\"4 minutos\" \/>\n<!-- \/ Yoast SEO plugin. -->","yoast_head_json":{"title":"Por que a l\u00edngua fica branca? Veja causas e preven\u00e7\u00e3o - Correio Braziliense - Radar","description":"L\u00edngua branca pode indicar m\u00e1 higiene ou doen\u00e7as. Entenda as causas, quando se preocupar e como prevenir com h\u00e1bitos simples e eficazes.","robots":{"index":"index","follow":"follow","max-snippet":"max-snippet:-1","max-image-preview":"max-image-preview:large","max-video-preview":"max-video-preview:-1"},"canonical":"https:\/\/www.correiobraziliense.com.br\/cbradar\/por-que-a-lingua-fica-branca-veja-causas-e-prevencao\/","og_locale":"pt_BR","og_type":"article","og_title":"Por que a l\u00edngua fica branca? Veja causas e preven\u00e7\u00e3o - Correio Braziliense - Radar","og_description":"L\u00edngua branca pode indicar m\u00e1 higiene ou doen\u00e7as. Entenda as causas, quando se preocupar e como prevenir com h\u00e1bitos simples e eficazes.","og_url":"https:\/\/www.correiobraziliense.com.br\/cbradar\/por-que-a-lingua-fica-branca-veja-causas-e-prevencao\/","og_site_name":"Correio Braziliense - Radar","article_published_time":"2025-10-30T10:45:00+00:00","og_image":[{"width":1280,"height":720,"url":"https:\/\/www.correiobraziliense.com.br\/cbradar\/wp-content\/uploads\/2025\/05\/lingua_1747070654660.jpg","type":"image\/jpeg"}],"author":"guilherme_saude","twitter_card":"summary_large_image","twitter_misc":{"Escrito por":"guilherme_saude","Est. tempo de leitura":"4 minutos"},"schema":{"@context":"https:\/\/schema.org","@graph":[{"@type":"WebPage","@id":"https:\/\/www.correiobraziliense.com.br\/cbradar\/por-que-a-lingua-fica-branca-veja-causas-e-prevencao\/","url":"https:\/\/www.correiobraziliense.com.br\/cbradar\/por-que-a-lingua-fica-branca-veja-causas-e-prevencao\/","name":"Por que a l\u00edngua fica branca? Veja causas e preven\u00e7\u00e3o - Correio Braziliense - Radar","isPartOf":{"@id":"https:\/\/www.correiobraziliense.com.br\/cbradar\/#website"},"primaryImageOfPage":{"@id":"https:\/\/www.correiobraziliense.com.br\/cbradar\/por-que-a-lingua-fica-branca-veja-causas-e-prevencao\/#primaryimage"},"image":{"@id":"https:\/\/www.correiobraziliense.com.br\/cbradar\/por-que-a-lingua-fica-branca-veja-causas-e-prevencao\/#primaryimage"},"thumbnailUrl":"https:\/\/www.correiobraziliense.com.br\/cbradar\/wp-content\/uploads\/2025\/05\/lingua_1747070654660.jpg","datePublished":"2025-10-30T10:45:00+00:00","author":{"@id":"https:\/\/www.correiobraziliense.com.br\/cbradar\/#\/schema\/person\/5aa4bf3c8fa699c267933611de12978b"},"description":"L\u00edngua branca pode indicar m\u00e1 higiene ou doen\u00e7as. Entenda as causas, quando se preocupar e como prevenir com h\u00e1bitos simples e eficazes.","breadcrumb":{"@id":"https:\/\/www.correiobraziliense.com.br\/cbradar\/por-que-a-lingua-fica-branca-veja-causas-e-prevencao\/#breadcrumb"},"inLanguage":"pt-BR","potentialAction":[{"@type":"ReadAction","target":["https:\/\/www.correiobraziliense.com.br\/cbradar\/por-que-a-lingua-fica-branca-veja-causas-e-prevencao\/"]}]},{"@type":"ImageObject","inLanguage":"pt-BR","@id":"https:\/\/www.correiobraziliense.com.br\/cbradar\/por-que-a-lingua-fica-branca-veja-causas-e-prevencao\/#primaryimage","url":"https:\/\/www.correiobraziliense.com.br\/cbradar\/wp-content\/uploads\/2025\/05\/lingua_1747070654660.jpg","contentUrl":"https:\/\/www.correiobraziliense.com.br\/cbradar\/wp-content\/uploads\/2025\/05\/lingua_1747070654660.jpg","width":1280,"height":720,"caption":"l\u00edngua - Cr\u00e9ditos: depositphotos.com \/ cheekylorns2"},{"@type":"BreadcrumbList","@id":"https:\/\/www.correiobraziliense.com.br\/cbradar\/por-que-a-lingua-fica-branca-veja-causas-e-prevencao\/#breadcrumb","itemListElement":[{"@type":"ListItem","position":1,"name":"In\u00edcio","item":"https:\/\/www.correiobraziliense.com.br\/cbradar\/"},{"@type":"ListItem","position":2,"name":"Por que a l\u00edngua fica branca? Veja causas e preven\u00e7\u00e3o"}]},{"@type":"WebSite","@id":"https:\/\/www.correiobraziliense.com.br\/cbradar\/#website","url":"https:\/\/www.correiobraziliense.com.br\/cbradar\/","name":"Correio Braziliense - Radar","description":"Acompanhe as \u00faltimas not\u00edcias e fique bem informado sobre tudo o que acontece no Brasil e no mundo.","potentialAction":[{"@type":"SearchAction","target":{"@type":"EntryPoint","urlTemplate":"https:\/\/www.correiobraziliense.com.br\/cbradar\/?s={search_term_string}"},"query-input":{"@type":"PropertyValueSpecification","valueRequired":true,"valueName":"search_term_string"}}],"inLanguage":"pt-BR"},{"@type":"Person","@id":"https:\/\/www.correiobraziliense.com.br\/cbradar\/#\/schema\/person\/5aa4bf3c8fa699c267933611de12978b","name":"guilherme_saude","image":{"@type":"ImageObject","inLanguage":"pt-BR","@id":"https:\/\/www.correiobraziliense.com.br\/cbradar\/#\/schema\/person\/image\/","url":"https:\/\/secure.gravatar.com\/avatar\/df9adfb835d344bc0af109d41756253f?s=96&d=mm&r=g","contentUrl":"https:\/\/secure.gravatar.com\/avatar\/df9adfb835d344bc0af109d41756253f?s=96&d=mm&r=g","caption":"guilherme_saude"},"url":"https:\/\/www.correiobraziliense.com.br\/cbradar\/author\/guilherme_saude\/"}]}},"_links":{"self":[{"href":"https:\/\/www.correiobraziliense.com.br\/cbradar\/wp-json\/wp\/v2\/posts\/127295","targetHints":{"allow":["GET"]}}],"collection":[{"href":"https:\/\/www.correiobraziliense.com.br\/cbradar\/wp-json\/wp\/v2\/posts"}],"about":[{"href":"https:\/\/www.correiobraziliense.com.br\/cbradar\/wp-json\/wp\/v2\/types\/post"}],"author":[{"embeddable":true,"href":"https:\/\/www.correiobraziliense.com.br\/cbradar\/wp-json\/wp\/v2\/users\/14"}],"replies":[{"embeddable":true,"href":"https:\/\/www.correiobraziliense.com.br\/cbradar\/wp-json\/wp\/v2\/comments?post=127295"}],"version-history":[{"count":1,"href":"https:\/\/www.correiobraziliense.com.br\/cbradar\/wp-json\/wp\/v2\/posts\/127295\/revisions"}],"predecessor-version":[{"id":127299,"href":"https:\/\/www.correiobraziliense.com.br\/cbradar\/wp-json\/wp\/v2\/posts\/127295\/revisions\/127299"}],"wp:featuredmedia":[{"embeddable":true,"href":"https:\/\/www.correiobraziliense.com.br\/cbradar\/wp-json\/wp\/v2\/media\/35884"}],"wp:attachment":[{"href":"https:\/\/www.correiobraziliense.com.br\/cbradar\/wp-json\/wp\/v2\/media?parent=127295"}],"wp:term":[{"taxonomy":"category","embeddable":true,"href":"https:\/\/www.correiobraziliense.com.br\/cbradar\/wp-json\/wp\/v2\/categories?post=127295"},{"taxonomy":"post_tag","embeddable":true,"href":"https:\/\/www.correiobraziliense.com.br\/cbradar\/wp-json\/wp\/v2\/post_tag?post=127295"}],"curies":[{"name":"wp","href":"https:\/\/api.w.org\/{rel}","templated":true}]}}